{"id":7621,"date":"2025-01-16T14:54:27","date_gmt":"2025-01-16T14:54:27","guid":{"rendered":"https:\/\/challengeseconomiques.com\/?p=7621"},"modified":"2025-01-16T14:55:52","modified_gmt":"2025-01-16T14:55:52","slug":"colonel-babacar-mbaye-est-le-nouveau-dg-des-douanes-senegalaises","status":"publish","type":"post","link":"https:\/\/challengeseconomiques.com\/?p=7621","title":{"rendered":"Colonel Babacar Mbaye nouveau DG des douanes s\u00e9n\u00e9galaises"},"content":{"rendered":"<p>C\u2019est le communiqu\u00e9 du Conseil des ministres du mercredi 14 janvier qui annonce la nouvelle de la nomination de l\u2019inspecteur principal des douanes, Babacar Mbaye, \u00e0 la t\u00eate des douanes s\u00e9n\u00e9galaises. Il remplace \u00e0 ce poste Dr Mbaye Ndiaye. Avant sa nomination, le Colonel Babacar Mbaye occupait le poste \u00a0de directeur des op\u00e9rations douani\u00e8res (Dod).<\/p>\n<p>D\u2019apr\u00e8s le Soleil, le nouveau DG des douanes s\u00e9n\u00e9galaises est \u00a0titulaire d\u2019une ma\u00eetrise en sociologie des organisations. Au cours de son riche parcours, il a occup\u00e9 plusieurs postes de responsabilit\u00e9. M. Mbaye a \u00e9t\u00e9 successivement v\u00e9rificateur au bureau de Dakar-Port-sud, chef de division de Tambacounda, Kaolack et Dakar-Port, puis chef du bureau Dakar-Port sud, directeur r\u00e9gional des douanes du nord et directeur r\u00e9gional de Dakar-Port.<\/p>\n","protected":false},"excerpt":{"rendered":"<p>C\u2019est le communiqu\u00e9 du Conseil des ministres du mercredi 14 janvier qui annonce la nouvelle de la nomination de l\u2019inspecteur principal des douanes, Babacar Mbaye,&#8230;<\/p>\n","protected":false},"author":1,"featured_media":7622,"comment_status":"closed","ping_status":"open","sticky":false,"template":"","format":"standard","meta":{"_jetpack_memberships_contains_paid_content":false,"footnotes":""},"categories":[23,10],"tags":[],"class_list":["post-7621","post","type-post","status-publish","format-standard","has-post-thumbnail","hentry","category-a-la-une","category-infos-eco","wpcat-23-id","wpcat-10-id"],"yoast_head":"<!-- This site is optimized with the Yoast SEO plugin v27.1.1 - https:\/\/yoast.com\/product\/yoast-seo-wordpress\/ -->\n<title>Colonel Babacar Mbaye nouveau DG des douanes s\u00e9n\u00e9galaises - challenges economiques<\/title>\n<meta name=\"robots\" content=\"index, follow, max-snippet:-1, max-image-preview:large, max-video-preview:-1\" \/>\n<link rel=\"canonical\" href=\"https:\/\/challengeseconomiques.com\/?p=7621\" \/>\n<meta property=\"og:locale\" content=\"fr_FR\" \/>\n<meta property=\"og:type\" content=\"article\" \/>\n<meta property=\"og:title\" content=\"Colonel Babacar Mbaye nouveau DG des douanes s\u00e9n\u00e9galaises - challenges economiques\" \/>\n<meta property=\"og:description\" content=\"C\u2019est le communiqu\u00e9 du Conseil des ministres du mercredi 14 janvier qui annonce la nouvelle de la nomination de l\u2019inspecteur principal des douanes, Babacar Mbaye,...\" \/>\n<meta property=\"og:url\" content=\"https:\/\/challengeseconomiques.com\/?p=7621\" \/>\n<meta property=\"og:site_name\" content=\"challenges economiques\" \/>\n<meta property=\"article:published_time\" content=\"2025-01-16T14:54:27+00:00\" \/>\n<meta property=\"article:modified_time\" content=\"2025-01-16T14:55:52+00:00\" \/>\n<meta property=\"og:image\" content=\"https:\/\/challengeseconomiques.com\/wp-content\/uploads\/2025\/01\/babacarmbaye.png\" \/>\n\t<meta property=\"og:image:width\" content=\"612\" \/>\n\t<meta property=\"og:image:height\" content=\"298\" \/>\n\t<meta property=\"og:image:type\" content=\"image\/png\" \/>\n<meta name=\"author\" content=\"admin\" \/>\n<meta name=\"twitter:card\" content=\"summary_large_image\" \/>\n<meta name=\"twitter:label1\" content=\"\u00c9crit par\" \/>\n\t<meta name=\"twitter:data1\" content=\"admin\" \/>\n\t<meta name=\"twitter:label2\" content=\"Dur\u00e9e de lecture estim\u00e9e\" \/>\n\t<meta name=\"twitter:data2\" content=\"1 minute\" \/>\n<script type=\"application\/ld+json\" class=\"yoast-schema-graph\">{\"@context\":\"https:\/\/schema.org\",\"@graph\":[{\"@type\":\"Article\",\"@id\":\"https:\/\/challengeseconomiques.com\/?p=7621#article\",\"isPartOf\":{\"@id\":\"https:\/\/challengeseconomiques.com\/?p=7621\"},\"author\":{\"name\":\"admin\",\"@id\":\"https:\/\/challengeseconomiques.com\/#\/schema\/person\/b4568c9afebc5a9238a771873801e349\"},\"headline\":\"Colonel Babacar Mbaye nouveau DG des douanes s\u00e9n\u00e9galaises\",\"datePublished\":\"2025-01-16T14:54:27+00:00\",\"dateModified\":\"2025-01-16T14:55:52+00:00\",\"mainEntityOfPage\":{\"@id\":\"https:\/\/challengeseconomiques.com\/?p=7621\"},\"wordCount\":143,\"image\":{\"@id\":\"https:\/\/challengeseconomiques.com\/?p=7621#primaryimage\"},\"thumbnailUrl\":\"https:\/\/challengeseconomiques.com\/wp-content\/uploads\/2025\/01\/babacarmbaye.png\",\"articleSection\":[\"A la une\",\"Infos \u00e9co\"],\"inLanguage\":\"fr-FR\"},{\"@type\":\"WebPage\",\"@id\":\"https:\/\/challengeseconomiques.com\/?p=7621\",\"url\":\"https:\/\/challengeseconomiques.com\/?p=7621\",\"name\":\"Colonel Babacar Mbaye nouveau DG des douanes s\u00e9n\u00e9galaises - challenges economiques\",\"isPartOf\":{\"@id\":\"https:\/\/challengeseconomiques.com\/#website\"},\"primaryImageOfPage\":{\"@id\":\"https:\/\/challengeseconomiques.com\/?p=7621#primaryimage\"},\"image\":{\"@id\":\"https:\/\/challengeseconomiques.com\/?p=7621#primaryimage\"},\"thumbnailUrl\":\"https:\/\/challengeseconomiques.com\/wp-content\/uploads\/2025\/01\/babacarmbaye.png\",\"datePublished\":\"2025-01-16T14:54:27+00:00\",\"dateModified\":\"2025-01-16T14:55:52+00:00\",\"author\":{\"@id\":\"https:\/\/challengeseconomiques.com\/#\/schema\/person\/b4568c9afebc5a9238a771873801e349\"},\"breadcrumb\":{\"@id\":\"https:\/\/challengeseconomiques.com\/?p=7621#breadcrumb\"},\"inLanguage\":\"fr-FR\",\"potentialAction\":[{\"@type\":\"ReadAction\",\"target\":[\"https:\/\/challengeseconomiques.com\/?p=7621\"]}]},{\"@type\":\"ImageObject\",\"inLanguage\":\"fr-FR\",\"@id\":\"https:\/\/challengeseconomiques.com\/?p=7621#primaryimage\",\"url\":\"https:\/\/challengeseconomiques.com\/wp-content\/uploads\/2025\/01\/babacarmbaye.png\",\"contentUrl\":\"https:\/\/challengeseconomiques.com\/wp-content\/uploads\/2025\/01\/babacarmbaye.png\",\"width\":612,\"height\":298},{\"@type\":\"BreadcrumbList\",\"@id\":\"https:\/\/challengeseconomiques.com\/?p=7621#breadcrumb\",\"itemListElement\":[{\"@type\":\"ListItem\",\"position\":1,\"name\":\"Home\",\"item\":\"https:\/\/challengeseconomiques.com\/\"},{\"@type\":\"ListItem\",\"position\":2,\"name\":\"Colonel Babacar Mbaye nouveau DG des douanes s\u00e9n\u00e9galaises\"}]},{\"@type\":\"WebSite\",\"@id\":\"https:\/\/challengeseconomiques.com\/#website\",\"url\":\"https:\/\/challengeseconomiques.com\/\",\"name\":\"challenges economiques\",\"description\":\"\",\"potentialAction\":[{\"@type\":\"SearchAction\",\"target\":{\"@type\":\"EntryPoint\",\"urlTemplate\":\"https:\/\/challengeseconomiques.com\/?s={search_term_string}\"},\"query-input\":{\"@type\":\"PropertyValueSpecification\",\"valueRequired\":true,\"valueName\":\"search_term_string\"}}],\"inLanguage\":\"fr-FR\"},{\"@type\":\"Person\",\"@id\":\"https:\/\/challengeseconomiques.com\/#\/schema\/person\/b4568c9afebc5a9238a771873801e349\",\"name\":\"admin\",\"image\":{\"@type\":\"ImageObject\",\"inLanguage\":\"fr-FR\",\"@id\":\"https:\/\/challengeseconomiques.com\/#\/schema\/person\/image\/\",\"url\":\"https:\/\/secure.gravatar.com\/avatar\/099e42240b5eea11acdb72751fcce0dd918603f0749d24974b7984ea47ed9fd9?s=96&d=mm&r=g\",\"contentUrl\":\"https:\/\/secure.gravatar.com\/avatar\/099e42240b5eea11acdb72751fcce0dd918603f0749d24974b7984ea47ed9fd9?s=96&d=mm&r=g\",\"caption\":\"admin\"},\"sameAs\":[\"https:\/\/challengeseconomiques.com\"],\"url\":\"https:\/\/challengeseconomiques.com\/?author=1\"}]}<\/script>\n<!-- \/ Yoast SEO plugin. -->","yoast_head_json":{"title":"Colonel Babacar Mbaye nouveau DG des douanes s\u00e9n\u00e9galaises - challenges economiques","robots":{"index":"index","follow":"follow","max-snippet":"max-snippet:-1","max-image-preview":"max-image-preview:large","max-video-preview":"max-video-preview:-1"},"canonical":"https:\/\/challengeseconomiques.com\/?p=7621","og_locale":"fr_FR","og_type":"article","og_title":"Colonel Babacar Mbaye nouveau DG des douanes s\u00e9n\u00e9galaises - challenges economiques","og_description":"C\u2019est le communiqu\u00e9 du Conseil des ministres du mercredi 14 janvier qui annonce la nouvelle de la nomination de l\u2019inspecteur principal des douanes, Babacar Mbaye,...","og_url":"https:\/\/challengeseconomiques.com\/?p=7621","og_site_name":"challenges economiques","article_published_time":"2025-01-16T14:54:27+00:00","article_modified_time":"2025-01-16T14:55:52+00:00","og_image":[{"width":612,"height":298,"url":"https:\/\/challengeseconomiques.com\/wp-content\/uploads\/2025\/01\/babacarmbaye.png","type":"image\/png"}],"author":"admin","twitter_card":"summary_large_image","twitter_misc":{"\u00c9crit par":"admin","Dur\u00e9e de lecture estim\u00e9e":"1 minute"},"schema":{"@context":"https:\/\/schema.org","@graph":[{"@type":"Article","@id":"https:\/\/challengeseconomiques.com\/?p=7621#article","isPartOf":{"@id":"https:\/\/challengeseconomiques.com\/?p=7621"},"author":{"name":"admin","@id":"https:\/\/challengeseconomiques.com\/#\/schema\/person\/b4568c9afebc5a9238a771873801e349"},"headline":"Colonel Babacar Mbaye nouveau DG des douanes s\u00e9n\u00e9galaises","datePublished":"2025-01-16T14:54:27+00:00","dateModified":"2025-01-16T14:55:52+00:00","mainEntityOfPage":{"@id":"https:\/\/challengeseconomiques.com\/?p=7621"},"wordCount":143,"image":{"@id":"https:\/\/challengeseconomiques.com\/?p=7621#primaryimage"},"thumbnailUrl":"https:\/\/challengeseconomiques.com\/wp-content\/uploads\/2025\/01\/babacarmbaye.png","articleSection":["A la une","Infos \u00e9co"],"inLanguage":"fr-FR"},{"@type":"WebPage","@id":"https:\/\/challengeseconomiques.com\/?p=7621","url":"https:\/\/challengeseconomiques.com\/?p=7621","name":"Colonel Babacar Mbaye nouveau DG des douanes s\u00e9n\u00e9galaises - challenges economiques","isPartOf":{"@id":"https:\/\/challengeseconomiques.com\/#website"},"primaryImageOfPage":{"@id":"https:\/\/challengeseconomiques.com\/?p=7621#primaryimage"},"image":{"@id":"https:\/\/challengeseconomiques.com\/?p=7621#primaryimage"},"thumbnailUrl":"https:\/\/challengeseconomiques.com\/wp-content\/uploads\/2025\/01\/babacarmbaye.png","datePublished":"2025-01-16T14:54:27+00:00","dateModified":"2025-01-16T14:55:52+00:00","author":{"@id":"https:\/\/challengeseconomiques.com\/#\/schema\/person\/b4568c9afebc5a9238a771873801e349"},"breadcrumb":{"@id":"https:\/\/challengeseconomiques.com\/?p=7621#breadcrumb"},"inLanguage":"fr-FR","potentialAction":[{"@type":"ReadAction","target":["https:\/\/challengeseconomiques.com\/?p=7621"]}]},{"@type":"ImageObject","inLanguage":"fr-FR","@id":"https:\/\/challengeseconomiques.com\/?p=7621#primaryimage","url":"https:\/\/challengeseconomiques.com\/wp-content\/uploads\/2025\/01\/babacarmbaye.png","contentUrl":"https:\/\/challengeseconomiques.com\/wp-content\/uploads\/2025\/01\/babacarmbaye.png","width":612,"height":298},{"@type":"BreadcrumbList","@id":"https:\/\/challengeseconomiques.com\/?p=7621#breadcrumb","itemListElement":[{"@type":"ListItem","position":1,"name":"Home","item":"https:\/\/challengeseconomiques.com\/"},{"@type":"ListItem","position":2,"name":"Colonel Babacar Mbaye nouveau DG des douanes s\u00e9n\u00e9galaises"}]},{"@type":"WebSite","@id":"https:\/\/challengeseconomiques.com\/#website","url":"https:\/\/challengeseconomiques.com\/","name":"challenges economiques","description":"","potentialAction":[{"@type":"SearchAction","target":{"@type":"EntryPoint","urlTemplate":"https:\/\/challengeseconomiques.com\/?s={search_term_string}"},"query-input":{"@type":"PropertyValueSpecification","valueRequired":true,"valueName":"search_term_string"}}],"inLanguage":"fr-FR"},{"@type":"Person","@id":"https:\/\/challengeseconomiques.com\/#\/schema\/person\/b4568c9afebc5a9238a771873801e349","name":"admin","image":{"@type":"ImageObject","inLanguage":"fr-FR","@id":"https:\/\/challengeseconomiques.com\/#\/schema\/person\/image\/","url":"https:\/\/secure.gravatar.com\/avatar\/099e42240b5eea11acdb72751fcce0dd918603f0749d24974b7984ea47ed9fd9?s=96&d=mm&r=g","contentUrl":"https:\/\/secure.gravatar.com\/avatar\/099e42240b5eea11acdb72751fcce0dd918603f0749d24974b7984ea47ed9fd9?s=96&d=mm&r=g","caption":"admin"},"sameAs":["https:\/\/challengeseconomiques.com"],"url":"https:\/\/challengeseconomiques.com\/?author=1"}]}},"jetpack_featured_media_url":"https:\/\/challengeseconomiques.com\/wp-content\/uploads\/2025\/01\/babacarmbaye.png","jetpack_sharing_enabled":true,"_links":{"self":[{"href":"https:\/\/challengeseconomiques.com\/index.php?rest_route=\/wp\/v2\/posts\/7621","targetHints":{"allow":["GET"]}}],"collection":[{"href":"https:\/\/challengeseconomiques.com\/index.php?rest_route=\/wp\/v2\/posts"}],"about":[{"href":"https:\/\/challengeseconomiques.com\/index.php?rest_route=\/wp\/v2\/types\/post"}],"author":[{"embeddable":true,"href":"https:\/\/challengeseconomiques.com\/index.php?rest_route=\/wp\/v2\/users\/1"}],"replies":[{"embeddable":true,"href":"https:\/\/challengeseconomiques.com\/index.php?rest_route=%2Fwp%2Fv2%2Fcomments&post=7621"}],"version-history":[{"count":2,"href":"https:\/\/challengeseconomiques.com\/index.php?rest_route=\/wp\/v2\/posts\/7621\/revisions"}],"predecessor-version":[{"id":7625,"href":"https:\/\/challengeseconomiques.com\/index.php?rest_route=\/wp\/v2\/posts\/7621\/revisions\/7625"}],"wp:featuredmedia":[{"embeddable":true,"href":"https:\/\/challengeseconomiques.com\/index.php?rest_route=\/wp\/v2\/media\/7622"}],"wp:attachment":[{"href":"https:\/\/challengeseconomiques.com\/index.php?rest_route=%2Fwp%2Fv2%2Fmedia&parent=7621"}],"wp:term":[{"taxonomy":"category","embeddable":true,"href":"https:\/\/challengeseconomiques.com\/index.php?rest_route=%2Fwp%2Fv2%2Fcategories&post=7621"},{"taxonomy":"post_tag","embeddable":true,"href":"https:\/\/challengeseconomiques.com\/index.php?rest_route=%2Fwp%2Fv2%2Ftags&post=7621"}],"curies":[{"name":"wp","href":"https:\/\/api.w.org\/{rel}","templated":true}]}}