{"id":7617,"date":"2025-01-15T18:25:13","date_gmt":"2025-01-15T18:25:13","guid":{"rendered":"https:\/\/challengeseconomiques.com\/?p=7617"},"modified":"2025-01-15T18:25:57","modified_gmt":"2025-01-15T18:25:57","slug":"dakar-et-nouakchott-preparent-un-accord-de-cooperation-sur-la-migration-publie-15-janvier-2025-a-5h09","status":"publish","type":"post","link":"https:\/\/challengeseconomiques.com\/?p=7617","title":{"rendered":"Dakar et Nouakchott pr\u00e9parent un accord de coop\u00e9ration sur la migration"},"content":{"rendered":"<p>Le S\u00e9n\u00e9gal et la Mauritanie ont annonc\u00e9, mardi, \u00e0 Nouakchott, travailler \u00e0 un accord bilat\u00e9ral sur les conditions d\u2019entr\u00e9e, de s\u00e9jour et d\u2019\u00e9tablissement de leurs ressortissants dans les deux pays, et d\u2019aider les op\u00e9rateurs \u00e9conomiques mauritaniens et s\u00e9n\u00e9galais \u00e0 investir dans les hydrocarbures.<\/p>\n<p>Ils ont annonc\u00e9 ces mesures au terme d\u2019une visite de travail du Premier ministre du S\u00e9n\u00e9gal, Ousmane Sonko, de dimanche \u00e0 mardi, dans la capitale de la Mauritanie.<\/p>\n<p>\u2018\u2019Les deux Premiers ministres ont donn\u00e9 des instructions aux ministres de l\u2019Int\u00e9rieur des deux pays pour finaliser le projet d\u2019accord relatif aux conditions d\u2019entr\u00e9e, de s\u00e9jour et d\u2019\u00e9tablissement des personnes et de leurs biens\u2019\u2019, affirment les deux gouvernements dans un document, \u00e0 la fin de la visite de M. Sonko.<\/p>\n<p>La Mauritanie va soumettre au S\u00e9n\u00e9gal un projet d\u2019accord sur la migration, ont annonc\u00e9 les ministres des Affaires \u00e9trang\u00e8res des deux pays, Mohamed Salem Ould Merzoug (Mauritanie) et Yassine Fall (S\u00e9n\u00e9gal).<\/p>\n<p>Ce texte devrait comporter de \u2018\u2019nouvelles conditions d\u2019acc\u00e8s \u00e0 la carte de s\u00e9jour\u2019\u2019, sans laquelle il est difficile pour les \u00e9trangers de s\u2019installer et de travailler en Mauritanie.<\/p>\n<p>Au terme de la visite de M. Sonko, \u2018\u2019les deux pays ont adopt\u00e9 [\u2026] un protocole d\u2019accord\u2019\u2019 destin\u00e9 \u00e0 \u2018\u2019maximiser l\u2019implication\u2019\u2019 du secteur priv\u00e9 s\u00e9n\u00e9galais et mauritanien dans le d\u00e9veloppement de l\u2019\u00e9conomie p\u00e9troli\u00e8re et gazi\u00e8re.<\/p>\n<p>Il s\u2019agira, pour les autorit\u00e9s des deux pays, de faciliter les investissements des op\u00e9rateurs \u00e9conomiques dans les hydrocarbures, pour les t\u00e2ches qu\u2019ils sont en mesure d\u2019effectuer dans l\u2019industrie du p\u00e9trole et du gaz.<\/p>\n<p>La Mauritanie et le S\u00e9n\u00e9gal ont d\u00e9cid\u00e9, depuis quelques ann\u00e9es, d\u2019exploiter ensemble le gisement de gaz naturel d\u00e9couvert sur leur fronti\u00e8re maritime. Le 31 d\u00e9cembre dernier, ils ont d\u00e9clar\u00e9 avoir proc\u00e9d\u00e9 \u00e0 l\u2019ouverture officielle du premier puits de ce gisement.<\/p>\n<p><strong>Une \u2018\u2019collaboration au sein des cadres r\u00e9gionaux\u2019\u2019<\/strong><\/p>\n<p>Les Premiers ministres Ousmane Sonko et Moctar Ould Diay, ainsi que plusieurs ministres des deux pays, \u2018\u2019ont r\u00e9affirm\u00e9 leur engagement \u00e0 \u0153uvrer conjointement pour la paix, la s\u00e9curit\u00e9 et le d\u00e9veloppement dans la r\u00e9gion du Sahel\u2019\u2019.<\/p>\n<p>Ils ont d\u00e9cid\u00e9 aussi de poursuivre leur \u2018\u2019collaboration au sein des cadres r\u00e9gionaux, afin de relever les d\u00e9fis li\u00e9s \u00e0 la paix [et] \u00e0 la lutte contre le terrorisme\u2019\u2019.<\/p>\n<p>\u2018\u2019Les deux Premiers ministres ont pass\u00e9 en revue les divers domaines de coop\u00e9ration et se sont f\u00e9licit\u00e9s des r\u00e9alisations accomplies. Ils ont [\u2026] insist\u00e9 sur le renforcement de la coop\u00e9ration dans les domaines de la s\u00e9curit\u00e9, des affaires consulaires, de l\u2019\u00e9nergie, des transports, de la p\u00eache, de l\u2019\u00e9levage\u2026\u2019\u2019 disent les deux gouvernements \u00e0 la fin de la visite de travail d\u2019Ousmane Sonko.<\/p>\n<p>Ils ont d\u00e9cid\u00e9 de continuer \u00e0 lutter ensemble contre \u2018\u2019la criminalit\u00e9 transfrontali\u00e8re\u2019\u2019, ainsi que \u2018\u2019le terrorisme, la migration clandestine, le trafic illicite d\u2019armes et de drogues, les flux financiers illicites et le blanchiment d\u2019argent\u2019\u2019.<\/p>\n<p>Dakar et Nouakchott disent avoir \u2018\u2019une parfaite convergence de vues sur l\u2019ensemble des sujets abord\u00e9s\u2019\u2019 lors de leur concertation \u00e0 Nouakchott.<\/p>\n<p>Pour sa visite de travail, Ousmane Sonko \u00e9tait accompagn\u00e9 de plusieurs ministres. Outre Yassine Fall, il y avait Jean Baptiste Tine, le ministre de l\u2019Int\u00e9rieur et de la S\u00e9curit\u00e9 publique, Birame Souleye Diop, charg\u00e9 de l\u2019\u00c9nergie, du P\u00e9trole et des Mines, Yankhoba Di\u00e9m\u00e9, le ministre des Infrastructures, des Transports terrestres et a\u00e9riens, et Fatou Diouf, celle charg\u00e9e des P\u00eaches, des Infrastructures maritimes et portuaires. Plusieurs hauts fonctionnaires y ont pris part.<\/p>\n<p><strong>(APS) \u2013 <\/strong><\/p>\n","protected":false},"excerpt":{"rendered":"<p>Le S\u00e9n\u00e9gal et la Mauritanie ont annonc\u00e9, mardi, \u00e0 Nouakchott, travailler \u00e0 un accord bilat\u00e9ral sur les conditions d\u2019entr\u00e9e, de s\u00e9jour et d\u2019\u00e9tablissement de leurs&#8230;<\/p>\n","protected":false},"author":1,"featured_media":7618,"comment_status":"closed","ping_status":"open","sticky":false,"template":"","format":"standard","meta":{"_jetpack_memberships_contains_paid_content":false,"footnotes":""},"categories":[23,10],"tags":[],"class_list":["post-7617","post","type-post","status-publish","format-standard","has-post-thumbnail","hentry","category-a-la-une","category-infos-eco","wpcat-23-id","wpcat-10-id"],"yoast_head":"<!-- This site is optimized with the Yoast SEO plugin v27.1.1 - https:\/\/yoast.com\/product\/yoast-seo-wordpress\/ -->\n<title>Dakar et Nouakchott pr\u00e9parent un accord de coop\u00e9ration sur la migration - challenges economiques<\/title>\n<meta name=\"robots\" content=\"index, follow, max-snippet:-1, max-image-preview:large, max-video-preview:-1\" \/>\n<link rel=\"canonical\" href=\"https:\/\/challengeseconomiques.com\/?p=7617\" \/>\n<meta property=\"og:locale\" content=\"fr_FR\" \/>\n<meta property=\"og:type\" content=\"article\" \/>\n<meta property=\"og:title\" content=\"Dakar et Nouakchott pr\u00e9parent un accord de coop\u00e9ration sur la migration - challenges economiques\" \/>\n<meta property=\"og:description\" content=\"Le S\u00e9n\u00e9gal et la Mauritanie ont annonc\u00e9, mardi, \u00e0 Nouakchott, travailler \u00e0 un accord bilat\u00e9ral sur les conditions d\u2019entr\u00e9e, de s\u00e9jour et d\u2019\u00e9tablissement de leurs...\" \/>\n<meta property=\"og:url\" content=\"https:\/\/challengeseconomiques.com\/?p=7617\" \/>\n<meta property=\"og:site_name\" content=\"challenges economiques\" \/>\n<meta property=\"article:published_time\" content=\"2025-01-15T18:25:13+00:00\" \/>\n<meta property=\"article:modified_time\" content=\"2025-01-15T18:25:57+00:00\" \/>\n<meta property=\"og:image\" content=\"https:\/\/challengeseconomiques.com\/wp-content\/uploads\/2025\/01\/semaur.webp\" \/>\n\t<meta property=\"og:image:width\" content=\"850\" \/>\n\t<meta property=\"og:image:height\" content=\"491\" \/>\n\t<meta property=\"og:image:type\" content=\"image\/webp\" \/>\n<meta name=\"author\" content=\"admin\" \/>\n<meta name=\"twitter:card\" content=\"summary_large_image\" \/>\n<meta name=\"twitter:label1\" content=\"\u00c9crit par\" \/>\n\t<meta name=\"twitter:data1\" content=\"admin\" \/>\n\t<meta name=\"twitter:label2\" content=\"Dur\u00e9e de lecture estim\u00e9e\" \/>\n\t<meta name=\"twitter:data2\" content=\"3 minutes\" \/>\n<script type=\"application\/ld+json\" class=\"yoast-schema-graph\">{\"@context\":\"https:\/\/schema.org\",\"@graph\":[{\"@type\":\"Article\",\"@id\":\"https:\/\/challengeseconomiques.com\/?p=7617#article\",\"isPartOf\":{\"@id\":\"https:\/\/challengeseconomiques.com\/?p=7617\"},\"author\":{\"name\":\"admin\",\"@id\":\"https:\/\/challengeseconomiques.com\/#\/schema\/person\/b4568c9afebc5a9238a771873801e349\"},\"headline\":\"Dakar et Nouakchott pr\u00e9parent un accord de coop\u00e9ration sur la migration\",\"datePublished\":\"2025-01-15T18:25:13+00:00\",\"dateModified\":\"2025-01-15T18:25:57+00:00\",\"mainEntityOfPage\":{\"@id\":\"https:\/\/challengeseconomiques.com\/?p=7617\"},\"wordCount\":638,\"image\":{\"@id\":\"https:\/\/challengeseconomiques.com\/?p=7617#primaryimage\"},\"thumbnailUrl\":\"https:\/\/challengeseconomiques.com\/wp-content\/uploads\/2025\/01\/semaur.webp\",\"articleSection\":[\"A la une\",\"Infos \u00e9co\"],\"inLanguage\":\"fr-FR\"},{\"@type\":\"WebPage\",\"@id\":\"https:\/\/challengeseconomiques.com\/?p=7617\",\"url\":\"https:\/\/challengeseconomiques.com\/?p=7617\",\"name\":\"Dakar et Nouakchott pr\u00e9parent un accord de coop\u00e9ration sur la migration - challenges economiques\",\"isPartOf\":{\"@id\":\"https:\/\/challengeseconomiques.com\/#website\"},\"primaryImageOfPage\":{\"@id\":\"https:\/\/challengeseconomiques.com\/?p=7617#primaryimage\"},\"image\":{\"@id\":\"https:\/\/challengeseconomiques.com\/?p=7617#primaryimage\"},\"thumbnailUrl\":\"https:\/\/challengeseconomiques.com\/wp-content\/uploads\/2025\/01\/semaur.webp\",\"datePublished\":\"2025-01-15T18:25:13+00:00\",\"dateModified\":\"2025-01-15T18:25:57+00:00\",\"author\":{\"@id\":\"https:\/\/challengeseconomiques.com\/#\/schema\/person\/b4568c9afebc5a9238a771873801e349\"},\"breadcrumb\":{\"@id\":\"https:\/\/challengeseconomiques.com\/?p=7617#breadcrumb\"},\"inLanguage\":\"fr-FR\",\"potentialAction\":[{\"@type\":\"ReadAction\",\"target\":[\"https:\/\/challengeseconomiques.com\/?p=7617\"]}]},{\"@type\":\"ImageObject\",\"inLanguage\":\"fr-FR\",\"@id\":\"https:\/\/challengeseconomiques.com\/?p=7617#primaryimage\",\"url\":\"https:\/\/challengeseconomiques.com\/wp-content\/uploads\/2025\/01\/semaur.webp\",\"contentUrl\":\"https:\/\/challengeseconomiques.com\/wp-content\/uploads\/2025\/01\/semaur.webp\",\"width\":850,\"height\":491},{\"@type\":\"BreadcrumbList\",\"@id\":\"https:\/\/challengeseconomiques.com\/?p=7617#breadcrumb\",\"itemListElement\":[{\"@type\":\"ListItem\",\"position\":1,\"name\":\"Home\",\"item\":\"https:\/\/challengeseconomiques.com\/\"},{\"@type\":\"ListItem\",\"position\":2,\"name\":\"Dakar et Nouakchott pr\u00e9parent un accord de coop\u00e9ration sur la migration\"}]},{\"@type\":\"WebSite\",\"@id\":\"https:\/\/challengeseconomiques.com\/#website\",\"url\":\"https:\/\/challengeseconomiques.com\/\",\"name\":\"challenges economiques\",\"description\":\"\",\"potentialAction\":[{\"@type\":\"SearchAction\",\"target\":{\"@type\":\"EntryPoint\",\"urlTemplate\":\"https:\/\/challengeseconomiques.com\/?s={search_term_string}\"},\"query-input\":{\"@type\":\"PropertyValueSpecification\",\"valueRequired\":true,\"valueName\":\"search_term_string\"}}],\"inLanguage\":\"fr-FR\"},{\"@type\":\"Person\",\"@id\":\"https:\/\/challengeseconomiques.com\/#\/schema\/person\/b4568c9afebc5a9238a771873801e349\",\"name\":\"admin\",\"image\":{\"@type\":\"ImageObject\",\"inLanguage\":\"fr-FR\",\"@id\":\"https:\/\/challengeseconomiques.com\/#\/schema\/person\/image\/\",\"url\":\"https:\/\/secure.gravatar.com\/avatar\/099e42240b5eea11acdb72751fcce0dd918603f0749d24974b7984ea47ed9fd9?s=96&d=mm&r=g\",\"contentUrl\":\"https:\/\/secure.gravatar.com\/avatar\/099e42240b5eea11acdb72751fcce0dd918603f0749d24974b7984ea47ed9fd9?s=96&d=mm&r=g\",\"caption\":\"admin\"},\"sameAs\":[\"https:\/\/challengeseconomiques.com\"],\"url\":\"https:\/\/challengeseconomiques.com\/?author=1\"}]}<\/script>\n<!-- \/ Yoast SEO plugin. -->","yoast_head_json":{"title":"Dakar et Nouakchott pr\u00e9parent un accord de coop\u00e9ration sur la migration - challenges economiques","robots":{"index":"index","follow":"follow","max-snippet":"max-snippet:-1","max-image-preview":"max-image-preview:large","max-video-preview":"max-video-preview:-1"},"canonical":"https:\/\/challengeseconomiques.com\/?p=7617","og_locale":"fr_FR","og_type":"article","og_title":"Dakar et Nouakchott pr\u00e9parent un accord de coop\u00e9ration sur la migration - challenges economiques","og_description":"Le S\u00e9n\u00e9gal et la Mauritanie ont annonc\u00e9, mardi, \u00e0 Nouakchott, travailler \u00e0 un accord bilat\u00e9ral sur les conditions d\u2019entr\u00e9e, de s\u00e9jour et d\u2019\u00e9tablissement de leurs...","og_url":"https:\/\/challengeseconomiques.com\/?p=7617","og_site_name":"challenges economiques","article_published_time":"2025-01-15T18:25:13+00:00","article_modified_time":"2025-01-15T18:25:57+00:00","og_image":[{"width":850,"height":491,"url":"https:\/\/challengeseconomiques.com\/wp-content\/uploads\/2025\/01\/semaur.webp","type":"image\/webp"}],"author":"admin","twitter_card":"summary_large_image","twitter_misc":{"\u00c9crit par":"admin","Dur\u00e9e de lecture estim\u00e9e":"3 minutes"},"schema":{"@context":"https:\/\/schema.org","@graph":[{"@type":"Article","@id":"https:\/\/challengeseconomiques.com\/?p=7617#article","isPartOf":{"@id":"https:\/\/challengeseconomiques.com\/?p=7617"},"author":{"name":"admin","@id":"https:\/\/challengeseconomiques.com\/#\/schema\/person\/b4568c9afebc5a9238a771873801e349"},"headline":"Dakar et Nouakchott pr\u00e9parent un accord de coop\u00e9ration sur la migration","datePublished":"2025-01-15T18:25:13+00:00","dateModified":"2025-01-15T18:25:57+00:00","mainEntityOfPage":{"@id":"https:\/\/challengeseconomiques.com\/?p=7617"},"wordCount":638,"image":{"@id":"https:\/\/challengeseconomiques.com\/?p=7617#primaryimage"},"thumbnailUrl":"https:\/\/challengeseconomiques.com\/wp-content\/uploads\/2025\/01\/semaur.webp","articleSection":["A la une","Infos \u00e9co"],"inLanguage":"fr-FR"},{"@type":"WebPage","@id":"https:\/\/challengeseconomiques.com\/?p=7617","url":"https:\/\/challengeseconomiques.com\/?p=7617","name":"Dakar et Nouakchott pr\u00e9parent un accord de coop\u00e9ration sur la migration - challenges economiques","isPartOf":{"@id":"https:\/\/challengeseconomiques.com\/#website"},"primaryImageOfPage":{"@id":"https:\/\/challengeseconomiques.com\/?p=7617#primaryimage"},"image":{"@id":"https:\/\/challengeseconomiques.com\/?p=7617#primaryimage"},"thumbnailUrl":"https:\/\/challengeseconomiques.com\/wp-content\/uploads\/2025\/01\/semaur.webp","datePublished":"2025-01-15T18:25:13+00:00","dateModified":"2025-01-15T18:25:57+00:00","author":{"@id":"https:\/\/challengeseconomiques.com\/#\/schema\/person\/b4568c9afebc5a9238a771873801e349"},"breadcrumb":{"@id":"https:\/\/challengeseconomiques.com\/?p=7617#breadcrumb"},"inLanguage":"fr-FR","potentialAction":[{"@type":"ReadAction","target":["https:\/\/challengeseconomiques.com\/?p=7617"]}]},{"@type":"ImageObject","inLanguage":"fr-FR","@id":"https:\/\/challengeseconomiques.com\/?p=7617#primaryimage","url":"https:\/\/challengeseconomiques.com\/wp-content\/uploads\/2025\/01\/semaur.webp","contentUrl":"https:\/\/challengeseconomiques.com\/wp-content\/uploads\/2025\/01\/semaur.webp","width":850,"height":491},{"@type":"BreadcrumbList","@id":"https:\/\/challengeseconomiques.com\/?p=7617#breadcrumb","itemListElement":[{"@type":"ListItem","position":1,"name":"Home","item":"https:\/\/challengeseconomiques.com\/"},{"@type":"ListItem","position":2,"name":"Dakar et Nouakchott pr\u00e9parent un accord de coop\u00e9ration sur la migration"}]},{"@type":"WebSite","@id":"https:\/\/challengeseconomiques.com\/#website","url":"https:\/\/challengeseconomiques.com\/","name":"challenges economiques","description":"","potentialAction":[{"@type":"SearchAction","target":{"@type":"EntryPoint","urlTemplate":"https:\/\/challengeseconomiques.com\/?s={search_term_string}"},"query-input":{"@type":"PropertyValueSpecification","valueRequired":true,"valueName":"search_term_string"}}],"inLanguage":"fr-FR"},{"@type":"Person","@id":"https:\/\/challengeseconomiques.com\/#\/schema\/person\/b4568c9afebc5a9238a771873801e349","name":"admin","image":{"@type":"ImageObject","inLanguage":"fr-FR","@id":"https:\/\/challengeseconomiques.com\/#\/schema\/person\/image\/","url":"https:\/\/secure.gravatar.com\/avatar\/099e42240b5eea11acdb72751fcce0dd918603f0749d24974b7984ea47ed9fd9?s=96&d=mm&r=g","contentUrl":"https:\/\/secure.gravatar.com\/avatar\/099e42240b5eea11acdb72751fcce0dd918603f0749d24974b7984ea47ed9fd9?s=96&d=mm&r=g","caption":"admin"},"sameAs":["https:\/\/challengeseconomiques.com"],"url":"https:\/\/challengeseconomiques.com\/?author=1"}]}},"jetpack_featured_media_url":"https:\/\/challengeseconomiques.com\/wp-content\/uploads\/2025\/01\/semaur.webp","jetpack_sharing_enabled":true,"_links":{"self":[{"href":"https:\/\/challengeseconomiques.com\/index.php?rest_route=\/wp\/v2\/posts\/7617","targetHints":{"allow":["GET"]}}],"collection":[{"href":"https:\/\/challengeseconomiques.com\/index.php?rest_route=\/wp\/v2\/posts"}],"about":[{"href":"https:\/\/challengeseconomiques.com\/index.php?rest_route=\/wp\/v2\/types\/post"}],"author":[{"embeddable":true,"href":"https:\/\/challengeseconomiques.com\/index.php?rest_route=\/wp\/v2\/users\/1"}],"replies":[{"embeddable":true,"href":"https:\/\/challengeseconomiques.com\/index.php?rest_route=%2Fwp%2Fv2%2Fcomments&post=7617"}],"version-history":[{"count":2,"href":"https:\/\/challengeseconomiques.com\/index.php?rest_route=\/wp\/v2\/posts\/7617\/revisions"}],"predecessor-version":[{"id":7620,"href":"https:\/\/challengeseconomiques.com\/index.php?rest_route=\/wp\/v2\/posts\/7617\/revisions\/7620"}],"wp:featuredmedia":[{"embeddable":true,"href":"https:\/\/challengeseconomiques.com\/index.php?rest_route=\/wp\/v2\/media\/7618"}],"wp:attachment":[{"href":"https:\/\/challengeseconomiques.com\/index.php?rest_route=%2Fwp%2Fv2%2Fmedia&parent=7617"}],"wp:term":[{"taxonomy":"category","embeddable":true,"href":"https:\/\/challengeseconomiques.com\/index.php?rest_route=%2Fwp%2Fv2%2Fcategories&post=7617"},{"taxonomy":"post_tag","embeddable":true,"href":"https:\/\/challengeseconomiques.com\/index.php?rest_route=%2Fwp%2Fv2%2Ftags&post=7617"}],"curies":[{"name":"wp","href":"https:\/\/api.w.org\/{rel}","templated":true}]}}