{"id":7612,"date":"2025-01-13T21:31:22","date_gmt":"2025-01-13T21:31:22","guid":{"rendered":"https:\/\/challengeseconomiques.com\/?p=7612"},"modified":"2025-01-13T21:33:12","modified_gmt":"2025-01-13T21:33:12","slug":"750-millions-fcfa-du-fonsis-via-le-we-fund-pour-deux-pme-agroalimentaires-dirigees-par-des-femmes","status":"publish","type":"post","link":"https:\/\/challengeseconomiques.com\/?p=7612","title":{"rendered":"750 millions FCFA du FONSIS via le WE! Fund pour deux PME agroalimentaires dirig\u00e9es par des femmes"},"content":{"rendered":"<p>Deux petites et moyennes entreprises (PME) s\u00e9n\u00e9galaises s\u2019activant dans agroalimentaire dirig\u00e9es par des femmes, ont re\u00e7u du fonds souverain d\u2019investissements strat\u00e9giques (FONSIS) via son sous-fonds WE! Fund, un appui financier sous forme d\u2019investissement d\u2019un montant de 750 millions FCFA, annonce un communiqu\u00e9 du FONSIS transmis \u00e0 notre r\u00e9daction.<\/p>\n<p>La source pr\u00e9cise que PRESTIGES Catering et ESTEVAL sont les structures b\u00e9n\u00e9ficiaires. Notons que ce sont des entreprises phares du secteur agroalimentaire. Ces investissements visent \u00e0 soutenir des PME innovantes tout en acc\u00e9l\u00e9rant leur impact \u00e9conomique et social au S\u00e9n\u00e9gal.<\/p>\n<p>En effet, fond\u00e9e par Ma\u00efmouna Dior Fall, PRESTIGES Catering est sp\u00e9cialis\u00e9e dans la restauration collective avec un fort accent sur la valorisation des produits locaux. Cette PME fournit des services \u00e0 des entreprises, des \u00e9coles et des \u00e9tablissements m\u00e9dicaux, en plus de proposer des solutions pour des \u00e9v\u00e9nements et des produits surgel\u00e9s destin\u00e9s \u00e0 la grande distribution.<\/p>\n<p>L\u2019investissement re\u00e7u par la PME permettra de tripler sa production quotidienne pour atteindre 6 500 plats d\u2019ici 2026, gr\u00e2ce \u00e0 une unit\u00e9 industrielle moderne respectant les standards internationaux. Cette expansion cr\u00e9era de nouveaux emplois, en particulier pour les femmes et renforcera les fili\u00e8res locales.<\/p>\n<p>Quant \u00e0 ESTEVAL, elle est dirig\u00e9e par Val\u00e9rie H\u00e9l\u00e8ne Quenum. Elle s\u2019active dans la transformation des fruits tropicaux et des c\u00e9r\u00e9ales locales en produits bio et naturels. L\u2019investissement facilitera une transition industrielle, triplant sa production journali\u00e8re pour atteindre 3 000 litres de jus cette ann\u00e9e.<\/p>\n<p>\u00c0 noter aussi qu\u2019ESTEVAL travaille en partenariat avec des producteurs locaux, pour valoriser les ressources agricoles du S\u00e9n\u00e9gal, contribuant ainsi \u00e0 structurer les cha\u00eenes de valeur et \u00e0 r\u00e9pondre \u00e0 une demande croissante sur le march\u00e9 local et international.<\/p>\n<p>\u00c0 propos du choix de ces investissements, le FONSIS argue le potentiel des PME dirig\u00e9es par des femmes dans l\u2019agroalimentaire et leur contribution \u00e0 l\u2019\u00e9conomie nationale, notamment par la cr\u00e9ation d\u2019emplois et la promotion des produits locaux.<\/p>\n","protected":false},"excerpt":{"rendered":"<p>Deux petites et moyennes entreprises (PME) s\u00e9n\u00e9galaises s\u2019activant dans agroalimentaire dirig\u00e9es par des femmes, ont re\u00e7u du fonds souverain d\u2019investissements strat\u00e9giques (FONSIS) via son sous-fonds&#8230;<\/p>\n","protected":false},"author":1,"featured_media":7613,"comment_status":"closed","ping_status":"open","sticky":false,"template":"","format":"standard","meta":{"_jetpack_memberships_contains_paid_content":false,"footnotes":""},"categories":[23,10],"tags":[],"class_list":["post-7612","post","type-post","status-publish","format-standard","has-post-thumbnail","hentry","category-a-la-une","category-infos-eco","wpcat-23-id","wpcat-10-id"],"yoast_head":"<!-- This site is optimized with the Yoast SEO plugin v27.1.1 - https:\/\/yoast.com\/product\/yoast-seo-wordpress\/ -->\n<title>750 millions FCFA du FONSIS via le WE! Fund pour deux PME agroalimentaires dirig\u00e9es par des femmes - challenges economiques<\/title>\n<meta name=\"robots\" content=\"index, follow, max-snippet:-1, max-image-preview:large, max-video-preview:-1\" \/>\n<link rel=\"canonical\" href=\"https:\/\/challengeseconomiques.com\/?p=7612\" \/>\n<meta property=\"og:locale\" content=\"fr_FR\" \/>\n<meta property=\"og:type\" content=\"article\" \/>\n<meta property=\"og:title\" content=\"750 millions FCFA du FONSIS via le WE! Fund pour deux PME agroalimentaires dirig\u00e9es par des femmes - challenges economiques\" \/>\n<meta property=\"og:description\" content=\"Deux petites et moyennes entreprises (PME) s\u00e9n\u00e9galaises s\u2019activant dans agroalimentaire dirig\u00e9es par des femmes, ont re\u00e7u du fonds souverain d\u2019investissements strat\u00e9giques (FONSIS) via son sous-fonds...\" \/>\n<meta property=\"og:url\" content=\"https:\/\/challengeseconomiques.com\/?p=7612\" \/>\n<meta property=\"og:site_name\" content=\"challenges economiques\" \/>\n<meta property=\"article:published_time\" content=\"2025-01-13T21:31:22+00:00\" \/>\n<meta property=\"article:modified_time\" content=\"2025-01-13T21:33:12+00:00\" \/>\n<meta property=\"og:image\" content=\"https:\/\/challengeseconomiques.com\/wp-content\/uploads\/2025\/01\/fONSIS2.jpg\" \/>\n\t<meta property=\"og:image:width\" content=\"1280\" \/>\n\t<meta property=\"og:image:height\" content=\"853\" \/>\n\t<meta property=\"og:image:type\" content=\"image\/jpeg\" \/>\n<meta name=\"author\" content=\"admin\" \/>\n<meta name=\"twitter:card\" content=\"summary_large_image\" \/>\n<meta name=\"twitter:label1\" content=\"\u00c9crit par\" \/>\n\t<meta name=\"twitter:data1\" content=\"admin\" \/>\n\t<meta name=\"twitter:label2\" content=\"Dur\u00e9e de lecture estim\u00e9e\" \/>\n\t<meta name=\"twitter:data2\" content=\"2 minutes\" \/>\n<script type=\"application\/ld+json\" class=\"yoast-schema-graph\">{\"@context\":\"https:\/\/schema.org\",\"@graph\":[{\"@type\":\"Article\",\"@id\":\"https:\/\/challengeseconomiques.com\/?p=7612#article\",\"isPartOf\":{\"@id\":\"https:\/\/challengeseconomiques.com\/?p=7612\"},\"author\":{\"name\":\"admin\",\"@id\":\"https:\/\/challengeseconomiques.com\/#\/schema\/person\/b4568c9afebc5a9238a771873801e349\"},\"headline\":\"750 millions FCFA du FONSIS via le WE! Fund pour deux PME agroalimentaires dirig\u00e9es par des femmes\",\"datePublished\":\"2025-01-13T21:31:22+00:00\",\"dateModified\":\"2025-01-13T21:33:12+00:00\",\"mainEntityOfPage\":{\"@id\":\"https:\/\/challengeseconomiques.com\/?p=7612\"},\"wordCount\":360,\"image\":{\"@id\":\"https:\/\/challengeseconomiques.com\/?p=7612#primaryimage\"},\"thumbnailUrl\":\"https:\/\/challengeseconomiques.com\/wp-content\/uploads\/2025\/01\/fONSIS2.jpg\",\"articleSection\":[\"A la une\",\"Infos \u00e9co\"],\"inLanguage\":\"fr-FR\"},{\"@type\":\"WebPage\",\"@id\":\"https:\/\/challengeseconomiques.com\/?p=7612\",\"url\":\"https:\/\/challengeseconomiques.com\/?p=7612\",\"name\":\"750 millions FCFA du FONSIS via le WE! Fund pour deux PME agroalimentaires dirig\u00e9es par des femmes - challenges economiques\",\"isPartOf\":{\"@id\":\"https:\/\/challengeseconomiques.com\/#website\"},\"primaryImageOfPage\":{\"@id\":\"https:\/\/challengeseconomiques.com\/?p=7612#primaryimage\"},\"image\":{\"@id\":\"https:\/\/challengeseconomiques.com\/?p=7612#primaryimage\"},\"thumbnailUrl\":\"https:\/\/challengeseconomiques.com\/wp-content\/uploads\/2025\/01\/fONSIS2.jpg\",\"datePublished\":\"2025-01-13T21:31:22+00:00\",\"dateModified\":\"2025-01-13T21:33:12+00:00\",\"author\":{\"@id\":\"https:\/\/challengeseconomiques.com\/#\/schema\/person\/b4568c9afebc5a9238a771873801e349\"},\"breadcrumb\":{\"@id\":\"https:\/\/challengeseconomiques.com\/?p=7612#breadcrumb\"},\"inLanguage\":\"fr-FR\",\"potentialAction\":[{\"@type\":\"ReadAction\",\"target\":[\"https:\/\/challengeseconomiques.com\/?p=7612\"]}]},{\"@type\":\"ImageObject\",\"inLanguage\":\"fr-FR\",\"@id\":\"https:\/\/challengeseconomiques.com\/?p=7612#primaryimage\",\"url\":\"https:\/\/challengeseconomiques.com\/wp-content\/uploads\/2025\/01\/fONSIS2.jpg\",\"contentUrl\":\"https:\/\/challengeseconomiques.com\/wp-content\/uploads\/2025\/01\/fONSIS2.jpg\",\"width\":1280,\"height\":853},{\"@type\":\"BreadcrumbList\",\"@id\":\"https:\/\/challengeseconomiques.com\/?p=7612#breadcrumb\",\"itemListElement\":[{\"@type\":\"ListItem\",\"position\":1,\"name\":\"Home\",\"item\":\"https:\/\/challengeseconomiques.com\/\"},{\"@type\":\"ListItem\",\"position\":2,\"name\":\"750 millions FCFA du FONSIS via le WE! Fund pour deux PME agroalimentaires dirig\u00e9es par des femmes\"}]},{\"@type\":\"WebSite\",\"@id\":\"https:\/\/challengeseconomiques.com\/#website\",\"url\":\"https:\/\/challengeseconomiques.com\/\",\"name\":\"challenges economiques\",\"description\":\"\",\"potentialAction\":[{\"@type\":\"SearchAction\",\"target\":{\"@type\":\"EntryPoint\",\"urlTemplate\":\"https:\/\/challengeseconomiques.com\/?s={search_term_string}\"},\"query-input\":{\"@type\":\"PropertyValueSpecification\",\"valueRequired\":true,\"valueName\":\"search_term_string\"}}],\"inLanguage\":\"fr-FR\"},{\"@type\":\"Person\",\"@id\":\"https:\/\/challengeseconomiques.com\/#\/schema\/person\/b4568c9afebc5a9238a771873801e349\",\"name\":\"admin\",\"image\":{\"@type\":\"ImageObject\",\"inLanguage\":\"fr-FR\",\"@id\":\"https:\/\/challengeseconomiques.com\/#\/schema\/person\/image\/\",\"url\":\"https:\/\/secure.gravatar.com\/avatar\/099e42240b5eea11acdb72751fcce0dd918603f0749d24974b7984ea47ed9fd9?s=96&d=mm&r=g\",\"contentUrl\":\"https:\/\/secure.gravatar.com\/avatar\/099e42240b5eea11acdb72751fcce0dd918603f0749d24974b7984ea47ed9fd9?s=96&d=mm&r=g\",\"caption\":\"admin\"},\"sameAs\":[\"https:\/\/challengeseconomiques.com\"],\"url\":\"https:\/\/challengeseconomiques.com\/?author=1\"}]}<\/script>\n<!-- \/ Yoast SEO plugin. -->","yoast_head_json":{"title":"750 millions FCFA du FONSIS via le WE! Fund pour deux PME agroalimentaires dirig\u00e9es par des femmes - challenges economiques","robots":{"index":"index","follow":"follow","max-snippet":"max-snippet:-1","max-image-preview":"max-image-preview:large","max-video-preview":"max-video-preview:-1"},"canonical":"https:\/\/challengeseconomiques.com\/?p=7612","og_locale":"fr_FR","og_type":"article","og_title":"750 millions FCFA du FONSIS via le WE! Fund pour deux PME agroalimentaires dirig\u00e9es par des femmes - challenges economiques","og_description":"Deux petites et moyennes entreprises (PME) s\u00e9n\u00e9galaises s\u2019activant dans agroalimentaire dirig\u00e9es par des femmes, ont re\u00e7u du fonds souverain d\u2019investissements strat\u00e9giques (FONSIS) via son sous-fonds...","og_url":"https:\/\/challengeseconomiques.com\/?p=7612","og_site_name":"challenges economiques","article_published_time":"2025-01-13T21:31:22+00:00","article_modified_time":"2025-01-13T21:33:12+00:00","og_image":[{"width":1280,"height":853,"url":"https:\/\/challengeseconomiques.com\/wp-content\/uploads\/2025\/01\/fONSIS2.jpg","type":"image\/jpeg"}],"author":"admin","twitter_card":"summary_large_image","twitter_misc":{"\u00c9crit par":"admin","Dur\u00e9e de lecture estim\u00e9e":"2 minutes"},"schema":{"@context":"https:\/\/schema.org","@graph":[{"@type":"Article","@id":"https:\/\/challengeseconomiques.com\/?p=7612#article","isPartOf":{"@id":"https:\/\/challengeseconomiques.com\/?p=7612"},"author":{"name":"admin","@id":"https:\/\/challengeseconomiques.com\/#\/schema\/person\/b4568c9afebc5a9238a771873801e349"},"headline":"750 millions FCFA du FONSIS via le WE! Fund pour deux PME agroalimentaires dirig\u00e9es par des femmes","datePublished":"2025-01-13T21:31:22+00:00","dateModified":"2025-01-13T21:33:12+00:00","mainEntityOfPage":{"@id":"https:\/\/challengeseconomiques.com\/?p=7612"},"wordCount":360,"image":{"@id":"https:\/\/challengeseconomiques.com\/?p=7612#primaryimage"},"thumbnailUrl":"https:\/\/challengeseconomiques.com\/wp-content\/uploads\/2025\/01\/fONSIS2.jpg","articleSection":["A la une","Infos \u00e9co"],"inLanguage":"fr-FR"},{"@type":"WebPage","@id":"https:\/\/challengeseconomiques.com\/?p=7612","url":"https:\/\/challengeseconomiques.com\/?p=7612","name":"750 millions FCFA du FONSIS via le WE! Fund pour deux PME agroalimentaires dirig\u00e9es par des femmes - challenges economiques","isPartOf":{"@id":"https:\/\/challengeseconomiques.com\/#website"},"primaryImageOfPage":{"@id":"https:\/\/challengeseconomiques.com\/?p=7612#primaryimage"},"image":{"@id":"https:\/\/challengeseconomiques.com\/?p=7612#primaryimage"},"thumbnailUrl":"https:\/\/challengeseconomiques.com\/wp-content\/uploads\/2025\/01\/fONSIS2.jpg","datePublished":"2025-01-13T21:31:22+00:00","dateModified":"2025-01-13T21:33:12+00:00","author":{"@id":"https:\/\/challengeseconomiques.com\/#\/schema\/person\/b4568c9afebc5a9238a771873801e349"},"breadcrumb":{"@id":"https:\/\/challengeseconomiques.com\/?p=7612#breadcrumb"},"inLanguage":"fr-FR","potentialAction":[{"@type":"ReadAction","target":["https:\/\/challengeseconomiques.com\/?p=7612"]}]},{"@type":"ImageObject","inLanguage":"fr-FR","@id":"https:\/\/challengeseconomiques.com\/?p=7612#primaryimage","url":"https:\/\/challengeseconomiques.com\/wp-content\/uploads\/2025\/01\/fONSIS2.jpg","contentUrl":"https:\/\/challengeseconomiques.com\/wp-content\/uploads\/2025\/01\/fONSIS2.jpg","width":1280,"height":853},{"@type":"BreadcrumbList","@id":"https:\/\/challengeseconomiques.com\/?p=7612#breadcrumb","itemListElement":[{"@type":"ListItem","position":1,"name":"Home","item":"https:\/\/challengeseconomiques.com\/"},{"@type":"ListItem","position":2,"name":"750 millions FCFA du FONSIS via le WE! Fund pour deux PME agroalimentaires dirig\u00e9es par des femmes"}]},{"@type":"WebSite","@id":"https:\/\/challengeseconomiques.com\/#website","url":"https:\/\/challengeseconomiques.com\/","name":"challenges economiques","description":"","potentialAction":[{"@type":"SearchAction","target":{"@type":"EntryPoint","urlTemplate":"https:\/\/challengeseconomiques.com\/?s={search_term_string}"},"query-input":{"@type":"PropertyValueSpecification","valueRequired":true,"valueName":"search_term_string"}}],"inLanguage":"fr-FR"},{"@type":"Person","@id":"https:\/\/challengeseconomiques.com\/#\/schema\/person\/b4568c9afebc5a9238a771873801e349","name":"admin","image":{"@type":"ImageObject","inLanguage":"fr-FR","@id":"https:\/\/challengeseconomiques.com\/#\/schema\/person\/image\/","url":"https:\/\/secure.gravatar.com\/avatar\/099e42240b5eea11acdb72751fcce0dd918603f0749d24974b7984ea47ed9fd9?s=96&d=mm&r=g","contentUrl":"https:\/\/secure.gravatar.com\/avatar\/099e42240b5eea11acdb72751fcce0dd918603f0749d24974b7984ea47ed9fd9?s=96&d=mm&r=g","caption":"admin"},"sameAs":["https:\/\/challengeseconomiques.com"],"url":"https:\/\/challengeseconomiques.com\/?author=1"}]}},"jetpack_featured_media_url":"https:\/\/challengeseconomiques.com\/wp-content\/uploads\/2025\/01\/fONSIS2.jpg","jetpack_sharing_enabled":true,"_links":{"self":[{"href":"https:\/\/challengeseconomiques.com\/index.php?rest_route=\/wp\/v2\/posts\/7612","targetHints":{"allow":["GET"]}}],"collection":[{"href":"https:\/\/challengeseconomiques.com\/index.php?rest_route=\/wp\/v2\/posts"}],"about":[{"href":"https:\/\/challengeseconomiques.com\/index.php?rest_route=\/wp\/v2\/types\/post"}],"author":[{"embeddable":true,"href":"https:\/\/challengeseconomiques.com\/index.php?rest_route=\/wp\/v2\/users\/1"}],"replies":[{"embeddable":true,"href":"https:\/\/challengeseconomiques.com\/index.php?rest_route=%2Fwp%2Fv2%2Fcomments&post=7612"}],"version-history":[{"count":1,"href":"https:\/\/challengeseconomiques.com\/index.php?rest_route=\/wp\/v2\/posts\/7612\/revisions"}],"predecessor-version":[{"id":7614,"href":"https:\/\/challengeseconomiques.com\/index.php?rest_route=\/wp\/v2\/posts\/7612\/revisions\/7614"}],"wp:featuredmedia":[{"embeddable":true,"href":"https:\/\/challengeseconomiques.com\/index.php?rest_route=\/wp\/v2\/media\/7613"}],"wp:attachment":[{"href":"https:\/\/challengeseconomiques.com\/index.php?rest_route=%2Fwp%2Fv2%2Fmedia&parent=7612"}],"wp:term":[{"taxonomy":"category","embeddable":true,"href":"https:\/\/challengeseconomiques.com\/index.php?rest_route=%2Fwp%2Fv2%2Fcategories&post=7612"},{"taxonomy":"post_tag","embeddable":true,"href":"https:\/\/challengeseconomiques.com\/index.php?rest_route=%2Fwp%2Fv2%2Ftags&post=7612"}],"curies":[{"name":"wp","href":"https:\/\/api.w.org\/{rel}","templated":true}]}}