{"id":7589,"date":"2025-01-08T16:43:19","date_gmt":"2025-01-08T16:43:19","guid":{"rendered":"https:\/\/challengeseconomiques.com\/?p=7589"},"modified":"2025-01-08T16:44:04","modified_gmt":"2025-01-08T16:44:04","slug":"dakar-dem-dikk-a-double-ses-recettes-et-le-nombre-de-passagers-transportes-par-jour-selon-son-directeur-general-publie-8-janvier-2025-a-15h44","status":"publish","type":"post","link":"https:\/\/challengeseconomiques.com\/?p=7589","title":{"rendered":"Dakar Dem Dikk a doubl\u00e9 ses recettes et le nombre de passagers transport\u00e9s par jour, selon son directeur g\u00e9n\u00e9ral"},"content":{"rendered":"<p>La soci\u00e9t\u00e9 nationale de transport Dakar Dem Dikk (DDD) a doubl\u00e9 ses recettes journali\u00e8res et le nombre de passagers transport\u00e9s au quotidien en les faisant passer de 25 millions \u00e0 52 millions de francs CFA, et de 50.000 \u00e0 110.000 passagers, a d\u00e9clar\u00e9 son directeur g\u00e9n\u00e9ral, Assane Mbengue.<\/p>\n<p>\u2018\u2019\u00c0 mon arriv\u00e9e, la soci\u00e9t\u00e9 faisait voyager un peu moins de 50.000 [passagers] par jour. Aujourd\u2019hui, les derniers r\u00e9sultats affichent 110.000 voyageurs par jour. C\u2019est plus que le double en six mois\u2019\u2019, a dit M. Mbengue dans une interview publi\u00e9e mercredi par le quotidien Le Soleil.<\/p>\n<p>\u2018\u2019Les recettes journali\u00e8res ont \u00e9galement augment\u00e9 en passant de 25 millions \u00e0 52 millions de francs CFA\u2019\u2019, a-t-il d\u00e9clar\u00e9.<\/p>\n<p>Selon Assane Mbengue, ces donn\u00e9es ne prennent pas en compte les navettes qu\u2019assure DDD entre Dakar et l\u2019a\u00e9roport Blaise-Diagne, ni les voyageurs de S\u00e9n\u00e9gal Dem Dikk, ceux que la soci\u00e9t\u00e9 fait voyager entre Dakar et les autres r\u00e9gions du pays.<\/p>\n<p>M. Mbengue affirme que la soci\u00e9t\u00e9 nationale de transport a obtenu ces r\u00e9sultats avec peu de moyens.<\/p>\n<p>\u2018\u2019Nous avons certes trouv\u00e9 un effectif pl\u00e9thorique, mais nous avons essay\u00e9 de tirer le meilleur de chaque agent\u2019\u2019, a-t-il ajout\u00e9.<\/p>\n<p>Assane Mbengue estime que DDD \u2018\u2019n\u2019a pas g\u00e9n\u00e9r\u00e9 assez d\u2019argent pour acheter ses bus, toutes les acquisitions [se faisant] gr\u00e2ce au concours de l\u2019\u00c9tat\u2019\u2019.<\/p>\n<p>M. Mbengue, nomm\u00e9 directeur g\u00e9n\u00e9ral de Dakar Dem Dikk en mai dernier, dit avoir trouv\u00e9 l\u2019entreprise dans une situation \u2018\u2019critique\u2019\u2019, avec une dette de pr\u00e8s de 130 milliards de francs CFA.<\/p>\n<p>La soci\u00e9t\u00e9 nationale de transport public tarde \u00e0 verser 17 milliards \u00e0 l\u2019Institution de pr\u00e9voyance retraite du S\u00e9n\u00e9gal, pour les cotisations sociales de ses employ\u00e9s, selon lui.<\/p>\n<p>La dette fiscale de DDD s\u2019\u00e9l\u00e8ve \u00e0 3 milliards, et les cotisations sociales qu\u2019elle doit verser \u00e0 la Caisse de s\u00e9curit\u00e9 sociale \u00e0 700 millions, a dit son directeur g\u00e9n\u00e9ral.<\/p>\n<p>\u2018\u2019Concernant les coop\u00e9ratives d\u2019habitat, les cotisations \u00e9taient pr\u00e9lev\u00e9es \u00e0 la source mais elles n\u2019ont pas \u00e9t\u00e9 vers\u00e9es\u2019\u2019 aux institutions sociales, a signal\u00e9 Assane Mbengue, ajoutant\u00a0: \u2018\u2019Nous nous sommes engag\u00e9s, donc, \u00e0 solder cette dette en douze mois.\u2019\u2019<\/p>\n<p><strong>APS<\/strong><\/p>\n","protected":false},"excerpt":{"rendered":"<p>La soci\u00e9t\u00e9 nationale de transport Dakar Dem Dikk (DDD) a doubl\u00e9 ses recettes journali\u00e8res et le nombre de passagers transport\u00e9s au quotidien en les faisant&#8230;<\/p>\n","protected":false},"author":1,"featured_media":5450,"comment_status":"closed","ping_status":"open","sticky":false,"template":"","format":"standard","meta":{"_jetpack_memberships_contains_paid_content":false,"footnotes":""},"categories":[23,8],"tags":[],"class_list":["post-7589","post","type-post","status-publish","format-standard","has-post-thumbnail","hentry","category-a-la-une","category-actualite-economique","wpcat-23-id","wpcat-8-id"],"yoast_head":"<!-- This site is optimized with the Yoast SEO plugin v27.1.1 - https:\/\/yoast.com\/product\/yoast-seo-wordpress\/ -->\n<title>Dakar Dem Dikk a doubl\u00e9 ses recettes et le nombre de passagers transport\u00e9s par jour, selon son directeur g\u00e9n\u00e9ral - challenges economiques<\/title>\n<meta name=\"robots\" content=\"index, follow, max-snippet:-1, max-image-preview:large, max-video-preview:-1\" \/>\n<link rel=\"canonical\" href=\"https:\/\/challengeseconomiques.com\/?p=7589\" \/>\n<meta property=\"og:locale\" content=\"fr_FR\" \/>\n<meta property=\"og:type\" content=\"article\" \/>\n<meta property=\"og:title\" content=\"Dakar Dem Dikk a doubl\u00e9 ses recettes et le nombre de passagers transport\u00e9s par jour, selon son directeur g\u00e9n\u00e9ral - challenges economiques\" \/>\n<meta property=\"og:description\" content=\"La soci\u00e9t\u00e9 nationale de transport Dakar Dem Dikk (DDD) a doubl\u00e9 ses recettes journali\u00e8res et le nombre de passagers transport\u00e9s au quotidien en les faisant...\" \/>\n<meta property=\"og:url\" content=\"https:\/\/challengeseconomiques.com\/?p=7589\" \/>\n<meta property=\"og:site_name\" content=\"challenges economiques\" \/>\n<meta property=\"article:published_time\" content=\"2025-01-08T16:43:19+00:00\" \/>\n<meta property=\"article:modified_time\" content=\"2025-01-08T16:44:04+00:00\" \/>\n<meta property=\"og:image\" content=\"https:\/\/challengeseconomiques.com\/wp-content\/uploads\/2023\/10\/busddd.jpg\" \/>\n\t<meta property=\"og:image:width\" content=\"450\" \/>\n\t<meta property=\"og:image:height\" content=\"263\" \/>\n\t<meta property=\"og:image:type\" content=\"image\/jpeg\" \/>\n<meta name=\"author\" content=\"admin\" \/>\n<meta name=\"twitter:card\" content=\"summary_large_image\" \/>\n<meta name=\"twitter:label1\" content=\"\u00c9crit par\" \/>\n\t<meta name=\"twitter:data1\" content=\"admin\" \/>\n\t<meta name=\"twitter:label2\" content=\"Dur\u00e9e de lecture estim\u00e9e\" \/>\n\t<meta name=\"twitter:data2\" content=\"2 minutes\" \/>\n<script type=\"application\/ld+json\" class=\"yoast-schema-graph\">{\"@context\":\"https:\/\/schema.org\",\"@graph\":[{\"@type\":\"Article\",\"@id\":\"https:\/\/challengeseconomiques.com\/?p=7589#article\",\"isPartOf\":{\"@id\":\"https:\/\/challengeseconomiques.com\/?p=7589\"},\"author\":{\"name\":\"admin\",\"@id\":\"https:\/\/challengeseconomiques.com\/#\/schema\/person\/b4568c9afebc5a9238a771873801e349\"},\"headline\":\"Dakar Dem Dikk a doubl\u00e9 ses recettes et le nombre de passagers transport\u00e9s par jour, selon son directeur g\u00e9n\u00e9ral\",\"datePublished\":\"2025-01-08T16:43:19+00:00\",\"dateModified\":\"2025-01-08T16:44:04+00:00\",\"mainEntityOfPage\":{\"@id\":\"https:\/\/challengeseconomiques.com\/?p=7589\"},\"wordCount\":393,\"image\":{\"@id\":\"https:\/\/challengeseconomiques.com\/?p=7589#primaryimage\"},\"thumbnailUrl\":\"https:\/\/challengeseconomiques.com\/wp-content\/uploads\/2023\/10\/busddd.jpg\",\"articleSection\":[\"A la une\",\"Actualit\u00e9 \u00e9conomique\"],\"inLanguage\":\"fr-FR\"},{\"@type\":\"WebPage\",\"@id\":\"https:\/\/challengeseconomiques.com\/?p=7589\",\"url\":\"https:\/\/challengeseconomiques.com\/?p=7589\",\"name\":\"Dakar Dem Dikk a doubl\u00e9 ses recettes et le nombre de passagers transport\u00e9s par jour, selon son directeur g\u00e9n\u00e9ral - challenges economiques\",\"isPartOf\":{\"@id\":\"https:\/\/challengeseconomiques.com\/#website\"},\"primaryImageOfPage\":{\"@id\":\"https:\/\/challengeseconomiques.com\/?p=7589#primaryimage\"},\"image\":{\"@id\":\"https:\/\/challengeseconomiques.com\/?p=7589#primaryimage\"},\"thumbnailUrl\":\"https:\/\/challengeseconomiques.com\/wp-content\/uploads\/2023\/10\/busddd.jpg\",\"datePublished\":\"2025-01-08T16:43:19+00:00\",\"dateModified\":\"2025-01-08T16:44:04+00:00\",\"author\":{\"@id\":\"https:\/\/challengeseconomiques.com\/#\/schema\/person\/b4568c9afebc5a9238a771873801e349\"},\"breadcrumb\":{\"@id\":\"https:\/\/challengeseconomiques.com\/?p=7589#breadcrumb\"},\"inLanguage\":\"fr-FR\",\"potentialAction\":[{\"@type\":\"ReadAction\",\"target\":[\"https:\/\/challengeseconomiques.com\/?p=7589\"]}]},{\"@type\":\"ImageObject\",\"inLanguage\":\"fr-FR\",\"@id\":\"https:\/\/challengeseconomiques.com\/?p=7589#primaryimage\",\"url\":\"https:\/\/challengeseconomiques.com\/wp-content\/uploads\/2023\/10\/busddd.jpg\",\"contentUrl\":\"https:\/\/challengeseconomiques.com\/wp-content\/uploads\/2023\/10\/busddd.jpg\",\"width\":450,\"height\":263},{\"@type\":\"BreadcrumbList\",\"@id\":\"https:\/\/challengeseconomiques.com\/?p=7589#breadcrumb\",\"itemListElement\":[{\"@type\":\"ListItem\",\"position\":1,\"name\":\"Home\",\"item\":\"https:\/\/challengeseconomiques.com\/\"},{\"@type\":\"ListItem\",\"position\":2,\"name\":\"Dakar Dem Dikk a doubl\u00e9 ses recettes et le nombre de passagers transport\u00e9s par jour, selon son directeur g\u00e9n\u00e9ral\"}]},{\"@type\":\"WebSite\",\"@id\":\"https:\/\/challengeseconomiques.com\/#website\",\"url\":\"https:\/\/challengeseconomiques.com\/\",\"name\":\"challenges economiques\",\"description\":\"\",\"potentialAction\":[{\"@type\":\"SearchAction\",\"target\":{\"@type\":\"EntryPoint\",\"urlTemplate\":\"https:\/\/challengeseconomiques.com\/?s={search_term_string}\"},\"query-input\":{\"@type\":\"PropertyValueSpecification\",\"valueRequired\":true,\"valueName\":\"search_term_string\"}}],\"inLanguage\":\"fr-FR\"},{\"@type\":\"Person\",\"@id\":\"https:\/\/challengeseconomiques.com\/#\/schema\/person\/b4568c9afebc5a9238a771873801e349\",\"name\":\"admin\",\"image\":{\"@type\":\"ImageObject\",\"inLanguage\":\"fr-FR\",\"@id\":\"https:\/\/challengeseconomiques.com\/#\/schema\/person\/image\/\",\"url\":\"https:\/\/secure.gravatar.com\/avatar\/099e42240b5eea11acdb72751fcce0dd918603f0749d24974b7984ea47ed9fd9?s=96&d=mm&r=g\",\"contentUrl\":\"https:\/\/secure.gravatar.com\/avatar\/099e42240b5eea11acdb72751fcce0dd918603f0749d24974b7984ea47ed9fd9?s=96&d=mm&r=g\",\"caption\":\"admin\"},\"sameAs\":[\"https:\/\/challengeseconomiques.com\"],\"url\":\"https:\/\/challengeseconomiques.com\/?author=1\"}]}<\/script>\n<!-- \/ Yoast SEO plugin. -->","yoast_head_json":{"title":"Dakar Dem Dikk a doubl\u00e9 ses recettes et le nombre de passagers transport\u00e9s par jour, selon son directeur g\u00e9n\u00e9ral - challenges economiques","robots":{"index":"index","follow":"follow","max-snippet":"max-snippet:-1","max-image-preview":"max-image-preview:large","max-video-preview":"max-video-preview:-1"},"canonical":"https:\/\/challengeseconomiques.com\/?p=7589","og_locale":"fr_FR","og_type":"article","og_title":"Dakar Dem Dikk a doubl\u00e9 ses recettes et le nombre de passagers transport\u00e9s par jour, selon son directeur g\u00e9n\u00e9ral - challenges economiques","og_description":"La soci\u00e9t\u00e9 nationale de transport Dakar Dem Dikk (DDD) a doubl\u00e9 ses recettes journali\u00e8res et le nombre de passagers transport\u00e9s au quotidien en les faisant...","og_url":"https:\/\/challengeseconomiques.com\/?p=7589","og_site_name":"challenges economiques","article_published_time":"2025-01-08T16:43:19+00:00","article_modified_time":"2025-01-08T16:44:04+00:00","og_image":[{"width":450,"height":263,"url":"https:\/\/challengeseconomiques.com\/wp-content\/uploads\/2023\/10\/busddd.jpg","type":"image\/jpeg"}],"author":"admin","twitter_card":"summary_large_image","twitter_misc":{"\u00c9crit par":"admin","Dur\u00e9e de lecture estim\u00e9e":"2 minutes"},"schema":{"@context":"https:\/\/schema.org","@graph":[{"@type":"Article","@id":"https:\/\/challengeseconomiques.com\/?p=7589#article","isPartOf":{"@id":"https:\/\/challengeseconomiques.com\/?p=7589"},"author":{"name":"admin","@id":"https:\/\/challengeseconomiques.com\/#\/schema\/person\/b4568c9afebc5a9238a771873801e349"},"headline":"Dakar Dem Dikk a doubl\u00e9 ses recettes et le nombre de passagers transport\u00e9s par jour, selon son directeur g\u00e9n\u00e9ral","datePublished":"2025-01-08T16:43:19+00:00","dateModified":"2025-01-08T16:44:04+00:00","mainEntityOfPage":{"@id":"https:\/\/challengeseconomiques.com\/?p=7589"},"wordCount":393,"image":{"@id":"https:\/\/challengeseconomiques.com\/?p=7589#primaryimage"},"thumbnailUrl":"https:\/\/challengeseconomiques.com\/wp-content\/uploads\/2023\/10\/busddd.jpg","articleSection":["A la une","Actualit\u00e9 \u00e9conomique"],"inLanguage":"fr-FR"},{"@type":"WebPage","@id":"https:\/\/challengeseconomiques.com\/?p=7589","url":"https:\/\/challengeseconomiques.com\/?p=7589","name":"Dakar Dem Dikk a doubl\u00e9 ses recettes et le nombre de passagers transport\u00e9s par jour, selon son directeur g\u00e9n\u00e9ral - challenges economiques","isPartOf":{"@id":"https:\/\/challengeseconomiques.com\/#website"},"primaryImageOfPage":{"@id":"https:\/\/challengeseconomiques.com\/?p=7589#primaryimage"},"image":{"@id":"https:\/\/challengeseconomiques.com\/?p=7589#primaryimage"},"thumbnailUrl":"https:\/\/challengeseconomiques.com\/wp-content\/uploads\/2023\/10\/busddd.jpg","datePublished":"2025-01-08T16:43:19+00:00","dateModified":"2025-01-08T16:44:04+00:00","author":{"@id":"https:\/\/challengeseconomiques.com\/#\/schema\/person\/b4568c9afebc5a9238a771873801e349"},"breadcrumb":{"@id":"https:\/\/challengeseconomiques.com\/?p=7589#breadcrumb"},"inLanguage":"fr-FR","potentialAction":[{"@type":"ReadAction","target":["https:\/\/challengeseconomiques.com\/?p=7589"]}]},{"@type":"ImageObject","inLanguage":"fr-FR","@id":"https:\/\/challengeseconomiques.com\/?p=7589#primaryimage","url":"https:\/\/challengeseconomiques.com\/wp-content\/uploads\/2023\/10\/busddd.jpg","contentUrl":"https:\/\/challengeseconomiques.com\/wp-content\/uploads\/2023\/10\/busddd.jpg","width":450,"height":263},{"@type":"BreadcrumbList","@id":"https:\/\/challengeseconomiques.com\/?p=7589#breadcrumb","itemListElement":[{"@type":"ListItem","position":1,"name":"Home","item":"https:\/\/challengeseconomiques.com\/"},{"@type":"ListItem","position":2,"name":"Dakar Dem Dikk a doubl\u00e9 ses recettes et le nombre de passagers transport\u00e9s par jour, selon son directeur g\u00e9n\u00e9ral"}]},{"@type":"WebSite","@id":"https:\/\/challengeseconomiques.com\/#website","url":"https:\/\/challengeseconomiques.com\/","name":"challenges economiques","description":"","potentialAction":[{"@type":"SearchAction","target":{"@type":"EntryPoint","urlTemplate":"https:\/\/challengeseconomiques.com\/?s={search_term_string}"},"query-input":{"@type":"PropertyValueSpecification","valueRequired":true,"valueName":"search_term_string"}}],"inLanguage":"fr-FR"},{"@type":"Person","@id":"https:\/\/challengeseconomiques.com\/#\/schema\/person\/b4568c9afebc5a9238a771873801e349","name":"admin","image":{"@type":"ImageObject","inLanguage":"fr-FR","@id":"https:\/\/challengeseconomiques.com\/#\/schema\/person\/image\/","url":"https:\/\/secure.gravatar.com\/avatar\/099e42240b5eea11acdb72751fcce0dd918603f0749d24974b7984ea47ed9fd9?s=96&d=mm&r=g","contentUrl":"https:\/\/secure.gravatar.com\/avatar\/099e42240b5eea11acdb72751fcce0dd918603f0749d24974b7984ea47ed9fd9?s=96&d=mm&r=g","caption":"admin"},"sameAs":["https:\/\/challengeseconomiques.com"],"url":"https:\/\/challengeseconomiques.com\/?author=1"}]}},"jetpack_featured_media_url":"https:\/\/challengeseconomiques.com\/wp-content\/uploads\/2023\/10\/busddd.jpg","jetpack_sharing_enabled":true,"_links":{"self":[{"href":"https:\/\/challengeseconomiques.com\/index.php?rest_route=\/wp\/v2\/posts\/7589","targetHints":{"allow":["GET"]}}],"collection":[{"href":"https:\/\/challengeseconomiques.com\/index.php?rest_route=\/wp\/v2\/posts"}],"about":[{"href":"https:\/\/challengeseconomiques.com\/index.php?rest_route=\/wp\/v2\/types\/post"}],"author":[{"embeddable":true,"href":"https:\/\/challengeseconomiques.com\/index.php?rest_route=\/wp\/v2\/users\/1"}],"replies":[{"embeddable":true,"href":"https:\/\/challengeseconomiques.com\/index.php?rest_route=%2Fwp%2Fv2%2Fcomments&post=7589"}],"version-history":[{"count":2,"href":"https:\/\/challengeseconomiques.com\/index.php?rest_route=\/wp\/v2\/posts\/7589\/revisions"}],"predecessor-version":[{"id":7591,"href":"https:\/\/challengeseconomiques.com\/index.php?rest_route=\/wp\/v2\/posts\/7589\/revisions\/7591"}],"wp:featuredmedia":[{"embeddable":true,"href":"https:\/\/challengeseconomiques.com\/index.php?rest_route=\/wp\/v2\/media\/5450"}],"wp:attachment":[{"href":"https:\/\/challengeseconomiques.com\/index.php?rest_route=%2Fwp%2Fv2%2Fmedia&parent=7589"}],"wp:term":[{"taxonomy":"category","embeddable":true,"href":"https:\/\/challengeseconomiques.com\/index.php?rest_route=%2Fwp%2Fv2%2Fcategories&post=7589"},{"taxonomy":"post_tag","embeddable":true,"href":"https:\/\/challengeseconomiques.com\/index.php?rest_route=%2Fwp%2Fv2%2Ftags&post=7589"}],"curies":[{"name":"wp","href":"https:\/\/api.w.org\/{rel}","templated":true}]}}