{"id":7586,"date":"2025-01-08T16:39:17","date_gmt":"2025-01-08T16:39:17","guid":{"rendered":"https:\/\/challengeseconomiques.com\/?p=7586"},"modified":"2025-01-08T16:40:01","modified_gmt":"2025-01-08T16:40:01","slug":"saint-louis-la-resilience-urbaine-et-territoriale-au-menu-des-echanges-entre-le-dg-de-ladm-et-les-acteurs-locaux","status":"publish","type":"post","link":"https:\/\/challengeseconomiques.com\/?p=7586","title":{"rendered":"Saint-Louis : La r\u00e9silience urbaine et territoriale au menu des \u00e9changes entre le Dg de l\u2019ADM et les acteurs locaux"},"content":{"rendered":"<p>Le Directeur g\u00e9n\u00e9ral de l\u2019<a href=\"https:\/\/sn.linkedin.com\/company\/agence-de-d%C3%A9veloppement-municipal?trk=public_post-text\"><strong>Agence de D\u00e9veloppement Municipal<\/strong><\/a>\u00a0a effectu\u00e9 une visite de travail de trois jours \u00e0 Saint-Louis. L\u2019objectif, \u00e0 en croire un post de l\u2019agence sur sa page facebook, est de prendre contact avec les autorit\u00e9s territoriales et les parties prenantes du Projet de rel\u00e8vement d\u2019urgence et de r\u00e9silience \u00e0 Saint-Louis (<a href=\"https:\/\/www.linkedin.com\/signup\/cold-join?session_redirect=https%3A%2F%2Fwww.linkedin.com%2Ffeed%2Fhashtag%2Fserrp&amp;trk=public_post-text\"><strong>#SERRP<\/strong><\/a>). Dr Mamouth DIOP en a aussi profit\u00e9 de cette visite pour \u00e9voquer, avec les autorit\u00e9s territoriales, les perspectives de l\u2019agglom\u00e9ration de Saint-Louis en termes de r\u00e9silience et de durabilit\u00e9.<\/p>\n<figure class=\"wp-block-image size-large\"><img fetchpriority=\"high\" decoding=\"async\" class=\"wp-image-3080 td-animation-stack-type0-2\" src=\"https:\/\/espacedev.net\/wp-content\/uploads\/2025\/01\/ADM-1-1024x753.jpg\" sizes=\"(max-width: 1024px) 100vw, 1024px\" srcset=\"https:\/\/espacedev.net\/wp-content\/uploads\/2025\/01\/ADM-1-1024x753.jpg 1024w, https:\/\/espacedev.net\/wp-content\/uploads\/2025\/01\/ADM-1-300x221.jpg 300w, https:\/\/espacedev.net\/wp-content\/uploads\/2025\/01\/ADM-1-768x565.jpg 768w, https:\/\/espacedev.net\/wp-content\/uploads\/2025\/01\/ADM-1-1536x1130.jpg 1536w, https:\/\/espacedev.net\/wp-content\/uploads\/2025\/01\/ADM-1-150x110.jpg 150w, https:\/\/espacedev.net\/wp-content\/uploads\/2025\/01\/ADM-1-696x512.jpg 696w, https:\/\/espacedev.net\/wp-content\/uploads\/2025\/01\/ADM-1-1068x785.jpg 1068w, https:\/\/espacedev.net\/wp-content\/uploads\/2025\/01\/ADM-1-1920x1412.jpg 1920w, https:\/\/espacedev.net\/wp-content\/uploads\/2025\/01\/ADM-1.jpg 2048w\" alt=\"\" width=\"1024\" height=\"753\" \/><\/figure>\n<p>En compagnie de ses collaborateurs, le Dg de l\u2019ADM a, tour \u00e0 tour, rendu visite au Maire de Gandon, \u00e0 celui de Saint-Louis, au Gouverneur de la r\u00e9gion et au Pr\u00e9fet du d\u00e9partement de Saint-Louis. Dans le m\u00eame sillage, Dr Diop a \u00e9chang\u00e9 avec les entreprises attributaires des march\u00e9s de travaux et populations locales au cours d\u2019une visite de terrain sur le site de Diougop. Il s\u2019agit de l\u2019un des 56 villages de la commune de Gandon, dans la r\u00e9gion de Saint-Louis (nord), va h\u00e9berger, sur un site de 16 hectares, \u00a0pr\u00e8s de 15.000 habitants des quartiers saint-louisiens de Gokhou Mbathie, Ndar-Toute et Guet-Ndar victimes de l\u2019\u00e9rosion c\u00f4ti\u00e8re. Ces rencontres fructueuses ont, selon notre source, d\u00e9bouch\u00e9 sur des r\u00e9sultats positifs et vont permettre un positionnement strat\u00e9gique des collectivit\u00e9s territoriales de Saint-Louis et de contribuer \u00e0 leur attractivit\u00e9.<\/p>\n<p>En outre, le Dg de l\u2019<a href=\"https:\/\/www.linkedin.com\/signup\/cold-join?session_redirect=https%3A%2F%2Fwww.linkedin.com%2Ffeed%2Fhashtag%2Fadm&amp;trk=public_post-text\"><strong>#ADM<\/strong><\/a> n\u2019a pas manqu\u00e9 de leur renouveler son engagement \u00e0 les accompagner dans le renforcement de capacit\u00e9s, le coaching et l\u2019appui conseil en terme de d\u00e9veloppement socio-\u00e9conomique durable.<\/p>\n<figure class=\"wp-block-image size-large\"><img decoding=\"async\" class=\"wp-image-3081 td-animation-stack-type0-2\" src=\"https:\/\/espacedev.net\/wp-content\/uploads\/2025\/01\/ADM-2-1024x732.jpg\" sizes=\"(max-width: 1024px) 100vw, 1024px\" srcset=\"https:\/\/espacedev.net\/wp-content\/uploads\/2025\/01\/ADM-2-1024x732.jpg 1024w, https:\/\/espacedev.net\/wp-content\/uploads\/2025\/01\/ADM-2-300x214.jpg 300w, https:\/\/espacedev.net\/wp-content\/uploads\/2025\/01\/ADM-2-768x549.jpg 768w, https:\/\/espacedev.net\/wp-content\/uploads\/2025\/01\/ADM-2-1536x1098.jpg 1536w, https:\/\/espacedev.net\/wp-content\/uploads\/2025\/01\/ADM-2-150x107.jpg 150w, https:\/\/espacedev.net\/wp-content\/uploads\/2025\/01\/ADM-2-696x498.jpg 696w, https:\/\/espacedev.net\/wp-content\/uploads\/2025\/01\/ADM-2-1068x763.jpg 1068w, https:\/\/espacedev.net\/wp-content\/uploads\/2025\/01\/ADM-2-1920x1373.jpg 1920w, https:\/\/espacedev.net\/wp-content\/uploads\/2025\/01\/ADM-2.jpg 2048w\" alt=\"\" width=\"1024\" height=\"732\" \/><\/figure>\n<p>Entr\u00e9 en vigueur le 21 septembre 2018, le Projet de Rel\u00e8vement d\u2019Urgence et de R\u00e9silience \u00e0 Saint-Louis (<a href=\"https:\/\/www.linkedin.com\/signup\/cold-join?session_redirect=https%3A%2F%2Fwww.linkedin.com%2Ffeed%2Fhashtag%2Fserrp&amp;trk=public_post-text\"><strong>#SERRP<\/strong><\/a>) a \u00e9t\u00e9 mis en place par l\u2019\u00c9tat du S\u00e9n\u00e9gal afin de r\u00e9duire la vuln\u00e9rabilit\u00e9 des risques c\u00f4tiers des populations \u00e9tablies sur la Langue de Barbarie et le renforcement de la planification de la r\u00e9silience urbaine et c\u00f4ti\u00e8re de l\u2019agglom\u00e9ration de Saint-Louis. Le projet va contribuer \u00e0 l\u2019am\u00e9lioration des conditions de vie d\u2019environ 15 000 personnes, \u00e0 travers leur d\u00e9placement et leur r\u00e9installation sur un site am\u00e9nag\u00e9, avec des logements appropri\u00e9s.<\/p>\n<figure class=\"wp-block-image size-large\"><img decoding=\"async\" class=\"wp-image-3082 td-animation-stack-type0-2\" src=\"https:\/\/espacedev.net\/wp-content\/uploads\/2025\/01\/ADM-3-1024x681.jpg\" sizes=\"(max-width: 1024px) 100vw, 1024px\" srcset=\"https:\/\/espacedev.net\/wp-content\/uploads\/2025\/01\/ADM-3-1024x681.jpg 1024w, https:\/\/espacedev.net\/wp-content\/uploads\/2025\/01\/ADM-3-300x200.jpg 300w, https:\/\/espacedev.net\/wp-content\/uploads\/2025\/01\/ADM-3-768x511.jpg 768w, https:\/\/espacedev.net\/wp-content\/uploads\/2025\/01\/ADM-3-1536x1022.jpg 1536w, https:\/\/espacedev.net\/wp-content\/uploads\/2025\/01\/ADM-3-150x100.jpg 150w, https:\/\/espacedev.net\/wp-content\/uploads\/2025\/01\/ADM-3-696x463.jpg 696w, https:\/\/espacedev.net\/wp-content\/uploads\/2025\/01\/ADM-3-1068x710.jpg 1068w, https:\/\/espacedev.net\/wp-content\/uploads\/2025\/01\/ADM-3-1920x1277.jpg 1920w, https:\/\/espacedev.net\/wp-content\/uploads\/2025\/01\/ADM-3.jpg 2048w\" alt=\"\" width=\"1024\" height=\"681\" \/><\/figure>\n<figure class=\"wp-block-image size-large\"><img loading=\"lazy\" decoding=\"async\" class=\"wp-image-3083 td-animation-stack-type0-2\" src=\"https:\/\/espacedev.net\/wp-content\/uploads\/2025\/01\/ADM-4-1024x872.jpg\" sizes=\"(max-width: 1024px) 100vw, 1024px\" srcset=\"https:\/\/espacedev.net\/wp-content\/uploads\/2025\/01\/ADM-4-1024x872.jpg 1024w, https:\/\/espacedev.net\/wp-content\/uploads\/2025\/01\/ADM-4-300x255.jpg 300w, https:\/\/espacedev.net\/wp-content\/uploads\/2025\/01\/ADM-4-768x654.jpg 768w, https:\/\/espacedev.net\/wp-content\/uploads\/2025\/01\/ADM-4-1536x1308.jpg 1536w, https:\/\/espacedev.net\/wp-content\/uploads\/2025\/01\/ADM-4-150x128.jpg 150w, https:\/\/espacedev.net\/wp-content\/uploads\/2025\/01\/ADM-4-696x593.jpg 696w, https:\/\/espacedev.net\/wp-content\/uploads\/2025\/01\/ADM-4-1068x909.jpg 1068w, https:\/\/espacedev.net\/wp-content\/uploads\/2025\/01\/ADM-4-1920x1635.jpg 1920w, https:\/\/espacedev.net\/wp-content\/uploads\/2025\/01\/ADM-4.jpg 2048w\" alt=\"\" width=\"1024\" height=\"872\" \/><\/figure>\n<figure class=\"wp-block-image size-large\"><img loading=\"lazy\" decoding=\"async\" class=\"wp-image-3084 td-animation-stack-type0-2\" src=\"https:\/\/espacedev.net\/wp-content\/uploads\/2025\/01\/ADM-5-1024x681.jpg\" sizes=\"(max-width: 1024px) 100vw, 1024px\" srcset=\"https:\/\/espacedev.net\/wp-content\/uploads\/2025\/01\/ADM-5-1024x681.jpg 1024w, https:\/\/espacedev.net\/wp-content\/uploads\/2025\/01\/ADM-5-300x200.jpg 300w, https:\/\/espacedev.net\/wp-content\/uploads\/2025\/01\/ADM-5-768x511.jpg 768w, https:\/\/espacedev.net\/wp-content\/uploads\/2025\/01\/ADM-5-1536x1022.jpg 1536w, https:\/\/espacedev.net\/wp-content\/uploads\/2025\/01\/ADM-5-150x100.jpg 150w, https:\/\/espacedev.net\/wp-content\/uploads\/2025\/01\/ADM-5-696x463.jpg 696w, https:\/\/espacedev.net\/wp-content\/uploads\/2025\/01\/ADM-5-1068x710.jpg 1068w, https:\/\/espacedev.net\/wp-content\/uploads\/2025\/01\/ADM-5-1920x1277.jpg 1920w, https:\/\/espacedev.net\/wp-content\/uploads\/2025\/01\/ADM-5.jpg 2048w\" alt=\"\" width=\"1024\" height=\"681\" \/><\/figure>\n<figure class=\"wp-block-image size-large\"><img loading=\"lazy\" decoding=\"async\" class=\"wp-image-3085 td-animation-stack-type0-2\" src=\"https:\/\/espacedev.net\/wp-content\/uploads\/2025\/01\/ADM-6-1024x681.jpg\" sizes=\"(max-width: 1024px) 100vw, 1024px\" srcset=\"https:\/\/espacedev.net\/wp-content\/uploads\/2025\/01\/ADM-6-1024x681.jpg 1024w, https:\/\/espacedev.net\/wp-content\/uploads\/2025\/01\/ADM-6-300x200.jpg 300w, https:\/\/espacedev.net\/wp-content\/uploads\/2025\/01\/ADM-6-768x511.jpg 768w, https:\/\/espacedev.net\/wp-content\/uploads\/2025\/01\/ADM-6-1536x1022.jpg 1536w, https:\/\/espacedev.net\/wp-content\/uploads\/2025\/01\/ADM-6-150x100.jpg 150w, https:\/\/espacedev.net\/wp-content\/uploads\/2025\/01\/ADM-6-696x463.jpg 696w, https:\/\/espacedev.net\/wp-content\/uploads\/2025\/01\/ADM-6-1068x710.jpg 1068w, https:\/\/espacedev.net\/wp-content\/uploads\/2025\/01\/ADM-6-1920x1277.jpg 1920w, https:\/\/espacedev.net\/wp-content\/uploads\/2025\/01\/ADM-6.jpg 2048w\" alt=\"\" width=\"1024\" height=\"681\" \/><\/figure>\n<figure class=\"wp-block-image size-large\"><img loading=\"lazy\" decoding=\"async\" class=\"wp-image-3086 td-animation-stack-type0-2\" src=\"https:\/\/espacedev.net\/wp-content\/uploads\/2025\/01\/ADM-7-1024x681.jpg\" sizes=\"(max-width: 1024px) 100vw, 1024px\" srcset=\"https:\/\/espacedev.net\/wp-content\/uploads\/2025\/01\/ADM-7-1024x681.jpg 1024w, https:\/\/espacedev.net\/wp-content\/uploads\/2025\/01\/ADM-7-300x200.jpg 300w, https:\/\/espacedev.net\/wp-content\/uploads\/2025\/01\/ADM-7-768x511.jpg 768w, https:\/\/espacedev.net\/wp-content\/uploads\/2025\/01\/ADM-7-1536x1022.jpg 1536w, https:\/\/espacedev.net\/wp-content\/uploads\/2025\/01\/ADM-7-150x100.jpg 150w, https:\/\/espacedev.net\/wp-content\/uploads\/2025\/01\/ADM-7-696x463.jpg 696w, https:\/\/espacedev.net\/wp-content\/uploads\/2025\/01\/ADM-7-1068x710.jpg 1068w, https:\/\/espacedev.net\/wp-content\/uploads\/2025\/01\/ADM-7-1920x1277.jpg 1920w, https:\/\/espacedev.net\/wp-content\/uploads\/2025\/01\/ADM-7.jpg 2048w\" alt=\"\" width=\"1024\" height=\"681\" \/><\/figure>\n<p><strong>Espacedev<\/strong><\/p>\n","protected":false},"excerpt":{"rendered":"<p>Le Directeur g\u00e9n\u00e9ral de l\u2019Agence de D\u00e9veloppement Municipal\u00a0a effectu\u00e9 une visite de travail de trois jours \u00e0 Saint-Louis. L\u2019objectif, \u00e0 en croire un post de&#8230;<\/p>\n","protected":false},"author":1,"featured_media":7587,"comment_status":"closed","ping_status":"open","sticky":false,"template":"","format":"standard","meta":{"_jetpack_memberships_contains_paid_content":false,"footnotes":""},"categories":[8,10],"tags":[],"class_list":["post-7586","post","type-post","status-publish","format-standard","has-post-thumbnail","hentry","category-actualite-economique","category-infos-eco","wpcat-8-id","wpcat-10-id"],"yoast_head":"<!-- This site is optimized with the Yoast SEO plugin v27.1.1 - https:\/\/yoast.com\/product\/yoast-seo-wordpress\/ -->\n<title>Saint-Louis : La r\u00e9silience urbaine et territoriale au menu des \u00e9changes entre le Dg de l\u2019ADM et les acteurs locaux - challenges economiques<\/title>\n<meta name=\"robots\" content=\"index, follow, max-snippet:-1, max-image-preview:large, max-video-preview:-1\" \/>\n<link rel=\"canonical\" href=\"https:\/\/challengeseconomiques.com\/?p=7586\" \/>\n<meta property=\"og:locale\" content=\"fr_FR\" \/>\n<meta property=\"og:type\" content=\"article\" \/>\n<meta property=\"og:title\" content=\"Saint-Louis : La r\u00e9silience urbaine et territoriale au menu des \u00e9changes entre le Dg de l\u2019ADM et les acteurs locaux - challenges economiques\" \/>\n<meta property=\"og:description\" content=\"Le Directeur g\u00e9n\u00e9ral de l\u2019Agence de D\u00e9veloppement Municipal\u00a0a effectu\u00e9 une visite de travail de trois jours \u00e0 Saint-Louis. L\u2019objectif, \u00e0 en croire un post de...\" \/>\n<meta property=\"og:url\" content=\"https:\/\/challengeseconomiques.com\/?p=7586\" \/>\n<meta property=\"og:site_name\" content=\"challenges economiques\" \/>\n<meta property=\"article:published_time\" content=\"2025-01-08T16:39:17+00:00\" \/>\n<meta property=\"article:modified_time\" content=\"2025-01-08T16:40:01+00:00\" \/>\n<meta property=\"og:image\" content=\"https:\/\/challengeseconomiques.com\/wp-content\/uploads\/2025\/01\/ADM.jpg\" \/>\n\t<meta property=\"og:image:width\" content=\"2048\" \/>\n\t<meta property=\"og:image:height\" content=\"1362\" \/>\n\t<meta property=\"og:image:type\" content=\"image\/jpeg\" \/>\n<meta name=\"author\" content=\"admin\" \/>\n<meta name=\"twitter:card\" content=\"summary_large_image\" \/>\n<meta name=\"twitter:label1\" content=\"\u00c9crit par\" \/>\n\t<meta name=\"twitter:data1\" content=\"admin\" \/>\n\t<meta name=\"twitter:label2\" content=\"Dur\u00e9e de lecture estim\u00e9e\" \/>\n\t<meta name=\"twitter:data2\" content=\"2 minutes\" \/>\n<script type=\"application\/ld+json\" class=\"yoast-schema-graph\">{\"@context\":\"https:\/\/schema.org\",\"@graph\":[{\"@type\":\"Article\",\"@id\":\"https:\/\/challengeseconomiques.com\/?p=7586#article\",\"isPartOf\":{\"@id\":\"https:\/\/challengeseconomiques.com\/?p=7586\"},\"author\":{\"name\":\"admin\",\"@id\":\"https:\/\/challengeseconomiques.com\/#\/schema\/person\/b4568c9afebc5a9238a771873801e349\"},\"headline\":\"Saint-Louis : La r\u00e9silience urbaine et territoriale au menu des \u00e9changes entre le Dg de l\u2019ADM et les acteurs locaux\",\"datePublished\":\"2025-01-08T16:39:17+00:00\",\"dateModified\":\"2025-01-08T16:40:01+00:00\",\"mainEntityOfPage\":{\"@id\":\"https:\/\/challengeseconomiques.com\/?p=7586\"},\"wordCount\":406,\"image\":{\"@id\":\"https:\/\/challengeseconomiques.com\/?p=7586#primaryimage\"},\"thumbnailUrl\":\"https:\/\/challengeseconomiques.com\/wp-content\/uploads\/2025\/01\/ADM.jpg\",\"articleSection\":[\"Actualit\u00e9 \u00e9conomique\",\"Infos \u00e9co\"],\"inLanguage\":\"fr-FR\"},{\"@type\":\"WebPage\",\"@id\":\"https:\/\/challengeseconomiques.com\/?p=7586\",\"url\":\"https:\/\/challengeseconomiques.com\/?p=7586\",\"name\":\"Saint-Louis : La r\u00e9silience urbaine et territoriale au menu des \u00e9changes entre le Dg de l\u2019ADM et les acteurs locaux - challenges economiques\",\"isPartOf\":{\"@id\":\"https:\/\/challengeseconomiques.com\/#website\"},\"primaryImageOfPage\":{\"@id\":\"https:\/\/challengeseconomiques.com\/?p=7586#primaryimage\"},\"image\":{\"@id\":\"https:\/\/challengeseconomiques.com\/?p=7586#primaryimage\"},\"thumbnailUrl\":\"https:\/\/challengeseconomiques.com\/wp-content\/uploads\/2025\/01\/ADM.jpg\",\"datePublished\":\"2025-01-08T16:39:17+00:00\",\"dateModified\":\"2025-01-08T16:40:01+00:00\",\"author\":{\"@id\":\"https:\/\/challengeseconomiques.com\/#\/schema\/person\/b4568c9afebc5a9238a771873801e349\"},\"breadcrumb\":{\"@id\":\"https:\/\/challengeseconomiques.com\/?p=7586#breadcrumb\"},\"inLanguage\":\"fr-FR\",\"potentialAction\":[{\"@type\":\"ReadAction\",\"target\":[\"https:\/\/challengeseconomiques.com\/?p=7586\"]}]},{\"@type\":\"ImageObject\",\"inLanguage\":\"fr-FR\",\"@id\":\"https:\/\/challengeseconomiques.com\/?p=7586#primaryimage\",\"url\":\"https:\/\/challengeseconomiques.com\/wp-content\/uploads\/2025\/01\/ADM.jpg\",\"contentUrl\":\"https:\/\/challengeseconomiques.com\/wp-content\/uploads\/2025\/01\/ADM.jpg\",\"width\":2048,\"height\":1362},{\"@type\":\"BreadcrumbList\",\"@id\":\"https:\/\/challengeseconomiques.com\/?p=7586#breadcrumb\",\"itemListElement\":[{\"@type\":\"ListItem\",\"position\":1,\"name\":\"Home\",\"item\":\"https:\/\/challengeseconomiques.com\/\"},{\"@type\":\"ListItem\",\"position\":2,\"name\":\"Saint-Louis : La r\u00e9silience urbaine et territoriale au menu des \u00e9changes entre le Dg de l\u2019ADM et les acteurs locaux\"}]},{\"@type\":\"WebSite\",\"@id\":\"https:\/\/challengeseconomiques.com\/#website\",\"url\":\"https:\/\/challengeseconomiques.com\/\",\"name\":\"challenges economiques\",\"description\":\"\",\"potentialAction\":[{\"@type\":\"SearchAction\",\"target\":{\"@type\":\"EntryPoint\",\"urlTemplate\":\"https:\/\/challengeseconomiques.com\/?s={search_term_string}\"},\"query-input\":{\"@type\":\"PropertyValueSpecification\",\"valueRequired\":true,\"valueName\":\"search_term_string\"}}],\"inLanguage\":\"fr-FR\"},{\"@type\":\"Person\",\"@id\":\"https:\/\/challengeseconomiques.com\/#\/schema\/person\/b4568c9afebc5a9238a771873801e349\",\"name\":\"admin\",\"image\":{\"@type\":\"ImageObject\",\"inLanguage\":\"fr-FR\",\"@id\":\"https:\/\/challengeseconomiques.com\/#\/schema\/person\/image\/\",\"url\":\"https:\/\/secure.gravatar.com\/avatar\/099e42240b5eea11acdb72751fcce0dd918603f0749d24974b7984ea47ed9fd9?s=96&d=mm&r=g\",\"contentUrl\":\"https:\/\/secure.gravatar.com\/avatar\/099e42240b5eea11acdb72751fcce0dd918603f0749d24974b7984ea47ed9fd9?s=96&d=mm&r=g\",\"caption\":\"admin\"},\"sameAs\":[\"https:\/\/challengeseconomiques.com\"],\"url\":\"https:\/\/challengeseconomiques.com\/?author=1\"}]}<\/script>\n<!-- \/ Yoast SEO plugin. -->","yoast_head_json":{"title":"Saint-Louis : La r\u00e9silience urbaine et territoriale au menu des \u00e9changes entre le Dg de l\u2019ADM et les acteurs locaux - challenges economiques","robots":{"index":"index","follow":"follow","max-snippet":"max-snippet:-1","max-image-preview":"max-image-preview:large","max-video-preview":"max-video-preview:-1"},"canonical":"https:\/\/challengeseconomiques.com\/?p=7586","og_locale":"fr_FR","og_type":"article","og_title":"Saint-Louis : La r\u00e9silience urbaine et territoriale au menu des \u00e9changes entre le Dg de l\u2019ADM et les acteurs locaux - challenges economiques","og_description":"Le Directeur g\u00e9n\u00e9ral de l\u2019Agence de D\u00e9veloppement Municipal\u00a0a effectu\u00e9 une visite de travail de trois jours \u00e0 Saint-Louis. L\u2019objectif, \u00e0 en croire un post de...","og_url":"https:\/\/challengeseconomiques.com\/?p=7586","og_site_name":"challenges economiques","article_published_time":"2025-01-08T16:39:17+00:00","article_modified_time":"2025-01-08T16:40:01+00:00","og_image":[{"width":2048,"height":1362,"url":"https:\/\/challengeseconomiques.com\/wp-content\/uploads\/2025\/01\/ADM.jpg","type":"image\/jpeg"}],"author":"admin","twitter_card":"summary_large_image","twitter_misc":{"\u00c9crit par":"admin","Dur\u00e9e de lecture estim\u00e9e":"2 minutes"},"schema":{"@context":"https:\/\/schema.org","@graph":[{"@type":"Article","@id":"https:\/\/challengeseconomiques.com\/?p=7586#article","isPartOf":{"@id":"https:\/\/challengeseconomiques.com\/?p=7586"},"author":{"name":"admin","@id":"https:\/\/challengeseconomiques.com\/#\/schema\/person\/b4568c9afebc5a9238a771873801e349"},"headline":"Saint-Louis : La r\u00e9silience urbaine et territoriale au menu des \u00e9changes entre le Dg de l\u2019ADM et les acteurs locaux","datePublished":"2025-01-08T16:39:17+00:00","dateModified":"2025-01-08T16:40:01+00:00","mainEntityOfPage":{"@id":"https:\/\/challengeseconomiques.com\/?p=7586"},"wordCount":406,"image":{"@id":"https:\/\/challengeseconomiques.com\/?p=7586#primaryimage"},"thumbnailUrl":"https:\/\/challengeseconomiques.com\/wp-content\/uploads\/2025\/01\/ADM.jpg","articleSection":["Actualit\u00e9 \u00e9conomique","Infos \u00e9co"],"inLanguage":"fr-FR"},{"@type":"WebPage","@id":"https:\/\/challengeseconomiques.com\/?p=7586","url":"https:\/\/challengeseconomiques.com\/?p=7586","name":"Saint-Louis : La r\u00e9silience urbaine et territoriale au menu des \u00e9changes entre le Dg de l\u2019ADM et les acteurs locaux - challenges economiques","isPartOf":{"@id":"https:\/\/challengeseconomiques.com\/#website"},"primaryImageOfPage":{"@id":"https:\/\/challengeseconomiques.com\/?p=7586#primaryimage"},"image":{"@id":"https:\/\/challengeseconomiques.com\/?p=7586#primaryimage"},"thumbnailUrl":"https:\/\/challengeseconomiques.com\/wp-content\/uploads\/2025\/01\/ADM.jpg","datePublished":"2025-01-08T16:39:17+00:00","dateModified":"2025-01-08T16:40:01+00:00","author":{"@id":"https:\/\/challengeseconomiques.com\/#\/schema\/person\/b4568c9afebc5a9238a771873801e349"},"breadcrumb":{"@id":"https:\/\/challengeseconomiques.com\/?p=7586#breadcrumb"},"inLanguage":"fr-FR","potentialAction":[{"@type":"ReadAction","target":["https:\/\/challengeseconomiques.com\/?p=7586"]}]},{"@type":"ImageObject","inLanguage":"fr-FR","@id":"https:\/\/challengeseconomiques.com\/?p=7586#primaryimage","url":"https:\/\/challengeseconomiques.com\/wp-content\/uploads\/2025\/01\/ADM.jpg","contentUrl":"https:\/\/challengeseconomiques.com\/wp-content\/uploads\/2025\/01\/ADM.jpg","width":2048,"height":1362},{"@type":"BreadcrumbList","@id":"https:\/\/challengeseconomiques.com\/?p=7586#breadcrumb","itemListElement":[{"@type":"ListItem","position":1,"name":"Home","item":"https:\/\/challengeseconomiques.com\/"},{"@type":"ListItem","position":2,"name":"Saint-Louis : La r\u00e9silience urbaine et territoriale au menu des \u00e9changes entre le Dg de l\u2019ADM et les acteurs locaux"}]},{"@type":"WebSite","@id":"https:\/\/challengeseconomiques.com\/#website","url":"https:\/\/challengeseconomiques.com\/","name":"challenges economiques","description":"","potentialAction":[{"@type":"SearchAction","target":{"@type":"EntryPoint","urlTemplate":"https:\/\/challengeseconomiques.com\/?s={search_term_string}"},"query-input":{"@type":"PropertyValueSpecification","valueRequired":true,"valueName":"search_term_string"}}],"inLanguage":"fr-FR"},{"@type":"Person","@id":"https:\/\/challengeseconomiques.com\/#\/schema\/person\/b4568c9afebc5a9238a771873801e349","name":"admin","image":{"@type":"ImageObject","inLanguage":"fr-FR","@id":"https:\/\/challengeseconomiques.com\/#\/schema\/person\/image\/","url":"https:\/\/secure.gravatar.com\/avatar\/099e42240b5eea11acdb72751fcce0dd918603f0749d24974b7984ea47ed9fd9?s=96&d=mm&r=g","contentUrl":"https:\/\/secure.gravatar.com\/avatar\/099e42240b5eea11acdb72751fcce0dd918603f0749d24974b7984ea47ed9fd9?s=96&d=mm&r=g","caption":"admin"},"sameAs":["https:\/\/challengeseconomiques.com"],"url":"https:\/\/challengeseconomiques.com\/?author=1"}]}},"jetpack_featured_media_url":"https:\/\/challengeseconomiques.com\/wp-content\/uploads\/2025\/01\/ADM.jpg","jetpack_sharing_enabled":true,"_links":{"self":[{"href":"https:\/\/challengeseconomiques.com\/index.php?rest_route=\/wp\/v2\/posts\/7586","targetHints":{"allow":["GET"]}}],"collection":[{"href":"https:\/\/challengeseconomiques.com\/index.php?rest_route=\/wp\/v2\/posts"}],"about":[{"href":"https:\/\/challengeseconomiques.com\/index.php?rest_route=\/wp\/v2\/types\/post"}],"author":[{"embeddable":true,"href":"https:\/\/challengeseconomiques.com\/index.php?rest_route=\/wp\/v2\/users\/1"}],"replies":[{"embeddable":true,"href":"https:\/\/challengeseconomiques.com\/index.php?rest_route=%2Fwp%2Fv2%2Fcomments&post=7586"}],"version-history":[{"count":1,"href":"https:\/\/challengeseconomiques.com\/index.php?rest_route=\/wp\/v2\/posts\/7586\/revisions"}],"predecessor-version":[{"id":7588,"href":"https:\/\/challengeseconomiques.com\/index.php?rest_route=\/wp\/v2\/posts\/7586\/revisions\/7588"}],"wp:featuredmedia":[{"embeddable":true,"href":"https:\/\/challengeseconomiques.com\/index.php?rest_route=\/wp\/v2\/media\/7587"}],"wp:attachment":[{"href":"https:\/\/challengeseconomiques.com\/index.php?rest_route=%2Fwp%2Fv2%2Fmedia&parent=7586"}],"wp:term":[{"taxonomy":"category","embeddable":true,"href":"https:\/\/challengeseconomiques.com\/index.php?rest_route=%2Fwp%2Fv2%2Fcategories&post=7586"},{"taxonomy":"post_tag","embeddable":true,"href":"https:\/\/challengeseconomiques.com\/index.php?rest_route=%2Fwp%2Fv2%2Ftags&post=7586"}],"curies":[{"name":"wp","href":"https:\/\/api.w.org\/{rel}","templated":true}]}}