{"id":7577,"date":"2025-01-07T12:44:14","date_gmt":"2025-01-07T12:44:14","guid":{"rendered":"https:\/\/challengeseconomiques.com\/?p=7577"},"modified":"2025-01-07T12:44:47","modified_gmt":"2025-01-07T12:44:47","slug":"mama-sougoufara-nouveau-dg-des-ics","status":"publish","type":"post","link":"https:\/\/challengeseconomiques.com\/?p=7577","title":{"rendered":"Mama Sougoufara, nouveau DG des ICS"},"content":{"rendered":"<p>Le conseil d\u2019administration des Industries chimiques du S\u00e9n\u00e9gal (ICS) a nomm\u00e9 le 30 d\u00e9cembre dernier Mama Sougoufara au poste de directeur g\u00e9n\u00e9ral de ladite soci\u00e9t\u00e9 extractive, en remplacement d\u2019Alassane Diallo, a appris l\u2019APS de l\u2019entreprise.<\/p>\n<p>Le nouveau directeur g\u00e9n\u00e9ral des ICS a pris service depuis le 1-er janvier 2025, pr\u00e9cise la m\u00eame source.<\/p>\n<p>Mama Sougoufara a remplac\u00e9 son compatriote, Alassane Diallo, qui a occup\u00e9 le poste de Directeur g\u00e9n\u00e9ral des ICS de 2005 \u00e0 2024.<\/p>\n<p>Cette nomination du conseil d\u2019administration a \u00e9t\u00e9 approuv\u00e9e par l\u2019\u00c9tat du S\u00e9n\u00e9gal, qui d\u00e9tient 15% du capital de l\u2019entreprise, o\u00f9 le groupe Indorama est majoritaire, depuis sa reprise en main en 2014.<\/p>\n<p>M. Sougoufara, qui \u00e9tait pr\u00e9c\u00e9demment directeur g\u00e9n\u00e9ral adjoint des ICS, est cr\u00e9dit\u00e9 d\u2019une \u00ab\u00a0vaste exp\u00e9rience et (d\u2019une) connaissance approfondie\u00a0\u00bb du secteur, o\u00f9 il a accumul\u00e9 plusieurs ann\u00e9es d\u2019exp\u00e9rience.<\/p>\n<p>Ing\u00e9nieur en g\u00e9nie des proc\u00e9d\u00e9s industriels de l\u2019INSA de Toulouse, Mama Sougoufara est, par ailleurs, titulaire d\u2019un Master en gestion urbaine et Infrastructures de l\u2019Ecole sup\u00e9rieure des sciences \u00e9conomiques et commerciales (Essec Business School, Paris) et d\u2019un Master en am\u00e9nagement urbain.<\/p>\n<p>Il a commenc\u00e9 sa carri\u00e8re au sein du Groupe Veolia, dans le secteur de l\u2019eau, de l\u2019assainissement et de la gestion des d\u00e9chets.<\/p>\n<p>De 2000 \u00e0 2008, il a \u00e9t\u00e9 consultant et directeur-associ\u00e9 au sein des cabinets Arthur Andersen et BearingPoint, \u00e0 Paris pour les secteurs Industries et Technologies.<\/p>\n<p>Avant de rentrer au S\u00e9n\u00e9gal en juin 2024, Mama Sougoufara a travaill\u00e9 pendant 16 ans, au groupe Alstom, qu\u2019il a rejoint en 2008.<\/p>\n<p>Sougoufara a occup\u00e9 divers postes de direction \u00e0 Alstom. Il est pass\u00e9 par les d\u00e9partements d\u2019ing\u00e9nierie et du mat\u00e9riel roulant, et a servi sur plusieurs sites mondiaux, tels que La Rochelle et Reichshoffen en France, Savigliano en Italie, Lapa au Br\u00e9sil et TrTrans JV en Russie.<\/p>\n<p>Entre 2018 et 2020, Mama Sougoufara a \u00e9t\u00e9 vice-pr\u00e9sident, en charge des Turnkey et des infrastructures pour Alstom Afrique, Moyen-Orient et Asie centrale (AMECA).<\/p>\n<p>M. Sougoufara a \u00e9galement occup\u00e9 la fonction de directeur g\u00e9n\u00e9ral d\u2019Alstom pour la r\u00e9gion MENAT (Moyen-Orient, Afrique du Nord, Afrique Centrale et la Turquie).<\/p>\n<p>Il a jou\u00e9 un r\u00f4le important dans l\u2019ex\u00e9cution et la livraison de nombreux projets de transport au Moyen-Orient, tels que le tramway de Doha, le m\u00e9tro de Duba\u00ef Expolink et le m\u00e9tro de Riyad, rapporte la m\u00eame source.<\/p>\n<p><strong>APS<\/strong><\/p>\n","protected":false},"excerpt":{"rendered":"<p>Le conseil d\u2019administration des Industries chimiques du S\u00e9n\u00e9gal (ICS) a nomm\u00e9 le 30 d\u00e9cembre dernier Mama Sougoufara au poste de directeur g\u00e9n\u00e9ral de ladite soci\u00e9t\u00e9&#8230;<\/p>\n","protected":false},"author":1,"featured_media":7578,"comment_status":"closed","ping_status":"open","sticky":false,"template":"","format":"standard","meta":{"_jetpack_memberships_contains_paid_content":false,"footnotes":""},"categories":[8],"tags":[],"class_list":["post-7577","post","type-post","status-publish","format-standard","has-post-thumbnail","hentry","category-actualite-economique","wpcat-8-id"],"yoast_head":"<!-- This site is optimized with the Yoast SEO plugin v27.1.1 - https:\/\/yoast.com\/product\/yoast-seo-wordpress\/ -->\n<title>Mama Sougoufara, nouveau DG des ICS - challenges economiques<\/title>\n<meta name=\"robots\" content=\"index, follow, max-snippet:-1, max-image-preview:large, max-video-preview:-1\" \/>\n<link rel=\"canonical\" href=\"https:\/\/challengeseconomiques.com\/?p=7577\" \/>\n<meta property=\"og:locale\" content=\"fr_FR\" \/>\n<meta property=\"og:type\" content=\"article\" \/>\n<meta property=\"og:title\" content=\"Mama Sougoufara, nouveau DG des ICS - challenges economiques\" \/>\n<meta property=\"og:description\" content=\"Le conseil d\u2019administration des Industries chimiques du S\u00e9n\u00e9gal (ICS) a nomm\u00e9 le 30 d\u00e9cembre dernier Mama Sougoufara au poste de directeur g\u00e9n\u00e9ral de ladite soci\u00e9t\u00e9...\" \/>\n<meta property=\"og:url\" content=\"https:\/\/challengeseconomiques.com\/?p=7577\" \/>\n<meta property=\"og:site_name\" content=\"challenges economiques\" \/>\n<meta property=\"article:published_time\" content=\"2025-01-07T12:44:14+00:00\" \/>\n<meta property=\"article:modified_time\" content=\"2025-01-07T12:44:47+00:00\" \/>\n<meta property=\"og:image\" content=\"https:\/\/challengeseconomiques.com\/wp-content\/uploads\/2025\/01\/Mamadou-Sangoufara-900x506.jpg.webp\" \/>\n\t<meta property=\"og:image:width\" content=\"900\" \/>\n\t<meta property=\"og:image:height\" content=\"506\" \/>\n\t<meta property=\"og:image:type\" content=\"image\/webp\" \/>\n<meta name=\"author\" content=\"admin\" \/>\n<meta name=\"twitter:card\" content=\"summary_large_image\" \/>\n<meta name=\"twitter:label1\" content=\"\u00c9crit par\" \/>\n\t<meta name=\"twitter:data1\" content=\"admin\" \/>\n\t<meta name=\"twitter:label2\" content=\"Dur\u00e9e de lecture estim\u00e9e\" \/>\n\t<meta name=\"twitter:data2\" content=\"2 minutes\" \/>\n<script type=\"application\/ld+json\" class=\"yoast-schema-graph\">{\"@context\":\"https:\/\/schema.org\",\"@graph\":[{\"@type\":\"Article\",\"@id\":\"https:\/\/challengeseconomiques.com\/?p=7577#article\",\"isPartOf\":{\"@id\":\"https:\/\/challengeseconomiques.com\/?p=7577\"},\"author\":{\"name\":\"admin\",\"@id\":\"https:\/\/challengeseconomiques.com\/#\/schema\/person\/b4568c9afebc5a9238a771873801e349\"},\"headline\":\"Mama Sougoufara, nouveau DG des ICS\",\"datePublished\":\"2025-01-07T12:44:14+00:00\",\"dateModified\":\"2025-01-07T12:44:47+00:00\",\"mainEntityOfPage\":{\"@id\":\"https:\/\/challengeseconomiques.com\/?p=7577\"},\"wordCount\":437,\"image\":{\"@id\":\"https:\/\/challengeseconomiques.com\/?p=7577#primaryimage\"},\"thumbnailUrl\":\"https:\/\/challengeseconomiques.com\/wp-content\/uploads\/2025\/01\/Mamadou-Sangoufara-900x506.jpg.webp\",\"articleSection\":[\"Actualit\u00e9 \u00e9conomique\"],\"inLanguage\":\"fr-FR\"},{\"@type\":\"WebPage\",\"@id\":\"https:\/\/challengeseconomiques.com\/?p=7577\",\"url\":\"https:\/\/challengeseconomiques.com\/?p=7577\",\"name\":\"Mama Sougoufara, nouveau DG des ICS - challenges economiques\",\"isPartOf\":{\"@id\":\"https:\/\/challengeseconomiques.com\/#website\"},\"primaryImageOfPage\":{\"@id\":\"https:\/\/challengeseconomiques.com\/?p=7577#primaryimage\"},\"image\":{\"@id\":\"https:\/\/challengeseconomiques.com\/?p=7577#primaryimage\"},\"thumbnailUrl\":\"https:\/\/challengeseconomiques.com\/wp-content\/uploads\/2025\/01\/Mamadou-Sangoufara-900x506.jpg.webp\",\"datePublished\":\"2025-01-07T12:44:14+00:00\",\"dateModified\":\"2025-01-07T12:44:47+00:00\",\"author\":{\"@id\":\"https:\/\/challengeseconomiques.com\/#\/schema\/person\/b4568c9afebc5a9238a771873801e349\"},\"breadcrumb\":{\"@id\":\"https:\/\/challengeseconomiques.com\/?p=7577#breadcrumb\"},\"inLanguage\":\"fr-FR\",\"potentialAction\":[{\"@type\":\"ReadAction\",\"target\":[\"https:\/\/challengeseconomiques.com\/?p=7577\"]}]},{\"@type\":\"ImageObject\",\"inLanguage\":\"fr-FR\",\"@id\":\"https:\/\/challengeseconomiques.com\/?p=7577#primaryimage\",\"url\":\"https:\/\/challengeseconomiques.com\/wp-content\/uploads\/2025\/01\/Mamadou-Sangoufara-900x506.jpg.webp\",\"contentUrl\":\"https:\/\/challengeseconomiques.com\/wp-content\/uploads\/2025\/01\/Mamadou-Sangoufara-900x506.jpg.webp\",\"width\":900,\"height\":506},{\"@type\":\"BreadcrumbList\",\"@id\":\"https:\/\/challengeseconomiques.com\/?p=7577#breadcrumb\",\"itemListElement\":[{\"@type\":\"ListItem\",\"position\":1,\"name\":\"Home\",\"item\":\"https:\/\/challengeseconomiques.com\/\"},{\"@type\":\"ListItem\",\"position\":2,\"name\":\"Mama Sougoufara, nouveau DG des ICS\"}]},{\"@type\":\"WebSite\",\"@id\":\"https:\/\/challengeseconomiques.com\/#website\",\"url\":\"https:\/\/challengeseconomiques.com\/\",\"name\":\"challenges economiques\",\"description\":\"\",\"potentialAction\":[{\"@type\":\"SearchAction\",\"target\":{\"@type\":\"EntryPoint\",\"urlTemplate\":\"https:\/\/challengeseconomiques.com\/?s={search_term_string}\"},\"query-input\":{\"@type\":\"PropertyValueSpecification\",\"valueRequired\":true,\"valueName\":\"search_term_string\"}}],\"inLanguage\":\"fr-FR\"},{\"@type\":\"Person\",\"@id\":\"https:\/\/challengeseconomiques.com\/#\/schema\/person\/b4568c9afebc5a9238a771873801e349\",\"name\":\"admin\",\"image\":{\"@type\":\"ImageObject\",\"inLanguage\":\"fr-FR\",\"@id\":\"https:\/\/challengeseconomiques.com\/#\/schema\/person\/image\/\",\"url\":\"https:\/\/secure.gravatar.com\/avatar\/099e42240b5eea11acdb72751fcce0dd918603f0749d24974b7984ea47ed9fd9?s=96&d=mm&r=g\",\"contentUrl\":\"https:\/\/secure.gravatar.com\/avatar\/099e42240b5eea11acdb72751fcce0dd918603f0749d24974b7984ea47ed9fd9?s=96&d=mm&r=g\",\"caption\":\"admin\"},\"sameAs\":[\"https:\/\/challengeseconomiques.com\"],\"url\":\"https:\/\/challengeseconomiques.com\/?author=1\"}]}<\/script>\n<!-- \/ Yoast SEO plugin. -->","yoast_head_json":{"title":"Mama Sougoufara, nouveau DG des ICS - challenges economiques","robots":{"index":"index","follow":"follow","max-snippet":"max-snippet:-1","max-image-preview":"max-image-preview:large","max-video-preview":"max-video-preview:-1"},"canonical":"https:\/\/challengeseconomiques.com\/?p=7577","og_locale":"fr_FR","og_type":"article","og_title":"Mama Sougoufara, nouveau DG des ICS - challenges economiques","og_description":"Le conseil d\u2019administration des Industries chimiques du S\u00e9n\u00e9gal (ICS) a nomm\u00e9 le 30 d\u00e9cembre dernier Mama Sougoufara au poste de directeur g\u00e9n\u00e9ral de ladite soci\u00e9t\u00e9...","og_url":"https:\/\/challengeseconomiques.com\/?p=7577","og_site_name":"challenges economiques","article_published_time":"2025-01-07T12:44:14+00:00","article_modified_time":"2025-01-07T12:44:47+00:00","og_image":[{"width":900,"height":506,"url":"https:\/\/challengeseconomiques.com\/wp-content\/uploads\/2025\/01\/Mamadou-Sangoufara-900x506.jpg.webp","type":"image\/webp"}],"author":"admin","twitter_card":"summary_large_image","twitter_misc":{"\u00c9crit par":"admin","Dur\u00e9e de lecture estim\u00e9e":"2 minutes"},"schema":{"@context":"https:\/\/schema.org","@graph":[{"@type":"Article","@id":"https:\/\/challengeseconomiques.com\/?p=7577#article","isPartOf":{"@id":"https:\/\/challengeseconomiques.com\/?p=7577"},"author":{"name":"admin","@id":"https:\/\/challengeseconomiques.com\/#\/schema\/person\/b4568c9afebc5a9238a771873801e349"},"headline":"Mama Sougoufara, nouveau DG des ICS","datePublished":"2025-01-07T12:44:14+00:00","dateModified":"2025-01-07T12:44:47+00:00","mainEntityOfPage":{"@id":"https:\/\/challengeseconomiques.com\/?p=7577"},"wordCount":437,"image":{"@id":"https:\/\/challengeseconomiques.com\/?p=7577#primaryimage"},"thumbnailUrl":"https:\/\/challengeseconomiques.com\/wp-content\/uploads\/2025\/01\/Mamadou-Sangoufara-900x506.jpg.webp","articleSection":["Actualit\u00e9 \u00e9conomique"],"inLanguage":"fr-FR"},{"@type":"WebPage","@id":"https:\/\/challengeseconomiques.com\/?p=7577","url":"https:\/\/challengeseconomiques.com\/?p=7577","name":"Mama Sougoufara, nouveau DG des ICS - challenges economiques","isPartOf":{"@id":"https:\/\/challengeseconomiques.com\/#website"},"primaryImageOfPage":{"@id":"https:\/\/challengeseconomiques.com\/?p=7577#primaryimage"},"image":{"@id":"https:\/\/challengeseconomiques.com\/?p=7577#primaryimage"},"thumbnailUrl":"https:\/\/challengeseconomiques.com\/wp-content\/uploads\/2025\/01\/Mamadou-Sangoufara-900x506.jpg.webp","datePublished":"2025-01-07T12:44:14+00:00","dateModified":"2025-01-07T12:44:47+00:00","author":{"@id":"https:\/\/challengeseconomiques.com\/#\/schema\/person\/b4568c9afebc5a9238a771873801e349"},"breadcrumb":{"@id":"https:\/\/challengeseconomiques.com\/?p=7577#breadcrumb"},"inLanguage":"fr-FR","potentialAction":[{"@type":"ReadAction","target":["https:\/\/challengeseconomiques.com\/?p=7577"]}]},{"@type":"ImageObject","inLanguage":"fr-FR","@id":"https:\/\/challengeseconomiques.com\/?p=7577#primaryimage","url":"https:\/\/challengeseconomiques.com\/wp-content\/uploads\/2025\/01\/Mamadou-Sangoufara-900x506.jpg.webp","contentUrl":"https:\/\/challengeseconomiques.com\/wp-content\/uploads\/2025\/01\/Mamadou-Sangoufara-900x506.jpg.webp","width":900,"height":506},{"@type":"BreadcrumbList","@id":"https:\/\/challengeseconomiques.com\/?p=7577#breadcrumb","itemListElement":[{"@type":"ListItem","position":1,"name":"Home","item":"https:\/\/challengeseconomiques.com\/"},{"@type":"ListItem","position":2,"name":"Mama Sougoufara, nouveau DG des ICS"}]},{"@type":"WebSite","@id":"https:\/\/challengeseconomiques.com\/#website","url":"https:\/\/challengeseconomiques.com\/","name":"challenges economiques","description":"","potentialAction":[{"@type":"SearchAction","target":{"@type":"EntryPoint","urlTemplate":"https:\/\/challengeseconomiques.com\/?s={search_term_string}"},"query-input":{"@type":"PropertyValueSpecification","valueRequired":true,"valueName":"search_term_string"}}],"inLanguage":"fr-FR"},{"@type":"Person","@id":"https:\/\/challengeseconomiques.com\/#\/schema\/person\/b4568c9afebc5a9238a771873801e349","name":"admin","image":{"@type":"ImageObject","inLanguage":"fr-FR","@id":"https:\/\/challengeseconomiques.com\/#\/schema\/person\/image\/","url":"https:\/\/secure.gravatar.com\/avatar\/099e42240b5eea11acdb72751fcce0dd918603f0749d24974b7984ea47ed9fd9?s=96&d=mm&r=g","contentUrl":"https:\/\/secure.gravatar.com\/avatar\/099e42240b5eea11acdb72751fcce0dd918603f0749d24974b7984ea47ed9fd9?s=96&d=mm&r=g","caption":"admin"},"sameAs":["https:\/\/challengeseconomiques.com"],"url":"https:\/\/challengeseconomiques.com\/?author=1"}]}},"jetpack_featured_media_url":"https:\/\/challengeseconomiques.com\/wp-content\/uploads\/2025\/01\/Mamadou-Sangoufara-900x506.jpg.webp","jetpack_sharing_enabled":true,"_links":{"self":[{"href":"https:\/\/challengeseconomiques.com\/index.php?rest_route=\/wp\/v2\/posts\/7577","targetHints":{"allow":["GET"]}}],"collection":[{"href":"https:\/\/challengeseconomiques.com\/index.php?rest_route=\/wp\/v2\/posts"}],"about":[{"href":"https:\/\/challengeseconomiques.com\/index.php?rest_route=\/wp\/v2\/types\/post"}],"author":[{"embeddable":true,"href":"https:\/\/challengeseconomiques.com\/index.php?rest_route=\/wp\/v2\/users\/1"}],"replies":[{"embeddable":true,"href":"https:\/\/challengeseconomiques.com\/index.php?rest_route=%2Fwp%2Fv2%2Fcomments&post=7577"}],"version-history":[{"count":1,"href":"https:\/\/challengeseconomiques.com\/index.php?rest_route=\/wp\/v2\/posts\/7577\/revisions"}],"predecessor-version":[{"id":7579,"href":"https:\/\/challengeseconomiques.com\/index.php?rest_route=\/wp\/v2\/posts\/7577\/revisions\/7579"}],"wp:featuredmedia":[{"embeddable":true,"href":"https:\/\/challengeseconomiques.com\/index.php?rest_route=\/wp\/v2\/media\/7578"}],"wp:attachment":[{"href":"https:\/\/challengeseconomiques.com\/index.php?rest_route=%2Fwp%2Fv2%2Fmedia&parent=7577"}],"wp:term":[{"taxonomy":"category","embeddable":true,"href":"https:\/\/challengeseconomiques.com\/index.php?rest_route=%2Fwp%2Fv2%2Fcategories&post=7577"},{"taxonomy":"post_tag","embeddable":true,"href":"https:\/\/challengeseconomiques.com\/index.php?rest_route=%2Fwp%2Fv2%2Ftags&post=7577"}],"curies":[{"name":"wp","href":"https:\/\/api.w.org\/{rel}","templated":true}]}}