{"id":7573,"date":"2025-01-02T20:39:10","date_gmt":"2025-01-02T20:39:10","guid":{"rendered":"https:\/\/challengeseconomiques.com\/?p=7573"},"modified":"2025-01-02T20:39:59","modified_gmt":"2025-01-02T20:39:59","slug":"societe-generale-en-cote-divoire-et-au-senegal-les-deux-dernieres-pepites-du-geant-francais-en-afrique-ci0000000030-sgbc","status":"publish","type":"post","link":"https:\/\/challengeseconomiques.com\/?p=7573","title":{"rendered":"Soci\u00e9t\u00e9 G\u00e9n\u00e9rale en C\u00f4te d\u2019Ivoire et au S\u00e9n\u00e9gal : Les deux derni\u00e8res p\u00e9pites du g\u00e9ant fran\u00e7ais en Afrique"},"content":{"rendered":"<p data-olk-copy-source=\"MessageBody\"><strong>Plus d&rsquo;un si\u00e8cle apr\u00e8s avoir accueilli une premi\u00e8re filiale, en 1911 en Tunisie, l&rsquo;Afrique a perdu sa valeur strat\u00e9gique pour Soci\u00e9t\u00e9 G\u00e9n\u00e9rale, ou du moins, n&rsquo;a pas su atteindre une dimension suffisante pour peser dans les d\u00e9cisions. Selon les chiffres publi\u00e9s par Les Echos, le produit net bancaire (PNB) de ces filiales africaines repr\u00e9sente une part modeste, 7%, des revenus totaux des groupes fran\u00e7ais.\u00a0<\/strong><\/p>\n<p>Le Groupe, en qu\u00eate d&rsquo;une rentabilit\u00e9 plus forte, a fait le choix de se r\u00e9orienter sur des march\u00e9s jug\u00e9s plus porteurs, et donc offrant de meilleures conditions, notamment en termes de taille et de conformit\u00e9, pour y consacrer ses ressources. Si la banque fran\u00e7aise a entam\u00e9 sa sortie par la cession de filiales plus modestes, au Congo ou encore au Tchad notamment, la vente r\u00e9cente son navire amirale dans la r\u00e9gion, Soci\u00e9t\u00e9 G\u00e9n\u00e9rale Maroc, sa filiale la plus importante et la plus rentable, ne laisse plus aucun doute sur son projet. En l&rsquo;occurrence, le sort des filiales en C\u00f4te d&rsquo;Ivoire et au S\u00e9n\u00e9gal, les deux plus importantes en Afrique subsaharienne (hormis le Cameroun) lanc\u00e9es en 1962, semblent bien scell\u00e9 d\u00e9sormais, bien au-del\u00e0 du doute raisonnable. Mais dans le fonds, que valent ces deux \u00e9tablissements\u00a0?<\/p>\n<p><strong>Soci\u00e9t\u00e9 G\u00e9n\u00e9rale C\u00f4te d&rsquo;Ivoire, la p\u00e9pite en Afrique noire<\/strong><\/p>\n<p>\u00a0\u00bb\u00a0On ne souhaite pas la grosseur \u00e0 l&rsquo;\u00e9l\u00e9phant, cela va de soi \u00ab\u00a0, \u00e9dicte un proverbe mandingue. Soci\u00e9t\u00e9 G\u00e9n\u00e9rale C\u00f4te d&rsquo;Ivoire est un g\u00e9ant au rein bien solide qui tr\u00f4ne depuis belle lurette sur le march\u00e9 bancaire de l&rsquo;UEMOA. En 2022, la banque revendiquait 3 354 milliards FCFA de total bilan, soit 5,1 milliards d&rsquo;euros, 2 685 milliards FCFA de d\u00e9p\u00f4ts &lsquo;4,09 milliards d&rsquo;euros) et 2 159 milliards FCFA de cr\u00e9dits (3,3 milliards d&rsquo;euros). A chaque fois, l&rsquo;\u00e9cart \u00e9tait d&rsquo;au moins 1 000 milliards FCFA compar\u00e9 \u00e0 son poursuivant direct. Fin 2023, le total bilan s&rsquo;\u00e9tait \u00e0 nouveau consolid\u00e9 pour culminer \u00e0 3 438 milliards FCFA (5,2 milliards d&rsquo;euros).<\/p>\n<p>Sur ces cinq derni\u00e8res ann\u00e9es, entre 2019 et 2023, le PNB (chiffre d&rsquo;affaires) a augment\u00e9 de plus 100 milliards FCFA, passant de 150,3 milliards FCFA \u00e0 253,2 milliards FCFA (386 millions d&rsquo;euros). Et le r\u00e9sultat net a presque doubl\u00e9 sur la p\u00e9riode \u00e0 97,2 milliards FCFA en fin d&rsquo;exercice dernier. Il est fort \u00e0 parier qu&rsquo;elle pourrait franchir la barre des 100 milliards FCFA de b\u00e9n\u00e9fices au terme de cet exercice.<\/p>\n<p>Chef d&rsquo;orchestre de ces \u00e9volutions, Aymeric Villebrun, qui a dirig\u00e9 la banque entre 2018 et 2023, aura marqu\u00e9 l&rsquo;\u00e9tablissement qu&rsquo;il aura transform\u00e9 en machine \u00e0 cr\u00e9er de la valeur. Un dynamisme qui s&rsquo;est ressentie sur la valeur SGCI \u00e0 la BRVM qui s&rsquo;est bonifi\u00e9 de plus de 150% depuis 2019\u00a0! Pour sa succession, le groupe a fait appel \u00e0 un de ses hauts cadres, Patrick Blas, d\u00e9p\u00each\u00e9 pour prendre le relais et renforcer le profil d&rsquo;une banque qui s&rsquo;arroge elle seule environ 20% de parts d&rsquo;un march\u00e9 anim\u00e9 par une trentaine d&rsquo;acteurs.<\/p>\n<p><strong>Soci\u00e9t\u00e9 G\u00e9n\u00e9rale S\u00e9n\u00e9gal arrache la premi\u00e8re place du march\u00e9 local<\/strong><\/p>\n<p>Soci\u00e9t\u00e9 G\u00e9n\u00e9rale S\u00e9n\u00e9gal est l&rsquo;autre grande filiale dont le groupe bancaire devrait se s\u00e9parer. Actif sur un march\u00e9 dont il dispute \u00e2prement le leadership avec la CBAO, filiale du marocain Attijariwafa bank, l&rsquo;\u00e9tablissement y est un acteur historique en activit\u00e9 depuis 1962. Elle s&rsquo;impose comme la deuxi\u00e8me filiale subsaharienne la plus rentable apr\u00e8s la C\u00f4te d&rsquo;Ivoire, avec un PNB de 82,6 milliards FCFA (126 millions d&rsquo;euros) pour un b\u00e9n\u00e9fice d\u00e9passant les 25 milliards FCFA (38,1 millions d&rsquo;euros) en 2023.<\/p>\n<p>Si \u00e0 Abidjan, le processus de d\u00e9sengagement porgressif du march\u00e9 africain co\u00efncide avec le d\u00e9part remarqu\u00e9 d&rsquo;Aymeric Villebrun, \u00e0 Dakar, le groupe a maintenu sa confiance \u00e0 Harold Coffi, l&rsquo;une de ses r\u00e9f\u00e9rences dans la r\u00e9gion, un temps pressenti pour prendre les manettes de la franchise ivoirienne, avant l&rsquo;arriv\u00e9e de Villebrun. Alors directeur g\u00e9n\u00e9ral adjoint de Soci\u00e9t\u00e9 G\u00e9n\u00e9rale C\u00f4te d&rsquo;Ivoire, ce banquier, ancien de JP Morgan, pass\u00e9 directeur de la tr\u00e9sorerie chez Ecobank, puis Directeur g\u00e9n\u00e9ral adjoint chez NSIA Banque, toujours en C\u00f4te d&rsquo;Ivoire, cumule aujourd&rsquo;hui une bonne dizaine d&rsquo;ann\u00e9e dans le top management de filiales du groupe fran\u00e7ais dans la r\u00e9gion. Une confiance qui peut bien s&rsquo;expliquer le succ\u00e8s de sa mission \u00e0 la t\u00eate de Soci\u00e9t\u00e9 G\u00e9n\u00e9rale Burkina Faso, une entit\u00e9 dont il a r\u00e9ussi \u00e0 consolider les performances dans un contexte difficile et qui revendiquait 11,8 milliards FCFA de r\u00e9sultat net fin 2022, son dernier exercice.<\/p>\n<p>Mais \u00e9galement, Harold Coffi devra r\u00e9ussir \u00e0 aider la filiale \u00e0 franchir un nouveau cap pour tenter de prendre d\u00e9finitivement l&rsquo;ascendant sur son rival, la CBAO, qui lui a ravi sa place de leader en 2022. Un pari en bonne voie. Fin 2023, la banque enregistrait un bond de plus de 60 % de son b\u00e9n\u00e9fice et revendique depuis le d\u00e9but de l&rsquo;ann\u00e9e le statut de premi\u00e8re banque du S\u00e9n\u00e9gal en termes de cr\u00e9dit.<\/p>\n<p>\u00a0\u00bb\u00a0Nous sommes fiers [de] \u2026 de r\u00e9pondre aux attentes en assurant une activit\u00e9 intense, diversifi\u00e9e et toujours plus proche des clients, tout en ayant une forte orientation vers les r\u00e9sultats\u00a0\u00ab\u00a0, confiait-il r\u00e9cemment au confr\u00e8re Forbes Afrique. \u00a0\u00bb\u00a0Nous finan\u00e7ons encore plus de projets pour nos clients. Des innovations impactantes sont en cours, comme le\u00a0<em>bank to any wallet,<\/em>\u00a0qui est une r\u00e9alit\u00e9 aujourd&rsquo;hui\u00a0\u00ab\u00a0, soulignait-il.<\/p>\n<p><strong>\u00a0<\/strong><strong>Partira ou partira pas\u00a0?<\/strong><\/p>\n<p>Au niveau du Groupe, c&rsquo;est bouche cousue. Aucune annonce officielle. Du c\u00f4t\u00e9 des filiales, en C\u00f4te d&rsquo;Ivoire en particulier, la consigne est bien d&rsquo;assurer que la banque est encore l\u00e0 et travaille \u00e0 son d\u00e9veloppement. Mais apr\u00e8s les annonces, parfois surprises, de cessions des filiales \u2013 au Congo par exemple, l&rsquo;Etat avait fait valoir son droit de pr\u00e9emption pour ensuite choisir un repreneur \u00e0 sa convenance -, rien n&rsquo;est \u00e0 \u00e9carter.<\/p>\n<p>Mais d\u00e9j\u00e0 les rumeurs pullulent, entre mobilisation d&rsquo;investisseurs locaux d\u00e9sireux de reprendre ces fleurons strat\u00e9giques, ou m\u00eame ing\u00e9rence des Etats int\u00e9ress\u00e9s ou \u00e0 d\u00e9faut d\u00e9sirant avoir un droit de regard sur les \u00e9ventuels acqu\u00e9reurs.<\/p>\n<p><strong>Sikafinance<\/strong><\/p>\n","protected":false},"excerpt":{"rendered":"<p>Plus d&rsquo;un si\u00e8cle apr\u00e8s avoir accueilli une premi\u00e8re filiale, en 1911 en Tunisie, l&rsquo;Afrique a perdu sa valeur strat\u00e9gique pour Soci\u00e9t\u00e9 G\u00e9n\u00e9rale, ou du moins,&#8230;<\/p>\n","protected":false},"author":1,"featured_media":5748,"comment_status":"closed","ping_status":"open","sticky":false,"template":"","format":"standard","meta":{"_jetpack_memberships_contains_paid_content":false,"footnotes":""},"categories":[15],"tags":[],"class_list":["post-7573","post","type-post","status-publish","format-standard","has-post-thumbnail","hentry","category-analyse","wpcat-15-id"],"yoast_head":"<!-- This site is optimized with the Yoast SEO plugin v27.1.1 - https:\/\/yoast.com\/product\/yoast-seo-wordpress\/ -->\n<title>Soci\u00e9t\u00e9 G\u00e9n\u00e9rale en C\u00f4te d\u2019Ivoire et au S\u00e9n\u00e9gal : Les deux derni\u00e8res p\u00e9pites du g\u00e9ant fran\u00e7ais en Afrique - challenges economiques<\/title>\n<meta name=\"robots\" content=\"index, follow, max-snippet:-1, max-image-preview:large, max-video-preview:-1\" \/>\n<link rel=\"canonical\" href=\"https:\/\/challengeseconomiques.com\/?p=7573\" \/>\n<meta property=\"og:locale\" content=\"fr_FR\" \/>\n<meta property=\"og:type\" content=\"article\" \/>\n<meta property=\"og:title\" content=\"Soci\u00e9t\u00e9 G\u00e9n\u00e9rale en C\u00f4te d\u2019Ivoire et au S\u00e9n\u00e9gal : Les deux derni\u00e8res p\u00e9pites du g\u00e9ant fran\u00e7ais en Afrique - challenges economiques\" \/>\n<meta property=\"og:description\" content=\"Plus d&rsquo;un si\u00e8cle apr\u00e8s avoir accueilli une premi\u00e8re filiale, en 1911 en Tunisie, l&rsquo;Afrique a perdu sa valeur strat\u00e9gique pour Soci\u00e9t\u00e9 G\u00e9n\u00e9rale, ou du moins,...\" \/>\n<meta property=\"og:url\" content=\"https:\/\/challengeseconomiques.com\/?p=7573\" \/>\n<meta property=\"og:site_name\" content=\"challenges economiques\" \/>\n<meta property=\"article:published_time\" content=\"2025-01-02T20:39:10+00:00\" \/>\n<meta property=\"article:modified_time\" content=\"2025-01-02T20:39:59+00:00\" \/>\n<meta property=\"og:image\" content=\"https:\/\/challengeseconomiques.com\/wp-content\/uploads\/2023\/12\/sg.jpg\" \/>\n\t<meta property=\"og:image:width\" content=\"1000\" \/>\n\t<meta property=\"og:image:height\" content=\"750\" \/>\n\t<meta property=\"og:image:type\" content=\"image\/jpeg\" \/>\n<meta name=\"author\" content=\"admin\" \/>\n<meta name=\"twitter:card\" content=\"summary_large_image\" \/>\n<meta name=\"twitter:label1\" content=\"\u00c9crit par\" \/>\n\t<meta name=\"twitter:data1\" content=\"admin\" \/>\n\t<meta name=\"twitter:label2\" content=\"Dur\u00e9e de lecture estim\u00e9e\" \/>\n\t<meta name=\"twitter:data2\" content=\"5 minutes\" \/>\n<script type=\"application\/ld+json\" class=\"yoast-schema-graph\">{\"@context\":\"https:\/\/schema.org\",\"@graph\":[{\"@type\":\"Article\",\"@id\":\"https:\/\/challengeseconomiques.com\/?p=7573#article\",\"isPartOf\":{\"@id\":\"https:\/\/challengeseconomiques.com\/?p=7573\"},\"author\":{\"name\":\"admin\",\"@id\":\"https:\/\/challengeseconomiques.com\/#\/schema\/person\/b4568c9afebc5a9238a771873801e349\"},\"headline\":\"Soci\u00e9t\u00e9 G\u00e9n\u00e9rale en C\u00f4te d\u2019Ivoire et au S\u00e9n\u00e9gal : Les deux derni\u00e8res p\u00e9pites du g\u00e9ant fran\u00e7ais en Afrique\",\"datePublished\":\"2025-01-02T20:39:10+00:00\",\"dateModified\":\"2025-01-02T20:39:59+00:00\",\"mainEntityOfPage\":{\"@id\":\"https:\/\/challengeseconomiques.com\/?p=7573\"},\"wordCount\":1104,\"image\":{\"@id\":\"https:\/\/challengeseconomiques.com\/?p=7573#primaryimage\"},\"thumbnailUrl\":\"https:\/\/challengeseconomiques.com\/wp-content\/uploads\/2023\/12\/sg.jpg\",\"articleSection\":[\"Analyse\"],\"inLanguage\":\"fr-FR\"},{\"@type\":\"WebPage\",\"@id\":\"https:\/\/challengeseconomiques.com\/?p=7573\",\"url\":\"https:\/\/challengeseconomiques.com\/?p=7573\",\"name\":\"Soci\u00e9t\u00e9 G\u00e9n\u00e9rale en C\u00f4te d\u2019Ivoire et au S\u00e9n\u00e9gal : Les deux derni\u00e8res p\u00e9pites du g\u00e9ant fran\u00e7ais en Afrique - challenges economiques\",\"isPartOf\":{\"@id\":\"https:\/\/challengeseconomiques.com\/#website\"},\"primaryImageOfPage\":{\"@id\":\"https:\/\/challengeseconomiques.com\/?p=7573#primaryimage\"},\"image\":{\"@id\":\"https:\/\/challengeseconomiques.com\/?p=7573#primaryimage\"},\"thumbnailUrl\":\"https:\/\/challengeseconomiques.com\/wp-content\/uploads\/2023\/12\/sg.jpg\",\"datePublished\":\"2025-01-02T20:39:10+00:00\",\"dateModified\":\"2025-01-02T20:39:59+00:00\",\"author\":{\"@id\":\"https:\/\/challengeseconomiques.com\/#\/schema\/person\/b4568c9afebc5a9238a771873801e349\"},\"breadcrumb\":{\"@id\":\"https:\/\/challengeseconomiques.com\/?p=7573#breadcrumb\"},\"inLanguage\":\"fr-FR\",\"potentialAction\":[{\"@type\":\"ReadAction\",\"target\":[\"https:\/\/challengeseconomiques.com\/?p=7573\"]}]},{\"@type\":\"ImageObject\",\"inLanguage\":\"fr-FR\",\"@id\":\"https:\/\/challengeseconomiques.com\/?p=7573#primaryimage\",\"url\":\"https:\/\/challengeseconomiques.com\/wp-content\/uploads\/2023\/12\/sg.jpg\",\"contentUrl\":\"https:\/\/challengeseconomiques.com\/wp-content\/uploads\/2023\/12\/sg.jpg\",\"width\":1000,\"height\":750},{\"@type\":\"BreadcrumbList\",\"@id\":\"https:\/\/challengeseconomiques.com\/?p=7573#breadcrumb\",\"itemListElement\":[{\"@type\":\"ListItem\",\"position\":1,\"name\":\"Home\",\"item\":\"https:\/\/challengeseconomiques.com\/\"},{\"@type\":\"ListItem\",\"position\":2,\"name\":\"Soci\u00e9t\u00e9 G\u00e9n\u00e9rale en C\u00f4te d\u2019Ivoire et au S\u00e9n\u00e9gal : Les deux derni\u00e8res p\u00e9pites du g\u00e9ant fran\u00e7ais en Afrique\"}]},{\"@type\":\"WebSite\",\"@id\":\"https:\/\/challengeseconomiques.com\/#website\",\"url\":\"https:\/\/challengeseconomiques.com\/\",\"name\":\"challenges economiques\",\"description\":\"\",\"potentialAction\":[{\"@type\":\"SearchAction\",\"target\":{\"@type\":\"EntryPoint\",\"urlTemplate\":\"https:\/\/challengeseconomiques.com\/?s={search_term_string}\"},\"query-input\":{\"@type\":\"PropertyValueSpecification\",\"valueRequired\":true,\"valueName\":\"search_term_string\"}}],\"inLanguage\":\"fr-FR\"},{\"@type\":\"Person\",\"@id\":\"https:\/\/challengeseconomiques.com\/#\/schema\/person\/b4568c9afebc5a9238a771873801e349\",\"name\":\"admin\",\"image\":{\"@type\":\"ImageObject\",\"inLanguage\":\"fr-FR\",\"@id\":\"https:\/\/challengeseconomiques.com\/#\/schema\/person\/image\/\",\"url\":\"https:\/\/secure.gravatar.com\/avatar\/099e42240b5eea11acdb72751fcce0dd918603f0749d24974b7984ea47ed9fd9?s=96&d=mm&r=g\",\"contentUrl\":\"https:\/\/secure.gravatar.com\/avatar\/099e42240b5eea11acdb72751fcce0dd918603f0749d24974b7984ea47ed9fd9?s=96&d=mm&r=g\",\"caption\":\"admin\"},\"sameAs\":[\"https:\/\/challengeseconomiques.com\"],\"url\":\"https:\/\/challengeseconomiques.com\/?author=1\"}]}<\/script>\n<!-- \/ Yoast SEO plugin. -->","yoast_head_json":{"title":"Soci\u00e9t\u00e9 G\u00e9n\u00e9rale en C\u00f4te d\u2019Ivoire et au S\u00e9n\u00e9gal : Les deux derni\u00e8res p\u00e9pites du g\u00e9ant fran\u00e7ais en Afrique - challenges economiques","robots":{"index":"index","follow":"follow","max-snippet":"max-snippet:-1","max-image-preview":"max-image-preview:large","max-video-preview":"max-video-preview:-1"},"canonical":"https:\/\/challengeseconomiques.com\/?p=7573","og_locale":"fr_FR","og_type":"article","og_title":"Soci\u00e9t\u00e9 G\u00e9n\u00e9rale en C\u00f4te d\u2019Ivoire et au S\u00e9n\u00e9gal : Les deux derni\u00e8res p\u00e9pites du g\u00e9ant fran\u00e7ais en Afrique - challenges economiques","og_description":"Plus d&rsquo;un si\u00e8cle apr\u00e8s avoir accueilli une premi\u00e8re filiale, en 1911 en Tunisie, l&rsquo;Afrique a perdu sa valeur strat\u00e9gique pour Soci\u00e9t\u00e9 G\u00e9n\u00e9rale, ou du moins,...","og_url":"https:\/\/challengeseconomiques.com\/?p=7573","og_site_name":"challenges economiques","article_published_time":"2025-01-02T20:39:10+00:00","article_modified_time":"2025-01-02T20:39:59+00:00","og_image":[{"width":1000,"height":750,"url":"https:\/\/challengeseconomiques.com\/wp-content\/uploads\/2023\/12\/sg.jpg","type":"image\/jpeg"}],"author":"admin","twitter_card":"summary_large_image","twitter_misc":{"\u00c9crit par":"admin","Dur\u00e9e de lecture estim\u00e9e":"5 minutes"},"schema":{"@context":"https:\/\/schema.org","@graph":[{"@type":"Article","@id":"https:\/\/challengeseconomiques.com\/?p=7573#article","isPartOf":{"@id":"https:\/\/challengeseconomiques.com\/?p=7573"},"author":{"name":"admin","@id":"https:\/\/challengeseconomiques.com\/#\/schema\/person\/b4568c9afebc5a9238a771873801e349"},"headline":"Soci\u00e9t\u00e9 G\u00e9n\u00e9rale en C\u00f4te d\u2019Ivoire et au S\u00e9n\u00e9gal : Les deux derni\u00e8res p\u00e9pites du g\u00e9ant fran\u00e7ais en Afrique","datePublished":"2025-01-02T20:39:10+00:00","dateModified":"2025-01-02T20:39:59+00:00","mainEntityOfPage":{"@id":"https:\/\/challengeseconomiques.com\/?p=7573"},"wordCount":1104,"image":{"@id":"https:\/\/challengeseconomiques.com\/?p=7573#primaryimage"},"thumbnailUrl":"https:\/\/challengeseconomiques.com\/wp-content\/uploads\/2023\/12\/sg.jpg","articleSection":["Analyse"],"inLanguage":"fr-FR"},{"@type":"WebPage","@id":"https:\/\/challengeseconomiques.com\/?p=7573","url":"https:\/\/challengeseconomiques.com\/?p=7573","name":"Soci\u00e9t\u00e9 G\u00e9n\u00e9rale en C\u00f4te d\u2019Ivoire et au S\u00e9n\u00e9gal : Les deux derni\u00e8res p\u00e9pites du g\u00e9ant fran\u00e7ais en Afrique - challenges economiques","isPartOf":{"@id":"https:\/\/challengeseconomiques.com\/#website"},"primaryImageOfPage":{"@id":"https:\/\/challengeseconomiques.com\/?p=7573#primaryimage"},"image":{"@id":"https:\/\/challengeseconomiques.com\/?p=7573#primaryimage"},"thumbnailUrl":"https:\/\/challengeseconomiques.com\/wp-content\/uploads\/2023\/12\/sg.jpg","datePublished":"2025-01-02T20:39:10+00:00","dateModified":"2025-01-02T20:39:59+00:00","author":{"@id":"https:\/\/challengeseconomiques.com\/#\/schema\/person\/b4568c9afebc5a9238a771873801e349"},"breadcrumb":{"@id":"https:\/\/challengeseconomiques.com\/?p=7573#breadcrumb"},"inLanguage":"fr-FR","potentialAction":[{"@type":"ReadAction","target":["https:\/\/challengeseconomiques.com\/?p=7573"]}]},{"@type":"ImageObject","inLanguage":"fr-FR","@id":"https:\/\/challengeseconomiques.com\/?p=7573#primaryimage","url":"https:\/\/challengeseconomiques.com\/wp-content\/uploads\/2023\/12\/sg.jpg","contentUrl":"https:\/\/challengeseconomiques.com\/wp-content\/uploads\/2023\/12\/sg.jpg","width":1000,"height":750},{"@type":"BreadcrumbList","@id":"https:\/\/challengeseconomiques.com\/?p=7573#breadcrumb","itemListElement":[{"@type":"ListItem","position":1,"name":"Home","item":"https:\/\/challengeseconomiques.com\/"},{"@type":"ListItem","position":2,"name":"Soci\u00e9t\u00e9 G\u00e9n\u00e9rale en C\u00f4te d\u2019Ivoire et au S\u00e9n\u00e9gal : Les deux derni\u00e8res p\u00e9pites du g\u00e9ant fran\u00e7ais en Afrique"}]},{"@type":"WebSite","@id":"https:\/\/challengeseconomiques.com\/#website","url":"https:\/\/challengeseconomiques.com\/","name":"challenges economiques","description":"","potentialAction":[{"@type":"SearchAction","target":{"@type":"EntryPoint","urlTemplate":"https:\/\/challengeseconomiques.com\/?s={search_term_string}"},"query-input":{"@type":"PropertyValueSpecification","valueRequired":true,"valueName":"search_term_string"}}],"inLanguage":"fr-FR"},{"@type":"Person","@id":"https:\/\/challengeseconomiques.com\/#\/schema\/person\/b4568c9afebc5a9238a771873801e349","name":"admin","image":{"@type":"ImageObject","inLanguage":"fr-FR","@id":"https:\/\/challengeseconomiques.com\/#\/schema\/person\/image\/","url":"https:\/\/secure.gravatar.com\/avatar\/099e42240b5eea11acdb72751fcce0dd918603f0749d24974b7984ea47ed9fd9?s=96&d=mm&r=g","contentUrl":"https:\/\/secure.gravatar.com\/avatar\/099e42240b5eea11acdb72751fcce0dd918603f0749d24974b7984ea47ed9fd9?s=96&d=mm&r=g","caption":"admin"},"sameAs":["https:\/\/challengeseconomiques.com"],"url":"https:\/\/challengeseconomiques.com\/?author=1"}]}},"jetpack_featured_media_url":"https:\/\/challengeseconomiques.com\/wp-content\/uploads\/2023\/12\/sg.jpg","jetpack_sharing_enabled":true,"_links":{"self":[{"href":"https:\/\/challengeseconomiques.com\/index.php?rest_route=\/wp\/v2\/posts\/7573","targetHints":{"allow":["GET"]}}],"collection":[{"href":"https:\/\/challengeseconomiques.com\/index.php?rest_route=\/wp\/v2\/posts"}],"about":[{"href":"https:\/\/challengeseconomiques.com\/index.php?rest_route=\/wp\/v2\/types\/post"}],"author":[{"embeddable":true,"href":"https:\/\/challengeseconomiques.com\/index.php?rest_route=\/wp\/v2\/users\/1"}],"replies":[{"embeddable":true,"href":"https:\/\/challengeseconomiques.com\/index.php?rest_route=%2Fwp%2Fv2%2Fcomments&post=7573"}],"version-history":[{"count":2,"href":"https:\/\/challengeseconomiques.com\/index.php?rest_route=\/wp\/v2\/posts\/7573\/revisions"}],"predecessor-version":[{"id":7575,"href":"https:\/\/challengeseconomiques.com\/index.php?rest_route=\/wp\/v2\/posts\/7573\/revisions\/7575"}],"wp:featuredmedia":[{"embeddable":true,"href":"https:\/\/challengeseconomiques.com\/index.php?rest_route=\/wp\/v2\/media\/5748"}],"wp:attachment":[{"href":"https:\/\/challengeseconomiques.com\/index.php?rest_route=%2Fwp%2Fv2%2Fmedia&parent=7573"}],"wp:term":[{"taxonomy":"category","embeddable":true,"href":"https:\/\/challengeseconomiques.com\/index.php?rest_route=%2Fwp%2Fv2%2Fcategories&post=7573"},{"taxonomy":"post_tag","embeddable":true,"href":"https:\/\/challengeseconomiques.com\/index.php?rest_route=%2Fwp%2Fv2%2Ftags&post=7573"}],"curies":[{"name":"wp","href":"https:\/\/api.w.org\/{rel}","templated":true}]}}