{"id":7567,"date":"2025-01-02T19:59:10","date_gmt":"2025-01-02T19:59:10","guid":{"rendered":"https:\/\/challengeseconomiques.com\/?p=7567"},"modified":"2025-01-02T20:01:16","modified_gmt":"2025-01-02T20:01:16","slug":"plateforme-ligeeyal-sa-reew-bassirou-diomaye-faye-veut-democratiser-les-processus-de-nomination-aux-postes-public","status":"publish","type":"post","link":"https:\/\/challengeseconomiques.com\/?p=7567","title":{"rendered":"Plateforme \u00ab Ligeeyal sa reew \u00bb : Bassirou Diomaye Faye veut d\u00e9mocratiser les processus de nomination aux postes publics"},"content":{"rendered":"<p>On peut affirmer que la plateforme \u00ab\u00a0Ligeeyal sa reew\u00a0\u00bb annonc\u00e9e par le Pr\u00e9sident de la R\u00e9publique, Bassirou Diomaye Faye \u00e0 l\u2019occasion de son discours \u00e0 la nation le 31 d\u00e9cembre 2024, relance le v\u0153u des nouvelles autorit\u00e9s de mettre en comp\u00e9tition certains postes de responsabilit\u00e9s aux postes publics en comp\u00e9tition.<\/p>\n<p>En effet, il faut pr\u00e9ciser que cette plateforme dont le lancement est pr\u00e9vu pour le premier trimestre de 2025, permettra \u00e0 chaque S\u00e9n\u00e9galais d\u2019ici comme de la diaspora, de d\u00e9poser sa candidature aux postes publics en comp\u00e9tition ou de proposer des projets et opportunit\u00e9s d\u2019investissement.<\/p>\n<p>C\u2019est une initiative, qui s\u2019inscrit dans une volont\u00e9 de d\u00e9mocratiser les processus de nomination et de favoriser l\u2019\u00e9galit\u00e9 des chances.<\/p>\n<p>Pour ce faire, le chef de l\u2019Etat a indiqu\u00e9 avoir d\u00e9j\u00e0 instruit le bureau organisation et m\u00e9thode (BOM), de travailler \u00e0 l\u2019identification des postes clefs devant \u00eatre mis en comp\u00e9tition, de proposer des mod\u00e8les types de fiches de postes et des r\u00e8gles d\u2019organisation et de fonctionnement du comit\u00e9 de s\u00e9lection des candidats qui lui seront soumis, au bout du processus, pour nomination.<\/p>\n<p>L\u2019exploitation de nos ressources naturelles, notamment le gaz a fait partie des sujets, qui \u00e9taient au menu du discours du Pr\u00e9sident de la R\u00e9publique. \u00c0 ce propos, il a annonc\u00e9 avoir pris un nouveau d\u00e9cret organisant le comit\u00e9 d\u2019orientation strat\u00e9gique du p\u00e9trole et du gaz (COS-PETROGAZ), pour y donner plus de place \u00e0 l\u2019opposition, \u00e0 la soci\u00e9t\u00e9 civile, aux syndicats et \u00e0 l\u2019ordre national des experts.<\/p>\n<p>\u00ab\u00a0J\u2019entends ainsi garantir une exploitation optimale et transparente des ressources p\u00e9troli\u00e8res et gazi\u00e8res au profit de l\u2019\u00e9conomie nationale, et des g\u00e9n\u00e9rations actuelles et futures\u00a0\u00bb, a assur\u00e9 Bassirou Diomaye Faye.<\/p>\n<p>D\u2019ailleurs, il faut rappeler que l\u2019ouverture officielle du premier puits du projet Grand Tortue Ahmeyim (GTA) \u00a0a \u00e9t\u00e9 annonc\u00e9e par un communiqu\u00e9 conjoint des minist\u00e8res en charge de l\u2019\u00e9nergie du S\u00e9n\u00e9gal et de la Mauritanie, ce qui constitue une \u00e9tape, qui marque une avanc\u00e9e notoire dans l\u2019aboutissement du projet GTA.<\/p>\n<p><strong>Idrissa GUEYE<\/strong><\/p>\n","protected":false},"excerpt":{"rendered":"<p>On peut affirmer que la plateforme \u00ab\u00a0Ligeeyal sa reew\u00a0\u00bb annonc\u00e9e par le Pr\u00e9sident de la R\u00e9publique, Bassirou Diomaye Faye \u00e0 l\u2019occasion de son discours \u00e0&#8230;<\/p>\n","protected":false},"author":1,"featured_media":6566,"comment_status":"closed","ping_status":"open","sticky":false,"template":"","format":"standard","meta":{"_jetpack_memberships_contains_paid_content":false,"footnotes":""},"categories":[23,8],"tags":[],"class_list":["post-7567","post","type-post","status-publish","format-standard","has-post-thumbnail","hentry","category-a-la-une","category-actualite-economique","wpcat-23-id","wpcat-8-id"],"yoast_head":"<!-- This site is optimized with the Yoast SEO plugin v27.1.1 - https:\/\/yoast.com\/product\/yoast-seo-wordpress\/ -->\n<title>Plateforme \u00ab Ligeeyal sa reew \u00bb : Bassirou Diomaye Faye veut d\u00e9mocratiser les processus de nomination aux postes publics - challenges economiques<\/title>\n<meta name=\"robots\" content=\"index, follow, max-snippet:-1, max-image-preview:large, max-video-preview:-1\" \/>\n<link rel=\"canonical\" href=\"https:\/\/challengeseconomiques.com\/?p=7567\" \/>\n<meta property=\"og:locale\" content=\"fr_FR\" \/>\n<meta property=\"og:type\" content=\"article\" \/>\n<meta property=\"og:title\" content=\"Plateforme \u00ab Ligeeyal sa reew \u00bb : Bassirou Diomaye Faye veut d\u00e9mocratiser les processus de nomination aux postes publics - challenges economiques\" \/>\n<meta property=\"og:description\" content=\"On peut affirmer que la plateforme \u00ab\u00a0Ligeeyal sa reew\u00a0\u00bb annonc\u00e9e par le Pr\u00e9sident de la R\u00e9publique, Bassirou Diomaye Faye \u00e0 l\u2019occasion de son discours \u00e0...\" \/>\n<meta property=\"og:url\" content=\"https:\/\/challengeseconomiques.com\/?p=7567\" \/>\n<meta property=\"og:site_name\" content=\"challenges economiques\" \/>\n<meta property=\"article:published_time\" content=\"2025-01-02T19:59:10+00:00\" \/>\n<meta property=\"article:modified_time\" content=\"2025-01-02T20:01:16+00:00\" \/>\n<meta property=\"og:image\" content=\"https:\/\/challengeseconomiques.com\/wp-content\/uploads\/2024\/06\/DIOMAYEFAYEBON.jpg\" \/>\n\t<meta property=\"og:image:width\" content=\"1024\" \/>\n\t<meta property=\"og:image:height\" content=\"768\" \/>\n\t<meta property=\"og:image:type\" content=\"image\/jpeg\" \/>\n<meta name=\"author\" content=\"admin\" \/>\n<meta name=\"twitter:card\" content=\"summary_large_image\" \/>\n<meta name=\"twitter:label1\" content=\"\u00c9crit par\" \/>\n\t<meta name=\"twitter:data1\" content=\"admin\" \/>\n\t<meta name=\"twitter:label2\" content=\"Dur\u00e9e de lecture estim\u00e9e\" \/>\n\t<meta name=\"twitter:data2\" content=\"2 minutes\" \/>\n<script type=\"application\/ld+json\" class=\"yoast-schema-graph\">{\"@context\":\"https:\/\/schema.org\",\"@graph\":[{\"@type\":\"Article\",\"@id\":\"https:\/\/challengeseconomiques.com\/?p=7567#article\",\"isPartOf\":{\"@id\":\"https:\/\/challengeseconomiques.com\/?p=7567\"},\"author\":{\"name\":\"admin\",\"@id\":\"https:\/\/challengeseconomiques.com\/#\/schema\/person\/b4568c9afebc5a9238a771873801e349\"},\"headline\":\"Plateforme \u00ab Ligeeyal sa reew \u00bb : Bassirou Diomaye Faye veut d\u00e9mocratiser les processus de nomination aux postes publics\",\"datePublished\":\"2025-01-02T19:59:10+00:00\",\"dateModified\":\"2025-01-02T20:01:16+00:00\",\"mainEntityOfPage\":{\"@id\":\"https:\/\/challengeseconomiques.com\/?p=7567\"},\"wordCount\":388,\"image\":{\"@id\":\"https:\/\/challengeseconomiques.com\/?p=7567#primaryimage\"},\"thumbnailUrl\":\"https:\/\/challengeseconomiques.com\/wp-content\/uploads\/2024\/06\/DIOMAYEFAYEBON.jpg\",\"articleSection\":[\"A la une\",\"Actualit\u00e9 \u00e9conomique\"],\"inLanguage\":\"fr-FR\"},{\"@type\":\"WebPage\",\"@id\":\"https:\/\/challengeseconomiques.com\/?p=7567\",\"url\":\"https:\/\/challengeseconomiques.com\/?p=7567\",\"name\":\"Plateforme \u00ab Ligeeyal sa reew \u00bb : Bassirou Diomaye Faye veut d\u00e9mocratiser les processus de nomination aux postes publics - challenges economiques\",\"isPartOf\":{\"@id\":\"https:\/\/challengeseconomiques.com\/#website\"},\"primaryImageOfPage\":{\"@id\":\"https:\/\/challengeseconomiques.com\/?p=7567#primaryimage\"},\"image\":{\"@id\":\"https:\/\/challengeseconomiques.com\/?p=7567#primaryimage\"},\"thumbnailUrl\":\"https:\/\/challengeseconomiques.com\/wp-content\/uploads\/2024\/06\/DIOMAYEFAYEBON.jpg\",\"datePublished\":\"2025-01-02T19:59:10+00:00\",\"dateModified\":\"2025-01-02T20:01:16+00:00\",\"author\":{\"@id\":\"https:\/\/challengeseconomiques.com\/#\/schema\/person\/b4568c9afebc5a9238a771873801e349\"},\"breadcrumb\":{\"@id\":\"https:\/\/challengeseconomiques.com\/?p=7567#breadcrumb\"},\"inLanguage\":\"fr-FR\",\"potentialAction\":[{\"@type\":\"ReadAction\",\"target\":[\"https:\/\/challengeseconomiques.com\/?p=7567\"]}]},{\"@type\":\"ImageObject\",\"inLanguage\":\"fr-FR\",\"@id\":\"https:\/\/challengeseconomiques.com\/?p=7567#primaryimage\",\"url\":\"https:\/\/challengeseconomiques.com\/wp-content\/uploads\/2024\/06\/DIOMAYEFAYEBON.jpg\",\"contentUrl\":\"https:\/\/challengeseconomiques.com\/wp-content\/uploads\/2024\/06\/DIOMAYEFAYEBON.jpg\",\"width\":1024,\"height\":768},{\"@type\":\"BreadcrumbList\",\"@id\":\"https:\/\/challengeseconomiques.com\/?p=7567#breadcrumb\",\"itemListElement\":[{\"@type\":\"ListItem\",\"position\":1,\"name\":\"Home\",\"item\":\"https:\/\/challengeseconomiques.com\/\"},{\"@type\":\"ListItem\",\"position\":2,\"name\":\"Plateforme \u00ab Ligeeyal sa reew \u00bb : Bassirou Diomaye Faye veut d\u00e9mocratiser les processus de nomination aux postes publics\"}]},{\"@type\":\"WebSite\",\"@id\":\"https:\/\/challengeseconomiques.com\/#website\",\"url\":\"https:\/\/challengeseconomiques.com\/\",\"name\":\"challenges economiques\",\"description\":\"\",\"potentialAction\":[{\"@type\":\"SearchAction\",\"target\":{\"@type\":\"EntryPoint\",\"urlTemplate\":\"https:\/\/challengeseconomiques.com\/?s={search_term_string}\"},\"query-input\":{\"@type\":\"PropertyValueSpecification\",\"valueRequired\":true,\"valueName\":\"search_term_string\"}}],\"inLanguage\":\"fr-FR\"},{\"@type\":\"Person\",\"@id\":\"https:\/\/challengeseconomiques.com\/#\/schema\/person\/b4568c9afebc5a9238a771873801e349\",\"name\":\"admin\",\"image\":{\"@type\":\"ImageObject\",\"inLanguage\":\"fr-FR\",\"@id\":\"https:\/\/challengeseconomiques.com\/#\/schema\/person\/image\/\",\"url\":\"https:\/\/secure.gravatar.com\/avatar\/099e42240b5eea11acdb72751fcce0dd918603f0749d24974b7984ea47ed9fd9?s=96&d=mm&r=g\",\"contentUrl\":\"https:\/\/secure.gravatar.com\/avatar\/099e42240b5eea11acdb72751fcce0dd918603f0749d24974b7984ea47ed9fd9?s=96&d=mm&r=g\",\"caption\":\"admin\"},\"sameAs\":[\"https:\/\/challengeseconomiques.com\"],\"url\":\"https:\/\/challengeseconomiques.com\/?author=1\"}]}<\/script>\n<!-- \/ Yoast SEO plugin. -->","yoast_head_json":{"title":"Plateforme \u00ab Ligeeyal sa reew \u00bb : Bassirou Diomaye Faye veut d\u00e9mocratiser les processus de nomination aux postes publics - challenges economiques","robots":{"index":"index","follow":"follow","max-snippet":"max-snippet:-1","max-image-preview":"max-image-preview:large","max-video-preview":"max-video-preview:-1"},"canonical":"https:\/\/challengeseconomiques.com\/?p=7567","og_locale":"fr_FR","og_type":"article","og_title":"Plateforme \u00ab Ligeeyal sa reew \u00bb : Bassirou Diomaye Faye veut d\u00e9mocratiser les processus de nomination aux postes publics - challenges economiques","og_description":"On peut affirmer que la plateforme \u00ab\u00a0Ligeeyal sa reew\u00a0\u00bb annonc\u00e9e par le Pr\u00e9sident de la R\u00e9publique, Bassirou Diomaye Faye \u00e0 l\u2019occasion de son discours \u00e0...","og_url":"https:\/\/challengeseconomiques.com\/?p=7567","og_site_name":"challenges economiques","article_published_time":"2025-01-02T19:59:10+00:00","article_modified_time":"2025-01-02T20:01:16+00:00","og_image":[{"width":1024,"height":768,"url":"https:\/\/challengeseconomiques.com\/wp-content\/uploads\/2024\/06\/DIOMAYEFAYEBON.jpg","type":"image\/jpeg"}],"author":"admin","twitter_card":"summary_large_image","twitter_misc":{"\u00c9crit par":"admin","Dur\u00e9e de lecture estim\u00e9e":"2 minutes"},"schema":{"@context":"https:\/\/schema.org","@graph":[{"@type":"Article","@id":"https:\/\/challengeseconomiques.com\/?p=7567#article","isPartOf":{"@id":"https:\/\/challengeseconomiques.com\/?p=7567"},"author":{"name":"admin","@id":"https:\/\/challengeseconomiques.com\/#\/schema\/person\/b4568c9afebc5a9238a771873801e349"},"headline":"Plateforme \u00ab Ligeeyal sa reew \u00bb : Bassirou Diomaye Faye veut d\u00e9mocratiser les processus de nomination aux postes publics","datePublished":"2025-01-02T19:59:10+00:00","dateModified":"2025-01-02T20:01:16+00:00","mainEntityOfPage":{"@id":"https:\/\/challengeseconomiques.com\/?p=7567"},"wordCount":388,"image":{"@id":"https:\/\/challengeseconomiques.com\/?p=7567#primaryimage"},"thumbnailUrl":"https:\/\/challengeseconomiques.com\/wp-content\/uploads\/2024\/06\/DIOMAYEFAYEBON.jpg","articleSection":["A la une","Actualit\u00e9 \u00e9conomique"],"inLanguage":"fr-FR"},{"@type":"WebPage","@id":"https:\/\/challengeseconomiques.com\/?p=7567","url":"https:\/\/challengeseconomiques.com\/?p=7567","name":"Plateforme \u00ab Ligeeyal sa reew \u00bb : Bassirou Diomaye Faye veut d\u00e9mocratiser les processus de nomination aux postes publics - challenges economiques","isPartOf":{"@id":"https:\/\/challengeseconomiques.com\/#website"},"primaryImageOfPage":{"@id":"https:\/\/challengeseconomiques.com\/?p=7567#primaryimage"},"image":{"@id":"https:\/\/challengeseconomiques.com\/?p=7567#primaryimage"},"thumbnailUrl":"https:\/\/challengeseconomiques.com\/wp-content\/uploads\/2024\/06\/DIOMAYEFAYEBON.jpg","datePublished":"2025-01-02T19:59:10+00:00","dateModified":"2025-01-02T20:01:16+00:00","author":{"@id":"https:\/\/challengeseconomiques.com\/#\/schema\/person\/b4568c9afebc5a9238a771873801e349"},"breadcrumb":{"@id":"https:\/\/challengeseconomiques.com\/?p=7567#breadcrumb"},"inLanguage":"fr-FR","potentialAction":[{"@type":"ReadAction","target":["https:\/\/challengeseconomiques.com\/?p=7567"]}]},{"@type":"ImageObject","inLanguage":"fr-FR","@id":"https:\/\/challengeseconomiques.com\/?p=7567#primaryimage","url":"https:\/\/challengeseconomiques.com\/wp-content\/uploads\/2024\/06\/DIOMAYEFAYEBON.jpg","contentUrl":"https:\/\/challengeseconomiques.com\/wp-content\/uploads\/2024\/06\/DIOMAYEFAYEBON.jpg","width":1024,"height":768},{"@type":"BreadcrumbList","@id":"https:\/\/challengeseconomiques.com\/?p=7567#breadcrumb","itemListElement":[{"@type":"ListItem","position":1,"name":"Home","item":"https:\/\/challengeseconomiques.com\/"},{"@type":"ListItem","position":2,"name":"Plateforme \u00ab Ligeeyal sa reew \u00bb : Bassirou Diomaye Faye veut d\u00e9mocratiser les processus de nomination aux postes publics"}]},{"@type":"WebSite","@id":"https:\/\/challengeseconomiques.com\/#website","url":"https:\/\/challengeseconomiques.com\/","name":"challenges economiques","description":"","potentialAction":[{"@type":"SearchAction","target":{"@type":"EntryPoint","urlTemplate":"https:\/\/challengeseconomiques.com\/?s={search_term_string}"},"query-input":{"@type":"PropertyValueSpecification","valueRequired":true,"valueName":"search_term_string"}}],"inLanguage":"fr-FR"},{"@type":"Person","@id":"https:\/\/challengeseconomiques.com\/#\/schema\/person\/b4568c9afebc5a9238a771873801e349","name":"admin","image":{"@type":"ImageObject","inLanguage":"fr-FR","@id":"https:\/\/challengeseconomiques.com\/#\/schema\/person\/image\/","url":"https:\/\/secure.gravatar.com\/avatar\/099e42240b5eea11acdb72751fcce0dd918603f0749d24974b7984ea47ed9fd9?s=96&d=mm&r=g","contentUrl":"https:\/\/secure.gravatar.com\/avatar\/099e42240b5eea11acdb72751fcce0dd918603f0749d24974b7984ea47ed9fd9?s=96&d=mm&r=g","caption":"admin"},"sameAs":["https:\/\/challengeseconomiques.com"],"url":"https:\/\/challengeseconomiques.com\/?author=1"}]}},"jetpack_featured_media_url":"https:\/\/challengeseconomiques.com\/wp-content\/uploads\/2024\/06\/DIOMAYEFAYEBON.jpg","jetpack_sharing_enabled":true,"_links":{"self":[{"href":"https:\/\/challengeseconomiques.com\/index.php?rest_route=\/wp\/v2\/posts\/7567","targetHints":{"allow":["GET"]}}],"collection":[{"href":"https:\/\/challengeseconomiques.com\/index.php?rest_route=\/wp\/v2\/posts"}],"about":[{"href":"https:\/\/challengeseconomiques.com\/index.php?rest_route=\/wp\/v2\/types\/post"}],"author":[{"embeddable":true,"href":"https:\/\/challengeseconomiques.com\/index.php?rest_route=\/wp\/v2\/users\/1"}],"replies":[{"embeddable":true,"href":"https:\/\/challengeseconomiques.com\/index.php?rest_route=%2Fwp%2Fv2%2Fcomments&post=7567"}],"version-history":[{"count":2,"href":"https:\/\/challengeseconomiques.com\/index.php?rest_route=\/wp\/v2\/posts\/7567\/revisions"}],"predecessor-version":[{"id":7569,"href":"https:\/\/challengeseconomiques.com\/index.php?rest_route=\/wp\/v2\/posts\/7567\/revisions\/7569"}],"wp:featuredmedia":[{"embeddable":true,"href":"https:\/\/challengeseconomiques.com\/index.php?rest_route=\/wp\/v2\/media\/6566"}],"wp:attachment":[{"href":"https:\/\/challengeseconomiques.com\/index.php?rest_route=%2Fwp%2Fv2%2Fmedia&parent=7567"}],"wp:term":[{"taxonomy":"category","embeddable":true,"href":"https:\/\/challengeseconomiques.com\/index.php?rest_route=%2Fwp%2Fv2%2Fcategories&post=7567"},{"taxonomy":"post_tag","embeddable":true,"href":"https:\/\/challengeseconomiques.com\/index.php?rest_route=%2Fwp%2Fv2%2Ftags&post=7567"}],"curies":[{"name":"wp","href":"https:\/\/api.w.org\/{rel}","templated":true}]}}