{"id":7535,"date":"2024-12-27T12:44:40","date_gmt":"2024-12-27T12:44:40","guid":{"rendered":"https:\/\/challengeseconomiques.com\/?p=7535"},"modified":"2024-12-31T16:57:27","modified_gmt":"2024-12-31T16:57:27","slug":"lag-de-la-chambre-de-commerce-de-dakar-adopte-son-budget-2025-il-seleve-a-plus-de-2-8-milliards-fcfa","status":"publish","type":"post","link":"https:\/\/challengeseconomiques.com\/?p=7535","title":{"rendered":"L\u2019AG de la chambre de commerce de Dakar adopte son budget 2025 : il s\u2019\u00e9l\u00e8ve \u00e0 plus de 2 ,8 milliards FCFA"},"content":{"rendered":"<p>L\u2019Assembl\u00e9e g\u00e9n\u00e9rale de la Chambre de commerce de Dakar\u00a0 a vot\u00e9, le budget 2025, de l\u2019institution consulaire, le jeudi 27 d\u00e9cembre 2024 .Le montant de ce budget \u00a0s\u2019\u00e9l\u00e8ve \u00e0\u00a0 2 883 895 307 FCFA.<\/p>\n<p>.Dans le d\u00e9tail, 2 125 320\u00a0307 FCFA seront \u00a0affect\u00e9s au fonctionnement. Compar\u00e9 au budget de fonctionnement \u00a02024, qui s\u2019\u00e9levait \u00e0 2\u00a0062\u00a0440\u00a0094 \u00a0F CFA, on constate une hausse de 62\u00a0880\u00a0213 FCFA.<\/p>\n<p>Le budget d\u2019investissement 2025 connait par contre une baisse compar\u00e9 \u00e0 celui de 2024. En effet, de 946 685 000 FCFA, le budget d\u2019investissement de la CCIAD passe \u00e0 758 575 000 FCFA, pour 2025, soit une baisse de 20% , en valeur relative et de 188 110 000 FCFA, en valeur absolue.<\/p>\n<p>La note rendue public \u00e0 l\u2019issue de cette Assembl\u00e9e g\u00e9n\u00e9rale rappelle que \u00a0\u00a0le budget 2025 de la CCIAD est \u00e9labor\u00e9 en conformit\u00e9 avec les dispositions\u00a0 du d\u00e9cret\u00a0 n 2003-827\u00a0 du 10 octobre 2003, fixant les r\u00e8gles d\u2019organisation et de fonctionnement des chambres de commerce, d\u2019industrie et d\u2019agriculture.<\/p>\n<p>Lors de la m\u00eame s\u00e9ance, l\u2019AG a adopt\u00e9 le rapport d\u2019activit\u00e9s 2024 et la certification des rapports financiers 2020, 2021 et 2022.<\/p>\n<p>Une motion de soutien a \u00e9t\u00e9 lue, par les membres de l\u2019AG, \u00e0 l\u2019issue de la s\u00e9ance. Dans la missive, ils renouv\u00e8lent leur confiance et leur soutien total au pr\u00e9sident Abdoulaye Sow et au bureau de la CCIAD,\u00a0 pour la continuit\u00e9 de leurs efforts visant \u00e0 promouvoir le dynamisme \u00e9conomique de la r\u00e9gion de Dakar.<\/p>\n<p>Il faut rappeler qu\u2019\u00e0 la veille de la tenue de l\u2019Assembl\u00e9e g\u00e9n\u00e9rale de la chambre de commerce de Dakar, \u00a0pr\u00e9cis\u00e9ment le 24 d\u00e9cembre 2024, Abdoulaye Sow, le pr\u00e9sident de l\u2019institution consulaire avait gagn\u00e9 le proc\u00e8s l\u2019opposant \u00e0 Birame Yaya Wone d\u2019apr\u00e8s le service communication de la CCIAD. Le sieur Wone avait selon la note de la CCIAD introduit une requ\u00eate \u00a0\u00e0 travers une assignation \u00e0 bref d\u00e9lai le sieur Abdoulaye SOW et la CCIAD, pour entendre designer un administrateur provisoire charg\u00e9 de g\u00e9rer les fonds publics de ladite institution et de surseoir \u00e0 la tenue de l&rsquo;assembl\u00e9e g\u00e9n\u00e9rale pr\u00e9vue le 26 d\u00e9cembre 2024. Le Tribunal de Grande Instance Hors Classe de Dakar n\u2019a pas suivi Birame Yaya Wone dans sa requ\u00eate et l\u2019a d\u00e9bout\u00e9.<\/p>\n<p>Le pr\u00e9sident Abdoulaye Sow et son bureau peuvent ainsi, apr\u00e8s le vote du budget 2025, d\u00e9rouler leur programme d\u2019activit\u00e9s pour l\u2019ann\u00e9e \u00e0 venir.<\/p>\n","protected":false},"excerpt":{"rendered":"<p>L\u2019Assembl\u00e9e g\u00e9n\u00e9rale de la Chambre de commerce de Dakar\u00a0 a vot\u00e9, le budget 2025, de l\u2019institution consulaire, le jeudi 27 d\u00e9cembre 2024 .Le montant de&#8230;<\/p>\n","protected":false},"author":3,"featured_media":7536,"comment_status":"closed","ping_status":"open","sticky":false,"template":"","format":"standard","meta":{"_jetpack_memberships_contains_paid_content":false,"footnotes":""},"categories":[23,8],"tags":[],"class_list":["post-7535","post","type-post","status-publish","format-standard","has-post-thumbnail","hentry","category-a-la-une","category-actualite-economique","wpcat-23-id","wpcat-8-id"],"yoast_head":"<!-- This site is optimized with the Yoast SEO plugin v27.1.1 - https:\/\/yoast.com\/product\/yoast-seo-wordpress\/ -->\n<title>L\u2019AG de la chambre de commerce de Dakar adopte son budget 2025 : il s\u2019\u00e9l\u00e8ve \u00e0 plus de 2 ,8 milliards FCFA - challenges economiques<\/title>\n<meta name=\"robots\" content=\"index, follow, max-snippet:-1, max-image-preview:large, max-video-preview:-1\" \/>\n<link rel=\"canonical\" href=\"https:\/\/challengeseconomiques.com\/?p=7535\" \/>\n<meta property=\"og:locale\" content=\"fr_FR\" \/>\n<meta property=\"og:type\" content=\"article\" \/>\n<meta property=\"og:title\" content=\"L\u2019AG de la chambre de commerce de Dakar adopte son budget 2025 : il s\u2019\u00e9l\u00e8ve \u00e0 plus de 2 ,8 milliards FCFA - challenges economiques\" \/>\n<meta property=\"og:description\" content=\"L\u2019Assembl\u00e9e g\u00e9n\u00e9rale de la Chambre de commerce de Dakar\u00a0 a vot\u00e9, le budget 2025, de l\u2019institution consulaire, le jeudi 27 d\u00e9cembre 2024 .Le montant de...\" \/>\n<meta property=\"og:url\" content=\"https:\/\/challengeseconomiques.com\/?p=7535\" \/>\n<meta property=\"og:site_name\" content=\"challenges economiques\" \/>\n<meta property=\"article:published_time\" content=\"2024-12-27T12:44:40+00:00\" \/>\n<meta property=\"article:modified_time\" content=\"2024-12-31T16:57:27+00:00\" \/>\n<meta property=\"og:image\" content=\"https:\/\/challengeseconomiques.com\/wp-content\/uploads\/2024\/12\/AG_CCIAD_2024_1.jpeg\" \/>\n\t<meta property=\"og:image:width\" content=\"1600\" \/>\n\t<meta property=\"og:image:height\" content=\"1067\" \/>\n\t<meta property=\"og:image:type\" content=\"image\/jpeg\" \/>\n<meta name=\"author\" content=\"aliou kane ndiaye\" \/>\n<meta name=\"twitter:card\" content=\"summary_large_image\" \/>\n<meta name=\"twitter:label1\" content=\"\u00c9crit par\" \/>\n\t<meta name=\"twitter:data1\" content=\"aliou kane ndiaye\" \/>\n\t<meta name=\"twitter:label2\" content=\"Dur\u00e9e de lecture estim\u00e9e\" \/>\n\t<meta name=\"twitter:data2\" content=\"2 minutes\" \/>\n<script type=\"application\/ld+json\" class=\"yoast-schema-graph\">{\"@context\":\"https:\/\/schema.org\",\"@graph\":[{\"@type\":\"Article\",\"@id\":\"https:\/\/challengeseconomiques.com\/?p=7535#article\",\"isPartOf\":{\"@id\":\"https:\/\/challengeseconomiques.com\/?p=7535\"},\"author\":{\"name\":\"aliou kane ndiaye\",\"@id\":\"https:\/\/challengeseconomiques.com\/#\/schema\/person\/2f70a31e102db1741c1a1c00c2bbd8a6\"},\"headline\":\"L\u2019AG de la chambre de commerce de Dakar adopte son budget 2025 : il s\u2019\u00e9l\u00e8ve \u00e0 plus de 2 ,8 milliards FCFA\",\"datePublished\":\"2024-12-27T12:44:40+00:00\",\"dateModified\":\"2024-12-31T16:57:27+00:00\",\"mainEntityOfPage\":{\"@id\":\"https:\/\/challengeseconomiques.com\/?p=7535\"},\"wordCount\":423,\"image\":{\"@id\":\"https:\/\/challengeseconomiques.com\/?p=7535#primaryimage\"},\"thumbnailUrl\":\"https:\/\/challengeseconomiques.com\/wp-content\/uploads\/2024\/12\/AG_CCIAD_2024_1.jpeg\",\"articleSection\":[\"A la une\",\"Actualit\u00e9 \u00e9conomique\"],\"inLanguage\":\"fr-FR\"},{\"@type\":\"WebPage\",\"@id\":\"https:\/\/challengeseconomiques.com\/?p=7535\",\"url\":\"https:\/\/challengeseconomiques.com\/?p=7535\",\"name\":\"L\u2019AG de la chambre de commerce de Dakar adopte son budget 2025 : il s\u2019\u00e9l\u00e8ve \u00e0 plus de 2 ,8 milliards FCFA - challenges economiques\",\"isPartOf\":{\"@id\":\"https:\/\/challengeseconomiques.com\/#website\"},\"primaryImageOfPage\":{\"@id\":\"https:\/\/challengeseconomiques.com\/?p=7535#primaryimage\"},\"image\":{\"@id\":\"https:\/\/challengeseconomiques.com\/?p=7535#primaryimage\"},\"thumbnailUrl\":\"https:\/\/challengeseconomiques.com\/wp-content\/uploads\/2024\/12\/AG_CCIAD_2024_1.jpeg\",\"datePublished\":\"2024-12-27T12:44:40+00:00\",\"dateModified\":\"2024-12-31T16:57:27+00:00\",\"author\":{\"@id\":\"https:\/\/challengeseconomiques.com\/#\/schema\/person\/2f70a31e102db1741c1a1c00c2bbd8a6\"},\"breadcrumb\":{\"@id\":\"https:\/\/challengeseconomiques.com\/?p=7535#breadcrumb\"},\"inLanguage\":\"fr-FR\",\"potentialAction\":[{\"@type\":\"ReadAction\",\"target\":[\"https:\/\/challengeseconomiques.com\/?p=7535\"]}]},{\"@type\":\"ImageObject\",\"inLanguage\":\"fr-FR\",\"@id\":\"https:\/\/challengeseconomiques.com\/?p=7535#primaryimage\",\"url\":\"https:\/\/challengeseconomiques.com\/wp-content\/uploads\/2024\/12\/AG_CCIAD_2024_1.jpeg\",\"contentUrl\":\"https:\/\/challengeseconomiques.com\/wp-content\/uploads\/2024\/12\/AG_CCIAD_2024_1.jpeg\",\"width\":1600,\"height\":1067},{\"@type\":\"BreadcrumbList\",\"@id\":\"https:\/\/challengeseconomiques.com\/?p=7535#breadcrumb\",\"itemListElement\":[{\"@type\":\"ListItem\",\"position\":1,\"name\":\"Home\",\"item\":\"https:\/\/challengeseconomiques.com\/\"},{\"@type\":\"ListItem\",\"position\":2,\"name\":\"L\u2019AG de la chambre de commerce de Dakar adopte son budget 2025 : il s\u2019\u00e9l\u00e8ve \u00e0 plus de 2 ,8 milliards FCFA\"}]},{\"@type\":\"WebSite\",\"@id\":\"https:\/\/challengeseconomiques.com\/#website\",\"url\":\"https:\/\/challengeseconomiques.com\/\",\"name\":\"challenges economiques\",\"description\":\"\",\"potentialAction\":[{\"@type\":\"SearchAction\",\"target\":{\"@type\":\"EntryPoint\",\"urlTemplate\":\"https:\/\/challengeseconomiques.com\/?s={search_term_string}\"},\"query-input\":{\"@type\":\"PropertyValueSpecification\",\"valueRequired\":true,\"valueName\":\"search_term_string\"}}],\"inLanguage\":\"fr-FR\"},{\"@type\":\"Person\",\"@id\":\"https:\/\/challengeseconomiques.com\/#\/schema\/person\/2f70a31e102db1741c1a1c00c2bbd8a6\",\"name\":\"aliou kane ndiaye\",\"image\":{\"@type\":\"ImageObject\",\"inLanguage\":\"fr-FR\",\"@id\":\"https:\/\/challengeseconomiques.com\/#\/schema\/person\/image\/\",\"url\":\"https:\/\/secure.gravatar.com\/avatar\/df942321e58711a9f1fee838e446766660477bacd4b42fa20400d2c7cf4da7ca?s=96&d=mm&r=g\",\"contentUrl\":\"https:\/\/secure.gravatar.com\/avatar\/df942321e58711a9f1fee838e446766660477bacd4b42fa20400d2c7cf4da7ca?s=96&d=mm&r=g\",\"caption\":\"aliou kane ndiaye\"},\"sameAs\":[\"http:\/\/www.challengeseconomiques.com\"],\"url\":\"https:\/\/challengeseconomiques.com\/?author=3\"}]}<\/script>\n<!-- \/ Yoast SEO plugin. -->","yoast_head_json":{"title":"L\u2019AG de la chambre de commerce de Dakar adopte son budget 2025 : il s\u2019\u00e9l\u00e8ve \u00e0 plus de 2 ,8 milliards FCFA - challenges economiques","robots":{"index":"index","follow":"follow","max-snippet":"max-snippet:-1","max-image-preview":"max-image-preview:large","max-video-preview":"max-video-preview:-1"},"canonical":"https:\/\/challengeseconomiques.com\/?p=7535","og_locale":"fr_FR","og_type":"article","og_title":"L\u2019AG de la chambre de commerce de Dakar adopte son budget 2025 : il s\u2019\u00e9l\u00e8ve \u00e0 plus de 2 ,8 milliards FCFA - challenges economiques","og_description":"L\u2019Assembl\u00e9e g\u00e9n\u00e9rale de la Chambre de commerce de Dakar\u00a0 a vot\u00e9, le budget 2025, de l\u2019institution consulaire, le jeudi 27 d\u00e9cembre 2024 .Le montant de...","og_url":"https:\/\/challengeseconomiques.com\/?p=7535","og_site_name":"challenges economiques","article_published_time":"2024-12-27T12:44:40+00:00","article_modified_time":"2024-12-31T16:57:27+00:00","og_image":[{"width":1600,"height":1067,"url":"https:\/\/challengeseconomiques.com\/wp-content\/uploads\/2024\/12\/AG_CCIAD_2024_1.jpeg","type":"image\/jpeg"}],"author":"aliou kane ndiaye","twitter_card":"summary_large_image","twitter_misc":{"\u00c9crit par":"aliou kane ndiaye","Dur\u00e9e de lecture estim\u00e9e":"2 minutes"},"schema":{"@context":"https:\/\/schema.org","@graph":[{"@type":"Article","@id":"https:\/\/challengeseconomiques.com\/?p=7535#article","isPartOf":{"@id":"https:\/\/challengeseconomiques.com\/?p=7535"},"author":{"name":"aliou kane ndiaye","@id":"https:\/\/challengeseconomiques.com\/#\/schema\/person\/2f70a31e102db1741c1a1c00c2bbd8a6"},"headline":"L\u2019AG de la chambre de commerce de Dakar adopte son budget 2025 : il s\u2019\u00e9l\u00e8ve \u00e0 plus de 2 ,8 milliards FCFA","datePublished":"2024-12-27T12:44:40+00:00","dateModified":"2024-12-31T16:57:27+00:00","mainEntityOfPage":{"@id":"https:\/\/challengeseconomiques.com\/?p=7535"},"wordCount":423,"image":{"@id":"https:\/\/challengeseconomiques.com\/?p=7535#primaryimage"},"thumbnailUrl":"https:\/\/challengeseconomiques.com\/wp-content\/uploads\/2024\/12\/AG_CCIAD_2024_1.jpeg","articleSection":["A la une","Actualit\u00e9 \u00e9conomique"],"inLanguage":"fr-FR"},{"@type":"WebPage","@id":"https:\/\/challengeseconomiques.com\/?p=7535","url":"https:\/\/challengeseconomiques.com\/?p=7535","name":"L\u2019AG de la chambre de commerce de Dakar adopte son budget 2025 : il s\u2019\u00e9l\u00e8ve \u00e0 plus de 2 ,8 milliards FCFA - challenges economiques","isPartOf":{"@id":"https:\/\/challengeseconomiques.com\/#website"},"primaryImageOfPage":{"@id":"https:\/\/challengeseconomiques.com\/?p=7535#primaryimage"},"image":{"@id":"https:\/\/challengeseconomiques.com\/?p=7535#primaryimage"},"thumbnailUrl":"https:\/\/challengeseconomiques.com\/wp-content\/uploads\/2024\/12\/AG_CCIAD_2024_1.jpeg","datePublished":"2024-12-27T12:44:40+00:00","dateModified":"2024-12-31T16:57:27+00:00","author":{"@id":"https:\/\/challengeseconomiques.com\/#\/schema\/person\/2f70a31e102db1741c1a1c00c2bbd8a6"},"breadcrumb":{"@id":"https:\/\/challengeseconomiques.com\/?p=7535#breadcrumb"},"inLanguage":"fr-FR","potentialAction":[{"@type":"ReadAction","target":["https:\/\/challengeseconomiques.com\/?p=7535"]}]},{"@type":"ImageObject","inLanguage":"fr-FR","@id":"https:\/\/challengeseconomiques.com\/?p=7535#primaryimage","url":"https:\/\/challengeseconomiques.com\/wp-content\/uploads\/2024\/12\/AG_CCIAD_2024_1.jpeg","contentUrl":"https:\/\/challengeseconomiques.com\/wp-content\/uploads\/2024\/12\/AG_CCIAD_2024_1.jpeg","width":1600,"height":1067},{"@type":"BreadcrumbList","@id":"https:\/\/challengeseconomiques.com\/?p=7535#breadcrumb","itemListElement":[{"@type":"ListItem","position":1,"name":"Home","item":"https:\/\/challengeseconomiques.com\/"},{"@type":"ListItem","position":2,"name":"L\u2019AG de la chambre de commerce de Dakar adopte son budget 2025 : il s\u2019\u00e9l\u00e8ve \u00e0 plus de 2 ,8 milliards FCFA"}]},{"@type":"WebSite","@id":"https:\/\/challengeseconomiques.com\/#website","url":"https:\/\/challengeseconomiques.com\/","name":"challenges economiques","description":"","potentialAction":[{"@type":"SearchAction","target":{"@type":"EntryPoint","urlTemplate":"https:\/\/challengeseconomiques.com\/?s={search_term_string}"},"query-input":{"@type":"PropertyValueSpecification","valueRequired":true,"valueName":"search_term_string"}}],"inLanguage":"fr-FR"},{"@type":"Person","@id":"https:\/\/challengeseconomiques.com\/#\/schema\/person\/2f70a31e102db1741c1a1c00c2bbd8a6","name":"aliou kane ndiaye","image":{"@type":"ImageObject","inLanguage":"fr-FR","@id":"https:\/\/challengeseconomiques.com\/#\/schema\/person\/image\/","url":"https:\/\/secure.gravatar.com\/avatar\/df942321e58711a9f1fee838e446766660477bacd4b42fa20400d2c7cf4da7ca?s=96&d=mm&r=g","contentUrl":"https:\/\/secure.gravatar.com\/avatar\/df942321e58711a9f1fee838e446766660477bacd4b42fa20400d2c7cf4da7ca?s=96&d=mm&r=g","caption":"aliou kane ndiaye"},"sameAs":["http:\/\/www.challengeseconomiques.com"],"url":"https:\/\/challengeseconomiques.com\/?author=3"}]}},"jetpack_featured_media_url":"https:\/\/challengeseconomiques.com\/wp-content\/uploads\/2024\/12\/AG_CCIAD_2024_1.jpeg","jetpack_sharing_enabled":true,"_links":{"self":[{"href":"https:\/\/challengeseconomiques.com\/index.php?rest_route=\/wp\/v2\/posts\/7535","targetHints":{"allow":["GET"]}}],"collection":[{"href":"https:\/\/challengeseconomiques.com\/index.php?rest_route=\/wp\/v2\/posts"}],"about":[{"href":"https:\/\/challengeseconomiques.com\/index.php?rest_route=\/wp\/v2\/types\/post"}],"author":[{"embeddable":true,"href":"https:\/\/challengeseconomiques.com\/index.php?rest_route=\/wp\/v2\/users\/3"}],"replies":[{"embeddable":true,"href":"https:\/\/challengeseconomiques.com\/index.php?rest_route=%2Fwp%2Fv2%2Fcomments&post=7535"}],"version-history":[{"count":3,"href":"https:\/\/challengeseconomiques.com\/index.php?rest_route=\/wp\/v2\/posts\/7535\/revisions"}],"predecessor-version":[{"id":7553,"href":"https:\/\/challengeseconomiques.com\/index.php?rest_route=\/wp\/v2\/posts\/7535\/revisions\/7553"}],"wp:featuredmedia":[{"embeddable":true,"href":"https:\/\/challengeseconomiques.com\/index.php?rest_route=\/wp\/v2\/media\/7536"}],"wp:attachment":[{"href":"https:\/\/challengeseconomiques.com\/index.php?rest_route=%2Fwp%2Fv2%2Fmedia&parent=7535"}],"wp:term":[{"taxonomy":"category","embeddable":true,"href":"https:\/\/challengeseconomiques.com\/index.php?rest_route=%2Fwp%2Fv2%2Fcategories&post=7535"},{"taxonomy":"post_tag","embeddable":true,"href":"https:\/\/challengeseconomiques.com\/index.php?rest_route=%2Fwp%2Fv2%2Ftags&post=7535"}],"curies":[{"name":"wp","href":"https:\/\/api.w.org\/{rel}","templated":true}]}}