{"id":7528,"date":"2024-12-26T18:19:33","date_gmt":"2024-12-26T18:19:33","guid":{"rendered":"https:\/\/challengeseconomiques.com\/?p=7528"},"modified":"2024-12-26T18:20:12","modified_gmt":"2024-12-26T18:20:12","slug":"des-prets-de-la-societe-financiere-internationale-en-faveur-de-la-sococim-et-du-groupe-azalai","status":"publish","type":"post","link":"https:\/\/challengeseconomiques.com\/?p=7528","title":{"rendered":"Des pr\u00eats de la Soci\u00e9t\u00e9 financi\u00e8re internationale en faveur de la Sococim et du groupe Azala\u00ef"},"content":{"rendered":"<p><strong>Makhtar Diop, Dg de la SFI au sortir de l&rsquo;audience avec le pr\u00e9sident Bassirou Diomaye Faye<\/strong><\/p>\n<p>La Soci\u00e9t\u00e9 financi\u00e8re internationale (SFI), l\u2019organe charg\u00e9 du financement du secteur priv\u00e9 \u00e0 la Banque mondiale, annonce avoir accord\u00e9 un pr\u00eat vert de 49,1 milliards de francs CFA \u00e0 la Sococim et un pr\u00eat de 6,5 milliards de francs CFA au groupe h\u00f4telier Azala\u00ef.<\/p>\n<p>Le financement dont b\u00e9n\u00e9ficie la Sococim permettra \u00e0 cette cimenterie s\u00e9n\u00e9galaise d\u2019\u2018\u2019accro\u00eetre la production de ciment bas carbone et de contribuer \u00e0 combler le d\u00e9ficit de logements dans le pays\u2019\u2019, explique la SFI dans un communiqu\u00e9 publi\u00e9 \u00e0 la fin d\u2019une visite \u00e0 Dakar de son directeur g\u00e9n\u00e9ral, le S\u00e9n\u00e9galais Makhtar Diop.<\/p>\n<p>\u2018\u2019\u00c0 la suite d\u2019un pr\u00e9c\u00e9dent financement accord\u00e9 en f\u00e9vrier 2023, le nouveau financement de la SFI soutiendra le plan de modernisation des op\u00e9rations de la Sococim, y compris l\u2019adoption de technologies plus efficaces et de combustibles alternatifs\u2019\u2019, explique la Soci\u00e9t\u00e9 financi\u00e8re internationale.<\/p>\n<p>Elle ajoute que \u2018\u2019cette initiative devrait permettre de r\u00e9duire les \u00e9missions de gaz \u00e0 effet de serre de l\u2019entreprise de 312.000 tonnes [de gaz carbonique] par an, d\u2019ici \u00e0 2030\u2019\u2019.<\/p>\n<p>&nbsp;<\/p>\n<p>Avec le pr\u00eat accord\u00e9 au groupe Azala\u00ef, la SFI va \u2018\u2019soutenir le secteur du tourisme au S\u00e9n\u00e9gal\u2019\u2019 et aider \u00e0 satisfaire les besoins en fonds de roulement de cette entreprise de l\u2019h\u00f4tellerie, ainsi que ses plans d\u2019expansion r\u00e9gionale.<\/p>\n<p>\u2018\u2019Ces plans incluent l\u2019h\u00f4tel Azala\u00ef Dakar, r\u00e9cemment ouvert dans la capitale s\u00e9n\u00e9galaise, la reconstruction de l\u2019h\u00f4tel Azala\u00ef Ind\u00e9pendance \u00e0 Ouagadougou, et la remise \u00e0 neuf du Grand H\u00f4tel Bamako, \u00e0 Bamako\u2019\u2019, affirme le communiqu\u00e9.<\/p>\n<p>Il assure que \u2018\u2019l\u2019investissement de la SFI [\u2026] favorisera la cr\u00e9ation d\u2019emplois formels directs et indirects qualifi\u00e9s\u2019\u2019.<\/p>\n<p>Le financement accord\u00e9 par la Soci\u00e9t\u00e9 financi\u00e8re internationale \u2018\u2019stimulera le d\u00e9veloppement des cha\u00eenes d\u2019approvisionnement locales dans les pays cibles, notamment pour les PME\u2019\u2019.<\/p>\n<p>\u2018\u2019Ces projets soulignent l\u2019engagement de la SFI \u00e0 favoriser la croissance \u00e9conomique durable et le d\u00e9veloppement au S\u00e9n\u00e9gal. En investissant dans des secteurs cl\u00e9s tels que le tourisme et l\u2019industrie manufacturi\u00e8re, la SFI et ses partenaires jettent les bases d\u2019un secteur priv\u00e9 plus fort et plus r\u00e9silient\u2019\u2019, assure Makhtar Diop.<\/p>\n<p><strong>\u2018\u2019Cr\u00e9er des opportunit\u00e9s, am\u00e9liorer le niveau de vie\u2026\u2019\u2019<\/strong><\/p>\n<p>Le communiqu\u00e9, citant M. Diop, ajoute que le financement de ces projets est la preuve de l\u2019\u2018\u2019engagement\u2019\u2019 de la Soci\u00e9t\u00e9 financi\u00e8re internationale \u00e0 \u2018\u2019cr\u00e9er des opportunit\u00e9s, \u00e0 am\u00e9liorer le niveau de vie et \u00e0 favoriser une croissance inclusive pour le peuple s\u00e9n\u00e9galais\u2019\u2019.<\/p>\n<p>Au S\u00e9n\u00e9gal, Makhtar Diop a rencontr\u00e9 le pr\u00e9sident de la R\u00e9publique, Bassirou Diomaye Faye, le Premier ministre, Ousmane Sonko, le ministre de l\u2019Agriculture, de la Souverainet\u00e9 alimentaire et de l\u2019\u00c9levage, ainsi que ses coll\u00e8gues charg\u00e9s de l\u2019\u00c9nergie, du P\u00e9trole et des Mines, de l\u2019Industrie et du Commerce.<\/p>\n<p>M. Diop s\u2019est entretenu aussi avec des dirigeants du secteur priv\u00e9 et des fondateurs de start-ups technologiques.<\/p>\n<p>\u2018\u2019Il a soulign\u00e9 l\u2019engagement croissant de la SFI \u00e0 soutenir le d\u00e9veloppement et la diversification de l\u2019\u00e9conomie du pays\u2019\u2019, rapporte le communiqu\u00e9.<\/p>\n<p><strong>(APS)<br \/>\n<\/strong><\/p>\n","protected":false},"excerpt":{"rendered":"<p>Makhtar Diop, Dg de la SFI au sortir de l&rsquo;audience avec le pr\u00e9sident Bassirou Diomaye Faye La Soci\u00e9t\u00e9 financi\u00e8re internationale (SFI), l\u2019organe charg\u00e9 du financement&#8230;<\/p>\n","protected":false},"author":1,"featured_media":7529,"comment_status":"closed","ping_status":"open","sticky":false,"template":"","format":"standard","meta":{"_jetpack_memberships_contains_paid_content":false,"footnotes":""},"categories":[23,8],"tags":[],"class_list":["post-7528","post","type-post","status-publish","format-standard","has-post-thumbnail","hentry","category-a-la-une","category-actualite-economique","wpcat-23-id","wpcat-8-id"],"yoast_head":"<!-- This site is optimized with the Yoast SEO plugin v27.1.1 - https:\/\/yoast.com\/product\/yoast-seo-wordpress\/ -->\n<title>Des pr\u00eats de la Soci\u00e9t\u00e9 financi\u00e8re internationale en faveur de la Sococim et du groupe Azala\u00ef - challenges economiques<\/title>\n<meta name=\"robots\" content=\"index, follow, max-snippet:-1, max-image-preview:large, max-video-preview:-1\" \/>\n<link rel=\"canonical\" href=\"https:\/\/challengeseconomiques.com\/?p=7528\" \/>\n<meta property=\"og:locale\" content=\"fr_FR\" \/>\n<meta property=\"og:type\" content=\"article\" \/>\n<meta property=\"og:title\" content=\"Des pr\u00eats de la Soci\u00e9t\u00e9 financi\u00e8re internationale en faveur de la Sococim et du groupe Azala\u00ef - challenges economiques\" \/>\n<meta property=\"og:description\" content=\"Makhtar Diop, Dg de la SFI au sortir de l&rsquo;audience avec le pr\u00e9sident Bassirou Diomaye Faye La Soci\u00e9t\u00e9 financi\u00e8re internationale (SFI), l\u2019organe charg\u00e9 du financement...\" \/>\n<meta property=\"og:url\" content=\"https:\/\/challengeseconomiques.com\/?p=7528\" \/>\n<meta property=\"og:site_name\" content=\"challenges economiques\" \/>\n<meta property=\"article:published_time\" content=\"2024-12-26T18:19:33+00:00\" \/>\n<meta property=\"article:modified_time\" content=\"2024-12-26T18:20:12+00:00\" \/>\n<meta property=\"og:image\" content=\"https:\/\/challengeseconomiques.com\/wp-content\/uploads\/2024\/12\/makhtardiopsfi.jpg\" \/>\n\t<meta property=\"og:image:width\" content=\"600\" \/>\n\t<meta property=\"og:image:height\" content=\"364\" \/>\n\t<meta property=\"og:image:type\" content=\"image\/jpeg\" \/>\n<meta name=\"author\" content=\"admin\" \/>\n<meta name=\"twitter:card\" content=\"summary_large_image\" \/>\n<meta name=\"twitter:label1\" content=\"\u00c9crit par\" \/>\n\t<meta name=\"twitter:data1\" content=\"admin\" \/>\n\t<meta name=\"twitter:label2\" content=\"Dur\u00e9e de lecture estim\u00e9e\" \/>\n\t<meta name=\"twitter:data2\" content=\"3 minutes\" \/>\n<script type=\"application\/ld+json\" class=\"yoast-schema-graph\">{\"@context\":\"https:\/\/schema.org\",\"@graph\":[{\"@type\":\"Article\",\"@id\":\"https:\/\/challengeseconomiques.com\/?p=7528#article\",\"isPartOf\":{\"@id\":\"https:\/\/challengeseconomiques.com\/?p=7528\"},\"author\":{\"name\":\"admin\",\"@id\":\"https:\/\/challengeseconomiques.com\/#\/schema\/person\/b4568c9afebc5a9238a771873801e349\"},\"headline\":\"Des pr\u00eats de la Soci\u00e9t\u00e9 financi\u00e8re internationale en faveur de la Sococim et du groupe Azala\u00ef\",\"datePublished\":\"2024-12-26T18:19:33+00:00\",\"dateModified\":\"2024-12-26T18:20:12+00:00\",\"mainEntityOfPage\":{\"@id\":\"https:\/\/challengeseconomiques.com\/?p=7528\"},\"wordCount\":570,\"image\":{\"@id\":\"https:\/\/challengeseconomiques.com\/?p=7528#primaryimage\"},\"thumbnailUrl\":\"https:\/\/challengeseconomiques.com\/wp-content\/uploads\/2024\/12\/makhtardiopsfi.jpg\",\"articleSection\":[\"A la une\",\"Actualit\u00e9 \u00e9conomique\"],\"inLanguage\":\"fr-FR\"},{\"@type\":\"WebPage\",\"@id\":\"https:\/\/challengeseconomiques.com\/?p=7528\",\"url\":\"https:\/\/challengeseconomiques.com\/?p=7528\",\"name\":\"Des pr\u00eats de la Soci\u00e9t\u00e9 financi\u00e8re internationale en faveur de la Sococim et du groupe Azala\u00ef - challenges economiques\",\"isPartOf\":{\"@id\":\"https:\/\/challengeseconomiques.com\/#website\"},\"primaryImageOfPage\":{\"@id\":\"https:\/\/challengeseconomiques.com\/?p=7528#primaryimage\"},\"image\":{\"@id\":\"https:\/\/challengeseconomiques.com\/?p=7528#primaryimage\"},\"thumbnailUrl\":\"https:\/\/challengeseconomiques.com\/wp-content\/uploads\/2024\/12\/makhtardiopsfi.jpg\",\"datePublished\":\"2024-12-26T18:19:33+00:00\",\"dateModified\":\"2024-12-26T18:20:12+00:00\",\"author\":{\"@id\":\"https:\/\/challengeseconomiques.com\/#\/schema\/person\/b4568c9afebc5a9238a771873801e349\"},\"breadcrumb\":{\"@id\":\"https:\/\/challengeseconomiques.com\/?p=7528#breadcrumb\"},\"inLanguage\":\"fr-FR\",\"potentialAction\":[{\"@type\":\"ReadAction\",\"target\":[\"https:\/\/challengeseconomiques.com\/?p=7528\"]}]},{\"@type\":\"ImageObject\",\"inLanguage\":\"fr-FR\",\"@id\":\"https:\/\/challengeseconomiques.com\/?p=7528#primaryimage\",\"url\":\"https:\/\/challengeseconomiques.com\/wp-content\/uploads\/2024\/12\/makhtardiopsfi.jpg\",\"contentUrl\":\"https:\/\/challengeseconomiques.com\/wp-content\/uploads\/2024\/12\/makhtardiopsfi.jpg\",\"width\":600,\"height\":364},{\"@type\":\"BreadcrumbList\",\"@id\":\"https:\/\/challengeseconomiques.com\/?p=7528#breadcrumb\",\"itemListElement\":[{\"@type\":\"ListItem\",\"position\":1,\"name\":\"Home\",\"item\":\"https:\/\/challengeseconomiques.com\/\"},{\"@type\":\"ListItem\",\"position\":2,\"name\":\"Des pr\u00eats de la Soci\u00e9t\u00e9 financi\u00e8re internationale en faveur de la Sococim et du groupe Azala\u00ef\"}]},{\"@type\":\"WebSite\",\"@id\":\"https:\/\/challengeseconomiques.com\/#website\",\"url\":\"https:\/\/challengeseconomiques.com\/\",\"name\":\"challenges economiques\",\"description\":\"\",\"potentialAction\":[{\"@type\":\"SearchAction\",\"target\":{\"@type\":\"EntryPoint\",\"urlTemplate\":\"https:\/\/challengeseconomiques.com\/?s={search_term_string}\"},\"query-input\":{\"@type\":\"PropertyValueSpecification\",\"valueRequired\":true,\"valueName\":\"search_term_string\"}}],\"inLanguage\":\"fr-FR\"},{\"@type\":\"Person\",\"@id\":\"https:\/\/challengeseconomiques.com\/#\/schema\/person\/b4568c9afebc5a9238a771873801e349\",\"name\":\"admin\",\"image\":{\"@type\":\"ImageObject\",\"inLanguage\":\"fr-FR\",\"@id\":\"https:\/\/challengeseconomiques.com\/#\/schema\/person\/image\/\",\"url\":\"https:\/\/secure.gravatar.com\/avatar\/099e42240b5eea11acdb72751fcce0dd918603f0749d24974b7984ea47ed9fd9?s=96&d=mm&r=g\",\"contentUrl\":\"https:\/\/secure.gravatar.com\/avatar\/099e42240b5eea11acdb72751fcce0dd918603f0749d24974b7984ea47ed9fd9?s=96&d=mm&r=g\",\"caption\":\"admin\"},\"sameAs\":[\"https:\/\/challengeseconomiques.com\"],\"url\":\"https:\/\/challengeseconomiques.com\/?author=1\"}]}<\/script>\n<!-- \/ Yoast SEO plugin. -->","yoast_head_json":{"title":"Des pr\u00eats de la Soci\u00e9t\u00e9 financi\u00e8re internationale en faveur de la Sococim et du groupe Azala\u00ef - challenges economiques","robots":{"index":"index","follow":"follow","max-snippet":"max-snippet:-1","max-image-preview":"max-image-preview:large","max-video-preview":"max-video-preview:-1"},"canonical":"https:\/\/challengeseconomiques.com\/?p=7528","og_locale":"fr_FR","og_type":"article","og_title":"Des pr\u00eats de la Soci\u00e9t\u00e9 financi\u00e8re internationale en faveur de la Sococim et du groupe Azala\u00ef - challenges economiques","og_description":"Makhtar Diop, Dg de la SFI au sortir de l&rsquo;audience avec le pr\u00e9sident Bassirou Diomaye Faye La Soci\u00e9t\u00e9 financi\u00e8re internationale (SFI), l\u2019organe charg\u00e9 du financement...","og_url":"https:\/\/challengeseconomiques.com\/?p=7528","og_site_name":"challenges economiques","article_published_time":"2024-12-26T18:19:33+00:00","article_modified_time":"2024-12-26T18:20:12+00:00","og_image":[{"width":600,"height":364,"url":"https:\/\/challengeseconomiques.com\/wp-content\/uploads\/2024\/12\/makhtardiopsfi.jpg","type":"image\/jpeg"}],"author":"admin","twitter_card":"summary_large_image","twitter_misc":{"\u00c9crit par":"admin","Dur\u00e9e de lecture estim\u00e9e":"3 minutes"},"schema":{"@context":"https:\/\/schema.org","@graph":[{"@type":"Article","@id":"https:\/\/challengeseconomiques.com\/?p=7528#article","isPartOf":{"@id":"https:\/\/challengeseconomiques.com\/?p=7528"},"author":{"name":"admin","@id":"https:\/\/challengeseconomiques.com\/#\/schema\/person\/b4568c9afebc5a9238a771873801e349"},"headline":"Des pr\u00eats de la Soci\u00e9t\u00e9 financi\u00e8re internationale en faveur de la Sococim et du groupe Azala\u00ef","datePublished":"2024-12-26T18:19:33+00:00","dateModified":"2024-12-26T18:20:12+00:00","mainEntityOfPage":{"@id":"https:\/\/challengeseconomiques.com\/?p=7528"},"wordCount":570,"image":{"@id":"https:\/\/challengeseconomiques.com\/?p=7528#primaryimage"},"thumbnailUrl":"https:\/\/challengeseconomiques.com\/wp-content\/uploads\/2024\/12\/makhtardiopsfi.jpg","articleSection":["A la une","Actualit\u00e9 \u00e9conomique"],"inLanguage":"fr-FR"},{"@type":"WebPage","@id":"https:\/\/challengeseconomiques.com\/?p=7528","url":"https:\/\/challengeseconomiques.com\/?p=7528","name":"Des pr\u00eats de la Soci\u00e9t\u00e9 financi\u00e8re internationale en faveur de la Sococim et du groupe Azala\u00ef - challenges economiques","isPartOf":{"@id":"https:\/\/challengeseconomiques.com\/#website"},"primaryImageOfPage":{"@id":"https:\/\/challengeseconomiques.com\/?p=7528#primaryimage"},"image":{"@id":"https:\/\/challengeseconomiques.com\/?p=7528#primaryimage"},"thumbnailUrl":"https:\/\/challengeseconomiques.com\/wp-content\/uploads\/2024\/12\/makhtardiopsfi.jpg","datePublished":"2024-12-26T18:19:33+00:00","dateModified":"2024-12-26T18:20:12+00:00","author":{"@id":"https:\/\/challengeseconomiques.com\/#\/schema\/person\/b4568c9afebc5a9238a771873801e349"},"breadcrumb":{"@id":"https:\/\/challengeseconomiques.com\/?p=7528#breadcrumb"},"inLanguage":"fr-FR","potentialAction":[{"@type":"ReadAction","target":["https:\/\/challengeseconomiques.com\/?p=7528"]}]},{"@type":"ImageObject","inLanguage":"fr-FR","@id":"https:\/\/challengeseconomiques.com\/?p=7528#primaryimage","url":"https:\/\/challengeseconomiques.com\/wp-content\/uploads\/2024\/12\/makhtardiopsfi.jpg","contentUrl":"https:\/\/challengeseconomiques.com\/wp-content\/uploads\/2024\/12\/makhtardiopsfi.jpg","width":600,"height":364},{"@type":"BreadcrumbList","@id":"https:\/\/challengeseconomiques.com\/?p=7528#breadcrumb","itemListElement":[{"@type":"ListItem","position":1,"name":"Home","item":"https:\/\/challengeseconomiques.com\/"},{"@type":"ListItem","position":2,"name":"Des pr\u00eats de la Soci\u00e9t\u00e9 financi\u00e8re internationale en faveur de la Sococim et du groupe Azala\u00ef"}]},{"@type":"WebSite","@id":"https:\/\/challengeseconomiques.com\/#website","url":"https:\/\/challengeseconomiques.com\/","name":"challenges economiques","description":"","potentialAction":[{"@type":"SearchAction","target":{"@type":"EntryPoint","urlTemplate":"https:\/\/challengeseconomiques.com\/?s={search_term_string}"},"query-input":{"@type":"PropertyValueSpecification","valueRequired":true,"valueName":"search_term_string"}}],"inLanguage":"fr-FR"},{"@type":"Person","@id":"https:\/\/challengeseconomiques.com\/#\/schema\/person\/b4568c9afebc5a9238a771873801e349","name":"admin","image":{"@type":"ImageObject","inLanguage":"fr-FR","@id":"https:\/\/challengeseconomiques.com\/#\/schema\/person\/image\/","url":"https:\/\/secure.gravatar.com\/avatar\/099e42240b5eea11acdb72751fcce0dd918603f0749d24974b7984ea47ed9fd9?s=96&d=mm&r=g","contentUrl":"https:\/\/secure.gravatar.com\/avatar\/099e42240b5eea11acdb72751fcce0dd918603f0749d24974b7984ea47ed9fd9?s=96&d=mm&r=g","caption":"admin"},"sameAs":["https:\/\/challengeseconomiques.com"],"url":"https:\/\/challengeseconomiques.com\/?author=1"}]}},"jetpack_featured_media_url":"https:\/\/challengeseconomiques.com\/wp-content\/uploads\/2024\/12\/makhtardiopsfi.jpg","jetpack_sharing_enabled":true,"_links":{"self":[{"href":"https:\/\/challengeseconomiques.com\/index.php?rest_route=\/wp\/v2\/posts\/7528","targetHints":{"allow":["GET"]}}],"collection":[{"href":"https:\/\/challengeseconomiques.com\/index.php?rest_route=\/wp\/v2\/posts"}],"about":[{"href":"https:\/\/challengeseconomiques.com\/index.php?rest_route=\/wp\/v2\/types\/post"}],"author":[{"embeddable":true,"href":"https:\/\/challengeseconomiques.com\/index.php?rest_route=\/wp\/v2\/users\/1"}],"replies":[{"embeddable":true,"href":"https:\/\/challengeseconomiques.com\/index.php?rest_route=%2Fwp%2Fv2%2Fcomments&post=7528"}],"version-history":[{"count":1,"href":"https:\/\/challengeseconomiques.com\/index.php?rest_route=\/wp\/v2\/posts\/7528\/revisions"}],"predecessor-version":[{"id":7530,"href":"https:\/\/challengeseconomiques.com\/index.php?rest_route=\/wp\/v2\/posts\/7528\/revisions\/7530"}],"wp:featuredmedia":[{"embeddable":true,"href":"https:\/\/challengeseconomiques.com\/index.php?rest_route=\/wp\/v2\/media\/7529"}],"wp:attachment":[{"href":"https:\/\/challengeseconomiques.com\/index.php?rest_route=%2Fwp%2Fv2%2Fmedia&parent=7528"}],"wp:term":[{"taxonomy":"category","embeddable":true,"href":"https:\/\/challengeseconomiques.com\/index.php?rest_route=%2Fwp%2Fv2%2Fcategories&post=7528"},{"taxonomy":"post_tag","embeddable":true,"href":"https:\/\/challengeseconomiques.com\/index.php?rest_route=%2Fwp%2Fv2%2Ftags&post=7528"}],"curies":[{"name":"wp","href":"https:\/\/api.w.org\/{rel}","templated":true}]}}