{"id":7525,"date":"2024-12-24T12:59:31","date_gmt":"2024-12-24T12:59:31","guid":{"rendered":"https:\/\/challengeseconomiques.com\/?p=7525"},"modified":"2024-12-31T17:00:54","modified_gmt":"2024-12-31T17:00:54","slug":"la-bicis-espere-figurer-dans-le-top-3-des-banques-de-la-place-de-dakar-a-lhorizon-2026-selon-son-dg","status":"publish","type":"post","link":"https:\/\/challengeseconomiques.com\/?p=7525","title":{"rendered":"La Bicis esp\u00e8re figurer dans le top 3 des banques de la place de Dakar  \u00e0 l\u2019horizon 2026 selon son DG"},"content":{"rendered":"<p>Apr\u00e8s sa reprise par le groupe SUNU, du d\u00e9funt PDG, Path\u00e9 Dione, la Bicis semble \u00eatre dans une bonne dynamique de croissance. La banque figure dans le top 10 des banques du S\u00e9n\u00e9gal et elle est aujourd\u2019hui, \u00e0 la 7e place au niveau des emplois et \u00e0 la 6<sup>\u00e8me<\/sup>, \u00a0au niveau des ressources. Dans un entretien accord\u00e9 \u00e0 nos confr\u00e8res du quotidien Le Soleil, le Directrice g\u00e9n\u00e9rale, de l\u2019ancienne filiale de BNP Paribas, Mme Nd\u00e8ye Coumba Teuw Aw \u00a0d\u00e9clare \u00a0esp\u00e9rer que la Bicis va \u00a0figurer parmi le top 3 des banques \u00e0 l\u2019horizon 2026. Une place que la banque a \u00a0pour rappel occup\u00e9e, il y a quelques ann\u00e9es. Dans cette dynamique, la patronne de la Bicis a indiqu\u00e9 \u00e0 notre confr\u00e8re que , sa banque \u00a0se positionne comme une banque universelle, avec un r\u00e9seau d\u2019une trentaine d\u2019agences , accueillant environ 80.000 clients. La banque pratique une politique \u00e9quilibr\u00e9e pour satisfaire la client\u00e8le, aussi bien Corporate que particuliers et professionnels selon elle.<\/p>\n<p>Mme Nd\u00e8ye Coumba Teuw Aw a \u00e9galement indiqu\u00e9 qu\u2019avec le groupe Sunu, ils affichent une volont\u00e9 d\u2019accompagner les Pme-Pmi, pour mieux s\u2019impliquer dans l\u2019\u00e9conomie nationale, tout en assistant toujours leur client\u00e8le Corporate, laquelle \u00a0continue \u00e0 l\u2019en croire, de porter leurs plus gros engagements. Elle a fait noter que dans ce d\u00e9veloppement, la client\u00e8le particuliers et professionnels, est \u00e9galement privil\u00e9gi\u00e9e.<\/p>\n","protected":false},"excerpt":{"rendered":"<p>Apr\u00e8s sa reprise par le groupe SUNU, du d\u00e9funt PDG, Path\u00e9 Dione, la Bicis semble \u00eatre dans une bonne dynamique de croissance. La banque figure&#8230;<\/p>\n","protected":false},"author":1,"featured_media":7526,"comment_status":"closed","ping_status":"open","sticky":false,"template":"","format":"standard","meta":{"_jetpack_memberships_contains_paid_content":false,"footnotes":""},"categories":[23,8],"tags":[],"class_list":["post-7525","post","type-post","status-publish","format-standard","has-post-thumbnail","hentry","category-a-la-une","category-actualite-economique","wpcat-23-id","wpcat-8-id"],"yoast_head":"<!-- This site is optimized with the Yoast SEO plugin v27.1.1 - https:\/\/yoast.com\/product\/yoast-seo-wordpress\/ -->\n<title>La Bicis esp\u00e8re figurer dans le top 3 des banques de la place de Dakar \u00e0 l\u2019horizon 2026 selon son DG - challenges economiques<\/title>\n<meta name=\"robots\" content=\"index, follow, max-snippet:-1, max-image-preview:large, max-video-preview:-1\" \/>\n<link rel=\"canonical\" href=\"https:\/\/challengeseconomiques.com\/?p=7525\" \/>\n<meta property=\"og:locale\" content=\"fr_FR\" \/>\n<meta property=\"og:type\" content=\"article\" \/>\n<meta property=\"og:title\" content=\"La Bicis esp\u00e8re figurer dans le top 3 des banques de la place de Dakar \u00e0 l\u2019horizon 2026 selon son DG - challenges economiques\" \/>\n<meta property=\"og:description\" content=\"Apr\u00e8s sa reprise par le groupe SUNU, du d\u00e9funt PDG, Path\u00e9 Dione, la Bicis semble \u00eatre dans une bonne dynamique de croissance. La banque figure...\" \/>\n<meta property=\"og:url\" content=\"https:\/\/challengeseconomiques.com\/?p=7525\" \/>\n<meta property=\"og:site_name\" content=\"challenges economiques\" \/>\n<meta property=\"article:published_time\" content=\"2024-12-24T12:59:31+00:00\" \/>\n<meta property=\"article:modified_time\" content=\"2024-12-31T17:00:54+00:00\" \/>\n<meta property=\"og:image\" content=\"https:\/\/challengeseconomiques.com\/wp-content\/uploads\/2024\/12\/Ndeye-Coumba-Tew-Aw-premiere-directrice-a-lere-Sunu-Bicis-au-service-de-linnovation-991x564-1.png\" \/>\n\t<meta property=\"og:image:width\" content=\"991\" \/>\n\t<meta property=\"og:image:height\" content=\"564\" \/>\n\t<meta property=\"og:image:type\" content=\"image\/png\" \/>\n<meta name=\"author\" content=\"admin\" \/>\n<meta name=\"twitter:card\" content=\"summary_large_image\" \/>\n<meta name=\"twitter:label1\" content=\"\u00c9crit par\" \/>\n\t<meta name=\"twitter:data1\" content=\"admin\" \/>\n\t<meta name=\"twitter:label2\" content=\"Dur\u00e9e de lecture estim\u00e9e\" \/>\n\t<meta name=\"twitter:data2\" content=\"1 minute\" \/>\n<script type=\"application\/ld+json\" class=\"yoast-schema-graph\">{\"@context\":\"https:\/\/schema.org\",\"@graph\":[{\"@type\":\"Article\",\"@id\":\"https:\/\/challengeseconomiques.com\/?p=7525#article\",\"isPartOf\":{\"@id\":\"https:\/\/challengeseconomiques.com\/?p=7525\"},\"author\":{\"name\":\"admin\",\"@id\":\"https:\/\/challengeseconomiques.com\/#\/schema\/person\/b4568c9afebc5a9238a771873801e349\"},\"headline\":\"La Bicis esp\u00e8re figurer dans le top 3 des banques de la place de Dakar \u00e0 l\u2019horizon 2026 selon son DG\",\"datePublished\":\"2024-12-24T12:59:31+00:00\",\"dateModified\":\"2024-12-31T17:00:54+00:00\",\"mainEntityOfPage\":{\"@id\":\"https:\/\/challengeseconomiques.com\/?p=7525\"},\"wordCount\":260,\"image\":{\"@id\":\"https:\/\/challengeseconomiques.com\/?p=7525#primaryimage\"},\"thumbnailUrl\":\"https:\/\/challengeseconomiques.com\/wp-content\/uploads\/2024\/12\/Ndeye-Coumba-Tew-Aw-premiere-directrice-a-lere-Sunu-Bicis-au-service-de-linnovation-991x564-1.png\",\"articleSection\":[\"A la une\",\"Actualit\u00e9 \u00e9conomique\"],\"inLanguage\":\"fr-FR\"},{\"@type\":\"WebPage\",\"@id\":\"https:\/\/challengeseconomiques.com\/?p=7525\",\"url\":\"https:\/\/challengeseconomiques.com\/?p=7525\",\"name\":\"La Bicis esp\u00e8re figurer dans le top 3 des banques de la place de Dakar \u00e0 l\u2019horizon 2026 selon son DG - challenges economiques\",\"isPartOf\":{\"@id\":\"https:\/\/challengeseconomiques.com\/#website\"},\"primaryImageOfPage\":{\"@id\":\"https:\/\/challengeseconomiques.com\/?p=7525#primaryimage\"},\"image\":{\"@id\":\"https:\/\/challengeseconomiques.com\/?p=7525#primaryimage\"},\"thumbnailUrl\":\"https:\/\/challengeseconomiques.com\/wp-content\/uploads\/2024\/12\/Ndeye-Coumba-Tew-Aw-premiere-directrice-a-lere-Sunu-Bicis-au-service-de-linnovation-991x564-1.png\",\"datePublished\":\"2024-12-24T12:59:31+00:00\",\"dateModified\":\"2024-12-31T17:00:54+00:00\",\"author\":{\"@id\":\"https:\/\/challengeseconomiques.com\/#\/schema\/person\/b4568c9afebc5a9238a771873801e349\"},\"breadcrumb\":{\"@id\":\"https:\/\/challengeseconomiques.com\/?p=7525#breadcrumb\"},\"inLanguage\":\"fr-FR\",\"potentialAction\":[{\"@type\":\"ReadAction\",\"target\":[\"https:\/\/challengeseconomiques.com\/?p=7525\"]}]},{\"@type\":\"ImageObject\",\"inLanguage\":\"fr-FR\",\"@id\":\"https:\/\/challengeseconomiques.com\/?p=7525#primaryimage\",\"url\":\"https:\/\/challengeseconomiques.com\/wp-content\/uploads\/2024\/12\/Ndeye-Coumba-Tew-Aw-premiere-directrice-a-lere-Sunu-Bicis-au-service-de-linnovation-991x564-1.png\",\"contentUrl\":\"https:\/\/challengeseconomiques.com\/wp-content\/uploads\/2024\/12\/Ndeye-Coumba-Tew-Aw-premiere-directrice-a-lere-Sunu-Bicis-au-service-de-linnovation-991x564-1.png\",\"width\":991,\"height\":564},{\"@type\":\"BreadcrumbList\",\"@id\":\"https:\/\/challengeseconomiques.com\/?p=7525#breadcrumb\",\"itemListElement\":[{\"@type\":\"ListItem\",\"position\":1,\"name\":\"Home\",\"item\":\"https:\/\/challengeseconomiques.com\/\"},{\"@type\":\"ListItem\",\"position\":2,\"name\":\"La Bicis esp\u00e8re figurer dans le top 3 des banques de la place de Dakar \u00e0 l\u2019horizon 2026 selon son DG\"}]},{\"@type\":\"WebSite\",\"@id\":\"https:\/\/challengeseconomiques.com\/#website\",\"url\":\"https:\/\/challengeseconomiques.com\/\",\"name\":\"challenges economiques\",\"description\":\"\",\"potentialAction\":[{\"@type\":\"SearchAction\",\"target\":{\"@type\":\"EntryPoint\",\"urlTemplate\":\"https:\/\/challengeseconomiques.com\/?s={search_term_string}\"},\"query-input\":{\"@type\":\"PropertyValueSpecification\",\"valueRequired\":true,\"valueName\":\"search_term_string\"}}],\"inLanguage\":\"fr-FR\"},{\"@type\":\"Person\",\"@id\":\"https:\/\/challengeseconomiques.com\/#\/schema\/person\/b4568c9afebc5a9238a771873801e349\",\"name\":\"admin\",\"image\":{\"@type\":\"ImageObject\",\"inLanguage\":\"fr-FR\",\"@id\":\"https:\/\/challengeseconomiques.com\/#\/schema\/person\/image\/\",\"url\":\"https:\/\/secure.gravatar.com\/avatar\/099e42240b5eea11acdb72751fcce0dd918603f0749d24974b7984ea47ed9fd9?s=96&d=mm&r=g\",\"contentUrl\":\"https:\/\/secure.gravatar.com\/avatar\/099e42240b5eea11acdb72751fcce0dd918603f0749d24974b7984ea47ed9fd9?s=96&d=mm&r=g\",\"caption\":\"admin\"},\"sameAs\":[\"https:\/\/challengeseconomiques.com\"],\"url\":\"https:\/\/challengeseconomiques.com\/?author=1\"}]}<\/script>\n<!-- \/ Yoast SEO plugin. -->","yoast_head_json":{"title":"La Bicis esp\u00e8re figurer dans le top 3 des banques de la place de Dakar \u00e0 l\u2019horizon 2026 selon son DG - challenges economiques","robots":{"index":"index","follow":"follow","max-snippet":"max-snippet:-1","max-image-preview":"max-image-preview:large","max-video-preview":"max-video-preview:-1"},"canonical":"https:\/\/challengeseconomiques.com\/?p=7525","og_locale":"fr_FR","og_type":"article","og_title":"La Bicis esp\u00e8re figurer dans le top 3 des banques de la place de Dakar \u00e0 l\u2019horizon 2026 selon son DG - challenges economiques","og_description":"Apr\u00e8s sa reprise par le groupe SUNU, du d\u00e9funt PDG, Path\u00e9 Dione, la Bicis semble \u00eatre dans une bonne dynamique de croissance. La banque figure...","og_url":"https:\/\/challengeseconomiques.com\/?p=7525","og_site_name":"challenges economiques","article_published_time":"2024-12-24T12:59:31+00:00","article_modified_time":"2024-12-31T17:00:54+00:00","og_image":[{"width":991,"height":564,"url":"https:\/\/challengeseconomiques.com\/wp-content\/uploads\/2024\/12\/Ndeye-Coumba-Tew-Aw-premiere-directrice-a-lere-Sunu-Bicis-au-service-de-linnovation-991x564-1.png","type":"image\/png"}],"author":"admin","twitter_card":"summary_large_image","twitter_misc":{"\u00c9crit par":"admin","Dur\u00e9e de lecture estim\u00e9e":"1 minute"},"schema":{"@context":"https:\/\/schema.org","@graph":[{"@type":"Article","@id":"https:\/\/challengeseconomiques.com\/?p=7525#article","isPartOf":{"@id":"https:\/\/challengeseconomiques.com\/?p=7525"},"author":{"name":"admin","@id":"https:\/\/challengeseconomiques.com\/#\/schema\/person\/b4568c9afebc5a9238a771873801e349"},"headline":"La Bicis esp\u00e8re figurer dans le top 3 des banques de la place de Dakar \u00e0 l\u2019horizon 2026 selon son DG","datePublished":"2024-12-24T12:59:31+00:00","dateModified":"2024-12-31T17:00:54+00:00","mainEntityOfPage":{"@id":"https:\/\/challengeseconomiques.com\/?p=7525"},"wordCount":260,"image":{"@id":"https:\/\/challengeseconomiques.com\/?p=7525#primaryimage"},"thumbnailUrl":"https:\/\/challengeseconomiques.com\/wp-content\/uploads\/2024\/12\/Ndeye-Coumba-Tew-Aw-premiere-directrice-a-lere-Sunu-Bicis-au-service-de-linnovation-991x564-1.png","articleSection":["A la une","Actualit\u00e9 \u00e9conomique"],"inLanguage":"fr-FR"},{"@type":"WebPage","@id":"https:\/\/challengeseconomiques.com\/?p=7525","url":"https:\/\/challengeseconomiques.com\/?p=7525","name":"La Bicis esp\u00e8re figurer dans le top 3 des banques de la place de Dakar \u00e0 l\u2019horizon 2026 selon son DG - challenges economiques","isPartOf":{"@id":"https:\/\/challengeseconomiques.com\/#website"},"primaryImageOfPage":{"@id":"https:\/\/challengeseconomiques.com\/?p=7525#primaryimage"},"image":{"@id":"https:\/\/challengeseconomiques.com\/?p=7525#primaryimage"},"thumbnailUrl":"https:\/\/challengeseconomiques.com\/wp-content\/uploads\/2024\/12\/Ndeye-Coumba-Tew-Aw-premiere-directrice-a-lere-Sunu-Bicis-au-service-de-linnovation-991x564-1.png","datePublished":"2024-12-24T12:59:31+00:00","dateModified":"2024-12-31T17:00:54+00:00","author":{"@id":"https:\/\/challengeseconomiques.com\/#\/schema\/person\/b4568c9afebc5a9238a771873801e349"},"breadcrumb":{"@id":"https:\/\/challengeseconomiques.com\/?p=7525#breadcrumb"},"inLanguage":"fr-FR","potentialAction":[{"@type":"ReadAction","target":["https:\/\/challengeseconomiques.com\/?p=7525"]}]},{"@type":"ImageObject","inLanguage":"fr-FR","@id":"https:\/\/challengeseconomiques.com\/?p=7525#primaryimage","url":"https:\/\/challengeseconomiques.com\/wp-content\/uploads\/2024\/12\/Ndeye-Coumba-Tew-Aw-premiere-directrice-a-lere-Sunu-Bicis-au-service-de-linnovation-991x564-1.png","contentUrl":"https:\/\/challengeseconomiques.com\/wp-content\/uploads\/2024\/12\/Ndeye-Coumba-Tew-Aw-premiere-directrice-a-lere-Sunu-Bicis-au-service-de-linnovation-991x564-1.png","width":991,"height":564},{"@type":"BreadcrumbList","@id":"https:\/\/challengeseconomiques.com\/?p=7525#breadcrumb","itemListElement":[{"@type":"ListItem","position":1,"name":"Home","item":"https:\/\/challengeseconomiques.com\/"},{"@type":"ListItem","position":2,"name":"La Bicis esp\u00e8re figurer dans le top 3 des banques de la place de Dakar \u00e0 l\u2019horizon 2026 selon son DG"}]},{"@type":"WebSite","@id":"https:\/\/challengeseconomiques.com\/#website","url":"https:\/\/challengeseconomiques.com\/","name":"challenges economiques","description":"","potentialAction":[{"@type":"SearchAction","target":{"@type":"EntryPoint","urlTemplate":"https:\/\/challengeseconomiques.com\/?s={search_term_string}"},"query-input":{"@type":"PropertyValueSpecification","valueRequired":true,"valueName":"search_term_string"}}],"inLanguage":"fr-FR"},{"@type":"Person","@id":"https:\/\/challengeseconomiques.com\/#\/schema\/person\/b4568c9afebc5a9238a771873801e349","name":"admin","image":{"@type":"ImageObject","inLanguage":"fr-FR","@id":"https:\/\/challengeseconomiques.com\/#\/schema\/person\/image\/","url":"https:\/\/secure.gravatar.com\/avatar\/099e42240b5eea11acdb72751fcce0dd918603f0749d24974b7984ea47ed9fd9?s=96&d=mm&r=g","contentUrl":"https:\/\/secure.gravatar.com\/avatar\/099e42240b5eea11acdb72751fcce0dd918603f0749d24974b7984ea47ed9fd9?s=96&d=mm&r=g","caption":"admin"},"sameAs":["https:\/\/challengeseconomiques.com"],"url":"https:\/\/challengeseconomiques.com\/?author=1"}]}},"jetpack_featured_media_url":"https:\/\/challengeseconomiques.com\/wp-content\/uploads\/2024\/12\/Ndeye-Coumba-Tew-Aw-premiere-directrice-a-lere-Sunu-Bicis-au-service-de-linnovation-991x564-1.png","jetpack_sharing_enabled":true,"_links":{"self":[{"href":"https:\/\/challengeseconomiques.com\/index.php?rest_route=\/wp\/v2\/posts\/7525","targetHints":{"allow":["GET"]}}],"collection":[{"href":"https:\/\/challengeseconomiques.com\/index.php?rest_route=\/wp\/v2\/posts"}],"about":[{"href":"https:\/\/challengeseconomiques.com\/index.php?rest_route=\/wp\/v2\/types\/post"}],"author":[{"embeddable":true,"href":"https:\/\/challengeseconomiques.com\/index.php?rest_route=\/wp\/v2\/users\/1"}],"replies":[{"embeddable":true,"href":"https:\/\/challengeseconomiques.com\/index.php?rest_route=%2Fwp%2Fv2%2Fcomments&post=7525"}],"version-history":[{"count":2,"href":"https:\/\/challengeseconomiques.com\/index.php?rest_route=\/wp\/v2\/posts\/7525\/revisions"}],"predecessor-version":[{"id":7555,"href":"https:\/\/challengeseconomiques.com\/index.php?rest_route=\/wp\/v2\/posts\/7525\/revisions\/7555"}],"wp:featuredmedia":[{"embeddable":true,"href":"https:\/\/challengeseconomiques.com\/index.php?rest_route=\/wp\/v2\/media\/7526"}],"wp:attachment":[{"href":"https:\/\/challengeseconomiques.com\/index.php?rest_route=%2Fwp%2Fv2%2Fmedia&parent=7525"}],"wp:term":[{"taxonomy":"category","embeddable":true,"href":"https:\/\/challengeseconomiques.com\/index.php?rest_route=%2Fwp%2Fv2%2Fcategories&post=7525"},{"taxonomy":"post_tag","embeddable":true,"href":"https:\/\/challengeseconomiques.com\/index.php?rest_route=%2Fwp%2Fv2%2Ftags&post=7525"}],"curies":[{"name":"wp","href":"https:\/\/api.w.org\/{rel}","templated":true}]}}