{"id":7523,"date":"2024-12-24T12:02:01","date_gmt":"2024-12-24T12:02:01","guid":{"rendered":"https:\/\/challengeseconomiques.com\/?p=7523"},"modified":"2024-12-24T12:02:36","modified_gmt":"2024-12-24T12:02:36","slug":"malgre-lampleur-de-sa-dette-le-senegal-nenvisage-pas-de-restructuration","status":"publish","type":"post","link":"https:\/\/challengeseconomiques.com\/?p=7523","title":{"rendered":"Malgr\u00e9 l\u2019ampleur de sa dette, le S\u00e9n\u00e9gal n\u2019envisage pas de restructuration"},"content":{"rendered":"<p class=\"texte textearticle\"><strong> En septembre 2024, les nouvelles autorit\u00e9s s\u00e9n\u00e9galaises ont r\u00e9v\u00e9l\u00e9 des chiffres alarmants concernant l\u2019\u00e9tat des finances publiques, avec une dette et un d\u00e9ficit plus importants que les chiffres avanc\u00e9s par l\u2019ancienne administration. Les cr\u00e9anciers du pays attendent les solutions envisag\u00e9es.<\/strong><\/p>\n<p class=\"texte textearticle\">Le S\u00e9n\u00e9gal \u00e9tudie plusieurs options pour g\u00e9rer sa dette, mais \u00ab\u00a0<em>n&rsquo;a pas l&rsquo;intention de ren\u00e9gocier ou de restructurer<\/em>\u00a0\u00bb. C\u2019est ce qu\u2019a d\u00e9clar\u00e9 le minist\u00e8re des Finances en r\u00e9ponse \u00e0 une information de l\u2019agence financi\u00e8re <a href=\"https:\/\/www.bnnbloomberg.ca\/investing\/2024\/12\/17\/senegal-considers-negotiating-debt-maturities-with-investors\/\"><em>Bloomberg<\/em><\/a>, \u00e9voquant une \u00e9ventuelle prolongation des \u00e9ch\u00e9ances de remboursement de la dette s\u00e9n\u00e9galaise.<\/p>\n<p class=\"texte textearticle\">L&rsquo;ambition est de \u00ab\u00a0<em>mettre en \u0153uvre une approche proactive et strat\u00e9gique de la gestion de la dette publique visant \u00e0 optimiser son profil de remboursement tout en respectant strictement ses engagements vis-\u00e0-vis des investisseurs<\/em>\u00a0\u00bb, indique le minist\u00e8re. Les \u00e9missions sur le march\u00e9 international devraient aussi \u00eatre revues <em>\u00ab\u00a0afin de lisser le service de la dette, notamment en 2026 et 2027\u00a0\u00bb.<\/em> Dans ce cadre, un recours aux obligations est pr\u00e9vu, avec l\u2019objectif de mobiliser 1500 milliards FCFA (2,4 milliards\u00a0$) pour r\u00e9duire le recours aux financements ext\u00e9rieurs.<\/p>\n<p class=\"texte textearticle\">Les plans de Dakar interviennent dans un contexte o\u00f9 les r\u00e9sultats pr\u00e9liminaires d\u2019un audit lanc\u00e9 par la nouvelle administration ont r\u00e9v\u00e9l\u00e9 l\u2019ampleur de la dette s\u00e9n\u00e9galaise. Selon le Premier ministre, Ousmane Sonko (photo), ce passif repr\u00e9sente plus de 83% du PIB, au lieu des 73% annonc\u00e9s pr\u00e9c\u00e9demment.\u00a0De plus, le d\u00e9ficit budg\u00e9taire a atteint en moyenne 10,4% du PIB entre 2019 et 2023, soit presque le double des 5,5% d\u00e9clar\u00e9s par l\u2019administration de l\u2019ancien pr\u00e9sident Macky Sall.<\/p>\n<p class=\"texte textearticle\">Alors que le S\u00e9n\u00e9gal attend la publication des chiffres d\u00e9finitifs dans un rapport de la Cour des comptes, le gouvernement rencontre d\u00e9j\u00e0 des difficult\u00e9s.\u00a0Le pays n&rsquo;a toujours pas obtenu le d\u00e9caissement de 1,8 milliard USD\u00a0attendu\u00a0du FMI, alors que Moody\u2019s a d\u00e9grad\u00e9 en octobre, la note de cr\u00e9dit du pays. L\u2019agence justifie cette d\u00e9cision par la d\u00e9t\u00e9rioration de la situation budg\u00e9taire et de la dette.<a class=\"popup\" href=\"https:\/\/www.facebook.com\/sharer\/sharer.php?u=https:\/\/www.agenceecofin.com\/actualites-finance\/1812-124472-malgre-l-ampleur-de-sa-dette-le-senegal-n-envisage-pas-de-restructuration\">\u00a0<\/a><a class=\"popup\" href=\"https:\/\/www.linkedin.com\/shareArticle?mini=true&amp;url=https:\/\/www.agenceecofin.com\/actualites-finance\/1812-124472-malgre-l-ampleur-de-sa-dette-le-senegal-n-envisage-pas-de-restructuration&amp;title=Agence%20Ecofin%3A%20Malgr%C3%A9%20l%E2%80%99ampleur%20de%20sa%20dette%2C%20le%20S%C3%A9n%C3%A9gal%20n%E2%80%99envisage%20pas%20de%20restructuration&amp;summary=En septembre 2024, les nouvelles autorit\u00e9s s\u00e9n\u00e9galaises ont r\u00e9v\u00e9l\u00e9 des chiffres alarmants concernant...\">\u00a0<\/a><a class=\"popup\" href=\"https:\/\/twitter.com\/intent\/tweet?text=%40agenceecofin%20Malgr%C3%A9%20l%E2%80%99ampleur%20de%20sa%20dette%2C%20le%20S%C3%A9n%C3%A9gal%20n%E2%80%99envisage%20pas%20de%20restructuration&amp;url=https:\/\/www.agenceecofin.com%2Factualites-finance%2F1812-124472-malgre-l-ampleur-de-sa-dette-le-senegal-n-envisage-pas-de-restructuration\">\u00a0<\/a><\/p>\n<div class=\"itemIntroText\">\n<p class=\"texte textearticle\"><strong>(Agence Ecofin) <\/strong><\/p>\n<\/div>\n<p class=\"texte textearticle\"><strong><em>\u00a0<\/em><\/strong><\/p>\n","protected":false},"excerpt":{"rendered":"<p>En septembre 2024, les nouvelles autorit\u00e9s s\u00e9n\u00e9galaises ont r\u00e9v\u00e9l\u00e9 des chiffres alarmants concernant l\u2019\u00e9tat des finances publiques, avec une dette et un d\u00e9ficit plus importants&#8230;<\/p>\n","protected":false},"author":1,"featured_media":7083,"comment_status":"closed","ping_status":"open","sticky":false,"template":"","format":"standard","meta":{"_jetpack_memberships_contains_paid_content":false,"footnotes":""},"categories":[8],"tags":[],"class_list":["post-7523","post","type-post","status-publish","format-standard","has-post-thumbnail","hentry","category-actualite-economique","wpcat-8-id"],"yoast_head":"<!-- This site is optimized with the Yoast SEO plugin v27.1.1 - https:\/\/yoast.com\/product\/yoast-seo-wordpress\/ -->\n<title>Malgr\u00e9 l\u2019ampleur de sa dette, le S\u00e9n\u00e9gal n\u2019envisage pas de restructuration - challenges economiques<\/title>\n<meta name=\"robots\" content=\"index, follow, max-snippet:-1, max-image-preview:large, max-video-preview:-1\" \/>\n<link rel=\"canonical\" href=\"https:\/\/challengeseconomiques.com\/?p=7523\" \/>\n<meta property=\"og:locale\" content=\"fr_FR\" \/>\n<meta property=\"og:type\" content=\"article\" \/>\n<meta property=\"og:title\" content=\"Malgr\u00e9 l\u2019ampleur de sa dette, le S\u00e9n\u00e9gal n\u2019envisage pas de restructuration - challenges economiques\" \/>\n<meta property=\"og:description\" content=\"En septembre 2024, les nouvelles autorit\u00e9s s\u00e9n\u00e9galaises ont r\u00e9v\u00e9l\u00e9 des chiffres alarmants concernant l\u2019\u00e9tat des finances publiques, avec une dette et un d\u00e9ficit plus importants...\" \/>\n<meta property=\"og:url\" content=\"https:\/\/challengeseconomiques.com\/?p=7523\" \/>\n<meta property=\"og:site_name\" content=\"challenges economiques\" \/>\n<meta property=\"article:published_time\" content=\"2024-12-24T12:02:01+00:00\" \/>\n<meta property=\"article:modified_time\" content=\"2024-12-24T12:02:36+00:00\" \/>\n<meta property=\"og:image\" content=\"https:\/\/challengeseconomiques.com\/wp-content\/uploads\/2024\/09\/SONKOPM.jpg\" \/>\n\t<meta property=\"og:image:width\" content=\"1080\" \/>\n\t<meta property=\"og:image:height\" content=\"679\" \/>\n\t<meta property=\"og:image:type\" content=\"image\/jpeg\" \/>\n<meta name=\"author\" content=\"admin\" \/>\n<meta name=\"twitter:card\" content=\"summary_large_image\" \/>\n<meta name=\"twitter:label1\" content=\"\u00c9crit par\" \/>\n\t<meta name=\"twitter:data1\" content=\"admin\" \/>\n\t<meta name=\"twitter:label2\" content=\"Dur\u00e9e de lecture estim\u00e9e\" \/>\n\t<meta name=\"twitter:data2\" content=\"2 minutes\" \/>\n<script type=\"application\/ld+json\" class=\"yoast-schema-graph\">{\"@context\":\"https:\/\/schema.org\",\"@graph\":[{\"@type\":\"Article\",\"@id\":\"https:\/\/challengeseconomiques.com\/?p=7523#article\",\"isPartOf\":{\"@id\":\"https:\/\/challengeseconomiques.com\/?p=7523\"},\"author\":{\"name\":\"admin\",\"@id\":\"https:\/\/challengeseconomiques.com\/#\/schema\/person\/b4568c9afebc5a9238a771873801e349\"},\"headline\":\"Malgr\u00e9 l\u2019ampleur de sa dette, le S\u00e9n\u00e9gal n\u2019envisage pas de restructuration\",\"datePublished\":\"2024-12-24T12:02:01+00:00\",\"dateModified\":\"2024-12-24T12:02:36+00:00\",\"mainEntityOfPage\":{\"@id\":\"https:\/\/challengeseconomiques.com\/?p=7523\"},\"wordCount\":388,\"image\":{\"@id\":\"https:\/\/challengeseconomiques.com\/?p=7523#primaryimage\"},\"thumbnailUrl\":\"https:\/\/challengeseconomiques.com\/wp-content\/uploads\/2024\/09\/SONKOPM.jpg\",\"articleSection\":[\"Actualit\u00e9 \u00e9conomique\"],\"inLanguage\":\"fr-FR\"},{\"@type\":\"WebPage\",\"@id\":\"https:\/\/challengeseconomiques.com\/?p=7523\",\"url\":\"https:\/\/challengeseconomiques.com\/?p=7523\",\"name\":\"Malgr\u00e9 l\u2019ampleur de sa dette, le S\u00e9n\u00e9gal n\u2019envisage pas de restructuration - challenges economiques\",\"isPartOf\":{\"@id\":\"https:\/\/challengeseconomiques.com\/#website\"},\"primaryImageOfPage\":{\"@id\":\"https:\/\/challengeseconomiques.com\/?p=7523#primaryimage\"},\"image\":{\"@id\":\"https:\/\/challengeseconomiques.com\/?p=7523#primaryimage\"},\"thumbnailUrl\":\"https:\/\/challengeseconomiques.com\/wp-content\/uploads\/2024\/09\/SONKOPM.jpg\",\"datePublished\":\"2024-12-24T12:02:01+00:00\",\"dateModified\":\"2024-12-24T12:02:36+00:00\",\"author\":{\"@id\":\"https:\/\/challengeseconomiques.com\/#\/schema\/person\/b4568c9afebc5a9238a771873801e349\"},\"breadcrumb\":{\"@id\":\"https:\/\/challengeseconomiques.com\/?p=7523#breadcrumb\"},\"inLanguage\":\"fr-FR\",\"potentialAction\":[{\"@type\":\"ReadAction\",\"target\":[\"https:\/\/challengeseconomiques.com\/?p=7523\"]}]},{\"@type\":\"ImageObject\",\"inLanguage\":\"fr-FR\",\"@id\":\"https:\/\/challengeseconomiques.com\/?p=7523#primaryimage\",\"url\":\"https:\/\/challengeseconomiques.com\/wp-content\/uploads\/2024\/09\/SONKOPM.jpg\",\"contentUrl\":\"https:\/\/challengeseconomiques.com\/wp-content\/uploads\/2024\/09\/SONKOPM.jpg\",\"width\":1080,\"height\":679},{\"@type\":\"BreadcrumbList\",\"@id\":\"https:\/\/challengeseconomiques.com\/?p=7523#breadcrumb\",\"itemListElement\":[{\"@type\":\"ListItem\",\"position\":1,\"name\":\"Home\",\"item\":\"https:\/\/challengeseconomiques.com\/\"},{\"@type\":\"ListItem\",\"position\":2,\"name\":\"Malgr\u00e9 l\u2019ampleur de sa dette, le S\u00e9n\u00e9gal n\u2019envisage pas de restructuration\"}]},{\"@type\":\"WebSite\",\"@id\":\"https:\/\/challengeseconomiques.com\/#website\",\"url\":\"https:\/\/challengeseconomiques.com\/\",\"name\":\"challenges economiques\",\"description\":\"\",\"potentialAction\":[{\"@type\":\"SearchAction\",\"target\":{\"@type\":\"EntryPoint\",\"urlTemplate\":\"https:\/\/challengeseconomiques.com\/?s={search_term_string}\"},\"query-input\":{\"@type\":\"PropertyValueSpecification\",\"valueRequired\":true,\"valueName\":\"search_term_string\"}}],\"inLanguage\":\"fr-FR\"},{\"@type\":\"Person\",\"@id\":\"https:\/\/challengeseconomiques.com\/#\/schema\/person\/b4568c9afebc5a9238a771873801e349\",\"name\":\"admin\",\"image\":{\"@type\":\"ImageObject\",\"inLanguage\":\"fr-FR\",\"@id\":\"https:\/\/challengeseconomiques.com\/#\/schema\/person\/image\/\",\"url\":\"https:\/\/secure.gravatar.com\/avatar\/099e42240b5eea11acdb72751fcce0dd918603f0749d24974b7984ea47ed9fd9?s=96&d=mm&r=g\",\"contentUrl\":\"https:\/\/secure.gravatar.com\/avatar\/099e42240b5eea11acdb72751fcce0dd918603f0749d24974b7984ea47ed9fd9?s=96&d=mm&r=g\",\"caption\":\"admin\"},\"sameAs\":[\"https:\/\/challengeseconomiques.com\"],\"url\":\"https:\/\/challengeseconomiques.com\/?author=1\"}]}<\/script>\n<!-- \/ Yoast SEO plugin. -->","yoast_head_json":{"title":"Malgr\u00e9 l\u2019ampleur de sa dette, le S\u00e9n\u00e9gal n\u2019envisage pas de restructuration - challenges economiques","robots":{"index":"index","follow":"follow","max-snippet":"max-snippet:-1","max-image-preview":"max-image-preview:large","max-video-preview":"max-video-preview:-1"},"canonical":"https:\/\/challengeseconomiques.com\/?p=7523","og_locale":"fr_FR","og_type":"article","og_title":"Malgr\u00e9 l\u2019ampleur de sa dette, le S\u00e9n\u00e9gal n\u2019envisage pas de restructuration - challenges economiques","og_description":"En septembre 2024, les nouvelles autorit\u00e9s s\u00e9n\u00e9galaises ont r\u00e9v\u00e9l\u00e9 des chiffres alarmants concernant l\u2019\u00e9tat des finances publiques, avec une dette et un d\u00e9ficit plus importants...","og_url":"https:\/\/challengeseconomiques.com\/?p=7523","og_site_name":"challenges economiques","article_published_time":"2024-12-24T12:02:01+00:00","article_modified_time":"2024-12-24T12:02:36+00:00","og_image":[{"width":1080,"height":679,"url":"https:\/\/challengeseconomiques.com\/wp-content\/uploads\/2024\/09\/SONKOPM.jpg","type":"image\/jpeg"}],"author":"admin","twitter_card":"summary_large_image","twitter_misc":{"\u00c9crit par":"admin","Dur\u00e9e de lecture estim\u00e9e":"2 minutes"},"schema":{"@context":"https:\/\/schema.org","@graph":[{"@type":"Article","@id":"https:\/\/challengeseconomiques.com\/?p=7523#article","isPartOf":{"@id":"https:\/\/challengeseconomiques.com\/?p=7523"},"author":{"name":"admin","@id":"https:\/\/challengeseconomiques.com\/#\/schema\/person\/b4568c9afebc5a9238a771873801e349"},"headline":"Malgr\u00e9 l\u2019ampleur de sa dette, le S\u00e9n\u00e9gal n\u2019envisage pas de restructuration","datePublished":"2024-12-24T12:02:01+00:00","dateModified":"2024-12-24T12:02:36+00:00","mainEntityOfPage":{"@id":"https:\/\/challengeseconomiques.com\/?p=7523"},"wordCount":388,"image":{"@id":"https:\/\/challengeseconomiques.com\/?p=7523#primaryimage"},"thumbnailUrl":"https:\/\/challengeseconomiques.com\/wp-content\/uploads\/2024\/09\/SONKOPM.jpg","articleSection":["Actualit\u00e9 \u00e9conomique"],"inLanguage":"fr-FR"},{"@type":"WebPage","@id":"https:\/\/challengeseconomiques.com\/?p=7523","url":"https:\/\/challengeseconomiques.com\/?p=7523","name":"Malgr\u00e9 l\u2019ampleur de sa dette, le S\u00e9n\u00e9gal n\u2019envisage pas de restructuration - challenges economiques","isPartOf":{"@id":"https:\/\/challengeseconomiques.com\/#website"},"primaryImageOfPage":{"@id":"https:\/\/challengeseconomiques.com\/?p=7523#primaryimage"},"image":{"@id":"https:\/\/challengeseconomiques.com\/?p=7523#primaryimage"},"thumbnailUrl":"https:\/\/challengeseconomiques.com\/wp-content\/uploads\/2024\/09\/SONKOPM.jpg","datePublished":"2024-12-24T12:02:01+00:00","dateModified":"2024-12-24T12:02:36+00:00","author":{"@id":"https:\/\/challengeseconomiques.com\/#\/schema\/person\/b4568c9afebc5a9238a771873801e349"},"breadcrumb":{"@id":"https:\/\/challengeseconomiques.com\/?p=7523#breadcrumb"},"inLanguage":"fr-FR","potentialAction":[{"@type":"ReadAction","target":["https:\/\/challengeseconomiques.com\/?p=7523"]}]},{"@type":"ImageObject","inLanguage":"fr-FR","@id":"https:\/\/challengeseconomiques.com\/?p=7523#primaryimage","url":"https:\/\/challengeseconomiques.com\/wp-content\/uploads\/2024\/09\/SONKOPM.jpg","contentUrl":"https:\/\/challengeseconomiques.com\/wp-content\/uploads\/2024\/09\/SONKOPM.jpg","width":1080,"height":679},{"@type":"BreadcrumbList","@id":"https:\/\/challengeseconomiques.com\/?p=7523#breadcrumb","itemListElement":[{"@type":"ListItem","position":1,"name":"Home","item":"https:\/\/challengeseconomiques.com\/"},{"@type":"ListItem","position":2,"name":"Malgr\u00e9 l\u2019ampleur de sa dette, le S\u00e9n\u00e9gal n\u2019envisage pas de restructuration"}]},{"@type":"WebSite","@id":"https:\/\/challengeseconomiques.com\/#website","url":"https:\/\/challengeseconomiques.com\/","name":"challenges economiques","description":"","potentialAction":[{"@type":"SearchAction","target":{"@type":"EntryPoint","urlTemplate":"https:\/\/challengeseconomiques.com\/?s={search_term_string}"},"query-input":{"@type":"PropertyValueSpecification","valueRequired":true,"valueName":"search_term_string"}}],"inLanguage":"fr-FR"},{"@type":"Person","@id":"https:\/\/challengeseconomiques.com\/#\/schema\/person\/b4568c9afebc5a9238a771873801e349","name":"admin","image":{"@type":"ImageObject","inLanguage":"fr-FR","@id":"https:\/\/challengeseconomiques.com\/#\/schema\/person\/image\/","url":"https:\/\/secure.gravatar.com\/avatar\/099e42240b5eea11acdb72751fcce0dd918603f0749d24974b7984ea47ed9fd9?s=96&d=mm&r=g","contentUrl":"https:\/\/secure.gravatar.com\/avatar\/099e42240b5eea11acdb72751fcce0dd918603f0749d24974b7984ea47ed9fd9?s=96&d=mm&r=g","caption":"admin"},"sameAs":["https:\/\/challengeseconomiques.com"],"url":"https:\/\/challengeseconomiques.com\/?author=1"}]}},"jetpack_featured_media_url":"https:\/\/challengeseconomiques.com\/wp-content\/uploads\/2024\/09\/SONKOPM.jpg","jetpack_sharing_enabled":true,"_links":{"self":[{"href":"https:\/\/challengeseconomiques.com\/index.php?rest_route=\/wp\/v2\/posts\/7523","targetHints":{"allow":["GET"]}}],"collection":[{"href":"https:\/\/challengeseconomiques.com\/index.php?rest_route=\/wp\/v2\/posts"}],"about":[{"href":"https:\/\/challengeseconomiques.com\/index.php?rest_route=\/wp\/v2\/types\/post"}],"author":[{"embeddable":true,"href":"https:\/\/challengeseconomiques.com\/index.php?rest_route=\/wp\/v2\/users\/1"}],"replies":[{"embeddable":true,"href":"https:\/\/challengeseconomiques.com\/index.php?rest_route=%2Fwp%2Fv2%2Fcomments&post=7523"}],"version-history":[{"count":1,"href":"https:\/\/challengeseconomiques.com\/index.php?rest_route=\/wp\/v2\/posts\/7523\/revisions"}],"predecessor-version":[{"id":7524,"href":"https:\/\/challengeseconomiques.com\/index.php?rest_route=\/wp\/v2\/posts\/7523\/revisions\/7524"}],"wp:featuredmedia":[{"embeddable":true,"href":"https:\/\/challengeseconomiques.com\/index.php?rest_route=\/wp\/v2\/media\/7083"}],"wp:attachment":[{"href":"https:\/\/challengeseconomiques.com\/index.php?rest_route=%2Fwp%2Fv2%2Fmedia&parent=7523"}],"wp:term":[{"taxonomy":"category","embeddable":true,"href":"https:\/\/challengeseconomiques.com\/index.php?rest_route=%2Fwp%2Fv2%2Fcategories&post=7523"},{"taxonomy":"post_tag","embeddable":true,"href":"https:\/\/challengeseconomiques.com\/index.php?rest_route=%2Fwp%2Fv2%2Ftags&post=7523"}],"curies":[{"name":"wp","href":"https:\/\/api.w.org\/{rel}","templated":true}]}}