{"id":7520,"date":"2024-12-24T11:46:11","date_gmt":"2024-12-24T11:46:11","guid":{"rendered":"https:\/\/challengeseconomiques.com\/?p=7520"},"modified":"2024-12-24T11:47:38","modified_gmt":"2024-12-24T11:47:38","slug":"la-der-remet-un-financement-de-pres-dun-milliard-pour-louverture-dofficines-de-pharmacie","status":"publish","type":"post","link":"https:\/\/challengeseconomiques.com\/?p=7520","title":{"rendered":"La DER remet un financement de pr\u00e8s d\u2019un milliard pour l\u2019ouverture d\u2019officines de pharmacie"},"content":{"rendered":"<p>La D\u00e9l\u00e9gation \u00e0 l\u2019entrepreneuriat rapide des femmes et des jeunes (DER\/FJ) a remis, lundi, un financement d\u2019un montant de pr\u00e8s d\u2019un milliard de francs CFA \u00e0 98 jeunes dipl\u00f4m\u00e9s s\u00e9n\u00e9galais en pharmacie des 14 r\u00e9gions du S\u00e9n\u00e9gal.<\/p>\n<p>\u2018\u2019Avec un financement global d\u2019un milliard de FCFA, les 14 r\u00e9gions ont \u00e9t\u00e9 touch\u00e9es et m\u00eame des communes \u00e9loign\u00e9es telles que Bandafassi, Bokoudialob\u00e9, K\u00e9r\u00e9wane [\u2026]\u2019\u2019, a d\u00e9clar\u00e9 la D\u00e9l\u00e9gu\u00e9e g\u00e9n\u00e9rale \u00e0 l\u2019entreprenariat rapide des femmes et des jeunes, A\u00efssatou Mbodj.<\/p>\n<p>Elle s\u2019exprimait lors de la c\u00e9r\u00e9monie de lancement du programme de financement des officines pour jeunes pharmaciens.<\/p>\n<p>Selon Mme Mbodj, ce programme consiste \u00e0 \u2018\u2019faciliter l\u2019acc\u00e8s au cr\u00e9dit pour la cr\u00e9ation de nouvelles officines permettant ainsi aux jeunes pharmaciens de s\u2019\u00e9tablir et de contribuer activement au syst\u00e8me de sant\u00e9 national\u2019\u2019.<\/p>\n<p>Il permettra aussi de \u2018\u2019renforcer\u2019\u2019 le secteur de la sant\u00e9 en augmentant le nombre de points de vente de m\u00e9dicaments de qualit\u00e9 assurant ainsi \u00a0\u00bbune meilleure couverture sanitaire\u00a0\u00bb pour les populations.<\/p>\n<p>Ce programme sert aussi \u00e0 \u2018\u2019promouvoir\u2019\u2019 l\u2019\u00e9quit\u00e9 territoriale en encourageant l\u2019implantation d\u2019officines dans les zones sous desservies, a fait savoir A\u00efssatou Mbodj.<\/p>\n<p>Elle a encourag\u00e9 les b\u00e9n\u00e9ficiaires, dont 36 femmes et 62 hommes, \u00e0 \u2018\u2019saisir cette opportunit\u00e9 pour r\u00e9aliser leurs projets, participer \u00e0 l\u2019am\u00e9lioration de notre syst\u00e8me de sant\u00e9 et contribuer au d\u00e9veloppement \u00e9conomique et social du S\u00e9n\u00e9gal\u2019\u2019.<\/p>\n<p>&nbsp;<\/p>\n<p>Le coordonnateur du Salon international du m\u00e9dicament, des dispositifs m\u00e9dicaux et de la parapharmacie de Dakar (SENPHARMA), Dr Samba Dram\u00e9, s\u2019est r\u00e9joui de ce financement, soulignant que \u2018\u2019les pharmaciens ont toujours souffert du manque financement\u2019\u2019.<\/p>\n<p>Pour lui, ce financement permet de cr\u00e9er \u2018\u2019en moyenne 800 emplois\u2019\u2019, de \u2018\u2019redonner le sourire \u00e0 beaucoup de S\u00e9n\u00e9galais pour l\u2019acc\u00e8s \u00e0 des m\u00e9dicaments de qualit\u00e9\u2019. Il permettra aussi de \u2018\u2019lutter contre les d\u00e9serts m\u00e9dicaux, d\u2019avoir l\u2019accessibilit\u00e9 g\u00e9ographique du m\u00e9dicament\u2019\u2019.<\/p>\n<p>Dr Dram\u00e9 a exhort\u00e9 les jeunes b\u00e9n\u00e9ficiaires \u00e0 \u2018\u2019respecter\u2019\u2019 leurs engagements pour permettre aux autres pharmaciens de \u2018\u2019b\u00e9n\u00e9ficier\u2019\u2019 des financements de la DER.<\/p>\n<p>Le pr\u00e9sident de l\u2019Union des jeunes pharmaciens du S\u00e9n\u00e9gal (Ujps), Falla Man\u00e9, a vivement remerci\u00e9 la DER pour la \u2018\u2019rapidit\u00e9\u2019\u2019 dans le traitement des dossiers des b\u00e9n\u00e9ficiaires, dipl\u00f4m\u00e9s depuis 2022.<\/p>\n<p>Il a appel\u00e9 ses camarades \u00e0 \u00eatre \u2018\u2019sans reproche\u2019\u2019 pour permettre \u00e0 la DER de continuer \u00e0 financer les projets des pharmacies.<\/p>\n<p>Dans le cadre de ce programme, \u00a0\u00bb98 sur 112 demandes\u00a0\u00bb ont \u00e9t\u00e9 financ\u00e9es pour des montants allant de \u2018\u20195 \u00e0 20 millions de FCFA\u2019\u2019.<\/p>\n<p><strong>(APS)<\/strong><\/p>\n","protected":false},"excerpt":{"rendered":"<p>La D\u00e9l\u00e9gation \u00e0 l\u2019entrepreneuriat rapide des femmes et des jeunes (DER\/FJ) a remis, lundi, un financement d\u2019un montant de pr\u00e8s d\u2019un milliard de francs CFA&#8230;<\/p>\n","protected":false},"author":1,"featured_media":7521,"comment_status":"closed","ping_status":"open","sticky":false,"template":"","format":"standard","meta":{"_jetpack_memberships_contains_paid_content":false,"footnotes":""},"categories":[8],"tags":[],"class_list":["post-7520","post","type-post","status-publish","format-standard","has-post-thumbnail","hentry","category-actualite-economique","wpcat-8-id"],"yoast_head":"<!-- This site is optimized with the Yoast SEO plugin v27.1.1 - https:\/\/yoast.com\/product\/yoast-seo-wordpress\/ -->\n<title>La DER remet un financement de pr\u00e8s d\u2019un milliard pour l\u2019ouverture d\u2019officines de pharmacie - challenges economiques<\/title>\n<meta name=\"robots\" content=\"index, follow, max-snippet:-1, max-image-preview:large, max-video-preview:-1\" \/>\n<link rel=\"canonical\" href=\"https:\/\/challengeseconomiques.com\/?p=7520\" \/>\n<meta property=\"og:locale\" content=\"fr_FR\" \/>\n<meta property=\"og:type\" content=\"article\" \/>\n<meta property=\"og:title\" content=\"La DER remet un financement de pr\u00e8s d\u2019un milliard pour l\u2019ouverture d\u2019officines de pharmacie - challenges economiques\" \/>\n<meta property=\"og:description\" content=\"La D\u00e9l\u00e9gation \u00e0 l\u2019entrepreneuriat rapide des femmes et des jeunes (DER\/FJ) a remis, lundi, un financement d\u2019un montant de pr\u00e8s d\u2019un milliard de francs CFA...\" \/>\n<meta property=\"og:url\" content=\"https:\/\/challengeseconomiques.com\/?p=7520\" \/>\n<meta property=\"og:site_name\" content=\"challenges economiques\" \/>\n<meta property=\"article:published_time\" content=\"2024-12-24T11:46:11+00:00\" \/>\n<meta property=\"article:modified_time\" content=\"2024-12-24T11:47:38+00:00\" \/>\n<meta property=\"og:image\" content=\"https:\/\/challengeseconomiques.com\/wp-content\/uploads\/2024\/12\/derpharmacie.webp\" \/>\n\t<meta property=\"og:image:width\" content=\"850\" \/>\n\t<meta property=\"og:image:height\" content=\"491\" \/>\n\t<meta property=\"og:image:type\" content=\"image\/webp\" \/>\n<meta name=\"author\" content=\"admin\" \/>\n<meta name=\"twitter:card\" content=\"summary_large_image\" \/>\n<meta name=\"twitter:label1\" content=\"\u00c9crit par\" \/>\n\t<meta name=\"twitter:data1\" content=\"admin\" \/>\n\t<meta name=\"twitter:label2\" content=\"Dur\u00e9e de lecture estim\u00e9e\" \/>\n\t<meta name=\"twitter:data2\" content=\"2 minutes\" \/>\n<script type=\"application\/ld+json\" class=\"yoast-schema-graph\">{\"@context\":\"https:\/\/schema.org\",\"@graph\":[{\"@type\":\"Article\",\"@id\":\"https:\/\/challengeseconomiques.com\/?p=7520#article\",\"isPartOf\":{\"@id\":\"https:\/\/challengeseconomiques.com\/?p=7520\"},\"author\":{\"name\":\"admin\",\"@id\":\"https:\/\/challengeseconomiques.com\/#\/schema\/person\/b4568c9afebc5a9238a771873801e349\"},\"headline\":\"La DER remet un financement de pr\u00e8s d\u2019un milliard pour l\u2019ouverture d\u2019officines de pharmacie\",\"datePublished\":\"2024-12-24T11:46:11+00:00\",\"dateModified\":\"2024-12-24T11:47:38+00:00\",\"mainEntityOfPage\":{\"@id\":\"https:\/\/challengeseconomiques.com\/?p=7520\"},\"wordCount\":465,\"image\":{\"@id\":\"https:\/\/challengeseconomiques.com\/?p=7520#primaryimage\"},\"thumbnailUrl\":\"https:\/\/challengeseconomiques.com\/wp-content\/uploads\/2024\/12\/derpharmacie.webp\",\"articleSection\":[\"Actualit\u00e9 \u00e9conomique\"],\"inLanguage\":\"fr-FR\"},{\"@type\":\"WebPage\",\"@id\":\"https:\/\/challengeseconomiques.com\/?p=7520\",\"url\":\"https:\/\/challengeseconomiques.com\/?p=7520\",\"name\":\"La DER remet un financement de pr\u00e8s d\u2019un milliard pour l\u2019ouverture d\u2019officines de pharmacie - challenges economiques\",\"isPartOf\":{\"@id\":\"https:\/\/challengeseconomiques.com\/#website\"},\"primaryImageOfPage\":{\"@id\":\"https:\/\/challengeseconomiques.com\/?p=7520#primaryimage\"},\"image\":{\"@id\":\"https:\/\/challengeseconomiques.com\/?p=7520#primaryimage\"},\"thumbnailUrl\":\"https:\/\/challengeseconomiques.com\/wp-content\/uploads\/2024\/12\/derpharmacie.webp\",\"datePublished\":\"2024-12-24T11:46:11+00:00\",\"dateModified\":\"2024-12-24T11:47:38+00:00\",\"author\":{\"@id\":\"https:\/\/challengeseconomiques.com\/#\/schema\/person\/b4568c9afebc5a9238a771873801e349\"},\"breadcrumb\":{\"@id\":\"https:\/\/challengeseconomiques.com\/?p=7520#breadcrumb\"},\"inLanguage\":\"fr-FR\",\"potentialAction\":[{\"@type\":\"ReadAction\",\"target\":[\"https:\/\/challengeseconomiques.com\/?p=7520\"]}]},{\"@type\":\"ImageObject\",\"inLanguage\":\"fr-FR\",\"@id\":\"https:\/\/challengeseconomiques.com\/?p=7520#primaryimage\",\"url\":\"https:\/\/challengeseconomiques.com\/wp-content\/uploads\/2024\/12\/derpharmacie.webp\",\"contentUrl\":\"https:\/\/challengeseconomiques.com\/wp-content\/uploads\/2024\/12\/derpharmacie.webp\",\"width\":850,\"height\":491},{\"@type\":\"BreadcrumbList\",\"@id\":\"https:\/\/challengeseconomiques.com\/?p=7520#breadcrumb\",\"itemListElement\":[{\"@type\":\"ListItem\",\"position\":1,\"name\":\"Home\",\"item\":\"https:\/\/challengeseconomiques.com\/\"},{\"@type\":\"ListItem\",\"position\":2,\"name\":\"La DER remet un financement de pr\u00e8s d\u2019un milliard pour l\u2019ouverture d\u2019officines de pharmacie\"}]},{\"@type\":\"WebSite\",\"@id\":\"https:\/\/challengeseconomiques.com\/#website\",\"url\":\"https:\/\/challengeseconomiques.com\/\",\"name\":\"challenges economiques\",\"description\":\"\",\"potentialAction\":[{\"@type\":\"SearchAction\",\"target\":{\"@type\":\"EntryPoint\",\"urlTemplate\":\"https:\/\/challengeseconomiques.com\/?s={search_term_string}\"},\"query-input\":{\"@type\":\"PropertyValueSpecification\",\"valueRequired\":true,\"valueName\":\"search_term_string\"}}],\"inLanguage\":\"fr-FR\"},{\"@type\":\"Person\",\"@id\":\"https:\/\/challengeseconomiques.com\/#\/schema\/person\/b4568c9afebc5a9238a771873801e349\",\"name\":\"admin\",\"image\":{\"@type\":\"ImageObject\",\"inLanguage\":\"fr-FR\",\"@id\":\"https:\/\/challengeseconomiques.com\/#\/schema\/person\/image\/\",\"url\":\"https:\/\/secure.gravatar.com\/avatar\/099e42240b5eea11acdb72751fcce0dd918603f0749d24974b7984ea47ed9fd9?s=96&d=mm&r=g\",\"contentUrl\":\"https:\/\/secure.gravatar.com\/avatar\/099e42240b5eea11acdb72751fcce0dd918603f0749d24974b7984ea47ed9fd9?s=96&d=mm&r=g\",\"caption\":\"admin\"},\"sameAs\":[\"https:\/\/challengeseconomiques.com\"],\"url\":\"https:\/\/challengeseconomiques.com\/?author=1\"}]}<\/script>\n<!-- \/ Yoast SEO plugin. -->","yoast_head_json":{"title":"La DER remet un financement de pr\u00e8s d\u2019un milliard pour l\u2019ouverture d\u2019officines de pharmacie - challenges economiques","robots":{"index":"index","follow":"follow","max-snippet":"max-snippet:-1","max-image-preview":"max-image-preview:large","max-video-preview":"max-video-preview:-1"},"canonical":"https:\/\/challengeseconomiques.com\/?p=7520","og_locale":"fr_FR","og_type":"article","og_title":"La DER remet un financement de pr\u00e8s d\u2019un milliard pour l\u2019ouverture d\u2019officines de pharmacie - challenges economiques","og_description":"La D\u00e9l\u00e9gation \u00e0 l\u2019entrepreneuriat rapide des femmes et des jeunes (DER\/FJ) a remis, lundi, un financement d\u2019un montant de pr\u00e8s d\u2019un milliard de francs CFA...","og_url":"https:\/\/challengeseconomiques.com\/?p=7520","og_site_name":"challenges economiques","article_published_time":"2024-12-24T11:46:11+00:00","article_modified_time":"2024-12-24T11:47:38+00:00","og_image":[{"width":850,"height":491,"url":"https:\/\/challengeseconomiques.com\/wp-content\/uploads\/2024\/12\/derpharmacie.webp","type":"image\/webp"}],"author":"admin","twitter_card":"summary_large_image","twitter_misc":{"\u00c9crit par":"admin","Dur\u00e9e de lecture estim\u00e9e":"2 minutes"},"schema":{"@context":"https:\/\/schema.org","@graph":[{"@type":"Article","@id":"https:\/\/challengeseconomiques.com\/?p=7520#article","isPartOf":{"@id":"https:\/\/challengeseconomiques.com\/?p=7520"},"author":{"name":"admin","@id":"https:\/\/challengeseconomiques.com\/#\/schema\/person\/b4568c9afebc5a9238a771873801e349"},"headline":"La DER remet un financement de pr\u00e8s d\u2019un milliard pour l\u2019ouverture d\u2019officines de pharmacie","datePublished":"2024-12-24T11:46:11+00:00","dateModified":"2024-12-24T11:47:38+00:00","mainEntityOfPage":{"@id":"https:\/\/challengeseconomiques.com\/?p=7520"},"wordCount":465,"image":{"@id":"https:\/\/challengeseconomiques.com\/?p=7520#primaryimage"},"thumbnailUrl":"https:\/\/challengeseconomiques.com\/wp-content\/uploads\/2024\/12\/derpharmacie.webp","articleSection":["Actualit\u00e9 \u00e9conomique"],"inLanguage":"fr-FR"},{"@type":"WebPage","@id":"https:\/\/challengeseconomiques.com\/?p=7520","url":"https:\/\/challengeseconomiques.com\/?p=7520","name":"La DER remet un financement de pr\u00e8s d\u2019un milliard pour l\u2019ouverture d\u2019officines de pharmacie - challenges economiques","isPartOf":{"@id":"https:\/\/challengeseconomiques.com\/#website"},"primaryImageOfPage":{"@id":"https:\/\/challengeseconomiques.com\/?p=7520#primaryimage"},"image":{"@id":"https:\/\/challengeseconomiques.com\/?p=7520#primaryimage"},"thumbnailUrl":"https:\/\/challengeseconomiques.com\/wp-content\/uploads\/2024\/12\/derpharmacie.webp","datePublished":"2024-12-24T11:46:11+00:00","dateModified":"2024-12-24T11:47:38+00:00","author":{"@id":"https:\/\/challengeseconomiques.com\/#\/schema\/person\/b4568c9afebc5a9238a771873801e349"},"breadcrumb":{"@id":"https:\/\/challengeseconomiques.com\/?p=7520#breadcrumb"},"inLanguage":"fr-FR","potentialAction":[{"@type":"ReadAction","target":["https:\/\/challengeseconomiques.com\/?p=7520"]}]},{"@type":"ImageObject","inLanguage":"fr-FR","@id":"https:\/\/challengeseconomiques.com\/?p=7520#primaryimage","url":"https:\/\/challengeseconomiques.com\/wp-content\/uploads\/2024\/12\/derpharmacie.webp","contentUrl":"https:\/\/challengeseconomiques.com\/wp-content\/uploads\/2024\/12\/derpharmacie.webp","width":850,"height":491},{"@type":"BreadcrumbList","@id":"https:\/\/challengeseconomiques.com\/?p=7520#breadcrumb","itemListElement":[{"@type":"ListItem","position":1,"name":"Home","item":"https:\/\/challengeseconomiques.com\/"},{"@type":"ListItem","position":2,"name":"La DER remet un financement de pr\u00e8s d\u2019un milliard pour l\u2019ouverture d\u2019officines de pharmacie"}]},{"@type":"WebSite","@id":"https:\/\/challengeseconomiques.com\/#website","url":"https:\/\/challengeseconomiques.com\/","name":"challenges economiques","description":"","potentialAction":[{"@type":"SearchAction","target":{"@type":"EntryPoint","urlTemplate":"https:\/\/challengeseconomiques.com\/?s={search_term_string}"},"query-input":{"@type":"PropertyValueSpecification","valueRequired":true,"valueName":"search_term_string"}}],"inLanguage":"fr-FR"},{"@type":"Person","@id":"https:\/\/challengeseconomiques.com\/#\/schema\/person\/b4568c9afebc5a9238a771873801e349","name":"admin","image":{"@type":"ImageObject","inLanguage":"fr-FR","@id":"https:\/\/challengeseconomiques.com\/#\/schema\/person\/image\/","url":"https:\/\/secure.gravatar.com\/avatar\/099e42240b5eea11acdb72751fcce0dd918603f0749d24974b7984ea47ed9fd9?s=96&d=mm&r=g","contentUrl":"https:\/\/secure.gravatar.com\/avatar\/099e42240b5eea11acdb72751fcce0dd918603f0749d24974b7984ea47ed9fd9?s=96&d=mm&r=g","caption":"admin"},"sameAs":["https:\/\/challengeseconomiques.com"],"url":"https:\/\/challengeseconomiques.com\/?author=1"}]}},"jetpack_featured_media_url":"https:\/\/challengeseconomiques.com\/wp-content\/uploads\/2024\/12\/derpharmacie.webp","jetpack_sharing_enabled":true,"_links":{"self":[{"href":"https:\/\/challengeseconomiques.com\/index.php?rest_route=\/wp\/v2\/posts\/7520","targetHints":{"allow":["GET"]}}],"collection":[{"href":"https:\/\/challengeseconomiques.com\/index.php?rest_route=\/wp\/v2\/posts"}],"about":[{"href":"https:\/\/challengeseconomiques.com\/index.php?rest_route=\/wp\/v2\/types\/post"}],"author":[{"embeddable":true,"href":"https:\/\/challengeseconomiques.com\/index.php?rest_route=\/wp\/v2\/users\/1"}],"replies":[{"embeddable":true,"href":"https:\/\/challengeseconomiques.com\/index.php?rest_route=%2Fwp%2Fv2%2Fcomments&post=7520"}],"version-history":[{"count":1,"href":"https:\/\/challengeseconomiques.com\/index.php?rest_route=\/wp\/v2\/posts\/7520\/revisions"}],"predecessor-version":[{"id":7522,"href":"https:\/\/challengeseconomiques.com\/index.php?rest_route=\/wp\/v2\/posts\/7520\/revisions\/7522"}],"wp:featuredmedia":[{"embeddable":true,"href":"https:\/\/challengeseconomiques.com\/index.php?rest_route=\/wp\/v2\/media\/7521"}],"wp:attachment":[{"href":"https:\/\/challengeseconomiques.com\/index.php?rest_route=%2Fwp%2Fv2%2Fmedia&parent=7520"}],"wp:term":[{"taxonomy":"category","embeddable":true,"href":"https:\/\/challengeseconomiques.com\/index.php?rest_route=%2Fwp%2Fv2%2Fcategories&post=7520"},{"taxonomy":"post_tag","embeddable":true,"href":"https:\/\/challengeseconomiques.com\/index.php?rest_route=%2Fwp%2Fv2%2Ftags&post=7520"}],"curies":[{"name":"wp","href":"https:\/\/api.w.org\/{rel}","templated":true}]}}