{"id":7508,"date":"2024-12-23T11:23:34","date_gmt":"2024-12-23T11:23:34","guid":{"rendered":"https:\/\/challengeseconomiques.com\/?p=7508"},"modified":"2024-12-23T11:24:13","modified_gmt":"2024-12-23T11:24:13","slug":"le-senegal-se-trouve-toujours-dans-la-categorie-des-pays-de-risque-modere-de-surendettement","status":"publish","type":"post","link":"https:\/\/challengeseconomiques.com\/?p=7508","title":{"rendered":"Le S\u00e9n\u00e9gal se trouve toujours dans la cat\u00e9gorie des pays de risque mod\u00e9r\u00e9 de surendettement"},"content":{"rendered":"<p>Le S\u00e9n\u00e9gal s\u2019est rendu \u00e0 plusieurs reprises, au cours de cette ann\u00e9e 2024, sur les march\u00e9s financiers, pour lever des fonds. Ces dettes contract\u00e9es par le nouveau gouvernement ont certainement alourdie la dette du S\u00e9n\u00e9gal. Toutefois, dans un entretien accord\u00e9 au journal le Soleil, le repr\u00e9sentant r\u00e9sident du Fonds mon\u00e9taire international au S\u00e9n\u00e9gal, Majdi Debbich, indique \u00a0\u00a0qu\u2019en juin 2023, le S\u00e9n\u00e9gal \u00e9tait class\u00e9 dans la cat\u00e9gorie de risque mod\u00e9r\u00e9 de surendettement.<\/p>\n<p>La prochaine mise \u00e0 jour de cette analyse tiendra compte selon M. Debbich des nouveaux emprunts contract\u00e9s en 2024.\u00a0 Notamment a-t-il pr\u00e9cis\u00e9 ceux obtenus \u00e0 des conditions non concessionnelles (comme les Euro bonds ou les pr\u00eats syndiqu\u00e9s. Dans le m\u00eame entretien, le repr\u00e9sentant du FMI au S\u00e9n\u00e9gal a sembl\u00e9 d\u00e9plorer l\u2019absence de r\u00e9forme au niveau des subventions \u00e0 l\u2019\u00e9nergie. Il a en effet d\u00e9clar\u00e9 avoir not\u00e9 que le niveau demeure inchang\u00e9 par rapport aux r\u00e9alisations de 2024. Or, explique Majdi Debbich \u00ab\u00a0nous savons que ces subventions sont tr\u00e8s co\u00fbteuses et qu\u2019il est g\u00e9n\u00e9ralement plus efficace de soutenir directement les m\u00e9nages les plus vuln\u00e9rables avec des aides cibl\u00e9es\u00a0\u00bb. Le FMI ne change donc pas de position concernant cette question de la subvention \u00e0 l\u2019\u00e9nergie.<\/p>\n","protected":false},"excerpt":{"rendered":"<p>Le S\u00e9n\u00e9gal s\u2019est rendu \u00e0 plusieurs reprises, au cours de cette ann\u00e9e 2024, sur les march\u00e9s financiers, pour lever des fonds. Ces dettes contract\u00e9es par&#8230;<\/p>\n","protected":false},"author":1,"featured_media":7510,"comment_status":"closed","ping_status":"open","sticky":false,"template":"","format":"standard","meta":{"_jetpack_memberships_contains_paid_content":false,"footnotes":""},"categories":[23,10],"tags":[],"class_list":["post-7508","post","type-post","status-publish","format-standard","has-post-thumbnail","hentry","category-a-la-une","category-infos-eco","wpcat-23-id","wpcat-10-id"],"yoast_head":"<!-- This site is optimized with the Yoast SEO plugin v27.1.1 - https:\/\/yoast.com\/product\/yoast-seo-wordpress\/ -->\n<title>Le S\u00e9n\u00e9gal se trouve toujours dans la cat\u00e9gorie des pays de risque mod\u00e9r\u00e9 de surendettement - challenges economiques<\/title>\n<meta name=\"robots\" content=\"index, follow, max-snippet:-1, max-image-preview:large, max-video-preview:-1\" \/>\n<link rel=\"canonical\" href=\"https:\/\/challengeseconomiques.com\/?p=7508\" \/>\n<meta property=\"og:locale\" content=\"fr_FR\" \/>\n<meta property=\"og:type\" content=\"article\" \/>\n<meta property=\"og:title\" content=\"Le S\u00e9n\u00e9gal se trouve toujours dans la cat\u00e9gorie des pays de risque mod\u00e9r\u00e9 de surendettement - challenges economiques\" \/>\n<meta property=\"og:description\" content=\"Le S\u00e9n\u00e9gal s\u2019est rendu \u00e0 plusieurs reprises, au cours de cette ann\u00e9e 2024, sur les march\u00e9s financiers, pour lever des fonds. Ces dettes contract\u00e9es par...\" \/>\n<meta property=\"og:url\" content=\"https:\/\/challengeseconomiques.com\/?p=7508\" \/>\n<meta property=\"og:site_name\" content=\"challenges economiques\" \/>\n<meta property=\"article:published_time\" content=\"2024-12-23T11:23:34+00:00\" \/>\n<meta property=\"article:modified_time\" content=\"2024-12-23T11:24:13+00:00\" \/>\n<meta property=\"og:image\" content=\"https:\/\/challengeseconomiques.com\/wp-content\/uploads\/2024\/12\/Debbich-min.jpg.webp\" \/>\n\t<meta property=\"og:image:width\" content=\"474\" \/>\n\t<meta property=\"og:image:height\" content=\"310\" \/>\n\t<meta property=\"og:image:type\" content=\"image\/webp\" \/>\n<meta name=\"author\" content=\"admin\" \/>\n<meta name=\"twitter:card\" content=\"summary_large_image\" \/>\n<meta name=\"twitter:label1\" content=\"\u00c9crit par\" \/>\n\t<meta name=\"twitter:data1\" content=\"admin\" \/>\n\t<meta name=\"twitter:label2\" content=\"Dur\u00e9e de lecture estim\u00e9e\" \/>\n\t<meta name=\"twitter:data2\" content=\"1 minute\" \/>\n<script type=\"application\/ld+json\" class=\"yoast-schema-graph\">{\"@context\":\"https:\/\/schema.org\",\"@graph\":[{\"@type\":\"Article\",\"@id\":\"https:\/\/challengeseconomiques.com\/?p=7508#article\",\"isPartOf\":{\"@id\":\"https:\/\/challengeseconomiques.com\/?p=7508\"},\"author\":{\"name\":\"admin\",\"@id\":\"https:\/\/challengeseconomiques.com\/#\/schema\/person\/b4568c9afebc5a9238a771873801e349\"},\"headline\":\"Le S\u00e9n\u00e9gal se trouve toujours dans la cat\u00e9gorie des pays de risque mod\u00e9r\u00e9 de surendettement\",\"datePublished\":\"2024-12-23T11:23:34+00:00\",\"dateModified\":\"2024-12-23T11:24:13+00:00\",\"mainEntityOfPage\":{\"@id\":\"https:\/\/challengeseconomiques.com\/?p=7508\"},\"wordCount\":245,\"image\":{\"@id\":\"https:\/\/challengeseconomiques.com\/?p=7508#primaryimage\"},\"thumbnailUrl\":\"https:\/\/challengeseconomiques.com\/wp-content\/uploads\/2024\/12\/Debbich-min.jpg.webp\",\"articleSection\":[\"A la une\",\"Infos \u00e9co\"],\"inLanguage\":\"fr-FR\"},{\"@type\":\"WebPage\",\"@id\":\"https:\/\/challengeseconomiques.com\/?p=7508\",\"url\":\"https:\/\/challengeseconomiques.com\/?p=7508\",\"name\":\"Le S\u00e9n\u00e9gal se trouve toujours dans la cat\u00e9gorie des pays de risque mod\u00e9r\u00e9 de surendettement - challenges economiques\",\"isPartOf\":{\"@id\":\"https:\/\/challengeseconomiques.com\/#website\"},\"primaryImageOfPage\":{\"@id\":\"https:\/\/challengeseconomiques.com\/?p=7508#primaryimage\"},\"image\":{\"@id\":\"https:\/\/challengeseconomiques.com\/?p=7508#primaryimage\"},\"thumbnailUrl\":\"https:\/\/challengeseconomiques.com\/wp-content\/uploads\/2024\/12\/Debbich-min.jpg.webp\",\"datePublished\":\"2024-12-23T11:23:34+00:00\",\"dateModified\":\"2024-12-23T11:24:13+00:00\",\"author\":{\"@id\":\"https:\/\/challengeseconomiques.com\/#\/schema\/person\/b4568c9afebc5a9238a771873801e349\"},\"breadcrumb\":{\"@id\":\"https:\/\/challengeseconomiques.com\/?p=7508#breadcrumb\"},\"inLanguage\":\"fr-FR\",\"potentialAction\":[{\"@type\":\"ReadAction\",\"target\":[\"https:\/\/challengeseconomiques.com\/?p=7508\"]}]},{\"@type\":\"ImageObject\",\"inLanguage\":\"fr-FR\",\"@id\":\"https:\/\/challengeseconomiques.com\/?p=7508#primaryimage\",\"url\":\"https:\/\/challengeseconomiques.com\/wp-content\/uploads\/2024\/12\/Debbich-min.jpg.webp\",\"contentUrl\":\"https:\/\/challengeseconomiques.com\/wp-content\/uploads\/2024\/12\/Debbich-min.jpg.webp\",\"width\":474,\"height\":310},{\"@type\":\"BreadcrumbList\",\"@id\":\"https:\/\/challengeseconomiques.com\/?p=7508#breadcrumb\",\"itemListElement\":[{\"@type\":\"ListItem\",\"position\":1,\"name\":\"Home\",\"item\":\"https:\/\/challengeseconomiques.com\/\"},{\"@type\":\"ListItem\",\"position\":2,\"name\":\"Le S\u00e9n\u00e9gal se trouve toujours dans la cat\u00e9gorie des pays de risque mod\u00e9r\u00e9 de surendettement\"}]},{\"@type\":\"WebSite\",\"@id\":\"https:\/\/challengeseconomiques.com\/#website\",\"url\":\"https:\/\/challengeseconomiques.com\/\",\"name\":\"challenges economiques\",\"description\":\"\",\"potentialAction\":[{\"@type\":\"SearchAction\",\"target\":{\"@type\":\"EntryPoint\",\"urlTemplate\":\"https:\/\/challengeseconomiques.com\/?s={search_term_string}\"},\"query-input\":{\"@type\":\"PropertyValueSpecification\",\"valueRequired\":true,\"valueName\":\"search_term_string\"}}],\"inLanguage\":\"fr-FR\"},{\"@type\":\"Person\",\"@id\":\"https:\/\/challengeseconomiques.com\/#\/schema\/person\/b4568c9afebc5a9238a771873801e349\",\"name\":\"admin\",\"image\":{\"@type\":\"ImageObject\",\"inLanguage\":\"fr-FR\",\"@id\":\"https:\/\/challengeseconomiques.com\/#\/schema\/person\/image\/\",\"url\":\"https:\/\/secure.gravatar.com\/avatar\/099e42240b5eea11acdb72751fcce0dd918603f0749d24974b7984ea47ed9fd9?s=96&d=mm&r=g\",\"contentUrl\":\"https:\/\/secure.gravatar.com\/avatar\/099e42240b5eea11acdb72751fcce0dd918603f0749d24974b7984ea47ed9fd9?s=96&d=mm&r=g\",\"caption\":\"admin\"},\"sameAs\":[\"https:\/\/challengeseconomiques.com\"],\"url\":\"https:\/\/challengeseconomiques.com\/?author=1\"}]}<\/script>\n<!-- \/ Yoast SEO plugin. -->","yoast_head_json":{"title":"Le S\u00e9n\u00e9gal se trouve toujours dans la cat\u00e9gorie des pays de risque mod\u00e9r\u00e9 de surendettement - challenges economiques","robots":{"index":"index","follow":"follow","max-snippet":"max-snippet:-1","max-image-preview":"max-image-preview:large","max-video-preview":"max-video-preview:-1"},"canonical":"https:\/\/challengeseconomiques.com\/?p=7508","og_locale":"fr_FR","og_type":"article","og_title":"Le S\u00e9n\u00e9gal se trouve toujours dans la cat\u00e9gorie des pays de risque mod\u00e9r\u00e9 de surendettement - challenges economiques","og_description":"Le S\u00e9n\u00e9gal s\u2019est rendu \u00e0 plusieurs reprises, au cours de cette ann\u00e9e 2024, sur les march\u00e9s financiers, pour lever des fonds. Ces dettes contract\u00e9es par...","og_url":"https:\/\/challengeseconomiques.com\/?p=7508","og_site_name":"challenges economiques","article_published_time":"2024-12-23T11:23:34+00:00","article_modified_time":"2024-12-23T11:24:13+00:00","og_image":[{"width":474,"height":310,"url":"https:\/\/challengeseconomiques.com\/wp-content\/uploads\/2024\/12\/Debbich-min.jpg.webp","type":"image\/webp"}],"author":"admin","twitter_card":"summary_large_image","twitter_misc":{"\u00c9crit par":"admin","Dur\u00e9e de lecture estim\u00e9e":"1 minute"},"schema":{"@context":"https:\/\/schema.org","@graph":[{"@type":"Article","@id":"https:\/\/challengeseconomiques.com\/?p=7508#article","isPartOf":{"@id":"https:\/\/challengeseconomiques.com\/?p=7508"},"author":{"name":"admin","@id":"https:\/\/challengeseconomiques.com\/#\/schema\/person\/b4568c9afebc5a9238a771873801e349"},"headline":"Le S\u00e9n\u00e9gal se trouve toujours dans la cat\u00e9gorie des pays de risque mod\u00e9r\u00e9 de surendettement","datePublished":"2024-12-23T11:23:34+00:00","dateModified":"2024-12-23T11:24:13+00:00","mainEntityOfPage":{"@id":"https:\/\/challengeseconomiques.com\/?p=7508"},"wordCount":245,"image":{"@id":"https:\/\/challengeseconomiques.com\/?p=7508#primaryimage"},"thumbnailUrl":"https:\/\/challengeseconomiques.com\/wp-content\/uploads\/2024\/12\/Debbich-min.jpg.webp","articleSection":["A la une","Infos \u00e9co"],"inLanguage":"fr-FR"},{"@type":"WebPage","@id":"https:\/\/challengeseconomiques.com\/?p=7508","url":"https:\/\/challengeseconomiques.com\/?p=7508","name":"Le S\u00e9n\u00e9gal se trouve toujours dans la cat\u00e9gorie des pays de risque mod\u00e9r\u00e9 de surendettement - challenges economiques","isPartOf":{"@id":"https:\/\/challengeseconomiques.com\/#website"},"primaryImageOfPage":{"@id":"https:\/\/challengeseconomiques.com\/?p=7508#primaryimage"},"image":{"@id":"https:\/\/challengeseconomiques.com\/?p=7508#primaryimage"},"thumbnailUrl":"https:\/\/challengeseconomiques.com\/wp-content\/uploads\/2024\/12\/Debbich-min.jpg.webp","datePublished":"2024-12-23T11:23:34+00:00","dateModified":"2024-12-23T11:24:13+00:00","author":{"@id":"https:\/\/challengeseconomiques.com\/#\/schema\/person\/b4568c9afebc5a9238a771873801e349"},"breadcrumb":{"@id":"https:\/\/challengeseconomiques.com\/?p=7508#breadcrumb"},"inLanguage":"fr-FR","potentialAction":[{"@type":"ReadAction","target":["https:\/\/challengeseconomiques.com\/?p=7508"]}]},{"@type":"ImageObject","inLanguage":"fr-FR","@id":"https:\/\/challengeseconomiques.com\/?p=7508#primaryimage","url":"https:\/\/challengeseconomiques.com\/wp-content\/uploads\/2024\/12\/Debbich-min.jpg.webp","contentUrl":"https:\/\/challengeseconomiques.com\/wp-content\/uploads\/2024\/12\/Debbich-min.jpg.webp","width":474,"height":310},{"@type":"BreadcrumbList","@id":"https:\/\/challengeseconomiques.com\/?p=7508#breadcrumb","itemListElement":[{"@type":"ListItem","position":1,"name":"Home","item":"https:\/\/challengeseconomiques.com\/"},{"@type":"ListItem","position":2,"name":"Le S\u00e9n\u00e9gal se trouve toujours dans la cat\u00e9gorie des pays de risque mod\u00e9r\u00e9 de surendettement"}]},{"@type":"WebSite","@id":"https:\/\/challengeseconomiques.com\/#website","url":"https:\/\/challengeseconomiques.com\/","name":"challenges economiques","description":"","potentialAction":[{"@type":"SearchAction","target":{"@type":"EntryPoint","urlTemplate":"https:\/\/challengeseconomiques.com\/?s={search_term_string}"},"query-input":{"@type":"PropertyValueSpecification","valueRequired":true,"valueName":"search_term_string"}}],"inLanguage":"fr-FR"},{"@type":"Person","@id":"https:\/\/challengeseconomiques.com\/#\/schema\/person\/b4568c9afebc5a9238a771873801e349","name":"admin","image":{"@type":"ImageObject","inLanguage":"fr-FR","@id":"https:\/\/challengeseconomiques.com\/#\/schema\/person\/image\/","url":"https:\/\/secure.gravatar.com\/avatar\/099e42240b5eea11acdb72751fcce0dd918603f0749d24974b7984ea47ed9fd9?s=96&d=mm&r=g","contentUrl":"https:\/\/secure.gravatar.com\/avatar\/099e42240b5eea11acdb72751fcce0dd918603f0749d24974b7984ea47ed9fd9?s=96&d=mm&r=g","caption":"admin"},"sameAs":["https:\/\/challengeseconomiques.com"],"url":"https:\/\/challengeseconomiques.com\/?author=1"}]}},"jetpack_featured_media_url":"https:\/\/challengeseconomiques.com\/wp-content\/uploads\/2024\/12\/Debbich-min.jpg.webp","jetpack_sharing_enabled":true,"_links":{"self":[{"href":"https:\/\/challengeseconomiques.com\/index.php?rest_route=\/wp\/v2\/posts\/7508","targetHints":{"allow":["GET"]}}],"collection":[{"href":"https:\/\/challengeseconomiques.com\/index.php?rest_route=\/wp\/v2\/posts"}],"about":[{"href":"https:\/\/challengeseconomiques.com\/index.php?rest_route=\/wp\/v2\/types\/post"}],"author":[{"embeddable":true,"href":"https:\/\/challengeseconomiques.com\/index.php?rest_route=\/wp\/v2\/users\/1"}],"replies":[{"embeddable":true,"href":"https:\/\/challengeseconomiques.com\/index.php?rest_route=%2Fwp%2Fv2%2Fcomments&post=7508"}],"version-history":[{"count":1,"href":"https:\/\/challengeseconomiques.com\/index.php?rest_route=\/wp\/v2\/posts\/7508\/revisions"}],"predecessor-version":[{"id":7511,"href":"https:\/\/challengeseconomiques.com\/index.php?rest_route=\/wp\/v2\/posts\/7508\/revisions\/7511"}],"wp:featuredmedia":[{"embeddable":true,"href":"https:\/\/challengeseconomiques.com\/index.php?rest_route=\/wp\/v2\/media\/7510"}],"wp:attachment":[{"href":"https:\/\/challengeseconomiques.com\/index.php?rest_route=%2Fwp%2Fv2%2Fmedia&parent=7508"}],"wp:term":[{"taxonomy":"category","embeddable":true,"href":"https:\/\/challengeseconomiques.com\/index.php?rest_route=%2Fwp%2Fv2%2Fcategories&post=7508"},{"taxonomy":"post_tag","embeddable":true,"href":"https:\/\/challengeseconomiques.com\/index.php?rest_route=%2Fwp%2Fv2%2Ftags&post=7508"}],"curies":[{"name":"wp","href":"https:\/\/api.w.org\/{rel}","templated":true}]}}