{"id":7501,"date":"2024-12-20T18:14:20","date_gmt":"2024-12-20T18:14:20","guid":{"rendered":"https:\/\/challengeseconomiques.com\/?p=7501"},"modified":"2024-12-23T13:09:54","modified_gmt":"2024-12-23T13:09:54","slug":"la-der-fj-signe-deux-conventions-de-3-et-2-milliards-fcfa-avec-la-bnde","status":"publish","type":"post","link":"https:\/\/challengeseconomiques.com\/?p=7501","title":{"rendered":"La DER \/ FJ signe deux conventions de 3 et 2 milliards FCFA avec la BNDE"},"content":{"rendered":"<p>Instruments financiers mis en place par l\u2019Etat du S\u00e9n\u00e9gal, pour appuyer les acteurs \u00e9conomiques, la banque nationale pour le d\u00e9veloppement \u00e9conomique (BNDE) et la D\u00e9l\u00e9gation \u00e0 l\u2019entrepreneuriat rapide des femmes \u00a0et des jeunes (DER\/FR) ont d\u00e9cid\u00e9 d\u2019\u00e9crire une autre page dans le partenariat qui les lie, depuis 2018. La D\u00e9l\u00e9gu\u00e9e g\u00e9n\u00e9rale de la DER FJ et le DG de la BNDE ont en effet sign\u00e9, le vendredi 20 d\u00e9cembre 2024, \u00a0au si\u00e8ge de la DER\/FJ, deux conventions de financements.<\/p>\n<p>Pour la premi\u00e8re ligne, d\u2019un montant de 3 milliards FCFA, elle sera doubl\u00e9e par la BNDE et \u00a0port\u00e9 \u00e0 6 milliards FCFA. Elle va appuyer les acteurs agricoles dans la campagne de commercialisation\u00a0agricole. La seconde, d\u2019un montant de deux milliards FCFA, auxquels la BNDE va ajouter 500 millions FCFA, est \u00a0une convention de co-financement destin\u00e9e \u00e0 soutenir les MPTE, les moyennes et toutes petites et moyennes entreprises selon Mme Aissatou Mbodj.<\/p>\n<p>C\u2019est pourquoi, le Dg de la BNDE, Mamadou Faye a d\u00e9clar\u00e9 que\u00a0: \u00ab\u00a0la signature de ces conventions entre la DER \/FJ et la Banque Nationale pour le D\u00e9veloppement Economique constitue pour nous, \u00a0un acte qui va au-del\u00e0 d&rsquo;un simple engagement institutionnel. Cette signature va marquer une \u00e9tape majeure dans notre ambition collective de soutenir l&rsquo;\u00e9conomie nationale, en particulier le secteur agricole, qui est au c\u0153ur de la vie \u00e9conomique et sociale de notre pays\u00a0\u00bb. \u00a0Mamadou Faye a aussi \u00a0soulign\u00e9 le fait que \u00a0ce secteur constituait l&rsquo;un des piliers essentiels de notre d\u00e9veloppement. Il repr\u00e9sente selon lui une source importante d&#8217;emploi, de revenus et de stabilit\u00e9.<\/p>\n<p>Ces mises \u00e0 disposition permettront de faciliter l&rsquo;acc\u00e8s aux cr\u00e9dits pour les producteurs agricoles particuli\u00e8rement \u00a0les exploitants et les jeunes entrepreneurs, dans un contexte de campagne de commercialisation agricole d\u2019apr\u00e8s M. Faye. Il \u00a0a donn\u00e9 l\u2019assurance \u00e0 la d\u00e9l\u00e9gu\u00e9e g\u00e9n\u00e9rale de la DER\/FJ, \u00a0de mobiliser toutes les ressources humaines et financi\u00e8res pour assurer le d\u00e9veloppement efficace et stable de ces cr\u00e9dits.<\/p>\n<p>Pour accompagner techniquement les b\u00e9n\u00e9ficiaires, le DG de la BNDE a indiqu\u00e9 que l&rsquo;accent sera mis \u00a0sur le renforcement des capacit\u00e9s, des b\u00e9n\u00e9ficiaires de financements. \u00ab\u00a0Nous nous engageons \u00e9galement \u00e0 garantir une gestion transparente et rigoureuse a aussi promis Mamadou Faye.<\/p>\n<p>Mme la D\u00e9l\u00e9gu\u00e9e g\u00e9n\u00e9rale \u00a0a quand elle salu\u00e9 \u00a0la belle coh\u00e9sion, les efforts mutuels et la dynamique avec laquelle \u00a0les \u00e9quipes des deux institutions mettent \u00a0en \u0153uvre les projections communes. Elle notera pour terminer son discours que la DER\/FJ et la BNDE sont aujourd&rsquo;hui devenues une famille dont les membres agissent de concert pour donner un nouveau souffle \u00e0 l&rsquo;entrepreneuriat.<\/p>\n","protected":false},"excerpt":{"rendered":"<p>Instruments financiers mis en place par l\u2019Etat du S\u00e9n\u00e9gal, pour appuyer les acteurs \u00e9conomiques, la banque nationale pour le d\u00e9veloppement \u00e9conomique (BNDE) et la D\u00e9l\u00e9gation&#8230;<\/p>\n","protected":false},"author":3,"featured_media":7517,"comment_status":"closed","ping_status":"open","sticky":false,"template":"","format":"standard","meta":{"_jetpack_memberships_contains_paid_content":false,"footnotes":""},"categories":[23,8],"tags":[],"class_list":["post-7501","post","type-post","status-publish","format-standard","has-post-thumbnail","hentry","category-a-la-une","category-actualite-economique","wpcat-23-id","wpcat-8-id"],"yoast_head":"<!-- This site is optimized with the Yoast SEO plugin v27.1.1 - https:\/\/yoast.com\/product\/yoast-seo-wordpress\/ -->\n<title>La DER \/ FJ signe deux conventions de 3 et 2 milliards FCFA avec la BNDE - challenges economiques<\/title>\n<meta name=\"robots\" content=\"index, follow, max-snippet:-1, max-image-preview:large, max-video-preview:-1\" \/>\n<link rel=\"canonical\" href=\"https:\/\/challengeseconomiques.com\/?p=7501\" \/>\n<meta property=\"og:locale\" content=\"fr_FR\" \/>\n<meta property=\"og:type\" content=\"article\" \/>\n<meta property=\"og:title\" content=\"La DER \/ FJ signe deux conventions de 3 et 2 milliards FCFA avec la BNDE - challenges economiques\" \/>\n<meta property=\"og:description\" content=\"Instruments financiers mis en place par l\u2019Etat du S\u00e9n\u00e9gal, pour appuyer les acteurs \u00e9conomiques, la banque nationale pour le d\u00e9veloppement \u00e9conomique (BNDE) et la D\u00e9l\u00e9gation...\" \/>\n<meta property=\"og:url\" content=\"https:\/\/challengeseconomiques.com\/?p=7501\" \/>\n<meta property=\"og:site_name\" content=\"challenges economiques\" \/>\n<meta property=\"article:published_time\" content=\"2024-12-20T18:14:20+00:00\" \/>\n<meta property=\"article:modified_time\" content=\"2024-12-23T13:09:54+00:00\" \/>\n<meta property=\"og:image\" content=\"https:\/\/challengeseconomiques.com\/wp-content\/uploads\/2024\/12\/derfjbnde1.jpg\" \/>\n\t<meta property=\"og:image:width\" content=\"606\" \/>\n\t<meta property=\"og:image:height\" content=\"554\" \/>\n\t<meta property=\"og:image:type\" content=\"image\/jpeg\" \/>\n<meta name=\"author\" content=\"aliou kane ndiaye\" \/>\n<meta name=\"twitter:card\" content=\"summary_large_image\" \/>\n<meta name=\"twitter:label1\" content=\"\u00c9crit par\" \/>\n\t<meta name=\"twitter:data1\" content=\"aliou kane ndiaye\" \/>\n\t<meta name=\"twitter:label2\" content=\"Dur\u00e9e de lecture estim\u00e9e\" \/>\n\t<meta name=\"twitter:data2\" content=\"2 minutes\" \/>\n<script type=\"application\/ld+json\" class=\"yoast-schema-graph\">{\"@context\":\"https:\/\/schema.org\",\"@graph\":[{\"@type\":\"Article\",\"@id\":\"https:\/\/challengeseconomiques.com\/?p=7501#article\",\"isPartOf\":{\"@id\":\"https:\/\/challengeseconomiques.com\/?p=7501\"},\"author\":{\"name\":\"aliou kane ndiaye\",\"@id\":\"https:\/\/challengeseconomiques.com\/#\/schema\/person\/2f70a31e102db1741c1a1c00c2bbd8a6\"},\"headline\":\"La DER \/ FJ signe deux conventions de 3 et 2 milliards FCFA avec la BNDE\",\"datePublished\":\"2024-12-20T18:14:20+00:00\",\"dateModified\":\"2024-12-23T13:09:54+00:00\",\"mainEntityOfPage\":{\"@id\":\"https:\/\/challengeseconomiques.com\/?p=7501\"},\"wordCount\":482,\"image\":{\"@id\":\"https:\/\/challengeseconomiques.com\/?p=7501#primaryimage\"},\"thumbnailUrl\":\"https:\/\/challengeseconomiques.com\/wp-content\/uploads\/2024\/12\/derfjbnde1.jpg\",\"articleSection\":[\"A la une\",\"Actualit\u00e9 \u00e9conomique\"],\"inLanguage\":\"fr-FR\"},{\"@type\":\"WebPage\",\"@id\":\"https:\/\/challengeseconomiques.com\/?p=7501\",\"url\":\"https:\/\/challengeseconomiques.com\/?p=7501\",\"name\":\"La DER \/ FJ signe deux conventions de 3 et 2 milliards FCFA avec la BNDE - challenges economiques\",\"isPartOf\":{\"@id\":\"https:\/\/challengeseconomiques.com\/#website\"},\"primaryImageOfPage\":{\"@id\":\"https:\/\/challengeseconomiques.com\/?p=7501#primaryimage\"},\"image\":{\"@id\":\"https:\/\/challengeseconomiques.com\/?p=7501#primaryimage\"},\"thumbnailUrl\":\"https:\/\/challengeseconomiques.com\/wp-content\/uploads\/2024\/12\/derfjbnde1.jpg\",\"datePublished\":\"2024-12-20T18:14:20+00:00\",\"dateModified\":\"2024-12-23T13:09:54+00:00\",\"author\":{\"@id\":\"https:\/\/challengeseconomiques.com\/#\/schema\/person\/2f70a31e102db1741c1a1c00c2bbd8a6\"},\"breadcrumb\":{\"@id\":\"https:\/\/challengeseconomiques.com\/?p=7501#breadcrumb\"},\"inLanguage\":\"fr-FR\",\"potentialAction\":[{\"@type\":\"ReadAction\",\"target\":[\"https:\/\/challengeseconomiques.com\/?p=7501\"]}]},{\"@type\":\"ImageObject\",\"inLanguage\":\"fr-FR\",\"@id\":\"https:\/\/challengeseconomiques.com\/?p=7501#primaryimage\",\"url\":\"https:\/\/challengeseconomiques.com\/wp-content\/uploads\/2024\/12\/derfjbnde1.jpg\",\"contentUrl\":\"https:\/\/challengeseconomiques.com\/wp-content\/uploads\/2024\/12\/derfjbnde1.jpg\",\"width\":606,\"height\":554},{\"@type\":\"BreadcrumbList\",\"@id\":\"https:\/\/challengeseconomiques.com\/?p=7501#breadcrumb\",\"itemListElement\":[{\"@type\":\"ListItem\",\"position\":1,\"name\":\"Home\",\"item\":\"https:\/\/challengeseconomiques.com\/\"},{\"@type\":\"ListItem\",\"position\":2,\"name\":\"La DER \/ FJ signe deux conventions de 3 et 2 milliards FCFA avec la BNDE\"}]},{\"@type\":\"WebSite\",\"@id\":\"https:\/\/challengeseconomiques.com\/#website\",\"url\":\"https:\/\/challengeseconomiques.com\/\",\"name\":\"challenges economiques\",\"description\":\"\",\"potentialAction\":[{\"@type\":\"SearchAction\",\"target\":{\"@type\":\"EntryPoint\",\"urlTemplate\":\"https:\/\/challengeseconomiques.com\/?s={search_term_string}\"},\"query-input\":{\"@type\":\"PropertyValueSpecification\",\"valueRequired\":true,\"valueName\":\"search_term_string\"}}],\"inLanguage\":\"fr-FR\"},{\"@type\":\"Person\",\"@id\":\"https:\/\/challengeseconomiques.com\/#\/schema\/person\/2f70a31e102db1741c1a1c00c2bbd8a6\",\"name\":\"aliou kane ndiaye\",\"image\":{\"@type\":\"ImageObject\",\"inLanguage\":\"fr-FR\",\"@id\":\"https:\/\/challengeseconomiques.com\/#\/schema\/person\/image\/\",\"url\":\"https:\/\/secure.gravatar.com\/avatar\/df942321e58711a9f1fee838e446766660477bacd4b42fa20400d2c7cf4da7ca?s=96&d=mm&r=g\",\"contentUrl\":\"https:\/\/secure.gravatar.com\/avatar\/df942321e58711a9f1fee838e446766660477bacd4b42fa20400d2c7cf4da7ca?s=96&d=mm&r=g\",\"caption\":\"aliou kane ndiaye\"},\"sameAs\":[\"http:\/\/www.challengeseconomiques.com\"],\"url\":\"https:\/\/challengeseconomiques.com\/?author=3\"}]}<\/script>\n<!-- \/ Yoast SEO plugin. -->","yoast_head_json":{"title":"La DER \/ FJ signe deux conventions de 3 et 2 milliards FCFA avec la BNDE - challenges economiques","robots":{"index":"index","follow":"follow","max-snippet":"max-snippet:-1","max-image-preview":"max-image-preview:large","max-video-preview":"max-video-preview:-1"},"canonical":"https:\/\/challengeseconomiques.com\/?p=7501","og_locale":"fr_FR","og_type":"article","og_title":"La DER \/ FJ signe deux conventions de 3 et 2 milliards FCFA avec la BNDE - challenges economiques","og_description":"Instruments financiers mis en place par l\u2019Etat du S\u00e9n\u00e9gal, pour appuyer les acteurs \u00e9conomiques, la banque nationale pour le d\u00e9veloppement \u00e9conomique (BNDE) et la D\u00e9l\u00e9gation...","og_url":"https:\/\/challengeseconomiques.com\/?p=7501","og_site_name":"challenges economiques","article_published_time":"2024-12-20T18:14:20+00:00","article_modified_time":"2024-12-23T13:09:54+00:00","og_image":[{"width":606,"height":554,"url":"https:\/\/challengeseconomiques.com\/wp-content\/uploads\/2024\/12\/derfjbnde1.jpg","type":"image\/jpeg"}],"author":"aliou kane ndiaye","twitter_card":"summary_large_image","twitter_misc":{"\u00c9crit par":"aliou kane ndiaye","Dur\u00e9e de lecture estim\u00e9e":"2 minutes"},"schema":{"@context":"https:\/\/schema.org","@graph":[{"@type":"Article","@id":"https:\/\/challengeseconomiques.com\/?p=7501#article","isPartOf":{"@id":"https:\/\/challengeseconomiques.com\/?p=7501"},"author":{"name":"aliou kane ndiaye","@id":"https:\/\/challengeseconomiques.com\/#\/schema\/person\/2f70a31e102db1741c1a1c00c2bbd8a6"},"headline":"La DER \/ FJ signe deux conventions de 3 et 2 milliards FCFA avec la BNDE","datePublished":"2024-12-20T18:14:20+00:00","dateModified":"2024-12-23T13:09:54+00:00","mainEntityOfPage":{"@id":"https:\/\/challengeseconomiques.com\/?p=7501"},"wordCount":482,"image":{"@id":"https:\/\/challengeseconomiques.com\/?p=7501#primaryimage"},"thumbnailUrl":"https:\/\/challengeseconomiques.com\/wp-content\/uploads\/2024\/12\/derfjbnde1.jpg","articleSection":["A la une","Actualit\u00e9 \u00e9conomique"],"inLanguage":"fr-FR"},{"@type":"WebPage","@id":"https:\/\/challengeseconomiques.com\/?p=7501","url":"https:\/\/challengeseconomiques.com\/?p=7501","name":"La DER \/ FJ signe deux conventions de 3 et 2 milliards FCFA avec la BNDE - challenges economiques","isPartOf":{"@id":"https:\/\/challengeseconomiques.com\/#website"},"primaryImageOfPage":{"@id":"https:\/\/challengeseconomiques.com\/?p=7501#primaryimage"},"image":{"@id":"https:\/\/challengeseconomiques.com\/?p=7501#primaryimage"},"thumbnailUrl":"https:\/\/challengeseconomiques.com\/wp-content\/uploads\/2024\/12\/derfjbnde1.jpg","datePublished":"2024-12-20T18:14:20+00:00","dateModified":"2024-12-23T13:09:54+00:00","author":{"@id":"https:\/\/challengeseconomiques.com\/#\/schema\/person\/2f70a31e102db1741c1a1c00c2bbd8a6"},"breadcrumb":{"@id":"https:\/\/challengeseconomiques.com\/?p=7501#breadcrumb"},"inLanguage":"fr-FR","potentialAction":[{"@type":"ReadAction","target":["https:\/\/challengeseconomiques.com\/?p=7501"]}]},{"@type":"ImageObject","inLanguage":"fr-FR","@id":"https:\/\/challengeseconomiques.com\/?p=7501#primaryimage","url":"https:\/\/challengeseconomiques.com\/wp-content\/uploads\/2024\/12\/derfjbnde1.jpg","contentUrl":"https:\/\/challengeseconomiques.com\/wp-content\/uploads\/2024\/12\/derfjbnde1.jpg","width":606,"height":554},{"@type":"BreadcrumbList","@id":"https:\/\/challengeseconomiques.com\/?p=7501#breadcrumb","itemListElement":[{"@type":"ListItem","position":1,"name":"Home","item":"https:\/\/challengeseconomiques.com\/"},{"@type":"ListItem","position":2,"name":"La DER \/ FJ signe deux conventions de 3 et 2 milliards FCFA avec la BNDE"}]},{"@type":"WebSite","@id":"https:\/\/challengeseconomiques.com\/#website","url":"https:\/\/challengeseconomiques.com\/","name":"challenges economiques","description":"","potentialAction":[{"@type":"SearchAction","target":{"@type":"EntryPoint","urlTemplate":"https:\/\/challengeseconomiques.com\/?s={search_term_string}"},"query-input":{"@type":"PropertyValueSpecification","valueRequired":true,"valueName":"search_term_string"}}],"inLanguage":"fr-FR"},{"@type":"Person","@id":"https:\/\/challengeseconomiques.com\/#\/schema\/person\/2f70a31e102db1741c1a1c00c2bbd8a6","name":"aliou kane ndiaye","image":{"@type":"ImageObject","inLanguage":"fr-FR","@id":"https:\/\/challengeseconomiques.com\/#\/schema\/person\/image\/","url":"https:\/\/secure.gravatar.com\/avatar\/df942321e58711a9f1fee838e446766660477bacd4b42fa20400d2c7cf4da7ca?s=96&d=mm&r=g","contentUrl":"https:\/\/secure.gravatar.com\/avatar\/df942321e58711a9f1fee838e446766660477bacd4b42fa20400d2c7cf4da7ca?s=96&d=mm&r=g","caption":"aliou kane ndiaye"},"sameAs":["http:\/\/www.challengeseconomiques.com"],"url":"https:\/\/challengeseconomiques.com\/?author=3"}]}},"jetpack_featured_media_url":"https:\/\/challengeseconomiques.com\/wp-content\/uploads\/2024\/12\/derfjbnde1.jpg","jetpack_sharing_enabled":true,"_links":{"self":[{"href":"https:\/\/challengeseconomiques.com\/index.php?rest_route=\/wp\/v2\/posts\/7501","targetHints":{"allow":["GET"]}}],"collection":[{"href":"https:\/\/challengeseconomiques.com\/index.php?rest_route=\/wp\/v2\/posts"}],"about":[{"href":"https:\/\/challengeseconomiques.com\/index.php?rest_route=\/wp\/v2\/types\/post"}],"author":[{"embeddable":true,"href":"https:\/\/challengeseconomiques.com\/index.php?rest_route=\/wp\/v2\/users\/3"}],"replies":[{"embeddable":true,"href":"https:\/\/challengeseconomiques.com\/index.php?rest_route=%2Fwp%2Fv2%2Fcomments&post=7501"}],"version-history":[{"count":1,"href":"https:\/\/challengeseconomiques.com\/index.php?rest_route=\/wp\/v2\/posts\/7501\/revisions"}],"predecessor-version":[{"id":7503,"href":"https:\/\/challengeseconomiques.com\/index.php?rest_route=\/wp\/v2\/posts\/7501\/revisions\/7503"}],"wp:featuredmedia":[{"embeddable":true,"href":"https:\/\/challengeseconomiques.com\/index.php?rest_route=\/wp\/v2\/media\/7517"}],"wp:attachment":[{"href":"https:\/\/challengeseconomiques.com\/index.php?rest_route=%2Fwp%2Fv2%2Fmedia&parent=7501"}],"wp:term":[{"taxonomy":"category","embeddable":true,"href":"https:\/\/challengeseconomiques.com\/index.php?rest_route=%2Fwp%2Fv2%2Fcategories&post=7501"},{"taxonomy":"post_tag","embeddable":true,"href":"https:\/\/challengeseconomiques.com\/index.php?rest_route=%2Fwp%2Fv2%2Ftags&post=7501"}],"curies":[{"name":"wp","href":"https:\/\/api.w.org\/{rel}","templated":true}]}}