{"id":7490,"date":"2024-12-17T13:57:35","date_gmt":"2024-12-17T13:57:35","guid":{"rendered":"https:\/\/challengeseconomiques.com\/?p=7490"},"modified":"2024-12-17T13:59:37","modified_gmt":"2024-12-17T13:59:37","slug":"le-groupe-de-la-banque-africaine-de-developpement-va-se-doter-dun-nouveau-siege-social-ultramoderne-a-abidjan","status":"publish","type":"post","link":"https:\/\/challengeseconomiques.com\/?p=7490","title":{"rendered":"Le Groupe de la Banque africaine de d\u00e9veloppement va construire un nouveau si\u00e8ge social ultramoderne \u00e0 Abidjan"},"content":{"rendered":"<p>Le Groupe de la Banque africaine de d\u00e9veloppement va construire un \u00a0\u00a0nouveau b\u00e2timent moderne et \u00e0 la pointe de la technologie destin\u00e9 \u00e0 accueillir son si\u00e8ge social \u00e0 Abidjan, capitale \u00e9conomique de la C\u00f4te d\u2019Ivoire.<\/p>\n<p>Les administrateurs ont approuv\u00e9 la proposition \u00e0 l\u2019unanimit\u00e9, soulignant l\u2019importance pour la Banque de maintenir sa forte pr\u00e9sence \u00e0 Abidjan et d\u2019investir dans un environnement de travail favorable au bien-\u00eatre de son personnel d\u2019apr\u00e8s un communiqu\u00e9 de la banque .<\/p>\n<p>Le pr\u00e9sident du Groupe de la Banque africaine de d\u00e9veloppement et pr\u00e9sident des Conseils d\u2019administration, M.\u00a0Akinwumi Adesina, s\u2019est f\u00e9licit\u00e9 de la d\u00e9cision des conseils d\u2019administration, la qualifiant d\u2019\u00ab\u2009historique pour le personnel de la Banque, pour la Banque elle-m\u00eame, pour la C\u00f4te d\u2019Ivoire et pour l\u2019Afrique, car elle envoie un message clair que la Banque africaine de d\u00e9veloppement, en tant que premi\u00e8re institution financi\u00e8re d\u2019Afrique, m\u00e9rite un si\u00e8ge \u00e0 la hauteur de sa r\u00e9putation mondiale.\u2009\u00bb souligne ce communiqu\u00e9.<\/p>\n<p>Pour M. Ad\u00e9sina, c\u2019est un grand jour pour le Groupe de la Banque africaine de d\u00e9veloppement. A l\u2019en croire, il marque la concr\u00e9tisation d\u2019une vision qu\u2019il avait lors de son \u00e9lection \u00e0 la pr\u00e9sidence en 2015, celle de doter la Banque d\u2019un si\u00e8ge digne de son rang \u00e0 Abidjan. Il poursuit pour dire que \u00ab\u00a0cela refl\u00e8te notre aspiration collective \u00e0 am\u00e9liorer l\u2019ensemble de nos op\u00e9rations, le bien-\u00eatre du personnel et des Conseils, \u00e0 offrir une exp\u00e9rience professionnelle de classe mondiale et \u00e0 renforcer la productivit\u00e9 de la Banque, pour acc\u00e9l\u00e9rer le d\u00e9veloppement de l\u2019Afrique\u2009\u00bb.<\/p>\n<p>Le nouveau b\u00e2timent renseigne le communiqu\u00e9 \u00a0sera \u00e9rig\u00e9 sur le site du si\u00e8ge actuel. Il mettra en valeur l&rsquo;innovation architecturale \u00e0 travers sa conception \u00e9co\u00e9nerg\u00e9tique et ses dispositifs de s\u00e9curit\u00e9 avanc\u00e9s, marquant un nouveau chapitre dans la pr\u00e9sence du Groupe de la Banque africaine de d\u00e9veloppement \u00e0 Abidjan.<\/p>\n<p>Le nouveau si\u00e8ge disposera \u00e9galement selon le communiqu\u00e9 d\u2019installations modernes d\u00e9di\u00e9es \u00e0 l\u2019accueil et aux \u00e9changes avec les actionnaires et les parties prenantes, dans un environnement de travail refl\u00e9tant l\u2019engagement de la Banque en faveur de la croissance verte, de l\u2019efficacit\u00e9 \u00e9nerg\u00e9tique et de la s\u00e9curit\u00e9.<\/p>\n<p>&nbsp;<\/p>\n","protected":false},"excerpt":{"rendered":"<p>Le Groupe de la Banque africaine de d\u00e9veloppement va construire un \u00a0\u00a0nouveau b\u00e2timent moderne et \u00e0 la pointe de la technologie destin\u00e9 \u00e0 accueillir son&#8230;<\/p>\n","protected":false},"author":1,"featured_media":699,"comment_status":"closed","ping_status":"open","sticky":false,"template":"","format":"standard","meta":{"_jetpack_memberships_contains_paid_content":false,"footnotes":""},"categories":[23,8],"tags":[],"class_list":["post-7490","post","type-post","status-publish","format-standard","has-post-thumbnail","hentry","category-a-la-une","category-actualite-economique","wpcat-23-id","wpcat-8-id"],"yoast_head":"<!-- This site is optimized with the Yoast SEO plugin v27.1.1 - https:\/\/yoast.com\/product\/yoast-seo-wordpress\/ -->\n<title>Le Groupe de la Banque africaine de d\u00e9veloppement va construire un nouveau si\u00e8ge social ultramoderne \u00e0 Abidjan - challenges economiques<\/title>\n<meta name=\"robots\" content=\"index, follow, max-snippet:-1, max-image-preview:large, max-video-preview:-1\" \/>\n<link rel=\"canonical\" href=\"https:\/\/challengeseconomiques.com\/?p=7490\" \/>\n<meta property=\"og:locale\" content=\"fr_FR\" \/>\n<meta property=\"og:type\" content=\"article\" \/>\n<meta property=\"og:title\" content=\"Le Groupe de la Banque africaine de d\u00e9veloppement va construire un nouveau si\u00e8ge social ultramoderne \u00e0 Abidjan - challenges economiques\" \/>\n<meta property=\"og:description\" content=\"Le Groupe de la Banque africaine de d\u00e9veloppement va construire un \u00a0\u00a0nouveau b\u00e2timent moderne et \u00e0 la pointe de la technologie destin\u00e9 \u00e0 accueillir son...\" \/>\n<meta property=\"og:url\" content=\"https:\/\/challengeseconomiques.com\/?p=7490\" \/>\n<meta property=\"og:site_name\" content=\"challenges economiques\" \/>\n<meta property=\"article:published_time\" content=\"2024-12-17T13:57:35+00:00\" \/>\n<meta property=\"article:modified_time\" content=\"2024-12-17T13:59:37+00:00\" \/>\n<meta property=\"og:image\" content=\"https:\/\/challengeseconomiques.com\/wp-content\/uploads\/2021\/02\/BAD-003-768x493-1.png\" \/>\n\t<meta property=\"og:image:width\" content=\"768\" \/>\n\t<meta property=\"og:image:height\" content=\"493\" \/>\n\t<meta property=\"og:image:type\" content=\"image\/png\" \/>\n<meta name=\"author\" content=\"admin\" \/>\n<meta name=\"twitter:card\" content=\"summary_large_image\" \/>\n<meta name=\"twitter:label1\" content=\"\u00c9crit par\" \/>\n\t<meta name=\"twitter:data1\" content=\"admin\" \/>\n\t<meta name=\"twitter:label2\" content=\"Dur\u00e9e de lecture estim\u00e9e\" \/>\n\t<meta name=\"twitter:data2\" content=\"2 minutes\" \/>\n<script type=\"application\/ld+json\" class=\"yoast-schema-graph\">{\"@context\":\"https:\/\/schema.org\",\"@graph\":[{\"@type\":\"Article\",\"@id\":\"https:\/\/challengeseconomiques.com\/?p=7490#article\",\"isPartOf\":{\"@id\":\"https:\/\/challengeseconomiques.com\/?p=7490\"},\"author\":{\"name\":\"admin\",\"@id\":\"https:\/\/challengeseconomiques.com\/#\/schema\/person\/b4568c9afebc5a9238a771873801e349\"},\"headline\":\"Le Groupe de la Banque africaine de d\u00e9veloppement va construire un nouveau si\u00e8ge social ultramoderne \u00e0 Abidjan\",\"datePublished\":\"2024-12-17T13:57:35+00:00\",\"dateModified\":\"2024-12-17T13:59:37+00:00\",\"mainEntityOfPage\":{\"@id\":\"https:\/\/challengeseconomiques.com\/?p=7490\"},\"wordCount\":415,\"image\":{\"@id\":\"https:\/\/challengeseconomiques.com\/?p=7490#primaryimage\"},\"thumbnailUrl\":\"https:\/\/challengeseconomiques.com\/wp-content\/uploads\/2021\/02\/BAD-003-768x493-1.png\",\"articleSection\":[\"A la une\",\"Actualit\u00e9 \u00e9conomique\"],\"inLanguage\":\"fr-FR\"},{\"@type\":\"WebPage\",\"@id\":\"https:\/\/challengeseconomiques.com\/?p=7490\",\"url\":\"https:\/\/challengeseconomiques.com\/?p=7490\",\"name\":\"Le Groupe de la Banque africaine de d\u00e9veloppement va construire un nouveau si\u00e8ge social ultramoderne \u00e0 Abidjan - challenges economiques\",\"isPartOf\":{\"@id\":\"https:\/\/challengeseconomiques.com\/#website\"},\"primaryImageOfPage\":{\"@id\":\"https:\/\/challengeseconomiques.com\/?p=7490#primaryimage\"},\"image\":{\"@id\":\"https:\/\/challengeseconomiques.com\/?p=7490#primaryimage\"},\"thumbnailUrl\":\"https:\/\/challengeseconomiques.com\/wp-content\/uploads\/2021\/02\/BAD-003-768x493-1.png\",\"datePublished\":\"2024-12-17T13:57:35+00:00\",\"dateModified\":\"2024-12-17T13:59:37+00:00\",\"author\":{\"@id\":\"https:\/\/challengeseconomiques.com\/#\/schema\/person\/b4568c9afebc5a9238a771873801e349\"},\"breadcrumb\":{\"@id\":\"https:\/\/challengeseconomiques.com\/?p=7490#breadcrumb\"},\"inLanguage\":\"fr-FR\",\"potentialAction\":[{\"@type\":\"ReadAction\",\"target\":[\"https:\/\/challengeseconomiques.com\/?p=7490\"]}]},{\"@type\":\"ImageObject\",\"inLanguage\":\"fr-FR\",\"@id\":\"https:\/\/challengeseconomiques.com\/?p=7490#primaryimage\",\"url\":\"https:\/\/challengeseconomiques.com\/wp-content\/uploads\/2021\/02\/BAD-003-768x493-1.png\",\"contentUrl\":\"https:\/\/challengeseconomiques.com\/wp-content\/uploads\/2021\/02\/BAD-003-768x493-1.png\",\"width\":768,\"height\":493},{\"@type\":\"BreadcrumbList\",\"@id\":\"https:\/\/challengeseconomiques.com\/?p=7490#breadcrumb\",\"itemListElement\":[{\"@type\":\"ListItem\",\"position\":1,\"name\":\"Home\",\"item\":\"https:\/\/challengeseconomiques.com\/\"},{\"@type\":\"ListItem\",\"position\":2,\"name\":\"Le Groupe de la Banque africaine de d\u00e9veloppement va construire un nouveau si\u00e8ge social ultramoderne \u00e0 Abidjan\"}]},{\"@type\":\"WebSite\",\"@id\":\"https:\/\/challengeseconomiques.com\/#website\",\"url\":\"https:\/\/challengeseconomiques.com\/\",\"name\":\"challenges economiques\",\"description\":\"\",\"potentialAction\":[{\"@type\":\"SearchAction\",\"target\":{\"@type\":\"EntryPoint\",\"urlTemplate\":\"https:\/\/challengeseconomiques.com\/?s={search_term_string}\"},\"query-input\":{\"@type\":\"PropertyValueSpecification\",\"valueRequired\":true,\"valueName\":\"search_term_string\"}}],\"inLanguage\":\"fr-FR\"},{\"@type\":\"Person\",\"@id\":\"https:\/\/challengeseconomiques.com\/#\/schema\/person\/b4568c9afebc5a9238a771873801e349\",\"name\":\"admin\",\"image\":{\"@type\":\"ImageObject\",\"inLanguage\":\"fr-FR\",\"@id\":\"https:\/\/challengeseconomiques.com\/#\/schema\/person\/image\/\",\"url\":\"https:\/\/secure.gravatar.com\/avatar\/099e42240b5eea11acdb72751fcce0dd918603f0749d24974b7984ea47ed9fd9?s=96&d=mm&r=g\",\"contentUrl\":\"https:\/\/secure.gravatar.com\/avatar\/099e42240b5eea11acdb72751fcce0dd918603f0749d24974b7984ea47ed9fd9?s=96&d=mm&r=g\",\"caption\":\"admin\"},\"sameAs\":[\"https:\/\/challengeseconomiques.com\"],\"url\":\"https:\/\/challengeseconomiques.com\/?author=1\"}]}<\/script>\n<!-- \/ Yoast SEO plugin. -->","yoast_head_json":{"title":"Le Groupe de la Banque africaine de d\u00e9veloppement va construire un nouveau si\u00e8ge social ultramoderne \u00e0 Abidjan - challenges economiques","robots":{"index":"index","follow":"follow","max-snippet":"max-snippet:-1","max-image-preview":"max-image-preview:large","max-video-preview":"max-video-preview:-1"},"canonical":"https:\/\/challengeseconomiques.com\/?p=7490","og_locale":"fr_FR","og_type":"article","og_title":"Le Groupe de la Banque africaine de d\u00e9veloppement va construire un nouveau si\u00e8ge social ultramoderne \u00e0 Abidjan - challenges economiques","og_description":"Le Groupe de la Banque africaine de d\u00e9veloppement va construire un \u00a0\u00a0nouveau b\u00e2timent moderne et \u00e0 la pointe de la technologie destin\u00e9 \u00e0 accueillir son...","og_url":"https:\/\/challengeseconomiques.com\/?p=7490","og_site_name":"challenges economiques","article_published_time":"2024-12-17T13:57:35+00:00","article_modified_time":"2024-12-17T13:59:37+00:00","og_image":[{"width":768,"height":493,"url":"https:\/\/challengeseconomiques.com\/wp-content\/uploads\/2021\/02\/BAD-003-768x493-1.png","type":"image\/png"}],"author":"admin","twitter_card":"summary_large_image","twitter_misc":{"\u00c9crit par":"admin","Dur\u00e9e de lecture estim\u00e9e":"2 minutes"},"schema":{"@context":"https:\/\/schema.org","@graph":[{"@type":"Article","@id":"https:\/\/challengeseconomiques.com\/?p=7490#article","isPartOf":{"@id":"https:\/\/challengeseconomiques.com\/?p=7490"},"author":{"name":"admin","@id":"https:\/\/challengeseconomiques.com\/#\/schema\/person\/b4568c9afebc5a9238a771873801e349"},"headline":"Le Groupe de la Banque africaine de d\u00e9veloppement va construire un nouveau si\u00e8ge social ultramoderne \u00e0 Abidjan","datePublished":"2024-12-17T13:57:35+00:00","dateModified":"2024-12-17T13:59:37+00:00","mainEntityOfPage":{"@id":"https:\/\/challengeseconomiques.com\/?p=7490"},"wordCount":415,"image":{"@id":"https:\/\/challengeseconomiques.com\/?p=7490#primaryimage"},"thumbnailUrl":"https:\/\/challengeseconomiques.com\/wp-content\/uploads\/2021\/02\/BAD-003-768x493-1.png","articleSection":["A la une","Actualit\u00e9 \u00e9conomique"],"inLanguage":"fr-FR"},{"@type":"WebPage","@id":"https:\/\/challengeseconomiques.com\/?p=7490","url":"https:\/\/challengeseconomiques.com\/?p=7490","name":"Le Groupe de la Banque africaine de d\u00e9veloppement va construire un nouveau si\u00e8ge social ultramoderne \u00e0 Abidjan - challenges economiques","isPartOf":{"@id":"https:\/\/challengeseconomiques.com\/#website"},"primaryImageOfPage":{"@id":"https:\/\/challengeseconomiques.com\/?p=7490#primaryimage"},"image":{"@id":"https:\/\/challengeseconomiques.com\/?p=7490#primaryimage"},"thumbnailUrl":"https:\/\/challengeseconomiques.com\/wp-content\/uploads\/2021\/02\/BAD-003-768x493-1.png","datePublished":"2024-12-17T13:57:35+00:00","dateModified":"2024-12-17T13:59:37+00:00","author":{"@id":"https:\/\/challengeseconomiques.com\/#\/schema\/person\/b4568c9afebc5a9238a771873801e349"},"breadcrumb":{"@id":"https:\/\/challengeseconomiques.com\/?p=7490#breadcrumb"},"inLanguage":"fr-FR","potentialAction":[{"@type":"ReadAction","target":["https:\/\/challengeseconomiques.com\/?p=7490"]}]},{"@type":"ImageObject","inLanguage":"fr-FR","@id":"https:\/\/challengeseconomiques.com\/?p=7490#primaryimage","url":"https:\/\/challengeseconomiques.com\/wp-content\/uploads\/2021\/02\/BAD-003-768x493-1.png","contentUrl":"https:\/\/challengeseconomiques.com\/wp-content\/uploads\/2021\/02\/BAD-003-768x493-1.png","width":768,"height":493},{"@type":"BreadcrumbList","@id":"https:\/\/challengeseconomiques.com\/?p=7490#breadcrumb","itemListElement":[{"@type":"ListItem","position":1,"name":"Home","item":"https:\/\/challengeseconomiques.com\/"},{"@type":"ListItem","position":2,"name":"Le Groupe de la Banque africaine de d\u00e9veloppement va construire un nouveau si\u00e8ge social ultramoderne \u00e0 Abidjan"}]},{"@type":"WebSite","@id":"https:\/\/challengeseconomiques.com\/#website","url":"https:\/\/challengeseconomiques.com\/","name":"challenges economiques","description":"","potentialAction":[{"@type":"SearchAction","target":{"@type":"EntryPoint","urlTemplate":"https:\/\/challengeseconomiques.com\/?s={search_term_string}"},"query-input":{"@type":"PropertyValueSpecification","valueRequired":true,"valueName":"search_term_string"}}],"inLanguage":"fr-FR"},{"@type":"Person","@id":"https:\/\/challengeseconomiques.com\/#\/schema\/person\/b4568c9afebc5a9238a771873801e349","name":"admin","image":{"@type":"ImageObject","inLanguage":"fr-FR","@id":"https:\/\/challengeseconomiques.com\/#\/schema\/person\/image\/","url":"https:\/\/secure.gravatar.com\/avatar\/099e42240b5eea11acdb72751fcce0dd918603f0749d24974b7984ea47ed9fd9?s=96&d=mm&r=g","contentUrl":"https:\/\/secure.gravatar.com\/avatar\/099e42240b5eea11acdb72751fcce0dd918603f0749d24974b7984ea47ed9fd9?s=96&d=mm&r=g","caption":"admin"},"sameAs":["https:\/\/challengeseconomiques.com"],"url":"https:\/\/challengeseconomiques.com\/?author=1"}]}},"jetpack_featured_media_url":"https:\/\/challengeseconomiques.com\/wp-content\/uploads\/2021\/02\/BAD-003-768x493-1.png","jetpack_sharing_enabled":true,"_links":{"self":[{"href":"https:\/\/challengeseconomiques.com\/index.php?rest_route=\/wp\/v2\/posts\/7490","targetHints":{"allow":["GET"]}}],"collection":[{"href":"https:\/\/challengeseconomiques.com\/index.php?rest_route=\/wp\/v2\/posts"}],"about":[{"href":"https:\/\/challengeseconomiques.com\/index.php?rest_route=\/wp\/v2\/types\/post"}],"author":[{"embeddable":true,"href":"https:\/\/challengeseconomiques.com\/index.php?rest_route=\/wp\/v2\/users\/1"}],"replies":[{"embeddable":true,"href":"https:\/\/challengeseconomiques.com\/index.php?rest_route=%2Fwp%2Fv2%2Fcomments&post=7490"}],"version-history":[{"count":2,"href":"https:\/\/challengeseconomiques.com\/index.php?rest_route=\/wp\/v2\/posts\/7490\/revisions"}],"predecessor-version":[{"id":7492,"href":"https:\/\/challengeseconomiques.com\/index.php?rest_route=\/wp\/v2\/posts\/7490\/revisions\/7492"}],"wp:featuredmedia":[{"embeddable":true,"href":"https:\/\/challengeseconomiques.com\/index.php?rest_route=\/wp\/v2\/media\/699"}],"wp:attachment":[{"href":"https:\/\/challengeseconomiques.com\/index.php?rest_route=%2Fwp%2Fv2%2Fmedia&parent=7490"}],"wp:term":[{"taxonomy":"category","embeddable":true,"href":"https:\/\/challengeseconomiques.com\/index.php?rest_route=%2Fwp%2Fv2%2Fcategories&post=7490"},{"taxonomy":"post_tag","embeddable":true,"href":"https:\/\/challengeseconomiques.com\/index.php?rest_route=%2Fwp%2Fv2%2Ftags&post=7490"}],"curies":[{"name":"wp","href":"https:\/\/api.w.org\/{rel}","templated":true}]}}