{"id":7480,"date":"2024-12-16T12:40:19","date_gmt":"2024-12-16T12:40:19","guid":{"rendered":"https:\/\/challengeseconomiques.com\/?p=7480"},"modified":"2024-12-16T12:40:54","modified_gmt":"2024-12-16T12:40:54","slug":"en-deux-semaines-la-cote-divoire-a-leve-plus-de-774-millions-sur-le-marche-regional","status":"publish","type":"post","link":"https:\/\/challengeseconomiques.com\/?p=7480","title":{"rendered":"En deux semaines, la C\u00f4te d\u2019Ivoire a lev\u00e9 plus de 774 millions $ sur le march\u00e9 r\u00e9gional"},"content":{"rendered":"<p class=\"texte textearticle\"><strong>\u00a0Depuis le d\u00e9but de l\u2019ann\u00e9e, le pays a intensifi\u00e9 ses \u00e9missions avec plus de 160 nouveaux titres \u00e9mis, soutenu par la solidit\u00e9 de sa signature sur le march\u00e9 r\u00e9gional. Avec 275 milliards FCFA lev\u00e9s lors d\u2019une pr\u00e9c\u00e9dente op\u00e9ration le 26 novembre dernier, la C\u00f4te d\u2019Ivoire a d\u00e9j\u00e0 mobilis\u00e9 plus de 480 milliards FCFA (774 millions $) en moins de deux semaines.\u00a0<\/strong><\/p>\n<p class=\"texte textearticle\">Apr\u00e8s avoir mobilis\u00e9 275 milliards FCFA (environ 443 millions\u00a0$) le mardi 26 novembre 2024, la C\u00f4te d&rsquo;Ivoire continue sur sa lanc\u00e9e avec une nouvelle lev\u00e9e de fonds r\u00e9ussie sur le march\u00e9 des titres publics de l\u2019Union \u00e9conomique et mon\u00e9taire ouest-africaine (UEMOA). Le vendredi 6 d\u00e9cembre, le pays a lev\u00e9 208 milliards FCFA, surpassant son objectif initial de 195 milliards FCFA. Une demande globale acc\u00e9dant les 106%, signe de l\u2019attractivit\u00e9 du pays aupr\u00e8s des investisseurs de l\u2019Union.<\/p>\n<p class=\"texte textearticle\"><strong>Une strat\u00e9gie ax\u00e9e sur le moyen et le court\u00a0termes\u00a0<\/strong><\/p>\n<p class=\"texte textearticle\">La strat\u00e9gie de diversification des maturit\u00e9s semble porter ses fruits. Les bons Assimilables du Tr\u00e9sor (BAT) \u00e0 91 jours ont attir\u00e9 la majeure partie des investisseurs, avec un montant total de 135,8 milliards FCFA enti\u00e8rement absorb\u00e9. Sur les maturit\u00e9s de 182 et 364 jours, les montants lev\u00e9s s\u2019\u00e9l\u00e8vent respectivement \u00e0 15 milliards FCFA et 18 milliards FCFA, avec des taux d\u2019absorption proches de 100%.<\/p>\n<p class=\"texte textearticle\">Du c\u00f4t\u00e9 des obligations assimilables du Tr\u00e9sor (OAT), les maturit\u00e9s de 3 et 5 ans ont \u00e9galement rencontr\u00e9 un franc succ\u00e8s, avec des montants retenus de 25 milliards FCFA et 2 milliards FCFA. Seules les OAT \u00e0 7 ans ont affich\u00e9 un taux d\u2019absorption l\u00e9g\u00e8rement inf\u00e9rieur, \u00e0 96,07\u00a0%, avec un montant final de 12,2 milliards FCFA.<\/p>\n<p class=\"texte textearticle\"><strong>Des co\u00fbts ma\u00eetris\u00e9s malgr\u00e9 des primes de risque<\/strong><\/p>\n<p class=\"texte textearticle\">Les rendements moyens pond\u00e9r\u00e9s (RMP) des BAT ont oscill\u00e9 entre 4,27\u00a0% (182 jours) et 6,59% (91 jours) Pour les OAT, les rendements ont atteint 7,63% pour les maturit\u00e9s de 3 et 5 ans, et 7,48% pour celles de 7 ans, soulignant un l\u00e9ger co\u00fbt additionnel pour s\u00e9curiser des financements de plus longue dur\u00e9e.<\/p>\n<p class=\"texte textearticle\">Les rendements moyens pond\u00e9r\u00e9s ont oscill\u00e9 entre 4,27% pour les BAT \u00e0 182 jours et 7,63% pour les OAT \u00e0 3 et 5 ans. Ces chiffres indiquent une prime de risque mesur\u00e9e pour un \u00e9metteur qui reste une valeur refuge sur le march\u00e9 r\u00e9gional.\u00a0Pour les OAT, les rendements ont atteint 7,63% pour les maturit\u00e9s de 3 et 5 ans, et 7,48% pour celles de 7 ans.<\/p>\n<p class=\"texte textearticle\">Cette nouvelle lev\u00e9e de fonds s\u2019inscrit dans une strat\u00e9gie de gestion de la dette publique qui combine diversification des instruments et optimisation des \u00e9ch\u00e9ances. Depuis le d\u00e9but de l\u2019ann\u00e9e, la C\u00f4te d\u2019Ivoire a d\u00e9j\u00e0 mobilis\u00e9 3271 milliards FCFA sur le march\u00e9 r\u00e9gional.<\/p>\n<p class=\"texte textearticle\"><strong>(Agence Ecofin) <em><br \/>\n<\/em><\/strong><\/p>\n","protected":false},"excerpt":{"rendered":"<p>\u00a0Depuis le d\u00e9but de l\u2019ann\u00e9e, le pays a intensifi\u00e9 ses \u00e9missions avec plus de 160 nouveaux titres \u00e9mis, soutenu par la solidit\u00e9 de sa signature&#8230;<\/p>\n","protected":false},"author":1,"featured_media":2681,"comment_status":"closed","ping_status":"open","sticky":false,"template":"","format":"standard","meta":{"_jetpack_memberships_contains_paid_content":false,"footnotes":""},"categories":[8,10],"tags":[],"class_list":["post-7480","post","type-post","status-publish","format-standard","has-post-thumbnail","hentry","category-actualite-economique","category-infos-eco","wpcat-8-id","wpcat-10-id"],"yoast_head":"<!-- This site is optimized with the Yoast SEO plugin v27.1.1 - https:\/\/yoast.com\/product\/yoast-seo-wordpress\/ -->\n<title>En deux semaines, la C\u00f4te d\u2019Ivoire a lev\u00e9 plus de 774 millions $ sur le march\u00e9 r\u00e9gional - challenges economiques<\/title>\n<meta name=\"robots\" content=\"index, follow, max-snippet:-1, max-image-preview:large, max-video-preview:-1\" \/>\n<link rel=\"canonical\" href=\"https:\/\/challengeseconomiques.com\/?p=7480\" \/>\n<meta property=\"og:locale\" content=\"fr_FR\" \/>\n<meta property=\"og:type\" content=\"article\" \/>\n<meta property=\"og:title\" content=\"En deux semaines, la C\u00f4te d\u2019Ivoire a lev\u00e9 plus de 774 millions $ sur le march\u00e9 r\u00e9gional - challenges economiques\" \/>\n<meta property=\"og:description\" content=\"\u00a0Depuis le d\u00e9but de l\u2019ann\u00e9e, le pays a intensifi\u00e9 ses \u00e9missions avec plus de 160 nouveaux titres \u00e9mis, soutenu par la solidit\u00e9 de sa signature...\" \/>\n<meta property=\"og:url\" content=\"https:\/\/challengeseconomiques.com\/?p=7480\" \/>\n<meta property=\"og:site_name\" content=\"challenges economiques\" \/>\n<meta property=\"article:published_time\" content=\"2024-12-16T12:40:19+00:00\" \/>\n<meta property=\"article:modified_time\" content=\"2024-12-16T12:40:54+00:00\" \/>\n<meta property=\"og:image\" content=\"https:\/\/challengeseconomiques.com\/wp-content\/uploads\/2022\/02\/Cote-dIvoire-Le-Plateau.jpg\" \/>\n\t<meta property=\"og:image:width\" content=\"800\" \/>\n\t<meta property=\"og:image:height\" content=\"500\" \/>\n\t<meta property=\"og:image:type\" content=\"image\/jpeg\" \/>\n<meta name=\"author\" content=\"admin\" \/>\n<meta name=\"twitter:card\" content=\"summary_large_image\" \/>\n<meta name=\"twitter:label1\" content=\"\u00c9crit par\" \/>\n\t<meta name=\"twitter:data1\" content=\"admin\" \/>\n\t<meta name=\"twitter:label2\" content=\"Dur\u00e9e de lecture estim\u00e9e\" \/>\n\t<meta name=\"twitter:data2\" content=\"2 minutes\" \/>\n<script type=\"application\/ld+json\" class=\"yoast-schema-graph\">{\"@context\":\"https:\/\/schema.org\",\"@graph\":[{\"@type\":\"Article\",\"@id\":\"https:\/\/challengeseconomiques.com\/?p=7480#article\",\"isPartOf\":{\"@id\":\"https:\/\/challengeseconomiques.com\/?p=7480\"},\"author\":{\"name\":\"admin\",\"@id\":\"https:\/\/challengeseconomiques.com\/#\/schema\/person\/b4568c9afebc5a9238a771873801e349\"},\"headline\":\"En deux semaines, la C\u00f4te d\u2019Ivoire a lev\u00e9 plus de 774 millions $ sur le march\u00e9 r\u00e9gional\",\"datePublished\":\"2024-12-16T12:40:19+00:00\",\"dateModified\":\"2024-12-16T12:40:54+00:00\",\"mainEntityOfPage\":{\"@id\":\"https:\/\/challengeseconomiques.com\/?p=7480\"},\"wordCount\":473,\"image\":{\"@id\":\"https:\/\/challengeseconomiques.com\/?p=7480#primaryimage\"},\"thumbnailUrl\":\"https:\/\/challengeseconomiques.com\/wp-content\/uploads\/2022\/02\/Cote-dIvoire-Le-Plateau.jpg\",\"articleSection\":[\"Actualit\u00e9 \u00e9conomique\",\"Infos \u00e9co\"],\"inLanguage\":\"fr-FR\"},{\"@type\":\"WebPage\",\"@id\":\"https:\/\/challengeseconomiques.com\/?p=7480\",\"url\":\"https:\/\/challengeseconomiques.com\/?p=7480\",\"name\":\"En deux semaines, la C\u00f4te d\u2019Ivoire a lev\u00e9 plus de 774 millions $ sur le march\u00e9 r\u00e9gional - challenges economiques\",\"isPartOf\":{\"@id\":\"https:\/\/challengeseconomiques.com\/#website\"},\"primaryImageOfPage\":{\"@id\":\"https:\/\/challengeseconomiques.com\/?p=7480#primaryimage\"},\"image\":{\"@id\":\"https:\/\/challengeseconomiques.com\/?p=7480#primaryimage\"},\"thumbnailUrl\":\"https:\/\/challengeseconomiques.com\/wp-content\/uploads\/2022\/02\/Cote-dIvoire-Le-Plateau.jpg\",\"datePublished\":\"2024-12-16T12:40:19+00:00\",\"dateModified\":\"2024-12-16T12:40:54+00:00\",\"author\":{\"@id\":\"https:\/\/challengeseconomiques.com\/#\/schema\/person\/b4568c9afebc5a9238a771873801e349\"},\"breadcrumb\":{\"@id\":\"https:\/\/challengeseconomiques.com\/?p=7480#breadcrumb\"},\"inLanguage\":\"fr-FR\",\"potentialAction\":[{\"@type\":\"ReadAction\",\"target\":[\"https:\/\/challengeseconomiques.com\/?p=7480\"]}]},{\"@type\":\"ImageObject\",\"inLanguage\":\"fr-FR\",\"@id\":\"https:\/\/challengeseconomiques.com\/?p=7480#primaryimage\",\"url\":\"https:\/\/challengeseconomiques.com\/wp-content\/uploads\/2022\/02\/Cote-dIvoire-Le-Plateau.jpg\",\"contentUrl\":\"https:\/\/challengeseconomiques.com\/wp-content\/uploads\/2022\/02\/Cote-dIvoire-Le-Plateau.jpg\",\"width\":800,\"height\":500},{\"@type\":\"BreadcrumbList\",\"@id\":\"https:\/\/challengeseconomiques.com\/?p=7480#breadcrumb\",\"itemListElement\":[{\"@type\":\"ListItem\",\"position\":1,\"name\":\"Home\",\"item\":\"https:\/\/challengeseconomiques.com\/\"},{\"@type\":\"ListItem\",\"position\":2,\"name\":\"En deux semaines, la C\u00f4te d\u2019Ivoire a lev\u00e9 plus de 774 millions $ sur le march\u00e9 r\u00e9gional\"}]},{\"@type\":\"WebSite\",\"@id\":\"https:\/\/challengeseconomiques.com\/#website\",\"url\":\"https:\/\/challengeseconomiques.com\/\",\"name\":\"challenges economiques\",\"description\":\"\",\"potentialAction\":[{\"@type\":\"SearchAction\",\"target\":{\"@type\":\"EntryPoint\",\"urlTemplate\":\"https:\/\/challengeseconomiques.com\/?s={search_term_string}\"},\"query-input\":{\"@type\":\"PropertyValueSpecification\",\"valueRequired\":true,\"valueName\":\"search_term_string\"}}],\"inLanguage\":\"fr-FR\"},{\"@type\":\"Person\",\"@id\":\"https:\/\/challengeseconomiques.com\/#\/schema\/person\/b4568c9afebc5a9238a771873801e349\",\"name\":\"admin\",\"image\":{\"@type\":\"ImageObject\",\"inLanguage\":\"fr-FR\",\"@id\":\"https:\/\/challengeseconomiques.com\/#\/schema\/person\/image\/\",\"url\":\"https:\/\/secure.gravatar.com\/avatar\/099e42240b5eea11acdb72751fcce0dd918603f0749d24974b7984ea47ed9fd9?s=96&d=mm&r=g\",\"contentUrl\":\"https:\/\/secure.gravatar.com\/avatar\/099e42240b5eea11acdb72751fcce0dd918603f0749d24974b7984ea47ed9fd9?s=96&d=mm&r=g\",\"caption\":\"admin\"},\"sameAs\":[\"https:\/\/challengeseconomiques.com\"],\"url\":\"https:\/\/challengeseconomiques.com\/?author=1\"}]}<\/script>\n<!-- \/ Yoast SEO plugin. -->","yoast_head_json":{"title":"En deux semaines, la C\u00f4te d\u2019Ivoire a lev\u00e9 plus de 774 millions $ sur le march\u00e9 r\u00e9gional - challenges economiques","robots":{"index":"index","follow":"follow","max-snippet":"max-snippet:-1","max-image-preview":"max-image-preview:large","max-video-preview":"max-video-preview:-1"},"canonical":"https:\/\/challengeseconomiques.com\/?p=7480","og_locale":"fr_FR","og_type":"article","og_title":"En deux semaines, la C\u00f4te d\u2019Ivoire a lev\u00e9 plus de 774 millions $ sur le march\u00e9 r\u00e9gional - challenges economiques","og_description":"\u00a0Depuis le d\u00e9but de l\u2019ann\u00e9e, le pays a intensifi\u00e9 ses \u00e9missions avec plus de 160 nouveaux titres \u00e9mis, soutenu par la solidit\u00e9 de sa signature...","og_url":"https:\/\/challengeseconomiques.com\/?p=7480","og_site_name":"challenges economiques","article_published_time":"2024-12-16T12:40:19+00:00","article_modified_time":"2024-12-16T12:40:54+00:00","og_image":[{"width":800,"height":500,"url":"https:\/\/challengeseconomiques.com\/wp-content\/uploads\/2022\/02\/Cote-dIvoire-Le-Plateau.jpg","type":"image\/jpeg"}],"author":"admin","twitter_card":"summary_large_image","twitter_misc":{"\u00c9crit par":"admin","Dur\u00e9e de lecture estim\u00e9e":"2 minutes"},"schema":{"@context":"https:\/\/schema.org","@graph":[{"@type":"Article","@id":"https:\/\/challengeseconomiques.com\/?p=7480#article","isPartOf":{"@id":"https:\/\/challengeseconomiques.com\/?p=7480"},"author":{"name":"admin","@id":"https:\/\/challengeseconomiques.com\/#\/schema\/person\/b4568c9afebc5a9238a771873801e349"},"headline":"En deux semaines, la C\u00f4te d\u2019Ivoire a lev\u00e9 plus de 774 millions $ sur le march\u00e9 r\u00e9gional","datePublished":"2024-12-16T12:40:19+00:00","dateModified":"2024-12-16T12:40:54+00:00","mainEntityOfPage":{"@id":"https:\/\/challengeseconomiques.com\/?p=7480"},"wordCount":473,"image":{"@id":"https:\/\/challengeseconomiques.com\/?p=7480#primaryimage"},"thumbnailUrl":"https:\/\/challengeseconomiques.com\/wp-content\/uploads\/2022\/02\/Cote-dIvoire-Le-Plateau.jpg","articleSection":["Actualit\u00e9 \u00e9conomique","Infos \u00e9co"],"inLanguage":"fr-FR"},{"@type":"WebPage","@id":"https:\/\/challengeseconomiques.com\/?p=7480","url":"https:\/\/challengeseconomiques.com\/?p=7480","name":"En deux semaines, la C\u00f4te d\u2019Ivoire a lev\u00e9 plus de 774 millions $ sur le march\u00e9 r\u00e9gional - challenges economiques","isPartOf":{"@id":"https:\/\/challengeseconomiques.com\/#website"},"primaryImageOfPage":{"@id":"https:\/\/challengeseconomiques.com\/?p=7480#primaryimage"},"image":{"@id":"https:\/\/challengeseconomiques.com\/?p=7480#primaryimage"},"thumbnailUrl":"https:\/\/challengeseconomiques.com\/wp-content\/uploads\/2022\/02\/Cote-dIvoire-Le-Plateau.jpg","datePublished":"2024-12-16T12:40:19+00:00","dateModified":"2024-12-16T12:40:54+00:00","author":{"@id":"https:\/\/challengeseconomiques.com\/#\/schema\/person\/b4568c9afebc5a9238a771873801e349"},"breadcrumb":{"@id":"https:\/\/challengeseconomiques.com\/?p=7480#breadcrumb"},"inLanguage":"fr-FR","potentialAction":[{"@type":"ReadAction","target":["https:\/\/challengeseconomiques.com\/?p=7480"]}]},{"@type":"ImageObject","inLanguage":"fr-FR","@id":"https:\/\/challengeseconomiques.com\/?p=7480#primaryimage","url":"https:\/\/challengeseconomiques.com\/wp-content\/uploads\/2022\/02\/Cote-dIvoire-Le-Plateau.jpg","contentUrl":"https:\/\/challengeseconomiques.com\/wp-content\/uploads\/2022\/02\/Cote-dIvoire-Le-Plateau.jpg","width":800,"height":500},{"@type":"BreadcrumbList","@id":"https:\/\/challengeseconomiques.com\/?p=7480#breadcrumb","itemListElement":[{"@type":"ListItem","position":1,"name":"Home","item":"https:\/\/challengeseconomiques.com\/"},{"@type":"ListItem","position":2,"name":"En deux semaines, la C\u00f4te d\u2019Ivoire a lev\u00e9 plus de 774 millions $ sur le march\u00e9 r\u00e9gional"}]},{"@type":"WebSite","@id":"https:\/\/challengeseconomiques.com\/#website","url":"https:\/\/challengeseconomiques.com\/","name":"challenges economiques","description":"","potentialAction":[{"@type":"SearchAction","target":{"@type":"EntryPoint","urlTemplate":"https:\/\/challengeseconomiques.com\/?s={search_term_string}"},"query-input":{"@type":"PropertyValueSpecification","valueRequired":true,"valueName":"search_term_string"}}],"inLanguage":"fr-FR"},{"@type":"Person","@id":"https:\/\/challengeseconomiques.com\/#\/schema\/person\/b4568c9afebc5a9238a771873801e349","name":"admin","image":{"@type":"ImageObject","inLanguage":"fr-FR","@id":"https:\/\/challengeseconomiques.com\/#\/schema\/person\/image\/","url":"https:\/\/secure.gravatar.com\/avatar\/099e42240b5eea11acdb72751fcce0dd918603f0749d24974b7984ea47ed9fd9?s=96&d=mm&r=g","contentUrl":"https:\/\/secure.gravatar.com\/avatar\/099e42240b5eea11acdb72751fcce0dd918603f0749d24974b7984ea47ed9fd9?s=96&d=mm&r=g","caption":"admin"},"sameAs":["https:\/\/challengeseconomiques.com"],"url":"https:\/\/challengeseconomiques.com\/?author=1"}]}},"jetpack_featured_media_url":"https:\/\/challengeseconomiques.com\/wp-content\/uploads\/2022\/02\/Cote-dIvoire-Le-Plateau.jpg","jetpack_sharing_enabled":true,"_links":{"self":[{"href":"https:\/\/challengeseconomiques.com\/index.php?rest_route=\/wp\/v2\/posts\/7480","targetHints":{"allow":["GET"]}}],"collection":[{"href":"https:\/\/challengeseconomiques.com\/index.php?rest_route=\/wp\/v2\/posts"}],"about":[{"href":"https:\/\/challengeseconomiques.com\/index.php?rest_route=\/wp\/v2\/types\/post"}],"author":[{"embeddable":true,"href":"https:\/\/challengeseconomiques.com\/index.php?rest_route=\/wp\/v2\/users\/1"}],"replies":[{"embeddable":true,"href":"https:\/\/challengeseconomiques.com\/index.php?rest_route=%2Fwp%2Fv2%2Fcomments&post=7480"}],"version-history":[{"count":1,"href":"https:\/\/challengeseconomiques.com\/index.php?rest_route=\/wp\/v2\/posts\/7480\/revisions"}],"predecessor-version":[{"id":7481,"href":"https:\/\/challengeseconomiques.com\/index.php?rest_route=\/wp\/v2\/posts\/7480\/revisions\/7481"}],"wp:featuredmedia":[{"embeddable":true,"href":"https:\/\/challengeseconomiques.com\/index.php?rest_route=\/wp\/v2\/media\/2681"}],"wp:attachment":[{"href":"https:\/\/challengeseconomiques.com\/index.php?rest_route=%2Fwp%2Fv2%2Fmedia&parent=7480"}],"wp:term":[{"taxonomy":"category","embeddable":true,"href":"https:\/\/challengeseconomiques.com\/index.php?rest_route=%2Fwp%2Fv2%2Fcategories&post=7480"},{"taxonomy":"post_tag","embeddable":true,"href":"https:\/\/challengeseconomiques.com\/index.php?rest_route=%2Fwp%2Fv2%2Ftags&post=7480"}],"curies":[{"name":"wp","href":"https:\/\/api.w.org\/{rel}","templated":true}]}}