{"id":7462,"date":"2024-12-13T17:25:06","date_gmt":"2024-12-13T17:25:06","guid":{"rendered":"https:\/\/challengeseconomiques.com\/?p=7462"},"modified":"2024-12-13T17:26:31","modified_gmt":"2024-12-13T17:26:31","slug":"environnement-reboisement-louga-gco-va-restituer-900-hectares-rehabilites-a-letat-du-senegal-dg-publie-13-decembre-2024-a-10h50","status":"publish","type":"post","link":"https:\/\/challengeseconomiques.com\/?p=7462","title":{"rendered":"ENVIRONNEMENT-REBOISEMENT \/ Louga : GCO va restituer 900 hectares r\u00e9habilit\u00e9s \u00e0 l\u2019Etat du S\u00e9n\u00e9gal (DG)"},"content":{"rendered":"<p>La soci\u00e9t\u00e9 mini\u00e8re Grande C\u00f4te Op\u00e9rations (GCO) va restituer prochainement \u00e0 l\u2019Etat du S\u00e9n\u00e9gal 900 hectares de terre sur lesquels s\u2019exer\u00e7aient ses activit\u00e9s apr\u00e8s les avoir r\u00e9habilit\u00e9s, a-t-on appris de son directeur g\u00e9n\u00e9ral, Fr\u00e9d\u00e9ric Zanklan.<\/p>\n<p>\u00ab\u00a0\u00c0 ce jour, 85 hectares ont d\u00e9j\u00e0 \u00e9t\u00e9 r\u00e9habilit\u00e9s et remis \u00e0 l\u2019\u00c9tat, tandis que 900 autres hectares sont pr\u00eats \u00e0 \u00eatre restitu\u00e9s apr\u00e8s leur exploitation. Ces zones ont \u00e9t\u00e9 enti\u00e8rement rebois\u00e9es suite aux interventions\u00a0\u00bb de GCO, a-t-il d\u00e9clar\u00e9.<\/p>\n<p>M. Zanklan s\u2019entretenait avec des journalistes, jeudi, \u00e0 l\u2019issue d\u2019une visite guid\u00e9e organis\u00e9e de six sites exploit\u00e9s par Grande C\u00f4te Op\u00e9rations (GCO), dont une usine de s\u00e9paration des min\u00e9raux et un site touristique d\u00e9nomm\u00e9 Oasis du d\u00e9sert, sous l\u2019\u00e9gide du Collectif d\u2019actions pour le littoral, regroupant une quarantaine d\u2019organisations de Saint-Louis au Cap-Skiring.<\/p>\n<p>Selon son directeur g\u00e9n\u00e9ral, GCO a termin\u00e9 de r\u00e9habiliter les terres en question, que \u00ab\u00a0l\u2019\u00c9tat peut d\u00e9sormais attribuer aux agriculteurs ou utiliser \u00e0 d\u2019autres fins\u00a0\u00bb.<\/p>\n<p>Il a pr\u00e9cis\u00e9 que \u00ab\u00a0le processus de r\u00e9habilitation est syst\u00e9matique parce que d\u00e8s qu\u2019une zone est exploit\u00e9e, elle est r\u00e9habilit\u00e9e puis restitu\u00e9e aux autorit\u00e9s pour un usage futur\u00a0\u00bb.<\/p>\n<p>\u00ab\u00a0Le processus de restitution ne se limite pas \u00e0 la fin de la vie de la mine, mais se d\u00e9roule au fur et \u00e0 mesure de l\u2019exploitation. C\u2019est un effort continu\u00a0\u00bb, a soulign\u00e9 M. Zanklan.<\/p>\n<p>Mback\u00e9 Seck, \u00e9cologiste et repr\u00e9sentant de l\u2019organisation Sentinelle de la Baie de Hann au sein du Collectif d\u2019actions pour le littoral, a exprim\u00e9 \u00ab\u00a0son impression positive\u00a0\u00bb \u00e0 l\u2019issue de la visite.<\/p>\n<p>\u00ab\u00a0Nous avions beaucoup de pr\u00e9jug\u00e9s sur l\u2019impact environnemental et social de cette exploitation. Apr\u00e8s cette immersion, beaucoup de ces pr\u00e9jug\u00e9s sont tomb\u00e9s\u00a0\u00bb, a-t-il ajout\u00e9.<\/p>\n<p>Il a salu\u00e9 \u00ab\u00a0les efforts de reboisement et de restauration entrepris par [la soci\u00e9t\u00e9 mini\u00e8re]\u00a0\u00bb, estimant que la restitution de 900 hectares o\u00f9 la nature reprend ses droits est un exemple de bonne volont\u00e9 pour prot\u00e9ger un littoral fragile.<\/p>\n<p>Mback\u00e9 Seck dit \u00e9galement appr\u00e9cier \u00ab\u00a0les initiatives communautaires de la GCO, notamment la construction de villages de recasement avec infrastructures modernes, ainsi que le soutien aux p\u00e9rim\u00e8tres mara\u00eechers\u00a0\u00bb.<\/p>\n<p>\u00ab\u00a0Ces actions contribuent \u00e0 la s\u00e9curit\u00e9 alimentaire et peuvent servir de mod\u00e8le pour d\u2019autres entreprises mini\u00e8res en Afrique\u00a0\u00bb, a-t-il indiqu\u00e9.<\/p>\n<p>La soci\u00e9t\u00e9 GCO, d\u00e9tenue \u00e0 90% par la soci\u00e9t\u00e9 mini\u00e8re fran\u00e7aise Eramet et \u00e0 10% par l\u2019\u00c9tat s\u00e9n\u00e9galais, exploite le zircon au S\u00e9n\u00e9gal depuis 2014, mais aussi de l\u2019ilm\u00e9nite, du rutile et du leucox\u00e8ne. Des minerais qui permettent de produire de la c\u00e9ramique ou des pigments blancs dans la peinture, le plastique ou le papier.<\/p>\n<p>GCO dispose d\u2019une drague flottante et d\u2019une usine de triage de sable vers le nord du S\u00e9n\u00e9gal, le long de la c\u00f4te atlantique, notamment dans la zone de Lompoul, dans la r\u00e9gion de Louga.<\/p>\n<p><strong>APS<\/strong><\/p>\n","protected":false},"excerpt":{"rendered":"<p>La soci\u00e9t\u00e9 mini\u00e8re Grande C\u00f4te Op\u00e9rations (GCO) va restituer prochainement \u00e0 l\u2019Etat du S\u00e9n\u00e9gal 900 hectares de terre sur lesquels s\u2019exer\u00e7aient ses activit\u00e9s apr\u00e8s les&#8230;<\/p>\n","protected":false},"author":1,"featured_media":7463,"comment_status":"closed","ping_status":"open","sticky":false,"template":"","format":"standard","meta":{"_jetpack_memberships_contains_paid_content":false,"footnotes":""},"categories":[8],"tags":[],"class_list":["post-7462","post","type-post","status-publish","format-standard","has-post-thumbnail","hentry","category-actualite-economique","wpcat-8-id"],"yoast_head":"<!-- This site is optimized with the Yoast SEO plugin v27.1.1 - https:\/\/yoast.com\/product\/yoast-seo-wordpress\/ -->\n<title>ENVIRONNEMENT-REBOISEMENT \/ Louga : GCO va restituer 900 hectares r\u00e9habilit\u00e9s \u00e0 l\u2019Etat du S\u00e9n\u00e9gal (DG) - challenges economiques<\/title>\n<meta name=\"robots\" content=\"index, follow, max-snippet:-1, max-image-preview:large, max-video-preview:-1\" \/>\n<link rel=\"canonical\" href=\"https:\/\/challengeseconomiques.com\/?p=7462\" \/>\n<meta property=\"og:locale\" content=\"fr_FR\" \/>\n<meta property=\"og:type\" content=\"article\" \/>\n<meta property=\"og:title\" content=\"ENVIRONNEMENT-REBOISEMENT \/ Louga : GCO va restituer 900 hectares r\u00e9habilit\u00e9s \u00e0 l\u2019Etat du S\u00e9n\u00e9gal (DG) - challenges economiques\" \/>\n<meta property=\"og:description\" content=\"La soci\u00e9t\u00e9 mini\u00e8re Grande C\u00f4te Op\u00e9rations (GCO) va restituer prochainement \u00e0 l\u2019Etat du S\u00e9n\u00e9gal 900 hectares de terre sur lesquels s\u2019exer\u00e7aient ses activit\u00e9s apr\u00e8s les...\" \/>\n<meta property=\"og:url\" content=\"https:\/\/challengeseconomiques.com\/?p=7462\" \/>\n<meta property=\"og:site_name\" content=\"challenges economiques\" \/>\n<meta property=\"article:published_time\" content=\"2024-12-13T17:25:06+00:00\" \/>\n<meta property=\"article:modified_time\" content=\"2024-12-13T17:26:31+00:00\" \/>\n<meta property=\"og:image\" content=\"https:\/\/challengeseconomiques.com\/wp-content\/uploads\/2024\/12\/gco2.webp\" \/>\n\t<meta property=\"og:image:width\" content=\"850\" \/>\n\t<meta property=\"og:image:height\" content=\"491\" \/>\n\t<meta property=\"og:image:type\" content=\"image\/webp\" \/>\n<meta name=\"author\" content=\"admin\" \/>\n<meta name=\"twitter:card\" content=\"summary_large_image\" \/>\n<meta name=\"twitter:label1\" content=\"\u00c9crit par\" \/>\n\t<meta name=\"twitter:data1\" content=\"admin\" \/>\n\t<meta name=\"twitter:label2\" content=\"Dur\u00e9e de lecture estim\u00e9e\" \/>\n\t<meta name=\"twitter:data2\" content=\"3 minutes\" \/>\n<script type=\"application\/ld+json\" class=\"yoast-schema-graph\">{\"@context\":\"https:\/\/schema.org\",\"@graph\":[{\"@type\":\"Article\",\"@id\":\"https:\/\/challengeseconomiques.com\/?p=7462#article\",\"isPartOf\":{\"@id\":\"https:\/\/challengeseconomiques.com\/?p=7462\"},\"author\":{\"name\":\"admin\",\"@id\":\"https:\/\/challengeseconomiques.com\/#\/schema\/person\/b4568c9afebc5a9238a771873801e349\"},\"headline\":\"ENVIRONNEMENT-REBOISEMENT \/ Louga : GCO va restituer 900 hectares r\u00e9habilit\u00e9s \u00e0 l\u2019Etat du S\u00e9n\u00e9gal (DG)\",\"datePublished\":\"2024-12-13T17:25:06+00:00\",\"dateModified\":\"2024-12-13T17:26:31+00:00\",\"mainEntityOfPage\":{\"@id\":\"https:\/\/challengeseconomiques.com\/?p=7462\"},\"wordCount\":547,\"image\":{\"@id\":\"https:\/\/challengeseconomiques.com\/?p=7462#primaryimage\"},\"thumbnailUrl\":\"https:\/\/challengeseconomiques.com\/wp-content\/uploads\/2024\/12\/gco2.webp\",\"articleSection\":[\"Actualit\u00e9 \u00e9conomique\"],\"inLanguage\":\"fr-FR\"},{\"@type\":\"WebPage\",\"@id\":\"https:\/\/challengeseconomiques.com\/?p=7462\",\"url\":\"https:\/\/challengeseconomiques.com\/?p=7462\",\"name\":\"ENVIRONNEMENT-REBOISEMENT \/ Louga : GCO va restituer 900 hectares r\u00e9habilit\u00e9s \u00e0 l\u2019Etat du S\u00e9n\u00e9gal (DG) - challenges economiques\",\"isPartOf\":{\"@id\":\"https:\/\/challengeseconomiques.com\/#website\"},\"primaryImageOfPage\":{\"@id\":\"https:\/\/challengeseconomiques.com\/?p=7462#primaryimage\"},\"image\":{\"@id\":\"https:\/\/challengeseconomiques.com\/?p=7462#primaryimage\"},\"thumbnailUrl\":\"https:\/\/challengeseconomiques.com\/wp-content\/uploads\/2024\/12\/gco2.webp\",\"datePublished\":\"2024-12-13T17:25:06+00:00\",\"dateModified\":\"2024-12-13T17:26:31+00:00\",\"author\":{\"@id\":\"https:\/\/challengeseconomiques.com\/#\/schema\/person\/b4568c9afebc5a9238a771873801e349\"},\"breadcrumb\":{\"@id\":\"https:\/\/challengeseconomiques.com\/?p=7462#breadcrumb\"},\"inLanguage\":\"fr-FR\",\"potentialAction\":[{\"@type\":\"ReadAction\",\"target\":[\"https:\/\/challengeseconomiques.com\/?p=7462\"]}]},{\"@type\":\"ImageObject\",\"inLanguage\":\"fr-FR\",\"@id\":\"https:\/\/challengeseconomiques.com\/?p=7462#primaryimage\",\"url\":\"https:\/\/challengeseconomiques.com\/wp-content\/uploads\/2024\/12\/gco2.webp\",\"contentUrl\":\"https:\/\/challengeseconomiques.com\/wp-content\/uploads\/2024\/12\/gco2.webp\",\"width\":850,\"height\":491},{\"@type\":\"BreadcrumbList\",\"@id\":\"https:\/\/challengeseconomiques.com\/?p=7462#breadcrumb\",\"itemListElement\":[{\"@type\":\"ListItem\",\"position\":1,\"name\":\"Home\",\"item\":\"https:\/\/challengeseconomiques.com\/\"},{\"@type\":\"ListItem\",\"position\":2,\"name\":\"ENVIRONNEMENT-REBOISEMENT \/ Louga : GCO va restituer 900 hectares r\u00e9habilit\u00e9s \u00e0 l\u2019Etat du S\u00e9n\u00e9gal (DG)\"}]},{\"@type\":\"WebSite\",\"@id\":\"https:\/\/challengeseconomiques.com\/#website\",\"url\":\"https:\/\/challengeseconomiques.com\/\",\"name\":\"challenges economiques\",\"description\":\"\",\"potentialAction\":[{\"@type\":\"SearchAction\",\"target\":{\"@type\":\"EntryPoint\",\"urlTemplate\":\"https:\/\/challengeseconomiques.com\/?s={search_term_string}\"},\"query-input\":{\"@type\":\"PropertyValueSpecification\",\"valueRequired\":true,\"valueName\":\"search_term_string\"}}],\"inLanguage\":\"fr-FR\"},{\"@type\":\"Person\",\"@id\":\"https:\/\/challengeseconomiques.com\/#\/schema\/person\/b4568c9afebc5a9238a771873801e349\",\"name\":\"admin\",\"image\":{\"@type\":\"ImageObject\",\"inLanguage\":\"fr-FR\",\"@id\":\"https:\/\/challengeseconomiques.com\/#\/schema\/person\/image\/\",\"url\":\"https:\/\/secure.gravatar.com\/avatar\/099e42240b5eea11acdb72751fcce0dd918603f0749d24974b7984ea47ed9fd9?s=96&d=mm&r=g\",\"contentUrl\":\"https:\/\/secure.gravatar.com\/avatar\/099e42240b5eea11acdb72751fcce0dd918603f0749d24974b7984ea47ed9fd9?s=96&d=mm&r=g\",\"caption\":\"admin\"},\"sameAs\":[\"https:\/\/challengeseconomiques.com\"],\"url\":\"https:\/\/challengeseconomiques.com\/?author=1\"}]}<\/script>\n<!-- \/ Yoast SEO plugin. -->","yoast_head_json":{"title":"ENVIRONNEMENT-REBOISEMENT \/ Louga : GCO va restituer 900 hectares r\u00e9habilit\u00e9s \u00e0 l\u2019Etat du S\u00e9n\u00e9gal (DG) - challenges economiques","robots":{"index":"index","follow":"follow","max-snippet":"max-snippet:-1","max-image-preview":"max-image-preview:large","max-video-preview":"max-video-preview:-1"},"canonical":"https:\/\/challengeseconomiques.com\/?p=7462","og_locale":"fr_FR","og_type":"article","og_title":"ENVIRONNEMENT-REBOISEMENT \/ Louga : GCO va restituer 900 hectares r\u00e9habilit\u00e9s \u00e0 l\u2019Etat du S\u00e9n\u00e9gal (DG) - challenges economiques","og_description":"La soci\u00e9t\u00e9 mini\u00e8re Grande C\u00f4te Op\u00e9rations (GCO) va restituer prochainement \u00e0 l\u2019Etat du S\u00e9n\u00e9gal 900 hectares de terre sur lesquels s\u2019exer\u00e7aient ses activit\u00e9s apr\u00e8s les...","og_url":"https:\/\/challengeseconomiques.com\/?p=7462","og_site_name":"challenges economiques","article_published_time":"2024-12-13T17:25:06+00:00","article_modified_time":"2024-12-13T17:26:31+00:00","og_image":[{"width":850,"height":491,"url":"https:\/\/challengeseconomiques.com\/wp-content\/uploads\/2024\/12\/gco2.webp","type":"image\/webp"}],"author":"admin","twitter_card":"summary_large_image","twitter_misc":{"\u00c9crit par":"admin","Dur\u00e9e de lecture estim\u00e9e":"3 minutes"},"schema":{"@context":"https:\/\/schema.org","@graph":[{"@type":"Article","@id":"https:\/\/challengeseconomiques.com\/?p=7462#article","isPartOf":{"@id":"https:\/\/challengeseconomiques.com\/?p=7462"},"author":{"name":"admin","@id":"https:\/\/challengeseconomiques.com\/#\/schema\/person\/b4568c9afebc5a9238a771873801e349"},"headline":"ENVIRONNEMENT-REBOISEMENT \/ Louga : GCO va restituer 900 hectares r\u00e9habilit\u00e9s \u00e0 l\u2019Etat du S\u00e9n\u00e9gal (DG)","datePublished":"2024-12-13T17:25:06+00:00","dateModified":"2024-12-13T17:26:31+00:00","mainEntityOfPage":{"@id":"https:\/\/challengeseconomiques.com\/?p=7462"},"wordCount":547,"image":{"@id":"https:\/\/challengeseconomiques.com\/?p=7462#primaryimage"},"thumbnailUrl":"https:\/\/challengeseconomiques.com\/wp-content\/uploads\/2024\/12\/gco2.webp","articleSection":["Actualit\u00e9 \u00e9conomique"],"inLanguage":"fr-FR"},{"@type":"WebPage","@id":"https:\/\/challengeseconomiques.com\/?p=7462","url":"https:\/\/challengeseconomiques.com\/?p=7462","name":"ENVIRONNEMENT-REBOISEMENT \/ Louga : GCO va restituer 900 hectares r\u00e9habilit\u00e9s \u00e0 l\u2019Etat du S\u00e9n\u00e9gal (DG) - challenges economiques","isPartOf":{"@id":"https:\/\/challengeseconomiques.com\/#website"},"primaryImageOfPage":{"@id":"https:\/\/challengeseconomiques.com\/?p=7462#primaryimage"},"image":{"@id":"https:\/\/challengeseconomiques.com\/?p=7462#primaryimage"},"thumbnailUrl":"https:\/\/challengeseconomiques.com\/wp-content\/uploads\/2024\/12\/gco2.webp","datePublished":"2024-12-13T17:25:06+00:00","dateModified":"2024-12-13T17:26:31+00:00","author":{"@id":"https:\/\/challengeseconomiques.com\/#\/schema\/person\/b4568c9afebc5a9238a771873801e349"},"breadcrumb":{"@id":"https:\/\/challengeseconomiques.com\/?p=7462#breadcrumb"},"inLanguage":"fr-FR","potentialAction":[{"@type":"ReadAction","target":["https:\/\/challengeseconomiques.com\/?p=7462"]}]},{"@type":"ImageObject","inLanguage":"fr-FR","@id":"https:\/\/challengeseconomiques.com\/?p=7462#primaryimage","url":"https:\/\/challengeseconomiques.com\/wp-content\/uploads\/2024\/12\/gco2.webp","contentUrl":"https:\/\/challengeseconomiques.com\/wp-content\/uploads\/2024\/12\/gco2.webp","width":850,"height":491},{"@type":"BreadcrumbList","@id":"https:\/\/challengeseconomiques.com\/?p=7462#breadcrumb","itemListElement":[{"@type":"ListItem","position":1,"name":"Home","item":"https:\/\/challengeseconomiques.com\/"},{"@type":"ListItem","position":2,"name":"ENVIRONNEMENT-REBOISEMENT \/ Louga : GCO va restituer 900 hectares r\u00e9habilit\u00e9s \u00e0 l\u2019Etat du S\u00e9n\u00e9gal (DG)"}]},{"@type":"WebSite","@id":"https:\/\/challengeseconomiques.com\/#website","url":"https:\/\/challengeseconomiques.com\/","name":"challenges economiques","description":"","potentialAction":[{"@type":"SearchAction","target":{"@type":"EntryPoint","urlTemplate":"https:\/\/challengeseconomiques.com\/?s={search_term_string}"},"query-input":{"@type":"PropertyValueSpecification","valueRequired":true,"valueName":"search_term_string"}}],"inLanguage":"fr-FR"},{"@type":"Person","@id":"https:\/\/challengeseconomiques.com\/#\/schema\/person\/b4568c9afebc5a9238a771873801e349","name":"admin","image":{"@type":"ImageObject","inLanguage":"fr-FR","@id":"https:\/\/challengeseconomiques.com\/#\/schema\/person\/image\/","url":"https:\/\/secure.gravatar.com\/avatar\/099e42240b5eea11acdb72751fcce0dd918603f0749d24974b7984ea47ed9fd9?s=96&d=mm&r=g","contentUrl":"https:\/\/secure.gravatar.com\/avatar\/099e42240b5eea11acdb72751fcce0dd918603f0749d24974b7984ea47ed9fd9?s=96&d=mm&r=g","caption":"admin"},"sameAs":["https:\/\/challengeseconomiques.com"],"url":"https:\/\/challengeseconomiques.com\/?author=1"}]}},"jetpack_featured_media_url":"https:\/\/challengeseconomiques.com\/wp-content\/uploads\/2024\/12\/gco2.webp","jetpack_sharing_enabled":true,"_links":{"self":[{"href":"https:\/\/challengeseconomiques.com\/index.php?rest_route=\/wp\/v2\/posts\/7462","targetHints":{"allow":["GET"]}}],"collection":[{"href":"https:\/\/challengeseconomiques.com\/index.php?rest_route=\/wp\/v2\/posts"}],"about":[{"href":"https:\/\/challengeseconomiques.com\/index.php?rest_route=\/wp\/v2\/types\/post"}],"author":[{"embeddable":true,"href":"https:\/\/challengeseconomiques.com\/index.php?rest_route=\/wp\/v2\/users\/1"}],"replies":[{"embeddable":true,"href":"https:\/\/challengeseconomiques.com\/index.php?rest_route=%2Fwp%2Fv2%2Fcomments&post=7462"}],"version-history":[{"count":3,"href":"https:\/\/challengeseconomiques.com\/index.php?rest_route=\/wp\/v2\/posts\/7462\/revisions"}],"predecessor-version":[{"id":7466,"href":"https:\/\/challengeseconomiques.com\/index.php?rest_route=\/wp\/v2\/posts\/7462\/revisions\/7466"}],"wp:featuredmedia":[{"embeddable":true,"href":"https:\/\/challengeseconomiques.com\/index.php?rest_route=\/wp\/v2\/media\/7463"}],"wp:attachment":[{"href":"https:\/\/challengeseconomiques.com\/index.php?rest_route=%2Fwp%2Fv2%2Fmedia&parent=7462"}],"wp:term":[{"taxonomy":"category","embeddable":true,"href":"https:\/\/challengeseconomiques.com\/index.php?rest_route=%2Fwp%2Fv2%2Fcategories&post=7462"},{"taxonomy":"post_tag","embeddable":true,"href":"https:\/\/challengeseconomiques.com\/index.php?rest_route=%2Fwp%2Fv2%2Ftags&post=7462"}],"curies":[{"name":"wp","href":"https:\/\/api.w.org\/{rel}","templated":true}]}}