{"id":7458,"date":"2024-12-13T17:19:59","date_gmt":"2024-12-13T17:19:59","guid":{"rendered":"https:\/\/challengeseconomiques.com\/?p=7458"},"modified":"2024-12-13T17:20:33","modified_gmt":"2024-12-13T17:20:33","slug":"formalisation-du-secteur-informel-dr-mbaye-chimere-apporte-des-pistes-de-solutions","status":"publish","type":"post","link":"https:\/\/challengeseconomiques.com\/?p=7458","title":{"rendered":"Formalisation du secteur informel : Dr Mbaye Chim\u00e8re, apporte des pistes de solutions"},"content":{"rendered":"<p><strong>La chambre de commerce de Dakar a c\u00e9l\u00e9br\u00e9 le 12 d\u00e9cembre 2024, sa journ\u00e9e, \u00e0 la 32\u00e9me \u00e9dition de la Foire internationale de Dakar. Une occasion, pour le pr\u00e9sident de la CCIAD, Abdoulaye Sow et ses \u00e9quipes d\u2019apporter leur \u00a0contribution, \u00a0dans la r\u00e9flexion sur la probl\u00e9matique du secteur informel. C\u2019est \u00a0le Secr\u00e9taire g\u00e9n\u00e9ral de l\u2019institution consulaire, \u00a0Dr Mbaye Chim\u00e8re Ndiaye a qui revenait la lourde t\u00e2che de traiter, lors d\u2019un panel organis\u00e9 \u00e0 cet effet, cette probl\u00e9matique d\u2019une br\u00fblante actualit\u00e9, sous \u00a0le th\u00e8me\u00a0: \u00ab\u00a0Transformation de l\u2019\u00e9conomie informelle\u00a0: La contribution de la Chambre de commerce\u00a0\u00bb.\u00a0<\/strong><\/p>\n<p>Devant un public compos\u00e9 d\u2019\u00e9minents invit\u00e9s, dont \u00a0l\u2019ambassadeur d\u2019Ethiopie au S\u00e9n\u00e9gal, la pr\u00e9sidente de la Chambre de commerce d\u2019Ethiopie, des membres du bureau de la CCIAD et d\u2019acteurs \u00e9conomiques, Dr Mbaye Chim\u00e8re Ndiaye a trait\u00e9 cette probl\u00e9matique \u00f4 combien importante pour l\u2019\u00e9conomie nationale.\u00a0 Dans son expos\u00e9, Dr Mbaye Chim\u00e8re Ndiaye a d\u2019abord partag\u00e9 avec le public, les d\u00e9finitions que les \u00e9conomistes donnent \u00e0 ce ph\u00e9nom\u00e8ne. Secteur informel, \u00e9conomie informelle, \u00e9conomie souterraine.<\/p>\n<p>Pourquoi tous ces concepts ? Mbaye Chim\u00e8re Ndiaye a expliqu\u00e9 que\u00a0 ces \u00e9conomies \u00a0\u00e9chappent \u00e0 la r\u00e9gulation de l&rsquo;\u00c9tat. Elles \u00e9chappent \u00e9galement \u00e0 la comptabilit\u00e9 nationale. C\u2019est la raison pour laquelle, on parle d&rsquo;\u00e9conomie souterraine, d&rsquo;\u00e9conomie informelle selon l\u2019\u00e9conomiste. Car, il n\u2019y a pas de formalisation derri\u00e8re.<\/p>\n<p>Le secteur informel est d\u2019apr\u00e8s \u00a0Dr Mbaye Chim\u00e8re Ndiaye caract\u00e9ris\u00e9 comme l&rsquo;ensemble des activit\u00e9s non agricoles, n&rsquo;ayant pas de comptabilit\u00e9. Le \u00a0secteur informel est \u00e9galement d\u00e9crit comme un secteur \u00a0ne payant ni patentes, ni imp\u00f4ts.Donc, en termes de d\u00e9finition, le secteur informel \u00a0est caract\u00e9ris\u00e9 par les activit\u00e9s \u00e9conomiques qui se r\u00e9alisent en marge de la l\u00e9gislation p\u00e9nale, sociale, fiscale et \u00e9chappent \u00e0 la comptabilit\u00e9 nationale. Il s\u2019agit selon le SG de la CCIAD\u00a0 de toute entreprise qui n&rsquo;est pas connue dans la comptabilit\u00e9 publique.<\/p>\n<p><strong>Les entreprises formalis\u00e9es mais consid\u00e9r\u00e9es comme informelles<\/strong><\/p>\n<p>Beaucoup \u00a0d&rsquo;entreprises \u00a0sont en principes\u00a0 formalis\u00e9es car, elles \u00a0ont le registre de commerce, le NINEA, mais sont consid\u00e9r\u00e9es \u00a0toujours comme faisant parties du secteur informel. \u00a0C\u2019est que a fait savoir M. Ndiaye, la formalisation ne se limite pas seulement\u00a0 \u00e0 d\u00e9tenir un registre de commerce et un NINEA. Elle va \u00a0au-del\u00e0.<\/p>\n<p><strong>\u00a0<\/strong><strong>Accompagnement du secteur informel<\/strong><\/p>\n<p>Par rapport \u00e0 la contribution que le secteur informel apporte \u00e0 la constitution du produit int\u00e9rieur brut, l&rsquo;\u00c9tat a int\u00e9r\u00eat selon Mbaye Chim\u00e8re Ndiaye \u00e0 accompagner ce secteur informel vers une formalisation adapt\u00e9e. Il a indiqu\u00e9 que L&rsquo;ANSD, de par ses \u00e9tudes en 2022, avait trouv\u00e9 que 40% de la valeur ajout\u00e9e nationale provient du secteur informel. C\u2019est donc, un secteur tr\u00e8s important pour le S\u00e9n\u00e9gal, qui doit selon lui \u00eatre\u00a0 \u00a0encadr\u00e9, form\u00e9. Il faut aussi lui permettre d&rsquo;\u00eatre comp\u00e9titif par rapport \u00e0 l&rsquo;\u00e9conomie internationale note aussi le conf\u00e9rencier.C\u2019est un secteur qui doit \u00eatre comp\u00e9titif aujourd&rsquo;hui, car affirme M. Ndiaye, \u00ab\u00a0on ne peut pas le sortir de notre pays\u00a0\u00bb. C\u2019est un secteur qui contribue beaucoup en termes de cr\u00e9ation d&#8217;emplois, de valeur ajout\u00e9e et \u00e0 la r\u00e9alisation du \u00a0PIB.<\/p>\n<p><strong>Les \u00e9tapes vers la formalisation<\/strong><\/p>\n<p>La formalisation est donc tr\u00e8s importante pour les entreprises. Mais\u00a0 que faut-il \u00a0faire ? Il faut d&rsquo;abord, une formalisation juridique. Toutefois l\u00e0, n\u2019est pas le probl\u00e8me. Les chambres consulaires jouent un r\u00f4le d\u00e9terminant \u00e0 ce niveau. La formalisation juridique, c&rsquo;est accompagner les entrepreneurs, les porteurs d&rsquo;id\u00e9es de projets, les former, les orienter vers les cr\u00e9neaux porteurs et les accompagner \u00e0 accomplir toutes les formalit\u00e9s n\u00e9cessaires pour avoir leur Registre de commerce, leur NINEA, leur carte de commer\u00e7ant, carte import-export. En principe, il \u00a0n\u2019y a \u00a0pas de difficult\u00e9 majeure, pour la \u00a0formalisation juridique.<\/p>\n<p>Cependant, il y a\u00a0 d&rsquo;autres formalisations qui doivent \u00eatre effectu\u00e9es. Il s\u2019agit de la formalisation \u00e9conomique et sociale et la \u00a0formalisation comptable. Concernant ce point, l\u2019\u00e9conomiste Mbaye Chim\u00e8re Ndiaye a demand\u00e9 aux entrepreneurs de \u00a0tenir une comptabilit\u00e9 m\u00eame si elle est \u00a0simplifi\u00e9e. A l\u2019en croire, l&rsquo;administration fiscale reconna\u00eet cette comptabilit\u00e9 simplifi\u00e9e.<\/p>\n<p><strong>La formalisation fiscale:principal point de blocage<br \/>\n<\/strong><\/p>\n<p>La formalisation la plus cruciale, la plus difficile, c&rsquo;est la formalisation fiscale selon Mbaye Chim\u00e8re Ndiaye. C\u2019est le principal facteur de blocage pour les entrepreneurs. Mbaye Chim\u00e8re Ndiaye a conseill\u00e9 aux entrepreneurs, d\u2019aller au niveau de l&rsquo;administration fiscale, pour d\u00e9clarer leur activit\u00e9.<\/p>\n<p>C&rsquo;est la formalisation fiscale qui est la cause principale du d\u00e9veloppement du secteur informel. C\u2019est pourquoi, \u00ab on doit revoir notre politique fiscale, comment taxer les entreprises \u00bb a martel\u00e9 Dr Ndiaye. \u00ab\u00a0Une entreprise qui vient de d\u00e9marrer, vous lui demandez un imp\u00f4t minimum forfaitaire de 500.000 alors qu&rsquo;elle peine \u00e0 gagner 200.000, \u00e7a peut poser probl\u00e8me\u00a0\u00bb d\u00e9plore M. Ndiaye. Pour le conf\u00e9rencier, il faut \u00a0demander aux autorit\u00e9s d\u2019avoir une bonne politique fiscale, pour accompagner notre secteur informel.<\/p>\n<p><strong>Les recommandations<\/strong><\/p>\n<p>Pour r\u00e9ussir \u00e0 transformer\u00a0 l\u2019\u00e9conomie informelle, Mbaye Chim\u00e8re Ndiaye recommande d&rsquo;abord, de jouer \u00e0 fond l&rsquo;enseignement. Il pense que la formation technique et professionnelle devrait permettre de r\u00e9duire de mani\u00e8re drastique l&rsquo;\u00e9conomie dite informelle. Il faut ensuite mettre \u00a0en place un syst\u00e8me fiscal incitatif. Par exemple, quand vous voulez vous formaliser, l\u2019Etat peut du point de vue de M. Ndiaye \u00a0vous donner un ticket de bienvenue. Pour lui, c&rsquo;est pour accompagner. Il recommande \u00e9galement de mettre en place un m\u00e9canisme pour permettre \u00e0 ce secteur informel, une fois formalis\u00e9, d&rsquo;\u00eatre en priorit\u00e9 par rapport au financement.<\/p>\n<p>Il propose aussi la r\u00e9duction \u00a0de mani\u00e8re drastique les formalit\u00e9s administratives. Il faut aussi penser, en collaboration avec les chambres de commerce, comment cr\u00e9er des guichets publics par rapport \u00e0 cette formalisation du secteur informel.<\/p>\n<p>Dr Mbaye Chim\u00e8re Ndiaye recommande enfin concernant les march\u00e9s publics, la cr\u00e9ation d\u2019un nouveau m\u00e9canisme pour inciter le secteur informel \u00e0 se formaliser. Il a donn\u00e9 l\u2019exemple de ce que \u00a0l&rsquo;\u00c9tat a fait par rapport aux artisans sur le mobilier national.<\/p>\n<p><img fetchpriority=\"high\" decoding=\"async\" class=\"alignnone  wp-image-7460\" src=\"https:\/\/challengeseconomiques.com\/wp-content\/uploads\/2024\/12\/cciadfidak-300x200.jpeg\" alt=\"\" width=\"518\" height=\"345\" srcset=\"https:\/\/challengeseconomiques.com\/wp-content\/uploads\/2024\/12\/cciadfidak-300x200.jpeg 300w, https:\/\/challengeseconomiques.com\/wp-content\/uploads\/2024\/12\/cciadfidak-1024x683.jpeg 1024w, https:\/\/challengeseconomiques.com\/wp-content\/uploads\/2024\/12\/cciadfidak-768x512.jpeg 768w, https:\/\/challengeseconomiques.com\/wp-content\/uploads\/2024\/12\/cciadfidak-1118x745.jpeg 1118w, https:\/\/challengeseconomiques.com\/wp-content\/uploads\/2024\/12\/cciadfidak-272x182.jpeg 272w, https:\/\/challengeseconomiques.com\/wp-content\/uploads\/2024\/12\/cciadfidak.jpeg 1536w\" sizes=\"(max-width: 518px) 100vw, 518px\" \/><\/p>\n<p>&nbsp;<\/p>\n<p>.<\/p>\n<p>&nbsp;<\/p>\n<p>&nbsp;<\/p>\n","protected":false},"excerpt":{"rendered":"<p>La chambre de commerce de Dakar a c\u00e9l\u00e9br\u00e9 le 12 d\u00e9cembre 2024, sa journ\u00e9e, \u00e0 la 32\u00e9me \u00e9dition de la Foire internationale de Dakar. Une&#8230;<\/p>\n","protected":false},"author":3,"featured_media":7459,"comment_status":"closed","ping_status":"open","sticky":false,"template":"","format":"standard","meta":{"_jetpack_memberships_contains_paid_content":false,"footnotes":""},"categories":[23,8,10],"tags":[],"class_list":["post-7458","post","type-post","status-publish","format-standard","has-post-thumbnail","hentry","category-a-la-une","category-actualite-economique","category-infos-eco","wpcat-23-id","wpcat-8-id","wpcat-10-id"],"yoast_head":"<!-- This site is optimized with the Yoast SEO plugin v27.1.1 - https:\/\/yoast.com\/product\/yoast-seo-wordpress\/ -->\n<title>Formalisation du secteur informel : Dr Mbaye Chim\u00e8re, apporte des pistes de solutions - challenges economiques<\/title>\n<meta name=\"robots\" content=\"index, follow, max-snippet:-1, max-image-preview:large, max-video-preview:-1\" \/>\n<link rel=\"canonical\" href=\"https:\/\/challengeseconomiques.com\/?p=7458\" \/>\n<meta property=\"og:locale\" content=\"fr_FR\" \/>\n<meta property=\"og:type\" content=\"article\" \/>\n<meta property=\"og:title\" content=\"Formalisation du secteur informel : Dr Mbaye Chim\u00e8re, apporte des pistes de solutions - challenges economiques\" \/>\n<meta property=\"og:description\" content=\"La chambre de commerce de Dakar a c\u00e9l\u00e9br\u00e9 le 12 d\u00e9cembre 2024, sa journ\u00e9e, \u00e0 la 32\u00e9me \u00e9dition de la Foire internationale de Dakar. Une...\" \/>\n<meta property=\"og:url\" content=\"https:\/\/challengeseconomiques.com\/?p=7458\" \/>\n<meta property=\"og:site_name\" content=\"challenges economiques\" \/>\n<meta property=\"article:published_time\" content=\"2024-12-13T17:19:59+00:00\" \/>\n<meta property=\"article:modified_time\" content=\"2024-12-13T17:20:33+00:00\" \/>\n<meta property=\"og:image\" content=\"https:\/\/challengeseconomiques.com\/wp-content\/uploads\/2024\/12\/CHIMERE.jpeg\" \/>\n\t<meta property=\"og:image:width\" content=\"1536\" \/>\n\t<meta property=\"og:image:height\" content=\"1024\" \/>\n\t<meta property=\"og:image:type\" content=\"image\/jpeg\" \/>\n<meta name=\"author\" content=\"aliou kane ndiaye\" \/>\n<meta name=\"twitter:card\" content=\"summary_large_image\" \/>\n<meta name=\"twitter:label1\" content=\"\u00c9crit par\" \/>\n\t<meta name=\"twitter:data1\" content=\"aliou kane ndiaye\" \/>\n\t<meta name=\"twitter:label2\" content=\"Dur\u00e9e de lecture estim\u00e9e\" \/>\n\t<meta name=\"twitter:data2\" content=\"5 minutes\" \/>\n<script type=\"application\/ld+json\" class=\"yoast-schema-graph\">{\"@context\":\"https:\/\/schema.org\",\"@graph\":[{\"@type\":\"Article\",\"@id\":\"https:\/\/challengeseconomiques.com\/?p=7458#article\",\"isPartOf\":{\"@id\":\"https:\/\/challengeseconomiques.com\/?p=7458\"},\"author\":{\"name\":\"aliou kane ndiaye\",\"@id\":\"https:\/\/challengeseconomiques.com\/#\/schema\/person\/2f70a31e102db1741c1a1c00c2bbd8a6\"},\"headline\":\"Formalisation du secteur informel : Dr Mbaye Chim\u00e8re, apporte des pistes de solutions\",\"datePublished\":\"2024-12-13T17:19:59+00:00\",\"dateModified\":\"2024-12-13T17:20:33+00:00\",\"mainEntityOfPage\":{\"@id\":\"https:\/\/challengeseconomiques.com\/?p=7458\"},\"wordCount\":1087,\"image\":{\"@id\":\"https:\/\/challengeseconomiques.com\/?p=7458#primaryimage\"},\"thumbnailUrl\":\"https:\/\/challengeseconomiques.com\/wp-content\/uploads\/2024\/12\/CHIMERE.jpeg\",\"articleSection\":[\"A la une\",\"Actualit\u00e9 \u00e9conomique\",\"Infos \u00e9co\"],\"inLanguage\":\"fr-FR\"},{\"@type\":\"WebPage\",\"@id\":\"https:\/\/challengeseconomiques.com\/?p=7458\",\"url\":\"https:\/\/challengeseconomiques.com\/?p=7458\",\"name\":\"Formalisation du secteur informel : Dr Mbaye Chim\u00e8re, apporte des pistes de solutions - challenges economiques\",\"isPartOf\":{\"@id\":\"https:\/\/challengeseconomiques.com\/#website\"},\"primaryImageOfPage\":{\"@id\":\"https:\/\/challengeseconomiques.com\/?p=7458#primaryimage\"},\"image\":{\"@id\":\"https:\/\/challengeseconomiques.com\/?p=7458#primaryimage\"},\"thumbnailUrl\":\"https:\/\/challengeseconomiques.com\/wp-content\/uploads\/2024\/12\/CHIMERE.jpeg\",\"datePublished\":\"2024-12-13T17:19:59+00:00\",\"dateModified\":\"2024-12-13T17:20:33+00:00\",\"author\":{\"@id\":\"https:\/\/challengeseconomiques.com\/#\/schema\/person\/2f70a31e102db1741c1a1c00c2bbd8a6\"},\"breadcrumb\":{\"@id\":\"https:\/\/challengeseconomiques.com\/?p=7458#breadcrumb\"},\"inLanguage\":\"fr-FR\",\"potentialAction\":[{\"@type\":\"ReadAction\",\"target\":[\"https:\/\/challengeseconomiques.com\/?p=7458\"]}]},{\"@type\":\"ImageObject\",\"inLanguage\":\"fr-FR\",\"@id\":\"https:\/\/challengeseconomiques.com\/?p=7458#primaryimage\",\"url\":\"https:\/\/challengeseconomiques.com\/wp-content\/uploads\/2024\/12\/CHIMERE.jpeg\",\"contentUrl\":\"https:\/\/challengeseconomiques.com\/wp-content\/uploads\/2024\/12\/CHIMERE.jpeg\",\"width\":1536,\"height\":1024},{\"@type\":\"BreadcrumbList\",\"@id\":\"https:\/\/challengeseconomiques.com\/?p=7458#breadcrumb\",\"itemListElement\":[{\"@type\":\"ListItem\",\"position\":1,\"name\":\"Home\",\"item\":\"https:\/\/challengeseconomiques.com\/\"},{\"@type\":\"ListItem\",\"position\":2,\"name\":\"Formalisation du secteur informel : Dr Mbaye Chim\u00e8re, apporte des pistes de solutions\"}]},{\"@type\":\"WebSite\",\"@id\":\"https:\/\/challengeseconomiques.com\/#website\",\"url\":\"https:\/\/challengeseconomiques.com\/\",\"name\":\"challenges economiques\",\"description\":\"\",\"potentialAction\":[{\"@type\":\"SearchAction\",\"target\":{\"@type\":\"EntryPoint\",\"urlTemplate\":\"https:\/\/challengeseconomiques.com\/?s={search_term_string}\"},\"query-input\":{\"@type\":\"PropertyValueSpecification\",\"valueRequired\":true,\"valueName\":\"search_term_string\"}}],\"inLanguage\":\"fr-FR\"},{\"@type\":\"Person\",\"@id\":\"https:\/\/challengeseconomiques.com\/#\/schema\/person\/2f70a31e102db1741c1a1c00c2bbd8a6\",\"name\":\"aliou kane ndiaye\",\"image\":{\"@type\":\"ImageObject\",\"inLanguage\":\"fr-FR\",\"@id\":\"https:\/\/challengeseconomiques.com\/#\/schema\/person\/image\/\",\"url\":\"https:\/\/secure.gravatar.com\/avatar\/df942321e58711a9f1fee838e446766660477bacd4b42fa20400d2c7cf4da7ca?s=96&d=mm&r=g\",\"contentUrl\":\"https:\/\/secure.gravatar.com\/avatar\/df942321e58711a9f1fee838e446766660477bacd4b42fa20400d2c7cf4da7ca?s=96&d=mm&r=g\",\"caption\":\"aliou kane ndiaye\"},\"sameAs\":[\"http:\/\/www.challengeseconomiques.com\"],\"url\":\"https:\/\/challengeseconomiques.com\/?author=3\"}]}<\/script>\n<!-- \/ Yoast SEO plugin. -->","yoast_head_json":{"title":"Formalisation du secteur informel : Dr Mbaye Chim\u00e8re, apporte des pistes de solutions - challenges economiques","robots":{"index":"index","follow":"follow","max-snippet":"max-snippet:-1","max-image-preview":"max-image-preview:large","max-video-preview":"max-video-preview:-1"},"canonical":"https:\/\/challengeseconomiques.com\/?p=7458","og_locale":"fr_FR","og_type":"article","og_title":"Formalisation du secteur informel : Dr Mbaye Chim\u00e8re, apporte des pistes de solutions - challenges economiques","og_description":"La chambre de commerce de Dakar a c\u00e9l\u00e9br\u00e9 le 12 d\u00e9cembre 2024, sa journ\u00e9e, \u00e0 la 32\u00e9me \u00e9dition de la Foire internationale de Dakar. Une...","og_url":"https:\/\/challengeseconomiques.com\/?p=7458","og_site_name":"challenges economiques","article_published_time":"2024-12-13T17:19:59+00:00","article_modified_time":"2024-12-13T17:20:33+00:00","og_image":[{"width":1536,"height":1024,"url":"https:\/\/challengeseconomiques.com\/wp-content\/uploads\/2024\/12\/CHIMERE.jpeg","type":"image\/jpeg"}],"author":"aliou kane ndiaye","twitter_card":"summary_large_image","twitter_misc":{"\u00c9crit par":"aliou kane ndiaye","Dur\u00e9e de lecture estim\u00e9e":"5 minutes"},"schema":{"@context":"https:\/\/schema.org","@graph":[{"@type":"Article","@id":"https:\/\/challengeseconomiques.com\/?p=7458#article","isPartOf":{"@id":"https:\/\/challengeseconomiques.com\/?p=7458"},"author":{"name":"aliou kane ndiaye","@id":"https:\/\/challengeseconomiques.com\/#\/schema\/person\/2f70a31e102db1741c1a1c00c2bbd8a6"},"headline":"Formalisation du secteur informel : Dr Mbaye Chim\u00e8re, apporte des pistes de solutions","datePublished":"2024-12-13T17:19:59+00:00","dateModified":"2024-12-13T17:20:33+00:00","mainEntityOfPage":{"@id":"https:\/\/challengeseconomiques.com\/?p=7458"},"wordCount":1087,"image":{"@id":"https:\/\/challengeseconomiques.com\/?p=7458#primaryimage"},"thumbnailUrl":"https:\/\/challengeseconomiques.com\/wp-content\/uploads\/2024\/12\/CHIMERE.jpeg","articleSection":["A la une","Actualit\u00e9 \u00e9conomique","Infos \u00e9co"],"inLanguage":"fr-FR"},{"@type":"WebPage","@id":"https:\/\/challengeseconomiques.com\/?p=7458","url":"https:\/\/challengeseconomiques.com\/?p=7458","name":"Formalisation du secteur informel : Dr Mbaye Chim\u00e8re, apporte des pistes de solutions - challenges economiques","isPartOf":{"@id":"https:\/\/challengeseconomiques.com\/#website"},"primaryImageOfPage":{"@id":"https:\/\/challengeseconomiques.com\/?p=7458#primaryimage"},"image":{"@id":"https:\/\/challengeseconomiques.com\/?p=7458#primaryimage"},"thumbnailUrl":"https:\/\/challengeseconomiques.com\/wp-content\/uploads\/2024\/12\/CHIMERE.jpeg","datePublished":"2024-12-13T17:19:59+00:00","dateModified":"2024-12-13T17:20:33+00:00","author":{"@id":"https:\/\/challengeseconomiques.com\/#\/schema\/person\/2f70a31e102db1741c1a1c00c2bbd8a6"},"breadcrumb":{"@id":"https:\/\/challengeseconomiques.com\/?p=7458#breadcrumb"},"inLanguage":"fr-FR","potentialAction":[{"@type":"ReadAction","target":["https:\/\/challengeseconomiques.com\/?p=7458"]}]},{"@type":"ImageObject","inLanguage":"fr-FR","@id":"https:\/\/challengeseconomiques.com\/?p=7458#primaryimage","url":"https:\/\/challengeseconomiques.com\/wp-content\/uploads\/2024\/12\/CHIMERE.jpeg","contentUrl":"https:\/\/challengeseconomiques.com\/wp-content\/uploads\/2024\/12\/CHIMERE.jpeg","width":1536,"height":1024},{"@type":"BreadcrumbList","@id":"https:\/\/challengeseconomiques.com\/?p=7458#breadcrumb","itemListElement":[{"@type":"ListItem","position":1,"name":"Home","item":"https:\/\/challengeseconomiques.com\/"},{"@type":"ListItem","position":2,"name":"Formalisation du secteur informel : Dr Mbaye Chim\u00e8re, apporte des pistes de solutions"}]},{"@type":"WebSite","@id":"https:\/\/challengeseconomiques.com\/#website","url":"https:\/\/challengeseconomiques.com\/","name":"challenges economiques","description":"","potentialAction":[{"@type":"SearchAction","target":{"@type":"EntryPoint","urlTemplate":"https:\/\/challengeseconomiques.com\/?s={search_term_string}"},"query-input":{"@type":"PropertyValueSpecification","valueRequired":true,"valueName":"search_term_string"}}],"inLanguage":"fr-FR"},{"@type":"Person","@id":"https:\/\/challengeseconomiques.com\/#\/schema\/person\/2f70a31e102db1741c1a1c00c2bbd8a6","name":"aliou kane ndiaye","image":{"@type":"ImageObject","inLanguage":"fr-FR","@id":"https:\/\/challengeseconomiques.com\/#\/schema\/person\/image\/","url":"https:\/\/secure.gravatar.com\/avatar\/df942321e58711a9f1fee838e446766660477bacd4b42fa20400d2c7cf4da7ca?s=96&d=mm&r=g","contentUrl":"https:\/\/secure.gravatar.com\/avatar\/df942321e58711a9f1fee838e446766660477bacd4b42fa20400d2c7cf4da7ca?s=96&d=mm&r=g","caption":"aliou kane ndiaye"},"sameAs":["http:\/\/www.challengeseconomiques.com"],"url":"https:\/\/challengeseconomiques.com\/?author=3"}]}},"jetpack_featured_media_url":"https:\/\/challengeseconomiques.com\/wp-content\/uploads\/2024\/12\/CHIMERE.jpeg","jetpack_sharing_enabled":true,"_links":{"self":[{"href":"https:\/\/challengeseconomiques.com\/index.php?rest_route=\/wp\/v2\/posts\/7458","targetHints":{"allow":["GET"]}}],"collection":[{"href":"https:\/\/challengeseconomiques.com\/index.php?rest_route=\/wp\/v2\/posts"}],"about":[{"href":"https:\/\/challengeseconomiques.com\/index.php?rest_route=\/wp\/v2\/types\/post"}],"author":[{"embeddable":true,"href":"https:\/\/challengeseconomiques.com\/index.php?rest_route=\/wp\/v2\/users\/3"}],"replies":[{"embeddable":true,"href":"https:\/\/challengeseconomiques.com\/index.php?rest_route=%2Fwp%2Fv2%2Fcomments&post=7458"}],"version-history":[{"count":1,"href":"https:\/\/challengeseconomiques.com\/index.php?rest_route=\/wp\/v2\/posts\/7458\/revisions"}],"predecessor-version":[{"id":7461,"href":"https:\/\/challengeseconomiques.com\/index.php?rest_route=\/wp\/v2\/posts\/7458\/revisions\/7461"}],"wp:featuredmedia":[{"embeddable":true,"href":"https:\/\/challengeseconomiques.com\/index.php?rest_route=\/wp\/v2\/media\/7459"}],"wp:attachment":[{"href":"https:\/\/challengeseconomiques.com\/index.php?rest_route=%2Fwp%2Fv2%2Fmedia&parent=7458"}],"wp:term":[{"taxonomy":"category","embeddable":true,"href":"https:\/\/challengeseconomiques.com\/index.php?rest_route=%2Fwp%2Fv2%2Fcategories&post=7458"},{"taxonomy":"post_tag","embeddable":true,"href":"https:\/\/challengeseconomiques.com\/index.php?rest_route=%2Fwp%2Fv2%2Ftags&post=7458"}],"curies":[{"name":"wp","href":"https:\/\/api.w.org\/{rel}","templated":true}]}}