{"id":7440,"date":"2024-12-09T11:43:39","date_gmt":"2024-12-09T11:43:39","guid":{"rendered":"https:\/\/challengeseconomiques.com\/?p=7440"},"modified":"2024-12-09T11:44:30","modified_gmt":"2024-12-09T11:44:30","slug":"dakar-aibd-la-gare-du-ter-a-laeroport-prete-a-accueillir-ses-futurs-passagers","status":"publish","type":"post","link":"https:\/\/challengeseconomiques.com\/?p=7440","title":{"rendered":"Dakar-AIBD : La Gare du TER \u00e0 l\u2019a\u00e9roport pr\u00eate \u00e0 accueillir ses futurs passagers"},"content":{"rendered":"<p>Un grand soulagement pour les voyageurs qui auront la possibilit\u00e9 de prendre le Train Express R\u00e9gional \u00e0 destination de l\u2019A\u00e9roport international Blaise Diagne dans le confort, la s\u00e9curit\u00e9 et loin des embouteillages. \u00c0 en croire un post sur les r\u00e9seaux sociaux, la gare du TER \u00e0 l\u2019Aibd est fin pr\u00eate.<\/p>\n<p>Ce projet entre dans le cadre de la phase 2 du TER, qui va de Diamniadio \u00e0 Diass, soit une distance de 19 kilom\u00e8tres. Cette nouvelle infrastructure ferroviaire connect\u00e9e via passerelle \u00e0 l\u2019a\u00e9rogare passagers de l\u2019AIBD a \u00e9t\u00e9 construite par la soci\u00e9t\u00e9 turque SUMMA, un acteur majeur dans la transformation infrastructurelle du S\u00e9n\u00e9gal, souligne notre source.<\/p>\n<p>Dakar \u00e0 AIBD via le TER sur une lin\u00e9aire d\u2019environ 57 kilom\u00e8tres, sera dans l\u2019ordre du possible \u00e0 compter de Juillet 2025, date de la mise en service commerciale.<\/p>\n<figure class=\"wp-block-gallery has-nested-images columns-default is-cropped wp-block-gallery-1 is-layout-flex wp-block-gallery-is-layout-flex\">\n<figure class=\"wp-block-image size-large\"><img fetchpriority=\"high\" decoding=\"async\" class=\"wp-image-2684 td-animation-stack-type0-2\" src=\"https:\/\/espacedev.net\/wp-content\/uploads\/2024\/12\/AIBD-1024x708.jpg\" sizes=\"(max-width: 1024px) 100vw, 1024px\" srcset=\"https:\/\/espacedev.net\/wp-content\/uploads\/2024\/12\/AIBD-1024x708.jpg 1024w, https:\/\/espacedev.net\/wp-content\/uploads\/2024\/12\/AIBD-300x208.jpg 300w, https:\/\/espacedev.net\/wp-content\/uploads\/2024\/12\/AIBD-768x531.jpg 768w, https:\/\/espacedev.net\/wp-content\/uploads\/2024\/12\/AIBD-150x104.jpg 150w, https:\/\/espacedev.net\/wp-content\/uploads\/2024\/12\/AIBD-218x150.jpg 218w, https:\/\/espacedev.net\/wp-content\/uploads\/2024\/12\/AIBD-696x481.jpg 696w, https:\/\/espacedev.net\/wp-content\/uploads\/2024\/12\/AIBD-1068x739.jpg 1068w, https:\/\/espacedev.net\/wp-content\/uploads\/2024\/12\/AIBD.jpg 1080w\" alt=\"\" width=\"1024\" height=\"708\" data-id=\"2684\" \/><\/figure>\n<figure class=\"wp-block-image size-large\"><img decoding=\"async\" class=\"wp-image-2685 td-animation-stack-type0-2\" src=\"https:\/\/espacedev.net\/wp-content\/uploads\/2024\/12\/AIBD-1.jpg\" sizes=\"(max-width: 873px) 100vw, 873px\" srcset=\"https:\/\/espacedev.net\/wp-content\/uploads\/2024\/12\/AIBD-1.jpg 873w, https:\/\/espacedev.net\/wp-content\/uploads\/2024\/12\/AIBD-1-300x248.jpg 300w, https:\/\/espacedev.net\/wp-content\/uploads\/2024\/12\/AIBD-1-768x636.jpg 768w, https:\/\/espacedev.net\/wp-content\/uploads\/2024\/12\/AIBD-1-150x124.jpg 150w, https:\/\/espacedev.net\/wp-content\/uploads\/2024\/12\/AIBD-1-696x576.jpg 696w\" alt=\"\" width=\"873\" height=\"723\" data-id=\"2685\" \/><\/figure>\n<figure class=\"wp-block-image size-large\"><img decoding=\"async\" class=\"wp-image-2686 td-animation-stack-type0-2\" src=\"https:\/\/espacedev.net\/wp-content\/uploads\/2024\/12\/AIBD-3.jpg\" sizes=\"(max-width: 883px) 100vw, 883px\" srcset=\"https:\/\/espacedev.net\/wp-content\/uploads\/2024\/12\/AIBD-3.jpg 883w, https:\/\/espacedev.net\/wp-content\/uploads\/2024\/12\/AIBD-3-300x247.jpg 300w, https:\/\/espacedev.net\/wp-content\/uploads\/2024\/12\/AIBD-3-768x631.jpg 768w, https:\/\/espacedev.net\/wp-content\/uploads\/2024\/12\/AIBD-3-150x123.jpg 150w, https:\/\/espacedev.net\/wp-content\/uploads\/2024\/12\/AIBD-3-696x572.jpg 696w\" alt=\"\" width=\"883\" height=\"726\" data-id=\"2686\" \/><\/figure>\n<figure class=\"wp-block-image size-large\"><img loading=\"lazy\" decoding=\"async\" class=\"wp-image-2687 td-animation-stack-type0-2\" src=\"https:\/\/espacedev.net\/wp-content\/uploads\/2024\/12\/AIBD-4.jpg\" sizes=\"(max-width: 1000px) 100vw, 1000px\" srcset=\"https:\/\/espacedev.net\/wp-content\/uploads\/2024\/12\/AIBD-4.jpg 1000w, https:\/\/espacedev.net\/wp-content\/uploads\/2024\/12\/AIBD-4-300x141.jpg 300w, https:\/\/espacedev.net\/wp-content\/uploads\/2024\/12\/AIBD-4-768x361.jpg 768w, https:\/\/espacedev.net\/wp-content\/uploads\/2024\/12\/AIBD-4-150x71.jpg 150w, https:\/\/espacedev.net\/wp-content\/uploads\/2024\/12\/AIBD-4-696x327.jpg 696w\" alt=\"\" width=\"1000\" height=\"470\" data-id=\"2687\" \/><\/figure>\n<figure class=\"wp-block-image size-large\"><img loading=\"lazy\" decoding=\"async\" class=\"wp-image-2688 td-animation-stack-type0-2\" src=\"https:\/\/espacedev.net\/wp-content\/uploads\/2024\/12\/AIBD-5.jpg\" sizes=\"(max-width: 872px) 100vw, 872px\" srcset=\"https:\/\/espacedev.net\/wp-content\/uploads\/2024\/12\/AIBD-5.jpg 872w, https:\/\/espacedev.net\/wp-content\/uploads\/2024\/12\/AIBD-5-300x251.jpg 300w, https:\/\/espacedev.net\/wp-content\/uploads\/2024\/12\/AIBD-5-768x642.jpg 768w, https:\/\/espacedev.net\/wp-content\/uploads\/2024\/12\/AIBD-5-150x125.jpg 150w, https:\/\/espacedev.net\/wp-content\/uploads\/2024\/12\/AIBD-5-696x582.jpg 696w\" alt=\"\" width=\"872\" height=\"729\" data-id=\"2688\" \/><\/figure>\n<figure class=\"wp-block-image size-large\"><img loading=\"lazy\" decoding=\"async\" class=\"wp-image-2689 td-animation-stack-type0-2\" src=\"https:\/\/espacedev.net\/wp-content\/uploads\/2024\/12\/AIBD-6.jpg\" sizes=\"(max-width: 886px) 100vw, 886px\" srcset=\"https:\/\/espacedev.net\/wp-content\/uploads\/2024\/12\/AIBD-6.jpg 886w, https:\/\/espacedev.net\/wp-content\/uploads\/2024\/12\/AIBD-6-300x245.jpg 300w, https:\/\/espacedev.net\/wp-content\/uploads\/2024\/12\/AIBD-6-768x628.jpg 768w, https:\/\/espacedev.net\/wp-content\/uploads\/2024\/12\/AIBD-6-150x123.jpg 150w, https:\/\/espacedev.net\/wp-content\/uploads\/2024\/12\/AIBD-6-696x569.jpg 696w\" alt=\"\" width=\"886\" height=\"724\" data-id=\"2689\" \/><\/figure>\n<figure class=\"wp-block-image size-large\"><img loading=\"lazy\" decoding=\"async\" class=\"wp-image-2690 td-animation-stack-type0-2\" src=\"https:\/\/espacedev.net\/wp-content\/uploads\/2024\/12\/AIBD-7-1024x683.jpg\" sizes=\"(max-width: 1024px) 100vw, 1024px\" srcset=\"https:\/\/espacedev.net\/wp-content\/uploads\/2024\/12\/AIBD-7-1024x683.jpg 1024w, https:\/\/espacedev.net\/wp-content\/uploads\/2024\/12\/AIBD-7-300x200.jpg 300w, https:\/\/espacedev.net\/wp-content\/uploads\/2024\/12\/AIBD-7-768x512.jpg 768w, https:\/\/espacedev.net\/wp-content\/uploads\/2024\/12\/AIBD-7-150x100.jpg 150w, https:\/\/espacedev.net\/wp-content\/uploads\/2024\/12\/AIBD-7-696x464.jpg 696w, https:\/\/espacedev.net\/wp-content\/uploads\/2024\/12\/AIBD-7-1068x713.jpg 1068w, https:\/\/espacedev.net\/wp-content\/uploads\/2024\/12\/AIBD-7.jpg 1079w\" alt=\"\" width=\"1024\" height=\"683\" data-id=\"2690\" \/><\/figure>\n<\/figure>\n<p><strong>Espacedev<\/strong><\/p>\n<div class=\"addtoany_share_save_container addtoany_content addtoany_content_bottom\">\n<div class=\"a2a_kit a2a_kit_size_32 addtoany_list\" data-a2a-url=\"https:\/\/espacedev.net\/2024\/12\/08\/dakar-aibd-la-gare-du-ter-a-laeroport-prete-a-accueillir-ses-futurs-passagers\/\" data-a2a-title=\"Dakar-AIBD : La Gare du TER \u00e0 l\u2019a\u00e9roport pr\u00eate \u00e0 accueillir ses futurs passagers\"><\/div>\n<\/div>\n<p>&nbsp;<\/p>\n","protected":false},"excerpt":{"rendered":"<p>Un grand soulagement pour les voyageurs qui auront la possibilit\u00e9 de prendre le Train Express R\u00e9gional \u00e0 destination de l\u2019A\u00e9roport international Blaise Diagne dans le&#8230;<\/p>\n","protected":false},"author":1,"featured_media":7441,"comment_status":"closed","ping_status":"open","sticky":false,"template":"","format":"standard","meta":{"_jetpack_memberships_contains_paid_content":false,"footnotes":""},"categories":[23,8],"tags":[],"class_list":["post-7440","post","type-post","status-publish","format-standard","has-post-thumbnail","hentry","category-a-la-une","category-actualite-economique","wpcat-23-id","wpcat-8-id"],"yoast_head":"<!-- This site is optimized with the Yoast SEO plugin v27.1.1 - https:\/\/yoast.com\/product\/yoast-seo-wordpress\/ -->\n<title>Dakar-AIBD : La Gare du TER \u00e0 l\u2019a\u00e9roport pr\u00eate \u00e0 accueillir ses futurs passagers - challenges economiques<\/title>\n<meta name=\"robots\" content=\"index, follow, max-snippet:-1, max-image-preview:large, max-video-preview:-1\" \/>\n<link rel=\"canonical\" href=\"https:\/\/challengeseconomiques.com\/?p=7440\" \/>\n<meta property=\"og:locale\" content=\"fr_FR\" \/>\n<meta property=\"og:type\" content=\"article\" \/>\n<meta property=\"og:title\" content=\"Dakar-AIBD : La Gare du TER \u00e0 l\u2019a\u00e9roport pr\u00eate \u00e0 accueillir ses futurs passagers - challenges economiques\" \/>\n<meta property=\"og:description\" content=\"Un grand soulagement pour les voyageurs qui auront la possibilit\u00e9 de prendre le Train Express R\u00e9gional \u00e0 destination de l\u2019A\u00e9roport international Blaise Diagne dans le...\" \/>\n<meta property=\"og:url\" content=\"https:\/\/challengeseconomiques.com\/?p=7440\" \/>\n<meta property=\"og:site_name\" content=\"challenges economiques\" \/>\n<meta property=\"article:published_time\" content=\"2024-12-09T11:43:39+00:00\" \/>\n<meta property=\"article:modified_time\" content=\"2024-12-09T11:44:30+00:00\" \/>\n<meta property=\"og:image\" content=\"https:\/\/challengeseconomiques.com\/wp-content\/uploads\/2024\/12\/AIBD-2-696x463-1.jpg\" \/>\n\t<meta property=\"og:image:width\" content=\"696\" \/>\n\t<meta property=\"og:image:height\" content=\"463\" \/>\n\t<meta property=\"og:image:type\" content=\"image\/jpeg\" \/>\n<meta name=\"author\" content=\"admin\" \/>\n<meta name=\"twitter:card\" content=\"summary_large_image\" \/>\n<meta name=\"twitter:label1\" content=\"\u00c9crit par\" \/>\n\t<meta name=\"twitter:data1\" content=\"admin\" \/>\n\t<meta name=\"twitter:label2\" content=\"Dur\u00e9e de lecture estim\u00e9e\" \/>\n\t<meta name=\"twitter:data2\" content=\"1 minute\" \/>\n<script type=\"application\/ld+json\" class=\"yoast-schema-graph\">{\"@context\":\"https:\/\/schema.org\",\"@graph\":[{\"@type\":\"Article\",\"@id\":\"https:\/\/challengeseconomiques.com\/?p=7440#article\",\"isPartOf\":{\"@id\":\"https:\/\/challengeseconomiques.com\/?p=7440\"},\"author\":{\"name\":\"admin\",\"@id\":\"https:\/\/challengeseconomiques.com\/#\/schema\/person\/b4568c9afebc5a9238a771873801e349\"},\"headline\":\"Dakar-AIBD : La Gare du TER \u00e0 l\u2019a\u00e9roport pr\u00eate \u00e0 accueillir ses futurs passagers\",\"datePublished\":\"2024-12-09T11:43:39+00:00\",\"dateModified\":\"2024-12-09T11:44:30+00:00\",\"mainEntityOfPage\":{\"@id\":\"https:\/\/challengeseconomiques.com\/?p=7440\"},\"wordCount\":159,\"image\":{\"@id\":\"https:\/\/challengeseconomiques.com\/?p=7440#primaryimage\"},\"thumbnailUrl\":\"https:\/\/challengeseconomiques.com\/wp-content\/uploads\/2024\/12\/AIBD-2-696x463-1.jpg\",\"articleSection\":[\"A la une\",\"Actualit\u00e9 \u00e9conomique\"],\"inLanguage\":\"fr-FR\"},{\"@type\":\"WebPage\",\"@id\":\"https:\/\/challengeseconomiques.com\/?p=7440\",\"url\":\"https:\/\/challengeseconomiques.com\/?p=7440\",\"name\":\"Dakar-AIBD : La Gare du TER \u00e0 l\u2019a\u00e9roport pr\u00eate \u00e0 accueillir ses futurs passagers - challenges economiques\",\"isPartOf\":{\"@id\":\"https:\/\/challengeseconomiques.com\/#website\"},\"primaryImageOfPage\":{\"@id\":\"https:\/\/challengeseconomiques.com\/?p=7440#primaryimage\"},\"image\":{\"@id\":\"https:\/\/challengeseconomiques.com\/?p=7440#primaryimage\"},\"thumbnailUrl\":\"https:\/\/challengeseconomiques.com\/wp-content\/uploads\/2024\/12\/AIBD-2-696x463-1.jpg\",\"datePublished\":\"2024-12-09T11:43:39+00:00\",\"dateModified\":\"2024-12-09T11:44:30+00:00\",\"author\":{\"@id\":\"https:\/\/challengeseconomiques.com\/#\/schema\/person\/b4568c9afebc5a9238a771873801e349\"},\"breadcrumb\":{\"@id\":\"https:\/\/challengeseconomiques.com\/?p=7440#breadcrumb\"},\"inLanguage\":\"fr-FR\",\"potentialAction\":[{\"@type\":\"ReadAction\",\"target\":[\"https:\/\/challengeseconomiques.com\/?p=7440\"]}]},{\"@type\":\"ImageObject\",\"inLanguage\":\"fr-FR\",\"@id\":\"https:\/\/challengeseconomiques.com\/?p=7440#primaryimage\",\"url\":\"https:\/\/challengeseconomiques.com\/wp-content\/uploads\/2024\/12\/AIBD-2-696x463-1.jpg\",\"contentUrl\":\"https:\/\/challengeseconomiques.com\/wp-content\/uploads\/2024\/12\/AIBD-2-696x463-1.jpg\",\"width\":696,\"height\":463},{\"@type\":\"BreadcrumbList\",\"@id\":\"https:\/\/challengeseconomiques.com\/?p=7440#breadcrumb\",\"itemListElement\":[{\"@type\":\"ListItem\",\"position\":1,\"name\":\"Home\",\"item\":\"https:\/\/challengeseconomiques.com\/\"},{\"@type\":\"ListItem\",\"position\":2,\"name\":\"Dakar-AIBD : La Gare du TER \u00e0 l\u2019a\u00e9roport pr\u00eate \u00e0 accueillir ses futurs passagers\"}]},{\"@type\":\"WebSite\",\"@id\":\"https:\/\/challengeseconomiques.com\/#website\",\"url\":\"https:\/\/challengeseconomiques.com\/\",\"name\":\"challenges economiques\",\"description\":\"\",\"potentialAction\":[{\"@type\":\"SearchAction\",\"target\":{\"@type\":\"EntryPoint\",\"urlTemplate\":\"https:\/\/challengeseconomiques.com\/?s={search_term_string}\"},\"query-input\":{\"@type\":\"PropertyValueSpecification\",\"valueRequired\":true,\"valueName\":\"search_term_string\"}}],\"inLanguage\":\"fr-FR\"},{\"@type\":\"Person\",\"@id\":\"https:\/\/challengeseconomiques.com\/#\/schema\/person\/b4568c9afebc5a9238a771873801e349\",\"name\":\"admin\",\"image\":{\"@type\":\"ImageObject\",\"inLanguage\":\"fr-FR\",\"@id\":\"https:\/\/challengeseconomiques.com\/#\/schema\/person\/image\/\",\"url\":\"https:\/\/secure.gravatar.com\/avatar\/099e42240b5eea11acdb72751fcce0dd918603f0749d24974b7984ea47ed9fd9?s=96&d=mm&r=g\",\"contentUrl\":\"https:\/\/secure.gravatar.com\/avatar\/099e42240b5eea11acdb72751fcce0dd918603f0749d24974b7984ea47ed9fd9?s=96&d=mm&r=g\",\"caption\":\"admin\"},\"sameAs\":[\"https:\/\/challengeseconomiques.com\"],\"url\":\"https:\/\/challengeseconomiques.com\/?author=1\"}]}<\/script>\n<!-- \/ Yoast SEO plugin. -->","yoast_head_json":{"title":"Dakar-AIBD : La Gare du TER \u00e0 l\u2019a\u00e9roport pr\u00eate \u00e0 accueillir ses futurs passagers - challenges economiques","robots":{"index":"index","follow":"follow","max-snippet":"max-snippet:-1","max-image-preview":"max-image-preview:large","max-video-preview":"max-video-preview:-1"},"canonical":"https:\/\/challengeseconomiques.com\/?p=7440","og_locale":"fr_FR","og_type":"article","og_title":"Dakar-AIBD : La Gare du TER \u00e0 l\u2019a\u00e9roport pr\u00eate \u00e0 accueillir ses futurs passagers - challenges economiques","og_description":"Un grand soulagement pour les voyageurs qui auront la possibilit\u00e9 de prendre le Train Express R\u00e9gional \u00e0 destination de l\u2019A\u00e9roport international Blaise Diagne dans le...","og_url":"https:\/\/challengeseconomiques.com\/?p=7440","og_site_name":"challenges economiques","article_published_time":"2024-12-09T11:43:39+00:00","article_modified_time":"2024-12-09T11:44:30+00:00","og_image":[{"width":696,"height":463,"url":"https:\/\/challengeseconomiques.com\/wp-content\/uploads\/2024\/12\/AIBD-2-696x463-1.jpg","type":"image\/jpeg"}],"author":"admin","twitter_card":"summary_large_image","twitter_misc":{"\u00c9crit par":"admin","Dur\u00e9e de lecture estim\u00e9e":"1 minute"},"schema":{"@context":"https:\/\/schema.org","@graph":[{"@type":"Article","@id":"https:\/\/challengeseconomiques.com\/?p=7440#article","isPartOf":{"@id":"https:\/\/challengeseconomiques.com\/?p=7440"},"author":{"name":"admin","@id":"https:\/\/challengeseconomiques.com\/#\/schema\/person\/b4568c9afebc5a9238a771873801e349"},"headline":"Dakar-AIBD : La Gare du TER \u00e0 l\u2019a\u00e9roport pr\u00eate \u00e0 accueillir ses futurs passagers","datePublished":"2024-12-09T11:43:39+00:00","dateModified":"2024-12-09T11:44:30+00:00","mainEntityOfPage":{"@id":"https:\/\/challengeseconomiques.com\/?p=7440"},"wordCount":159,"image":{"@id":"https:\/\/challengeseconomiques.com\/?p=7440#primaryimage"},"thumbnailUrl":"https:\/\/challengeseconomiques.com\/wp-content\/uploads\/2024\/12\/AIBD-2-696x463-1.jpg","articleSection":["A la une","Actualit\u00e9 \u00e9conomique"],"inLanguage":"fr-FR"},{"@type":"WebPage","@id":"https:\/\/challengeseconomiques.com\/?p=7440","url":"https:\/\/challengeseconomiques.com\/?p=7440","name":"Dakar-AIBD : La Gare du TER \u00e0 l\u2019a\u00e9roport pr\u00eate \u00e0 accueillir ses futurs passagers - challenges economiques","isPartOf":{"@id":"https:\/\/challengeseconomiques.com\/#website"},"primaryImageOfPage":{"@id":"https:\/\/challengeseconomiques.com\/?p=7440#primaryimage"},"image":{"@id":"https:\/\/challengeseconomiques.com\/?p=7440#primaryimage"},"thumbnailUrl":"https:\/\/challengeseconomiques.com\/wp-content\/uploads\/2024\/12\/AIBD-2-696x463-1.jpg","datePublished":"2024-12-09T11:43:39+00:00","dateModified":"2024-12-09T11:44:30+00:00","author":{"@id":"https:\/\/challengeseconomiques.com\/#\/schema\/person\/b4568c9afebc5a9238a771873801e349"},"breadcrumb":{"@id":"https:\/\/challengeseconomiques.com\/?p=7440#breadcrumb"},"inLanguage":"fr-FR","potentialAction":[{"@type":"ReadAction","target":["https:\/\/challengeseconomiques.com\/?p=7440"]}]},{"@type":"ImageObject","inLanguage":"fr-FR","@id":"https:\/\/challengeseconomiques.com\/?p=7440#primaryimage","url":"https:\/\/challengeseconomiques.com\/wp-content\/uploads\/2024\/12\/AIBD-2-696x463-1.jpg","contentUrl":"https:\/\/challengeseconomiques.com\/wp-content\/uploads\/2024\/12\/AIBD-2-696x463-1.jpg","width":696,"height":463},{"@type":"BreadcrumbList","@id":"https:\/\/challengeseconomiques.com\/?p=7440#breadcrumb","itemListElement":[{"@type":"ListItem","position":1,"name":"Home","item":"https:\/\/challengeseconomiques.com\/"},{"@type":"ListItem","position":2,"name":"Dakar-AIBD : La Gare du TER \u00e0 l\u2019a\u00e9roport pr\u00eate \u00e0 accueillir ses futurs passagers"}]},{"@type":"WebSite","@id":"https:\/\/challengeseconomiques.com\/#website","url":"https:\/\/challengeseconomiques.com\/","name":"challenges economiques","description":"","potentialAction":[{"@type":"SearchAction","target":{"@type":"EntryPoint","urlTemplate":"https:\/\/challengeseconomiques.com\/?s={search_term_string}"},"query-input":{"@type":"PropertyValueSpecification","valueRequired":true,"valueName":"search_term_string"}}],"inLanguage":"fr-FR"},{"@type":"Person","@id":"https:\/\/challengeseconomiques.com\/#\/schema\/person\/b4568c9afebc5a9238a771873801e349","name":"admin","image":{"@type":"ImageObject","inLanguage":"fr-FR","@id":"https:\/\/challengeseconomiques.com\/#\/schema\/person\/image\/","url":"https:\/\/secure.gravatar.com\/avatar\/099e42240b5eea11acdb72751fcce0dd918603f0749d24974b7984ea47ed9fd9?s=96&d=mm&r=g","contentUrl":"https:\/\/secure.gravatar.com\/avatar\/099e42240b5eea11acdb72751fcce0dd918603f0749d24974b7984ea47ed9fd9?s=96&d=mm&r=g","caption":"admin"},"sameAs":["https:\/\/challengeseconomiques.com"],"url":"https:\/\/challengeseconomiques.com\/?author=1"}]}},"jetpack_featured_media_url":"https:\/\/challengeseconomiques.com\/wp-content\/uploads\/2024\/12\/AIBD-2-696x463-1.jpg","jetpack_sharing_enabled":true,"_links":{"self":[{"href":"https:\/\/challengeseconomiques.com\/index.php?rest_route=\/wp\/v2\/posts\/7440","targetHints":{"allow":["GET"]}}],"collection":[{"href":"https:\/\/challengeseconomiques.com\/index.php?rest_route=\/wp\/v2\/posts"}],"about":[{"href":"https:\/\/challengeseconomiques.com\/index.php?rest_route=\/wp\/v2\/types\/post"}],"author":[{"embeddable":true,"href":"https:\/\/challengeseconomiques.com\/index.php?rest_route=\/wp\/v2\/users\/1"}],"replies":[{"embeddable":true,"href":"https:\/\/challengeseconomiques.com\/index.php?rest_route=%2Fwp%2Fv2%2Fcomments&post=7440"}],"version-history":[{"count":1,"href":"https:\/\/challengeseconomiques.com\/index.php?rest_route=\/wp\/v2\/posts\/7440\/revisions"}],"predecessor-version":[{"id":7442,"href":"https:\/\/challengeseconomiques.com\/index.php?rest_route=\/wp\/v2\/posts\/7440\/revisions\/7442"}],"wp:featuredmedia":[{"embeddable":true,"href":"https:\/\/challengeseconomiques.com\/index.php?rest_route=\/wp\/v2\/media\/7441"}],"wp:attachment":[{"href":"https:\/\/challengeseconomiques.com\/index.php?rest_route=%2Fwp%2Fv2%2Fmedia&parent=7440"}],"wp:term":[{"taxonomy":"category","embeddable":true,"href":"https:\/\/challengeseconomiques.com\/index.php?rest_route=%2Fwp%2Fv2%2Fcategories&post=7440"},{"taxonomy":"post_tag","embeddable":true,"href":"https:\/\/challengeseconomiques.com\/index.php?rest_route=%2Fwp%2Fv2%2Ftags&post=7440"}],"curies":[{"name":"wp","href":"https:\/\/api.w.org\/{rel}","templated":true}]}}