{"id":7434,"date":"2024-12-06T13:19:47","date_gmt":"2024-12-06T13:19:47","guid":{"rendered":"https:\/\/challengeseconomiques.com\/?p=7434"},"modified":"2024-12-06T13:20:33","modified_gmt":"2024-12-06T13:20:33","slug":"le-mfb-dement-une-levee-de-fonds-infructueuse-du-senegal","status":"publish","type":"post","link":"https:\/\/challengeseconomiques.com\/?p=7434","title":{"rendered":"Le MFB d\u00e9ment une lev\u00e9e de fonds infructueuse du S\u00e9n\u00e9gal"},"content":{"rendered":"<p><strong>Cheikh Diba, le ministre\u00a0 des Finances et du Budget du S\u00e9n\u00e9gal<\/strong><\/p>\n<p>Le minist\u00e8re des finances et du budget (MFB) d\u00e9ment formellement une suppos\u00e9e lev\u00e9e de fonds infructueuse du S\u00e9n\u00e9gal. Dans un communiqu\u00e9 transmis \u00e0 notre r\u00e9daction, l\u2019institution affirme que cette information est infond\u00e9e et d\u00e9nonce vigoureusement une tentative malveillante visant \u00e0 porter atteinte \u00e0 l\u2019image du pays.<\/p>\n<p>Il faut rappeler que l\u2019information a \u00e9t\u00e9 publi\u00e9e dans un quotidien local et relay\u00e9e sur la presse en ligne, \u00e0 la radio, ainsi que sur les r\u00e9seaux sociaux. Le MFB de pr\u00e9ciser dans son communiqu\u00e9 que l\u2019\u00e9mission de titres publics sur le march\u00e9 r\u00e9gional de l\u2019UEMOA r\u00e9pond \u00e0 des r\u00e8gles et proc\u00e9dures strictes et transparentes que le S\u00e9n\u00e9gal respecte scrupuleusement dans la mise en \u0153uvre de sa strat\u00e9gie d\u2019endettement.<\/p>\n<p>En effet, le MFB note \u00e0 propos des proc\u00e9dures en vigueur que les interventions du S\u00e9n\u00e9gal sur le march\u00e9 r\u00e9gional des titres publics s\u2019appuient sur un calendrier annuel pr\u00e9visionnel transmis \u00e0 l\u2019agence UMOA Titres au mois de f\u00e9vrier 2024.<\/p>\n<p>\u00ab\u00a0Ce calendrier est par la suite communiqu\u00e9 aux investisseurs et est purement indicatif. A ce titre, toute \u00e9mission doit \u00eatre confirm\u00e9e par l\u2019\u00e9metteur via la transmission d\u2019un formulaire (TIT 610), validant l\u2019organisation d\u2019une adjudication de bons ou obligations du Tr\u00e9sor\u00a0\u00bb, d\u00e9taille la source du MFB.<\/p>\n<p>La source ajoute que l\u2019agence UMOA-Titres diffuse ensuite \u00e0 toutes les directions nationales de la BCEAO et aux investisseurs habilit\u00e9s les documents officiels relatifs \u00e0 l\u2019op\u00e9ration, notamment l\u2019avis d\u2019appel d\u2019offres, le document des termes et conditions ainsi que toutes les autres informations n\u00e9cessaires.<\/p>\n<p>Le MFB souligne \u00e9galement qu\u2019\u00e0 l\u2019issue de chaque \u00e9mission, les r\u00e9sultats et un compte rendu d\u00e9taill\u00e9 sont\u00a0 publi\u00e9s.<\/p>\n<p><strong>Idrissa GUEYE<\/strong><\/p>\n","protected":false},"excerpt":{"rendered":"<p>Cheikh Diba, le ministre\u00a0 des Finances et du Budget du S\u00e9n\u00e9gal Le minist\u00e8re des finances et du budget (MFB) d\u00e9ment formellement une suppos\u00e9e lev\u00e9e de&#8230;<\/p>\n","protected":false},"author":3,"featured_media":7288,"comment_status":"closed","ping_status":"open","sticky":false,"template":"","format":"standard","meta":{"_jetpack_memberships_contains_paid_content":false,"footnotes":""},"categories":[23,8],"tags":[],"class_list":["post-7434","post","type-post","status-publish","format-standard","has-post-thumbnail","hentry","category-a-la-une","category-actualite-economique","wpcat-23-id","wpcat-8-id"],"yoast_head":"<!-- This site is optimized with the Yoast SEO plugin v27.1.1 - https:\/\/yoast.com\/product\/yoast-seo-wordpress\/ -->\n<title>Le MFB d\u00e9ment une lev\u00e9e de fonds infructueuse du S\u00e9n\u00e9gal - challenges economiques<\/title>\n<meta name=\"robots\" content=\"index, follow, max-snippet:-1, max-image-preview:large, max-video-preview:-1\" \/>\n<link rel=\"canonical\" href=\"https:\/\/challengeseconomiques.com\/?p=7434\" \/>\n<meta property=\"og:locale\" content=\"fr_FR\" \/>\n<meta property=\"og:type\" content=\"article\" \/>\n<meta property=\"og:title\" content=\"Le MFB d\u00e9ment une lev\u00e9e de fonds infructueuse du S\u00e9n\u00e9gal - challenges economiques\" \/>\n<meta property=\"og:description\" content=\"Cheikh Diba, le ministre\u00a0 des Finances et du Budget du S\u00e9n\u00e9gal Le minist\u00e8re des finances et du budget (MFB) d\u00e9ment formellement une suppos\u00e9e lev\u00e9e de...\" \/>\n<meta property=\"og:url\" content=\"https:\/\/challengeseconomiques.com\/?p=7434\" \/>\n<meta property=\"og:site_name\" content=\"challenges economiques\" \/>\n<meta property=\"article:published_time\" content=\"2024-12-06T13:19:47+00:00\" \/>\n<meta property=\"article:modified_time\" content=\"2024-12-06T13:20:33+00:00\" \/>\n<meta property=\"og:image\" content=\"https:\/\/challengeseconomiques.com\/wp-content\/uploads\/2024\/10\/diba2.jpg\" \/>\n\t<meta property=\"og:image:width\" content=\"860\" \/>\n\t<meta property=\"og:image:height\" content=\"603\" \/>\n\t<meta property=\"og:image:type\" content=\"image\/jpeg\" \/>\n<meta name=\"author\" content=\"aliou kane ndiaye\" \/>\n<meta name=\"twitter:card\" content=\"summary_large_image\" \/>\n<meta name=\"twitter:label1\" content=\"\u00c9crit par\" \/>\n\t<meta name=\"twitter:data1\" content=\"aliou kane ndiaye\" \/>\n\t<meta name=\"twitter:label2\" content=\"Dur\u00e9e de lecture estim\u00e9e\" \/>\n\t<meta name=\"twitter:data2\" content=\"2 minutes\" \/>\n<script type=\"application\/ld+json\" class=\"yoast-schema-graph\">{\"@context\":\"https:\/\/schema.org\",\"@graph\":[{\"@type\":\"Article\",\"@id\":\"https:\/\/challengeseconomiques.com\/?p=7434#article\",\"isPartOf\":{\"@id\":\"https:\/\/challengeseconomiques.com\/?p=7434\"},\"author\":{\"name\":\"aliou kane ndiaye\",\"@id\":\"https:\/\/challengeseconomiques.com\/#\/schema\/person\/2f70a31e102db1741c1a1c00c2bbd8a6\"},\"headline\":\"Le MFB d\u00e9ment une lev\u00e9e de fonds infructueuse du S\u00e9n\u00e9gal\",\"datePublished\":\"2024-12-06T13:19:47+00:00\",\"dateModified\":\"2024-12-06T13:20:33+00:00\",\"mainEntityOfPage\":{\"@id\":\"https:\/\/challengeseconomiques.com\/?p=7434\"},\"wordCount\":331,\"image\":{\"@id\":\"https:\/\/challengeseconomiques.com\/?p=7434#primaryimage\"},\"thumbnailUrl\":\"https:\/\/challengeseconomiques.com\/wp-content\/uploads\/2024\/10\/diba2.jpg\",\"articleSection\":[\"A la une\",\"Actualit\u00e9 \u00e9conomique\"],\"inLanguage\":\"fr-FR\"},{\"@type\":\"WebPage\",\"@id\":\"https:\/\/challengeseconomiques.com\/?p=7434\",\"url\":\"https:\/\/challengeseconomiques.com\/?p=7434\",\"name\":\"Le MFB d\u00e9ment une lev\u00e9e de fonds infructueuse du S\u00e9n\u00e9gal - challenges economiques\",\"isPartOf\":{\"@id\":\"https:\/\/challengeseconomiques.com\/#website\"},\"primaryImageOfPage\":{\"@id\":\"https:\/\/challengeseconomiques.com\/?p=7434#primaryimage\"},\"image\":{\"@id\":\"https:\/\/challengeseconomiques.com\/?p=7434#primaryimage\"},\"thumbnailUrl\":\"https:\/\/challengeseconomiques.com\/wp-content\/uploads\/2024\/10\/diba2.jpg\",\"datePublished\":\"2024-12-06T13:19:47+00:00\",\"dateModified\":\"2024-12-06T13:20:33+00:00\",\"author\":{\"@id\":\"https:\/\/challengeseconomiques.com\/#\/schema\/person\/2f70a31e102db1741c1a1c00c2bbd8a6\"},\"breadcrumb\":{\"@id\":\"https:\/\/challengeseconomiques.com\/?p=7434#breadcrumb\"},\"inLanguage\":\"fr-FR\",\"potentialAction\":[{\"@type\":\"ReadAction\",\"target\":[\"https:\/\/challengeseconomiques.com\/?p=7434\"]}]},{\"@type\":\"ImageObject\",\"inLanguage\":\"fr-FR\",\"@id\":\"https:\/\/challengeseconomiques.com\/?p=7434#primaryimage\",\"url\":\"https:\/\/challengeseconomiques.com\/wp-content\/uploads\/2024\/10\/diba2.jpg\",\"contentUrl\":\"https:\/\/challengeseconomiques.com\/wp-content\/uploads\/2024\/10\/diba2.jpg\",\"width\":860,\"height\":603},{\"@type\":\"BreadcrumbList\",\"@id\":\"https:\/\/challengeseconomiques.com\/?p=7434#breadcrumb\",\"itemListElement\":[{\"@type\":\"ListItem\",\"position\":1,\"name\":\"Home\",\"item\":\"https:\/\/challengeseconomiques.com\/\"},{\"@type\":\"ListItem\",\"position\":2,\"name\":\"Le MFB d\u00e9ment une lev\u00e9e de fonds infructueuse du S\u00e9n\u00e9gal\"}]},{\"@type\":\"WebSite\",\"@id\":\"https:\/\/challengeseconomiques.com\/#website\",\"url\":\"https:\/\/challengeseconomiques.com\/\",\"name\":\"challenges economiques\",\"description\":\"\",\"potentialAction\":[{\"@type\":\"SearchAction\",\"target\":{\"@type\":\"EntryPoint\",\"urlTemplate\":\"https:\/\/challengeseconomiques.com\/?s={search_term_string}\"},\"query-input\":{\"@type\":\"PropertyValueSpecification\",\"valueRequired\":true,\"valueName\":\"search_term_string\"}}],\"inLanguage\":\"fr-FR\"},{\"@type\":\"Person\",\"@id\":\"https:\/\/challengeseconomiques.com\/#\/schema\/person\/2f70a31e102db1741c1a1c00c2bbd8a6\",\"name\":\"aliou kane ndiaye\",\"image\":{\"@type\":\"ImageObject\",\"inLanguage\":\"fr-FR\",\"@id\":\"https:\/\/challengeseconomiques.com\/#\/schema\/person\/image\/\",\"url\":\"https:\/\/secure.gravatar.com\/avatar\/df942321e58711a9f1fee838e446766660477bacd4b42fa20400d2c7cf4da7ca?s=96&d=mm&r=g\",\"contentUrl\":\"https:\/\/secure.gravatar.com\/avatar\/df942321e58711a9f1fee838e446766660477bacd4b42fa20400d2c7cf4da7ca?s=96&d=mm&r=g\",\"caption\":\"aliou kane ndiaye\"},\"sameAs\":[\"http:\/\/www.challengeseconomiques.com\"],\"url\":\"https:\/\/challengeseconomiques.com\/?author=3\"}]}<\/script>\n<!-- \/ Yoast SEO plugin. -->","yoast_head_json":{"title":"Le MFB d\u00e9ment une lev\u00e9e de fonds infructueuse du S\u00e9n\u00e9gal - challenges economiques","robots":{"index":"index","follow":"follow","max-snippet":"max-snippet:-1","max-image-preview":"max-image-preview:large","max-video-preview":"max-video-preview:-1"},"canonical":"https:\/\/challengeseconomiques.com\/?p=7434","og_locale":"fr_FR","og_type":"article","og_title":"Le MFB d\u00e9ment une lev\u00e9e de fonds infructueuse du S\u00e9n\u00e9gal - challenges economiques","og_description":"Cheikh Diba, le ministre\u00a0 des Finances et du Budget du S\u00e9n\u00e9gal Le minist\u00e8re des finances et du budget (MFB) d\u00e9ment formellement une suppos\u00e9e lev\u00e9e de...","og_url":"https:\/\/challengeseconomiques.com\/?p=7434","og_site_name":"challenges economiques","article_published_time":"2024-12-06T13:19:47+00:00","article_modified_time":"2024-12-06T13:20:33+00:00","og_image":[{"width":860,"height":603,"url":"https:\/\/challengeseconomiques.com\/wp-content\/uploads\/2024\/10\/diba2.jpg","type":"image\/jpeg"}],"author":"aliou kane ndiaye","twitter_card":"summary_large_image","twitter_misc":{"\u00c9crit par":"aliou kane ndiaye","Dur\u00e9e de lecture estim\u00e9e":"2 minutes"},"schema":{"@context":"https:\/\/schema.org","@graph":[{"@type":"Article","@id":"https:\/\/challengeseconomiques.com\/?p=7434#article","isPartOf":{"@id":"https:\/\/challengeseconomiques.com\/?p=7434"},"author":{"name":"aliou kane ndiaye","@id":"https:\/\/challengeseconomiques.com\/#\/schema\/person\/2f70a31e102db1741c1a1c00c2bbd8a6"},"headline":"Le MFB d\u00e9ment une lev\u00e9e de fonds infructueuse du S\u00e9n\u00e9gal","datePublished":"2024-12-06T13:19:47+00:00","dateModified":"2024-12-06T13:20:33+00:00","mainEntityOfPage":{"@id":"https:\/\/challengeseconomiques.com\/?p=7434"},"wordCount":331,"image":{"@id":"https:\/\/challengeseconomiques.com\/?p=7434#primaryimage"},"thumbnailUrl":"https:\/\/challengeseconomiques.com\/wp-content\/uploads\/2024\/10\/diba2.jpg","articleSection":["A la une","Actualit\u00e9 \u00e9conomique"],"inLanguage":"fr-FR"},{"@type":"WebPage","@id":"https:\/\/challengeseconomiques.com\/?p=7434","url":"https:\/\/challengeseconomiques.com\/?p=7434","name":"Le MFB d\u00e9ment une lev\u00e9e de fonds infructueuse du S\u00e9n\u00e9gal - challenges economiques","isPartOf":{"@id":"https:\/\/challengeseconomiques.com\/#website"},"primaryImageOfPage":{"@id":"https:\/\/challengeseconomiques.com\/?p=7434#primaryimage"},"image":{"@id":"https:\/\/challengeseconomiques.com\/?p=7434#primaryimage"},"thumbnailUrl":"https:\/\/challengeseconomiques.com\/wp-content\/uploads\/2024\/10\/diba2.jpg","datePublished":"2024-12-06T13:19:47+00:00","dateModified":"2024-12-06T13:20:33+00:00","author":{"@id":"https:\/\/challengeseconomiques.com\/#\/schema\/person\/2f70a31e102db1741c1a1c00c2bbd8a6"},"breadcrumb":{"@id":"https:\/\/challengeseconomiques.com\/?p=7434#breadcrumb"},"inLanguage":"fr-FR","potentialAction":[{"@type":"ReadAction","target":["https:\/\/challengeseconomiques.com\/?p=7434"]}]},{"@type":"ImageObject","inLanguage":"fr-FR","@id":"https:\/\/challengeseconomiques.com\/?p=7434#primaryimage","url":"https:\/\/challengeseconomiques.com\/wp-content\/uploads\/2024\/10\/diba2.jpg","contentUrl":"https:\/\/challengeseconomiques.com\/wp-content\/uploads\/2024\/10\/diba2.jpg","width":860,"height":603},{"@type":"BreadcrumbList","@id":"https:\/\/challengeseconomiques.com\/?p=7434#breadcrumb","itemListElement":[{"@type":"ListItem","position":1,"name":"Home","item":"https:\/\/challengeseconomiques.com\/"},{"@type":"ListItem","position":2,"name":"Le MFB d\u00e9ment une lev\u00e9e de fonds infructueuse du S\u00e9n\u00e9gal"}]},{"@type":"WebSite","@id":"https:\/\/challengeseconomiques.com\/#website","url":"https:\/\/challengeseconomiques.com\/","name":"challenges economiques","description":"","potentialAction":[{"@type":"SearchAction","target":{"@type":"EntryPoint","urlTemplate":"https:\/\/challengeseconomiques.com\/?s={search_term_string}"},"query-input":{"@type":"PropertyValueSpecification","valueRequired":true,"valueName":"search_term_string"}}],"inLanguage":"fr-FR"},{"@type":"Person","@id":"https:\/\/challengeseconomiques.com\/#\/schema\/person\/2f70a31e102db1741c1a1c00c2bbd8a6","name":"aliou kane ndiaye","image":{"@type":"ImageObject","inLanguage":"fr-FR","@id":"https:\/\/challengeseconomiques.com\/#\/schema\/person\/image\/","url":"https:\/\/secure.gravatar.com\/avatar\/df942321e58711a9f1fee838e446766660477bacd4b42fa20400d2c7cf4da7ca?s=96&d=mm&r=g","contentUrl":"https:\/\/secure.gravatar.com\/avatar\/df942321e58711a9f1fee838e446766660477bacd4b42fa20400d2c7cf4da7ca?s=96&d=mm&r=g","caption":"aliou kane ndiaye"},"sameAs":["http:\/\/www.challengeseconomiques.com"],"url":"https:\/\/challengeseconomiques.com\/?author=3"}]}},"jetpack_featured_media_url":"https:\/\/challengeseconomiques.com\/wp-content\/uploads\/2024\/10\/diba2.jpg","jetpack_sharing_enabled":true,"_links":{"self":[{"href":"https:\/\/challengeseconomiques.com\/index.php?rest_route=\/wp\/v2\/posts\/7434","targetHints":{"allow":["GET"]}}],"collection":[{"href":"https:\/\/challengeseconomiques.com\/index.php?rest_route=\/wp\/v2\/posts"}],"about":[{"href":"https:\/\/challengeseconomiques.com\/index.php?rest_route=\/wp\/v2\/types\/post"}],"author":[{"embeddable":true,"href":"https:\/\/challengeseconomiques.com\/index.php?rest_route=\/wp\/v2\/users\/3"}],"replies":[{"embeddable":true,"href":"https:\/\/challengeseconomiques.com\/index.php?rest_route=%2Fwp%2Fv2%2Fcomments&post=7434"}],"version-history":[{"count":2,"href":"https:\/\/challengeseconomiques.com\/index.php?rest_route=\/wp\/v2\/posts\/7434\/revisions"}],"predecessor-version":[{"id":7436,"href":"https:\/\/challengeseconomiques.com\/index.php?rest_route=\/wp\/v2\/posts\/7434\/revisions\/7436"}],"wp:featuredmedia":[{"embeddable":true,"href":"https:\/\/challengeseconomiques.com\/index.php?rest_route=\/wp\/v2\/media\/7288"}],"wp:attachment":[{"href":"https:\/\/challengeseconomiques.com\/index.php?rest_route=%2Fwp%2Fv2%2Fmedia&parent=7434"}],"wp:term":[{"taxonomy":"category","embeddable":true,"href":"https:\/\/challengeseconomiques.com\/index.php?rest_route=%2Fwp%2Fv2%2Fcategories&post=7434"},{"taxonomy":"post_tag","embeddable":true,"href":"https:\/\/challengeseconomiques.com\/index.php?rest_route=%2Fwp%2Fv2%2Ftags&post=7434"}],"curies":[{"name":"wp","href":"https:\/\/api.w.org\/{rel}","templated":true}]}}