{"id":7430,"date":"2024-12-05T22:34:53","date_gmt":"2024-12-05T22:34:53","guid":{"rendered":"https:\/\/challengeseconomiques.com\/?p=7430"},"modified":"2024-12-05T22:35:24","modified_gmt":"2024-12-05T22:35:24","slug":"ceremonie-de-graduation-de-lacademie-consulaire-de-la-cciad-188-diplomes-recoivent-leur-parchemin","status":"publish","type":"post","link":"https:\/\/challengeseconomiques.com\/?p=7430","title":{"rendered":"C\u00e9r\u00e9monie de graduation de l\u2019Acad\u00e9mie consulaire de la CCIAD : 188 dipl\u00f4m\u00e9s re\u00e7oivent leur parchemin"},"content":{"rendered":"<p>L\u2019Acad\u00e9mie consulaire de la chambre de commerce de Dakar a f\u00eat\u00e9 le jeudi 5 d\u00e9cembre 2024, 188 dipl\u00f4m\u00e9s des promotions 2018,2019 et 2020. La c\u00e9r\u00e9monie de s\u2019est d\u00e9roul\u00e9e dans le hall, Mamadou Lamine Niang, nouvellement r\u00e9nov\u00e9e de la CCIAD, en pr\u00e9sence du pr\u00e9sident de la chambre de commerce, Abdoulaye Sow, du repr\u00e9sentant du Directeur g\u00e9n\u00e9ral des Douanes, parrain de la c\u00e9r\u00e9monie, des membres du bureau, des professeurs, des parents et des dipl\u00f4m\u00e9s.<\/p>\n<p>Le pr\u00e9sident de la CCIAD, Abdoulaye Sow a dans son allocution salu\u00e9 et remerci\u00e9 les parrains des diff\u00e9rentes promotions. Le choix de vos parrains n\u2019est pas anodin\u00a0 dira-t-il aux r\u00e9cipiendaires car a poursuivi M. Sow \u00ab\u00a0le c\u0153ur de leurs activit\u00e9s est en relation directe avec les formations offertes par l\u2019Acad\u00e9mie consulaire\u00a0\u00bb.<\/p>\n<p>Abdoulaye Sow a ensuite expliqu\u00e9 \u00e0 l\u2019assistance que la relation s\u00e9culaire, entre les acteurs de la communaut\u00e9 portuaire et la Chambre de commerce de Dakar s\u2019est construite autour de la formation, de l\u2019am\u00e9lioration des comp\u00e9tences des travailleurs et cadres des entreprises des maisons de commerce, de transit et aujourd\u2019hui du transport et la logistique.<\/p>\n<p>Le pr\u00e9sident de la Chambre de commerce de Dakar a aussi rappel\u00e9 \u00e0 l\u2019assistance \u00a0que \u00ab\u00a0Pour inscrire la formation dans la dynamique des mutations du commerce international et les exigences l\u00e9gales, le bureau de la Chambre de commerce a autoris\u00e9 en 2023 la cr\u00e9ation d\u2019une Soci\u00e9t\u00e9 Anonyme en charge de faire les r\u00e9formes n\u00e9cessaires et assurer le d\u00e9veloppement de la formation professionnelle\u00a0\u00bb.<\/p>\n<p>D\u2019une ann\u00e9e \u00e0 une autre, les r\u00e9sultats se sont maintenus \u00e0 un niveau \u00e9lev\u00e9 s\u2019est r\u00e9joui le patron de la CCIAD. Cela gr\u00e2ce \u00e0 la qualit\u00e9 du corps professoral. C\u2019est la raison pour laquelle, Abdoulaye Sow a indiqu\u00e9 dans son discours avoir \u00a0demand\u00e9 au Directeur g\u00e9n\u00e9ral de l\u2019Acad\u00e9mie, M. Sabaly d\u2019honorer l\u2019 engagement et la pr\u00e9sence des professeurs\u00a0 \u00e0 leurs c\u00f4t\u00e9s en distinguant, le \u00a0Colonel Malick SENE<strong>, <\/strong>retrait\u00e9 des douanes s\u00e9n\u00e9galaises, Moustapha GUEYE, entrepreneur dans la formation professionnelle, Moustapha WELE Economiste, tr\u00e8s investi dans les questions de population et surtout des jeunes.<\/p>\n<p>\u00ab\u00a0Vous faites la fiert\u00e9 de vos parents, de vos familles, de vos professeurs, soyez aussi des mod\u00e8les en entreprise\u00a0\u00bb a lanc\u00e9 Le pr\u00e9sident Sow aux dipl\u00f4m\u00e9s. Il leur a dit le bonheur qu\u2019il \u00e9prouv\u00e9\u00a0 pour eux\u00a0 \u00a0et les a\u00a0 f\u00e9licit\u00e9 \u00ab\u00a0pour cet accomplissement majeur\u00a0\u00bb. \u00a0Le repr\u00e9sentant du parrain de la c\u00e9r\u00e9monie, Pape Djgdiam DIOP , DRH des Douanes , a dans le discours qu\u2019il a prononc\u00e9 au nom du Dr Mbaye Ndiaye, DG des Douanes, \u00eatre particuli\u00e8rement sensible \u00e0 l\u2019honneur qui a \u00e9t\u00e9 fait \u00e0 son patron, d\u2019avoir \u00e9t\u00e9 choisi comme parrain de la c\u00e9r\u00e9monie de graduation aux \u00e9tudiants des diff\u00e9rentes promotions. Il a au nom du Dr Mbaye Ndiaye remerci\u00e9 le Pr\u00e9sident de la CCIAD, pour cette marque d\u2019estime et de confiance, qu\u2019il consid\u00e8re \u00a0comme un privil\u00e8ge\u00a0 et un honneur. \u00ab\u00a0 En v\u00e9rit\u00e9, je pense que ce choix, au-del\u00e0 de ma modeste personne, fait honneur \u00e0 la Direction g\u00e9n\u00e9rale des Douanes\u00a0\u00bb a d\u00e9clar\u00e9 le DRH de la douane au nom de son patron. \u00ab\u00a0Si ce moment de joie est intense, il ne faut pas oublier pour autant qu\u2019il ne s\u2019agit que d\u2019une \u00e9tape dans la vie. Le dipl\u00f4me est certes important, mais gardez \u00e0 l\u2019esprit qu\u2019il ne repr\u00e9sente qu\u2019un outil. Le plus important, c\u2019est ce que vous ferez de cet outil\u00a0\u00bb a rappel\u00e9 M. Diop aux promus. Pour finir M. Diop prodiguera \u00a0quelques conseils aux dipl\u00f4m\u00e9s. \u00a0Pour r\u00e9ussir dans toutes vos entreprises leur dira-t-il, ayez le sens de l\u2019action et de son utilit\u00e9 car les connaissances et les exp\u00e9riences professionnelles acquises n\u2019auront de sens que si elles vous permettent d\u2019agir, de cr\u00e9er, de d\u00e9velopper des projets concrets, utiles \u00e0 la soci\u00e9t\u00e9.<\/p>\n<p><img fetchpriority=\"high\" decoding=\"async\" class=\"alignnone  wp-image-7431\" src=\"https:\/\/challengeseconomiques.com\/wp-content\/uploads\/2024\/12\/ACgraduatiophotos-300x200.jpg\" alt=\"\" width=\"590\" height=\"393\" srcset=\"https:\/\/challengeseconomiques.com\/wp-content\/uploads\/2024\/12\/ACgraduatiophotos-300x200.jpg 300w, https:\/\/challengeseconomiques.com\/wp-content\/uploads\/2024\/12\/ACgraduatiophotos-1024x682.jpg 1024w, https:\/\/challengeseconomiques.com\/wp-content\/uploads\/2024\/12\/ACgraduatiophotos-768x512.jpg 768w, https:\/\/challengeseconomiques.com\/wp-content\/uploads\/2024\/12\/ACgraduatiophotos-1536x1023.jpg 1536w, https:\/\/challengeseconomiques.com\/wp-content\/uploads\/2024\/12\/ACgraduatiophotos-1118x745.jpg 1118w, https:\/\/challengeseconomiques.com\/wp-content\/uploads\/2024\/12\/ACgraduatiophotos-272x182.jpg 272w, https:\/\/challengeseconomiques.com\/wp-content\/uploads\/2024\/12\/ACgraduatiophotos.jpg 1600w\" sizes=\"(max-width: 590px) 100vw, 590px\" \/><\/p>\n<p>&nbsp;<\/p>\n<p>&nbsp;<\/p>\n<p>&nbsp;<\/p>\n<p>&nbsp;<\/p>\n","protected":false},"excerpt":{"rendered":"<p>L\u2019Acad\u00e9mie consulaire de la chambre de commerce de Dakar a f\u00eat\u00e9 le jeudi 5 d\u00e9cembre 2024, 188 dipl\u00f4m\u00e9s des promotions 2018,2019 et 2020. La c\u00e9r\u00e9monie&#8230;<\/p>\n","protected":false},"author":3,"featured_media":7432,"comment_status":"closed","ping_status":"open","sticky":false,"template":"","format":"standard","meta":{"_jetpack_memberships_contains_paid_content":false,"footnotes":""},"categories":[23,8],"tags":[],"class_list":["post-7430","post","type-post","status-publish","format-standard","has-post-thumbnail","hentry","category-a-la-une","category-actualite-economique","wpcat-23-id","wpcat-8-id"],"yoast_head":"<!-- This site is optimized with the Yoast SEO plugin v27.1.1 - https:\/\/yoast.com\/product\/yoast-seo-wordpress\/ -->\n<title>C\u00e9r\u00e9monie de graduation de l\u2019Acad\u00e9mie consulaire de la CCIAD : 188 dipl\u00f4m\u00e9s re\u00e7oivent leur parchemin - challenges economiques<\/title>\n<meta name=\"robots\" content=\"index, follow, max-snippet:-1, max-image-preview:large, max-video-preview:-1\" \/>\n<link rel=\"canonical\" href=\"https:\/\/challengeseconomiques.com\/?p=7430\" \/>\n<meta property=\"og:locale\" content=\"fr_FR\" \/>\n<meta property=\"og:type\" content=\"article\" \/>\n<meta property=\"og:title\" content=\"C\u00e9r\u00e9monie de graduation de l\u2019Acad\u00e9mie consulaire de la CCIAD : 188 dipl\u00f4m\u00e9s re\u00e7oivent leur parchemin - challenges economiques\" \/>\n<meta property=\"og:description\" content=\"L\u2019Acad\u00e9mie consulaire de la chambre de commerce de Dakar a f\u00eat\u00e9 le jeudi 5 d\u00e9cembre 2024, 188 dipl\u00f4m\u00e9s des promotions 2018,2019 et 2020. La c\u00e9r\u00e9monie...\" \/>\n<meta property=\"og:url\" content=\"https:\/\/challengeseconomiques.com\/?p=7430\" \/>\n<meta property=\"og:site_name\" content=\"challenges economiques\" \/>\n<meta property=\"article:published_time\" content=\"2024-12-05T22:34:53+00:00\" \/>\n<meta property=\"article:modified_time\" content=\"2024-12-05T22:35:24+00:00\" \/>\n<meta property=\"og:image\" content=\"https:\/\/challengeseconomiques.com\/wp-content\/uploads\/2024\/12\/ACgraduatiophotos1.jpg\" \/>\n\t<meta property=\"og:image:width\" content=\"1600\" \/>\n\t<meta property=\"og:image:height\" content=\"1066\" \/>\n\t<meta property=\"og:image:type\" content=\"image\/jpeg\" \/>\n<meta name=\"author\" content=\"aliou kane ndiaye\" \/>\n<meta name=\"twitter:card\" content=\"summary_large_image\" \/>\n<meta name=\"twitter:label1\" content=\"\u00c9crit par\" \/>\n\t<meta name=\"twitter:data1\" content=\"aliou kane ndiaye\" \/>\n\t<meta name=\"twitter:label2\" content=\"Dur\u00e9e de lecture estim\u00e9e\" \/>\n\t<meta name=\"twitter:data2\" content=\"3 minutes\" \/>\n<script type=\"application\/ld+json\" class=\"yoast-schema-graph\">{\"@context\":\"https:\/\/schema.org\",\"@graph\":[{\"@type\":\"Article\",\"@id\":\"https:\/\/challengeseconomiques.com\/?p=7430#article\",\"isPartOf\":{\"@id\":\"https:\/\/challengeseconomiques.com\/?p=7430\"},\"author\":{\"name\":\"aliou kane ndiaye\",\"@id\":\"https:\/\/challengeseconomiques.com\/#\/schema\/person\/2f70a31e102db1741c1a1c00c2bbd8a6\"},\"headline\":\"C\u00e9r\u00e9monie de graduation de l\u2019Acad\u00e9mie consulaire de la CCIAD : 188 dipl\u00f4m\u00e9s re\u00e7oivent leur parchemin\",\"datePublished\":\"2024-12-05T22:34:53+00:00\",\"dateModified\":\"2024-12-05T22:35:24+00:00\",\"mainEntityOfPage\":{\"@id\":\"https:\/\/challengeseconomiques.com\/?p=7430\"},\"wordCount\":715,\"image\":{\"@id\":\"https:\/\/challengeseconomiques.com\/?p=7430#primaryimage\"},\"thumbnailUrl\":\"https:\/\/challengeseconomiques.com\/wp-content\/uploads\/2024\/12\/ACgraduatiophotos1.jpg\",\"articleSection\":[\"A la une\",\"Actualit\u00e9 \u00e9conomique\"],\"inLanguage\":\"fr-FR\"},{\"@type\":\"WebPage\",\"@id\":\"https:\/\/challengeseconomiques.com\/?p=7430\",\"url\":\"https:\/\/challengeseconomiques.com\/?p=7430\",\"name\":\"C\u00e9r\u00e9monie de graduation de l\u2019Acad\u00e9mie consulaire de la CCIAD : 188 dipl\u00f4m\u00e9s re\u00e7oivent leur parchemin - challenges economiques\",\"isPartOf\":{\"@id\":\"https:\/\/challengeseconomiques.com\/#website\"},\"primaryImageOfPage\":{\"@id\":\"https:\/\/challengeseconomiques.com\/?p=7430#primaryimage\"},\"image\":{\"@id\":\"https:\/\/challengeseconomiques.com\/?p=7430#primaryimage\"},\"thumbnailUrl\":\"https:\/\/challengeseconomiques.com\/wp-content\/uploads\/2024\/12\/ACgraduatiophotos1.jpg\",\"datePublished\":\"2024-12-05T22:34:53+00:00\",\"dateModified\":\"2024-12-05T22:35:24+00:00\",\"author\":{\"@id\":\"https:\/\/challengeseconomiques.com\/#\/schema\/person\/2f70a31e102db1741c1a1c00c2bbd8a6\"},\"breadcrumb\":{\"@id\":\"https:\/\/challengeseconomiques.com\/?p=7430#breadcrumb\"},\"inLanguage\":\"fr-FR\",\"potentialAction\":[{\"@type\":\"ReadAction\",\"target\":[\"https:\/\/challengeseconomiques.com\/?p=7430\"]}]},{\"@type\":\"ImageObject\",\"inLanguage\":\"fr-FR\",\"@id\":\"https:\/\/challengeseconomiques.com\/?p=7430#primaryimage\",\"url\":\"https:\/\/challengeseconomiques.com\/wp-content\/uploads\/2024\/12\/ACgraduatiophotos1.jpg\",\"contentUrl\":\"https:\/\/challengeseconomiques.com\/wp-content\/uploads\/2024\/12\/ACgraduatiophotos1.jpg\",\"width\":1600,\"height\":1066},{\"@type\":\"BreadcrumbList\",\"@id\":\"https:\/\/challengeseconomiques.com\/?p=7430#breadcrumb\",\"itemListElement\":[{\"@type\":\"ListItem\",\"position\":1,\"name\":\"Home\",\"item\":\"https:\/\/challengeseconomiques.com\/\"},{\"@type\":\"ListItem\",\"position\":2,\"name\":\"C\u00e9r\u00e9monie de graduation de l\u2019Acad\u00e9mie consulaire de la CCIAD : 188 dipl\u00f4m\u00e9s re\u00e7oivent leur parchemin\"}]},{\"@type\":\"WebSite\",\"@id\":\"https:\/\/challengeseconomiques.com\/#website\",\"url\":\"https:\/\/challengeseconomiques.com\/\",\"name\":\"challenges economiques\",\"description\":\"\",\"potentialAction\":[{\"@type\":\"SearchAction\",\"target\":{\"@type\":\"EntryPoint\",\"urlTemplate\":\"https:\/\/challengeseconomiques.com\/?s={search_term_string}\"},\"query-input\":{\"@type\":\"PropertyValueSpecification\",\"valueRequired\":true,\"valueName\":\"search_term_string\"}}],\"inLanguage\":\"fr-FR\"},{\"@type\":\"Person\",\"@id\":\"https:\/\/challengeseconomiques.com\/#\/schema\/person\/2f70a31e102db1741c1a1c00c2bbd8a6\",\"name\":\"aliou kane ndiaye\",\"image\":{\"@type\":\"ImageObject\",\"inLanguage\":\"fr-FR\",\"@id\":\"https:\/\/challengeseconomiques.com\/#\/schema\/person\/image\/\",\"url\":\"https:\/\/secure.gravatar.com\/avatar\/df942321e58711a9f1fee838e446766660477bacd4b42fa20400d2c7cf4da7ca?s=96&d=mm&r=g\",\"contentUrl\":\"https:\/\/secure.gravatar.com\/avatar\/df942321e58711a9f1fee838e446766660477bacd4b42fa20400d2c7cf4da7ca?s=96&d=mm&r=g\",\"caption\":\"aliou kane ndiaye\"},\"sameAs\":[\"http:\/\/www.challengeseconomiques.com\"],\"url\":\"https:\/\/challengeseconomiques.com\/?author=3\"}]}<\/script>\n<!-- \/ Yoast SEO plugin. -->","yoast_head_json":{"title":"C\u00e9r\u00e9monie de graduation de l\u2019Acad\u00e9mie consulaire de la CCIAD : 188 dipl\u00f4m\u00e9s re\u00e7oivent leur parchemin - challenges economiques","robots":{"index":"index","follow":"follow","max-snippet":"max-snippet:-1","max-image-preview":"max-image-preview:large","max-video-preview":"max-video-preview:-1"},"canonical":"https:\/\/challengeseconomiques.com\/?p=7430","og_locale":"fr_FR","og_type":"article","og_title":"C\u00e9r\u00e9monie de graduation de l\u2019Acad\u00e9mie consulaire de la CCIAD : 188 dipl\u00f4m\u00e9s re\u00e7oivent leur parchemin - challenges economiques","og_description":"L\u2019Acad\u00e9mie consulaire de la chambre de commerce de Dakar a f\u00eat\u00e9 le jeudi 5 d\u00e9cembre 2024, 188 dipl\u00f4m\u00e9s des promotions 2018,2019 et 2020. La c\u00e9r\u00e9monie...","og_url":"https:\/\/challengeseconomiques.com\/?p=7430","og_site_name":"challenges economiques","article_published_time":"2024-12-05T22:34:53+00:00","article_modified_time":"2024-12-05T22:35:24+00:00","og_image":[{"width":1600,"height":1066,"url":"https:\/\/challengeseconomiques.com\/wp-content\/uploads\/2024\/12\/ACgraduatiophotos1.jpg","type":"image\/jpeg"}],"author":"aliou kane ndiaye","twitter_card":"summary_large_image","twitter_misc":{"\u00c9crit par":"aliou kane ndiaye","Dur\u00e9e de lecture estim\u00e9e":"3 minutes"},"schema":{"@context":"https:\/\/schema.org","@graph":[{"@type":"Article","@id":"https:\/\/challengeseconomiques.com\/?p=7430#article","isPartOf":{"@id":"https:\/\/challengeseconomiques.com\/?p=7430"},"author":{"name":"aliou kane ndiaye","@id":"https:\/\/challengeseconomiques.com\/#\/schema\/person\/2f70a31e102db1741c1a1c00c2bbd8a6"},"headline":"C\u00e9r\u00e9monie de graduation de l\u2019Acad\u00e9mie consulaire de la CCIAD : 188 dipl\u00f4m\u00e9s re\u00e7oivent leur parchemin","datePublished":"2024-12-05T22:34:53+00:00","dateModified":"2024-12-05T22:35:24+00:00","mainEntityOfPage":{"@id":"https:\/\/challengeseconomiques.com\/?p=7430"},"wordCount":715,"image":{"@id":"https:\/\/challengeseconomiques.com\/?p=7430#primaryimage"},"thumbnailUrl":"https:\/\/challengeseconomiques.com\/wp-content\/uploads\/2024\/12\/ACgraduatiophotos1.jpg","articleSection":["A la une","Actualit\u00e9 \u00e9conomique"],"inLanguage":"fr-FR"},{"@type":"WebPage","@id":"https:\/\/challengeseconomiques.com\/?p=7430","url":"https:\/\/challengeseconomiques.com\/?p=7430","name":"C\u00e9r\u00e9monie de graduation de l\u2019Acad\u00e9mie consulaire de la CCIAD : 188 dipl\u00f4m\u00e9s re\u00e7oivent leur parchemin - challenges economiques","isPartOf":{"@id":"https:\/\/challengeseconomiques.com\/#website"},"primaryImageOfPage":{"@id":"https:\/\/challengeseconomiques.com\/?p=7430#primaryimage"},"image":{"@id":"https:\/\/challengeseconomiques.com\/?p=7430#primaryimage"},"thumbnailUrl":"https:\/\/challengeseconomiques.com\/wp-content\/uploads\/2024\/12\/ACgraduatiophotos1.jpg","datePublished":"2024-12-05T22:34:53+00:00","dateModified":"2024-12-05T22:35:24+00:00","author":{"@id":"https:\/\/challengeseconomiques.com\/#\/schema\/person\/2f70a31e102db1741c1a1c00c2bbd8a6"},"breadcrumb":{"@id":"https:\/\/challengeseconomiques.com\/?p=7430#breadcrumb"},"inLanguage":"fr-FR","potentialAction":[{"@type":"ReadAction","target":["https:\/\/challengeseconomiques.com\/?p=7430"]}]},{"@type":"ImageObject","inLanguage":"fr-FR","@id":"https:\/\/challengeseconomiques.com\/?p=7430#primaryimage","url":"https:\/\/challengeseconomiques.com\/wp-content\/uploads\/2024\/12\/ACgraduatiophotos1.jpg","contentUrl":"https:\/\/challengeseconomiques.com\/wp-content\/uploads\/2024\/12\/ACgraduatiophotos1.jpg","width":1600,"height":1066},{"@type":"BreadcrumbList","@id":"https:\/\/challengeseconomiques.com\/?p=7430#breadcrumb","itemListElement":[{"@type":"ListItem","position":1,"name":"Home","item":"https:\/\/challengeseconomiques.com\/"},{"@type":"ListItem","position":2,"name":"C\u00e9r\u00e9monie de graduation de l\u2019Acad\u00e9mie consulaire de la CCIAD : 188 dipl\u00f4m\u00e9s re\u00e7oivent leur parchemin"}]},{"@type":"WebSite","@id":"https:\/\/challengeseconomiques.com\/#website","url":"https:\/\/challengeseconomiques.com\/","name":"challenges economiques","description":"","potentialAction":[{"@type":"SearchAction","target":{"@type":"EntryPoint","urlTemplate":"https:\/\/challengeseconomiques.com\/?s={search_term_string}"},"query-input":{"@type":"PropertyValueSpecification","valueRequired":true,"valueName":"search_term_string"}}],"inLanguage":"fr-FR"},{"@type":"Person","@id":"https:\/\/challengeseconomiques.com\/#\/schema\/person\/2f70a31e102db1741c1a1c00c2bbd8a6","name":"aliou kane ndiaye","image":{"@type":"ImageObject","inLanguage":"fr-FR","@id":"https:\/\/challengeseconomiques.com\/#\/schema\/person\/image\/","url":"https:\/\/secure.gravatar.com\/avatar\/df942321e58711a9f1fee838e446766660477bacd4b42fa20400d2c7cf4da7ca?s=96&d=mm&r=g","contentUrl":"https:\/\/secure.gravatar.com\/avatar\/df942321e58711a9f1fee838e446766660477bacd4b42fa20400d2c7cf4da7ca?s=96&d=mm&r=g","caption":"aliou kane ndiaye"},"sameAs":["http:\/\/www.challengeseconomiques.com"],"url":"https:\/\/challengeseconomiques.com\/?author=3"}]}},"jetpack_featured_media_url":"https:\/\/challengeseconomiques.com\/wp-content\/uploads\/2024\/12\/ACgraduatiophotos1.jpg","jetpack_sharing_enabled":true,"_links":{"self":[{"href":"https:\/\/challengeseconomiques.com\/index.php?rest_route=\/wp\/v2\/posts\/7430","targetHints":{"allow":["GET"]}}],"collection":[{"href":"https:\/\/challengeseconomiques.com\/index.php?rest_route=\/wp\/v2\/posts"}],"about":[{"href":"https:\/\/challengeseconomiques.com\/index.php?rest_route=\/wp\/v2\/types\/post"}],"author":[{"embeddable":true,"href":"https:\/\/challengeseconomiques.com\/index.php?rest_route=\/wp\/v2\/users\/3"}],"replies":[{"embeddable":true,"href":"https:\/\/challengeseconomiques.com\/index.php?rest_route=%2Fwp%2Fv2%2Fcomments&post=7430"}],"version-history":[{"count":1,"href":"https:\/\/challengeseconomiques.com\/index.php?rest_route=\/wp\/v2\/posts\/7430\/revisions"}],"predecessor-version":[{"id":7433,"href":"https:\/\/challengeseconomiques.com\/index.php?rest_route=\/wp\/v2\/posts\/7430\/revisions\/7433"}],"wp:featuredmedia":[{"embeddable":true,"href":"https:\/\/challengeseconomiques.com\/index.php?rest_route=\/wp\/v2\/media\/7432"}],"wp:attachment":[{"href":"https:\/\/challengeseconomiques.com\/index.php?rest_route=%2Fwp%2Fv2%2Fmedia&parent=7430"}],"wp:term":[{"taxonomy":"category","embeddable":true,"href":"https:\/\/challengeseconomiques.com\/index.php?rest_route=%2Fwp%2Fv2%2Fcategories&post=7430"},{"taxonomy":"post_tag","embeddable":true,"href":"https:\/\/challengeseconomiques.com\/index.php?rest_route=%2Fwp%2Fv2%2Ftags&post=7430"}],"curies":[{"name":"wp","href":"https:\/\/api.w.org\/{rel}","templated":true}]}}