{"id":7427,"date":"2024-12-04T12:47:39","date_gmt":"2024-12-04T12:47:39","guid":{"rendered":"https:\/\/challengeseconomiques.com\/?p=7427"},"modified":"2024-12-04T12:48:28","modified_gmt":"2024-12-04T12:48:28","slug":"visite-de-la-cciag-a-la-semig-sinspirer-du-modele-pour-soulager-les-operateurs-economiques-guineens","status":"publish","type":"post","link":"https:\/\/challengeseconomiques.com\/?p=7427","title":{"rendered":"Visite de la CCIAG \u00e0 la SEMIG  :  S\u2019inspirer du mod\u00e8le pour soulager les op\u00e9rateurs \u00e9conomiques guin\u00e9ens"},"content":{"rendered":"<p><strong>Le directeur g\u00e9n\u00e9ral de la SEMIG SA, Mamadou Coulibaly en discussion avec le pr\u00e9sident de la CCIAG, Mamadou Bald\u00e9, lors de la visite du March\u00e9 d&rsquo;int\u00e9r\u00eat national<\/strong><\/p>\n<p><strong>La Soci\u00e9t\u00e9 d\u2019Exploitation du March\u00e9 d\u2019Int\u00e9r\u00eat National et de la Gare des Gros Porteurs (SEMIG SA) a accueilli la d\u00e9l\u00e9gation de la Chambre de Commerce, d\u2019Industrie et d\u2019Artisanat de Guin\u00e9e (CCIAG), le mardi 3 d\u00e9cembre 2024. Les visiteurs du jour ont fait le tour du laboratoire phytosanitaire \u00e0 la gare en passant par les magasins, les chambres froides et les espaces de stockage sans oublier le pont bascule. Ils ont \u00e9mis la volont\u00e9 de reproduire le mod\u00e8le en Guin\u00e9e pour rendre fluide les op\u00e9rations des acteurs \u00e9conomiques.\u00a0<\/strong><\/p>\n<p>Le directeur g\u00e9n\u00e9ral de la SEMIG SA, Mamadou Coulibaly a indiqu\u00e9 que les deux infrastructures jumelles symbolisent l\u2019engagement pour un commerce moderne. Selon lui, ces outils vont participer au renforcement du commerce transnational gr\u00e2ce \u00e0 la connexion des march\u00e9s et \u00e0 la facilitation des \u00e9changes. Apr\u00e8s avoir fait une pr\u00e9sentation des diff\u00e9rents compartiments du MIN, M. Coulibaly pr\u00e9cise qu\u2019il a pour\u00a0 missions d\u2019\u00e9radiquer le probl\u00e8me des pertes post-r\u00e9colte et de fluidifier la commercialisation des produits agricoles. La nouvelle \u00e9quipe dirigeante de la SEMIG SA a en ligne de mire la cr\u00e9ation de joint-ventures avec des structures de la sous-r\u00e9gion.<br \/>\nPar ailleurs, M. Coulibaly a propos\u00e9 \u00e0 la d\u00e9l\u00e9gation de la CCIAG d\u2019explorer des pistes de collaboration. Celle-ci inclut un programme de formation, des \u00e9changes de technologies et le d\u00e9veloppement du corridor logistique.\u00a0 Selon le DG de la SEMIG SA, la finalit\u00e9 est de relever le double d\u00e9fi de l\u2019autosuffisance et de la souverainet\u00e9 alimentaire.<\/p>\n<p><strong>Adapt\u00e9 aux r\u00e9alit\u00e9s socio-\u00e9conomiques<\/strong><\/p>\n<p>A sa suite, le pr\u00e9sident de la CCIAG, Mamadou Bald\u00e9 a magnifi\u00e9 la dynamique enclench\u00e9e par les autorit\u00e9s s\u00e9n\u00e9galaises dans l\u2019optique de redynamiser les liens \u00e9conomiques avec la Guin\u00e9e. Il a soulign\u00e9 l\u2019importance de ma\u00eetriser les d\u00e9marches et les proc\u00e9dures d\u2019acc\u00e8s. Pour lui, l\u2019id\u00e9e est de b\u00e2tir des partenariats gagnant-gagnant en faisant des zones frontali\u00e8res comme la r\u00e9gion de Bok\u00e9 (en Guin\u00e9e) des points centraux du dispositif.<br \/>\nDans le m\u00eame sillage, le 1er vice-pr\u00e9sident de la CCIAG, Eric Benjamin Colle trouve que la Guin\u00e9e peut s\u2019appuyer sur l\u2019exp\u00e9rience s\u00e9n\u00e9galaise en mati\u00e8re de logistique et de conservation des produits. Allant plus loin, il souhaite que le MIN soit dupliqu\u00e9 dans ce pays frontalier du S\u00e9n\u00e9gal. M. Colle juge pertinent de s\u2019inspirer de mod\u00e8les qui s\u2019adaptent \u00e0 son environnement socio-\u00e9conomique.<\/p>\n<p><strong>Onass MENDY (BIE)<br \/>\n<\/strong><\/p>\n<p>&nbsp;<\/p>\n","protected":false},"excerpt":{"rendered":"<p>Le directeur g\u00e9n\u00e9ral de la SEMIG SA, Mamadou Coulibaly en discussion avec le pr\u00e9sident de la CCIAG, Mamadou Bald\u00e9, lors de la visite du March\u00e9&#8230;<\/p>\n","protected":false},"author":1,"featured_media":7428,"comment_status":"closed","ping_status":"open","sticky":false,"template":"","format":"standard","meta":{"_jetpack_memberships_contains_paid_content":false,"footnotes":""},"categories":[8,10],"tags":[],"class_list":["post-7427","post","type-post","status-publish","format-standard","has-post-thumbnail","hentry","category-actualite-economique","category-infos-eco","wpcat-8-id","wpcat-10-id"],"yoast_head":"<!-- This site is optimized with the Yoast SEO plugin v27.1.1 - https:\/\/yoast.com\/product\/yoast-seo-wordpress\/ -->\n<title>Visite de la CCIAG \u00e0 la SEMIG : S\u2019inspirer du mod\u00e8le pour soulager les op\u00e9rateurs \u00e9conomiques guin\u00e9ens - challenges economiques<\/title>\n<meta name=\"robots\" content=\"index, follow, max-snippet:-1, max-image-preview:large, max-video-preview:-1\" \/>\n<link rel=\"canonical\" href=\"https:\/\/challengeseconomiques.com\/?p=7427\" \/>\n<meta property=\"og:locale\" content=\"fr_FR\" \/>\n<meta property=\"og:type\" content=\"article\" \/>\n<meta property=\"og:title\" content=\"Visite de la CCIAG \u00e0 la SEMIG : S\u2019inspirer du mod\u00e8le pour soulager les op\u00e9rateurs \u00e9conomiques guin\u00e9ens - challenges economiques\" \/>\n<meta property=\"og:description\" content=\"Le directeur g\u00e9n\u00e9ral de la SEMIG SA, Mamadou Coulibaly en discussion avec le pr\u00e9sident de la CCIAG, Mamadou Bald\u00e9, lors de la visite du March\u00e9...\" \/>\n<meta property=\"og:url\" content=\"https:\/\/challengeseconomiques.com\/?p=7427\" \/>\n<meta property=\"og:site_name\" content=\"challenges economiques\" \/>\n<meta property=\"article:published_time\" content=\"2024-12-04T12:47:39+00:00\" \/>\n<meta property=\"article:modified_time\" content=\"2024-12-04T12:48:28+00:00\" \/>\n<meta property=\"og:image\" content=\"https:\/\/challengeseconomiques.com\/wp-content\/uploads\/2024\/12\/Visite_SEMIG_Delegation_Guineene_4-1536x1024-1.jpeg\" \/>\n\t<meta property=\"og:image:width\" content=\"1536\" \/>\n\t<meta property=\"og:image:height\" content=\"1024\" \/>\n\t<meta property=\"og:image:type\" content=\"image\/jpeg\" \/>\n<meta name=\"author\" content=\"admin\" \/>\n<meta name=\"twitter:card\" content=\"summary_large_image\" \/>\n<meta name=\"twitter:label1\" content=\"\u00c9crit par\" \/>\n\t<meta name=\"twitter:data1\" content=\"admin\" \/>\n\t<meta name=\"twitter:label2\" content=\"Dur\u00e9e de lecture estim\u00e9e\" \/>\n\t<meta name=\"twitter:data2\" content=\"2 minutes\" \/>\n<script type=\"application\/ld+json\" class=\"yoast-schema-graph\">{\"@context\":\"https:\/\/schema.org\",\"@graph\":[{\"@type\":\"Article\",\"@id\":\"https:\/\/challengeseconomiques.com\/?p=7427#article\",\"isPartOf\":{\"@id\":\"https:\/\/challengeseconomiques.com\/?p=7427\"},\"author\":{\"name\":\"admin\",\"@id\":\"https:\/\/challengeseconomiques.com\/#\/schema\/person\/b4568c9afebc5a9238a771873801e349\"},\"headline\":\"Visite de la CCIAG \u00e0 la SEMIG : S\u2019inspirer du mod\u00e8le pour soulager les op\u00e9rateurs \u00e9conomiques guin\u00e9ens\",\"datePublished\":\"2024-12-04T12:47:39+00:00\",\"dateModified\":\"2024-12-04T12:48:28+00:00\",\"mainEntityOfPage\":{\"@id\":\"https:\/\/challengeseconomiques.com\/?p=7427\"},\"wordCount\":494,\"image\":{\"@id\":\"https:\/\/challengeseconomiques.com\/?p=7427#primaryimage\"},\"thumbnailUrl\":\"https:\/\/challengeseconomiques.com\/wp-content\/uploads\/2024\/12\/Visite_SEMIG_Delegation_Guineene_4-1536x1024-1.jpeg\",\"articleSection\":[\"Actualit\u00e9 \u00e9conomique\",\"Infos \u00e9co\"],\"inLanguage\":\"fr-FR\"},{\"@type\":\"WebPage\",\"@id\":\"https:\/\/challengeseconomiques.com\/?p=7427\",\"url\":\"https:\/\/challengeseconomiques.com\/?p=7427\",\"name\":\"Visite de la CCIAG \u00e0 la SEMIG : S\u2019inspirer du mod\u00e8le pour soulager les op\u00e9rateurs \u00e9conomiques guin\u00e9ens - challenges economiques\",\"isPartOf\":{\"@id\":\"https:\/\/challengeseconomiques.com\/#website\"},\"primaryImageOfPage\":{\"@id\":\"https:\/\/challengeseconomiques.com\/?p=7427#primaryimage\"},\"image\":{\"@id\":\"https:\/\/challengeseconomiques.com\/?p=7427#primaryimage\"},\"thumbnailUrl\":\"https:\/\/challengeseconomiques.com\/wp-content\/uploads\/2024\/12\/Visite_SEMIG_Delegation_Guineene_4-1536x1024-1.jpeg\",\"datePublished\":\"2024-12-04T12:47:39+00:00\",\"dateModified\":\"2024-12-04T12:48:28+00:00\",\"author\":{\"@id\":\"https:\/\/challengeseconomiques.com\/#\/schema\/person\/b4568c9afebc5a9238a771873801e349\"},\"breadcrumb\":{\"@id\":\"https:\/\/challengeseconomiques.com\/?p=7427#breadcrumb\"},\"inLanguage\":\"fr-FR\",\"potentialAction\":[{\"@type\":\"ReadAction\",\"target\":[\"https:\/\/challengeseconomiques.com\/?p=7427\"]}]},{\"@type\":\"ImageObject\",\"inLanguage\":\"fr-FR\",\"@id\":\"https:\/\/challengeseconomiques.com\/?p=7427#primaryimage\",\"url\":\"https:\/\/challengeseconomiques.com\/wp-content\/uploads\/2024\/12\/Visite_SEMIG_Delegation_Guineene_4-1536x1024-1.jpeg\",\"contentUrl\":\"https:\/\/challengeseconomiques.com\/wp-content\/uploads\/2024\/12\/Visite_SEMIG_Delegation_Guineene_4-1536x1024-1.jpeg\",\"width\":1536,\"height\":1024},{\"@type\":\"BreadcrumbList\",\"@id\":\"https:\/\/challengeseconomiques.com\/?p=7427#breadcrumb\",\"itemListElement\":[{\"@type\":\"ListItem\",\"position\":1,\"name\":\"Home\",\"item\":\"https:\/\/challengeseconomiques.com\/\"},{\"@type\":\"ListItem\",\"position\":2,\"name\":\"Visite de la CCIAG \u00e0 la SEMIG : S\u2019inspirer du mod\u00e8le pour soulager les op\u00e9rateurs \u00e9conomiques guin\u00e9ens\"}]},{\"@type\":\"WebSite\",\"@id\":\"https:\/\/challengeseconomiques.com\/#website\",\"url\":\"https:\/\/challengeseconomiques.com\/\",\"name\":\"challenges economiques\",\"description\":\"\",\"potentialAction\":[{\"@type\":\"SearchAction\",\"target\":{\"@type\":\"EntryPoint\",\"urlTemplate\":\"https:\/\/challengeseconomiques.com\/?s={search_term_string}\"},\"query-input\":{\"@type\":\"PropertyValueSpecification\",\"valueRequired\":true,\"valueName\":\"search_term_string\"}}],\"inLanguage\":\"fr-FR\"},{\"@type\":\"Person\",\"@id\":\"https:\/\/challengeseconomiques.com\/#\/schema\/person\/b4568c9afebc5a9238a771873801e349\",\"name\":\"admin\",\"image\":{\"@type\":\"ImageObject\",\"inLanguage\":\"fr-FR\",\"@id\":\"https:\/\/challengeseconomiques.com\/#\/schema\/person\/image\/\",\"url\":\"https:\/\/secure.gravatar.com\/avatar\/099e42240b5eea11acdb72751fcce0dd918603f0749d24974b7984ea47ed9fd9?s=96&d=mm&r=g\",\"contentUrl\":\"https:\/\/secure.gravatar.com\/avatar\/099e42240b5eea11acdb72751fcce0dd918603f0749d24974b7984ea47ed9fd9?s=96&d=mm&r=g\",\"caption\":\"admin\"},\"sameAs\":[\"https:\/\/challengeseconomiques.com\"],\"url\":\"https:\/\/challengeseconomiques.com\/?author=1\"}]}<\/script>\n<!-- \/ Yoast SEO plugin. -->","yoast_head_json":{"title":"Visite de la CCIAG \u00e0 la SEMIG : S\u2019inspirer du mod\u00e8le pour soulager les op\u00e9rateurs \u00e9conomiques guin\u00e9ens - challenges economiques","robots":{"index":"index","follow":"follow","max-snippet":"max-snippet:-1","max-image-preview":"max-image-preview:large","max-video-preview":"max-video-preview:-1"},"canonical":"https:\/\/challengeseconomiques.com\/?p=7427","og_locale":"fr_FR","og_type":"article","og_title":"Visite de la CCIAG \u00e0 la SEMIG : S\u2019inspirer du mod\u00e8le pour soulager les op\u00e9rateurs \u00e9conomiques guin\u00e9ens - challenges economiques","og_description":"Le directeur g\u00e9n\u00e9ral de la SEMIG SA, Mamadou Coulibaly en discussion avec le pr\u00e9sident de la CCIAG, Mamadou Bald\u00e9, lors de la visite du March\u00e9...","og_url":"https:\/\/challengeseconomiques.com\/?p=7427","og_site_name":"challenges economiques","article_published_time":"2024-12-04T12:47:39+00:00","article_modified_time":"2024-12-04T12:48:28+00:00","og_image":[{"width":1536,"height":1024,"url":"https:\/\/challengeseconomiques.com\/wp-content\/uploads\/2024\/12\/Visite_SEMIG_Delegation_Guineene_4-1536x1024-1.jpeg","type":"image\/jpeg"}],"author":"admin","twitter_card":"summary_large_image","twitter_misc":{"\u00c9crit par":"admin","Dur\u00e9e de lecture estim\u00e9e":"2 minutes"},"schema":{"@context":"https:\/\/schema.org","@graph":[{"@type":"Article","@id":"https:\/\/challengeseconomiques.com\/?p=7427#article","isPartOf":{"@id":"https:\/\/challengeseconomiques.com\/?p=7427"},"author":{"name":"admin","@id":"https:\/\/challengeseconomiques.com\/#\/schema\/person\/b4568c9afebc5a9238a771873801e349"},"headline":"Visite de la CCIAG \u00e0 la SEMIG : S\u2019inspirer du mod\u00e8le pour soulager les op\u00e9rateurs \u00e9conomiques guin\u00e9ens","datePublished":"2024-12-04T12:47:39+00:00","dateModified":"2024-12-04T12:48:28+00:00","mainEntityOfPage":{"@id":"https:\/\/challengeseconomiques.com\/?p=7427"},"wordCount":494,"image":{"@id":"https:\/\/challengeseconomiques.com\/?p=7427#primaryimage"},"thumbnailUrl":"https:\/\/challengeseconomiques.com\/wp-content\/uploads\/2024\/12\/Visite_SEMIG_Delegation_Guineene_4-1536x1024-1.jpeg","articleSection":["Actualit\u00e9 \u00e9conomique","Infos \u00e9co"],"inLanguage":"fr-FR"},{"@type":"WebPage","@id":"https:\/\/challengeseconomiques.com\/?p=7427","url":"https:\/\/challengeseconomiques.com\/?p=7427","name":"Visite de la CCIAG \u00e0 la SEMIG : S\u2019inspirer du mod\u00e8le pour soulager les op\u00e9rateurs \u00e9conomiques guin\u00e9ens - challenges economiques","isPartOf":{"@id":"https:\/\/challengeseconomiques.com\/#website"},"primaryImageOfPage":{"@id":"https:\/\/challengeseconomiques.com\/?p=7427#primaryimage"},"image":{"@id":"https:\/\/challengeseconomiques.com\/?p=7427#primaryimage"},"thumbnailUrl":"https:\/\/challengeseconomiques.com\/wp-content\/uploads\/2024\/12\/Visite_SEMIG_Delegation_Guineene_4-1536x1024-1.jpeg","datePublished":"2024-12-04T12:47:39+00:00","dateModified":"2024-12-04T12:48:28+00:00","author":{"@id":"https:\/\/challengeseconomiques.com\/#\/schema\/person\/b4568c9afebc5a9238a771873801e349"},"breadcrumb":{"@id":"https:\/\/challengeseconomiques.com\/?p=7427#breadcrumb"},"inLanguage":"fr-FR","potentialAction":[{"@type":"ReadAction","target":["https:\/\/challengeseconomiques.com\/?p=7427"]}]},{"@type":"ImageObject","inLanguage":"fr-FR","@id":"https:\/\/challengeseconomiques.com\/?p=7427#primaryimage","url":"https:\/\/challengeseconomiques.com\/wp-content\/uploads\/2024\/12\/Visite_SEMIG_Delegation_Guineene_4-1536x1024-1.jpeg","contentUrl":"https:\/\/challengeseconomiques.com\/wp-content\/uploads\/2024\/12\/Visite_SEMIG_Delegation_Guineene_4-1536x1024-1.jpeg","width":1536,"height":1024},{"@type":"BreadcrumbList","@id":"https:\/\/challengeseconomiques.com\/?p=7427#breadcrumb","itemListElement":[{"@type":"ListItem","position":1,"name":"Home","item":"https:\/\/challengeseconomiques.com\/"},{"@type":"ListItem","position":2,"name":"Visite de la CCIAG \u00e0 la SEMIG : S\u2019inspirer du mod\u00e8le pour soulager les op\u00e9rateurs \u00e9conomiques guin\u00e9ens"}]},{"@type":"WebSite","@id":"https:\/\/challengeseconomiques.com\/#website","url":"https:\/\/challengeseconomiques.com\/","name":"challenges economiques","description":"","potentialAction":[{"@type":"SearchAction","target":{"@type":"EntryPoint","urlTemplate":"https:\/\/challengeseconomiques.com\/?s={search_term_string}"},"query-input":{"@type":"PropertyValueSpecification","valueRequired":true,"valueName":"search_term_string"}}],"inLanguage":"fr-FR"},{"@type":"Person","@id":"https:\/\/challengeseconomiques.com\/#\/schema\/person\/b4568c9afebc5a9238a771873801e349","name":"admin","image":{"@type":"ImageObject","inLanguage":"fr-FR","@id":"https:\/\/challengeseconomiques.com\/#\/schema\/person\/image\/","url":"https:\/\/secure.gravatar.com\/avatar\/099e42240b5eea11acdb72751fcce0dd918603f0749d24974b7984ea47ed9fd9?s=96&d=mm&r=g","contentUrl":"https:\/\/secure.gravatar.com\/avatar\/099e42240b5eea11acdb72751fcce0dd918603f0749d24974b7984ea47ed9fd9?s=96&d=mm&r=g","caption":"admin"},"sameAs":["https:\/\/challengeseconomiques.com"],"url":"https:\/\/challengeseconomiques.com\/?author=1"}]}},"jetpack_featured_media_url":"https:\/\/challengeseconomiques.com\/wp-content\/uploads\/2024\/12\/Visite_SEMIG_Delegation_Guineene_4-1536x1024-1.jpeg","jetpack_sharing_enabled":true,"_links":{"self":[{"href":"https:\/\/challengeseconomiques.com\/index.php?rest_route=\/wp\/v2\/posts\/7427","targetHints":{"allow":["GET"]}}],"collection":[{"href":"https:\/\/challengeseconomiques.com\/index.php?rest_route=\/wp\/v2\/posts"}],"about":[{"href":"https:\/\/challengeseconomiques.com\/index.php?rest_route=\/wp\/v2\/types\/post"}],"author":[{"embeddable":true,"href":"https:\/\/challengeseconomiques.com\/index.php?rest_route=\/wp\/v2\/users\/1"}],"replies":[{"embeddable":true,"href":"https:\/\/challengeseconomiques.com\/index.php?rest_route=%2Fwp%2Fv2%2Fcomments&post=7427"}],"version-history":[{"count":1,"href":"https:\/\/challengeseconomiques.com\/index.php?rest_route=\/wp\/v2\/posts\/7427\/revisions"}],"predecessor-version":[{"id":7429,"href":"https:\/\/challengeseconomiques.com\/index.php?rest_route=\/wp\/v2\/posts\/7427\/revisions\/7429"}],"wp:featuredmedia":[{"embeddable":true,"href":"https:\/\/challengeseconomiques.com\/index.php?rest_route=\/wp\/v2\/media\/7428"}],"wp:attachment":[{"href":"https:\/\/challengeseconomiques.com\/index.php?rest_route=%2Fwp%2Fv2%2Fmedia&parent=7427"}],"wp:term":[{"taxonomy":"category","embeddable":true,"href":"https:\/\/challengeseconomiques.com\/index.php?rest_route=%2Fwp%2Fv2%2Fcategories&post=7427"},{"taxonomy":"post_tag","embeddable":true,"href":"https:\/\/challengeseconomiques.com\/index.php?rest_route=%2Fwp%2Fv2%2Ftags&post=7427"}],"curies":[{"name":"wp","href":"https:\/\/api.w.org\/{rel}","templated":true}]}}