{"id":7409,"date":"2024-12-02T11:54:26","date_gmt":"2024-12-02T11:54:26","guid":{"rendered":"https:\/\/challengeseconomiques.com\/?p=7409"},"modified":"2024-12-02T11:55:02","modified_gmt":"2024-12-02T11:55:02","slug":"abdel-kader-ndiaye-pdt-snbtp-nos-marches-ont-ete-trop-ouverts-a-notre-detriment","status":"publish","type":"post","link":"https:\/\/challengeseconomiques.com\/?p=7409","title":{"rendered":"ABDEL KADER NDIAYE PDT SNBTP  \u00ab Nos march\u00e9s ont \u00e9t\u00e9 trop ouverts \u00e0 notre d\u00e9triment \u00bb"},"content":{"rendered":"<p><strong>Le syndicat national des b\u00e2timents et travaux publics (SNBTP)a organis\u00e9 une table ronde pour d\u00e9battre du th\u00e8me\u00a0: \u00ab\u00a0Partenariat public priv\u00e9, la pr\u00e9f\u00e9rence nationale en action\u00a0\u00bb. A l\u2019issue des travaux, le pr\u00e9sident du SNBTP Abdel Kader Ndiaye a accord\u00e9 cette interview \u00e0 Challenges Economiques. \u00a0<\/strong><\/p>\n<p><strong>\u00a0M.<\/strong><strong>le Pr\u00e9sident, qu&rsquo;est-ce qui a motiv\u00e9 l&rsquo;organisation de cette table ronde\u00a0? <\/strong><\/p>\n<p>Je voudrais juste \u00a0rappeler que cet \u00e9v\u00e9nement se tient au lendemain du d\u00e9voilement de la strat\u00e9gie nationale de d\u00e9veloppement \u00ab S\u00e9n\u00e9gal 2050 \u00bb, agenda national de transformation.<\/p>\n<p>Nous attendions cette publication, pour nous permettre de nous aligner sur les orientations politiques, car la d\u00e9finition de la politique de la nation incombe fondamentalement au Pr\u00e9sident de la R\u00e9publique. C&rsquo;\u00e9tait la premi\u00e8re motivation. La seconde motivation est li\u00e9e aux promesses, aux engagements que nous avions pris lors de notre derni\u00e8re Assembl\u00e9e G\u00e9n\u00e9rale du 25 juin 2024.<\/p>\n<p>Cette Assembl\u00e9e G\u00e9n\u00e9rale avait pour th\u00e8me\u00a0: \u00ab\u00a0la pr\u00e9f\u00e9rence nationale en action\u00a0\u00bb et lors de ces assises, nous avions retenu les orientations et les fondements de notre conception du partenariat public-priv\u00e9. Cette table ronde est un prolongement de notre Assembl\u00e9e G\u00e9n\u00e9rale.<\/p>\n<p><strong>Quels sont les th\u00e8mes qui ont \u00e9t\u00e9 d\u00e9battus lors de cette table ronde\u00a0?<\/strong><\/p>\n<p>Elle avait pour th\u00e8me trois points. Le premier concernait les retours d&rsquo;exp\u00e9rience. Nous avons choisi de grandes entreprises pour cela. Nous avons choisi aussi des Pme dont une est dirig\u00e9e par une femme. Dans des secteurs vari\u00e9s, nous avons eu les routes, l&rsquo;\u00e9nergie et l&rsquo;\u00e9clairage public, l&rsquo;hydraulique urbaine et l&rsquo;assainissement. Ce sont des entreprises qui ont le savoir-faire, qui ont des domaines de comp\u00e9tences \u00e9prouv\u00e9s et qui existent depuis plus de trente ans. C&rsquo;est \u00e0 titre didactique pour qu&rsquo;ils servent de mod\u00e8le \u00e0 la jeune g\u00e9n\u00e9ration.En tout cas,\u00a0 on nous critique souvent \u00e0 tort, mais je vous dis que dans le domaine des b\u00e2timents et des travaux publics, le S\u00e9n\u00e9gal a quand m\u00eame une position de leadership, depuis des ann\u00e9es. Et aujourd&rsquo;hui, je pense que c&rsquo;\u00e9tait une tentative de d\u00e9monstration p\u00e9dagogique \u00e0 l&rsquo;\u00e9gard de l&rsquo;opinion des autorit\u00e9s et \u00e0 l&rsquo;\u00e9gard aussi de la jeune g\u00e9n\u00e9ration. Le deuxi\u00e8me th\u00e8me a port\u00e9 sur les propositions, c&rsquo;\u00e9tait le c\u0153ur de la table ronde, les propositions \u00e0 soumettre au gouvernement. Et le troisi\u00e8me point concernait les propositions de r\u00e9formes sur la commande publique.<\/p>\n<p><strong>Quelles doivent \u00eatre, selon vous, ces propositions de r\u00e9formes pour permettre au secteur priv\u00e9 de pouvoir pleinement jouer son r\u00f4le par rapport \u00e0 la nouvelle politique que les nouvelles autorit\u00e9s vont mettre en place prochainement ? <\/strong><\/p>\n<p>Je pense qu&rsquo;un pays se d\u00e9veloppe naturellement \u00e0 travers son secteur priv\u00e9. C&rsquo;est pourquoi le dialogue \u00e9conomique doit \u00eatre un dialogue de premier plan. Aujourd&rsquo;hui, nous avons vu que la conjoncture aussi bien nationale et internationale est difficile.<\/p>\n<p>Nous avons \u00e9t\u00e9 impact\u00e9s par une pand\u00e9mie depuis 2019. L&rsquo;entreprise s\u00e9n\u00e9galaise va mal. Elle va mal surtout avec l&rsquo;entreprise BTP, avec les politiques publiques qui l&rsquo;ont fortement impact\u00e9. Parce que nous avons trop ouvert nos march\u00e9s. Nos march\u00e9s ont \u00e9t\u00e9 trop ouverts \u00e0 notre d\u00e9triment. Vous avez vu avant, par exemple, au niveau du BTP, on employait beaucoup de jeunes en saisonni\u00e8re. Certains arrivaient \u00e0 m\u00eame constituer leurs pactoles pour financer leurs \u00e9tudes \u00e0 la rentr\u00e9e. Tous ces chantiers potentiels qui nous passent sous le nez sont la cons\u00e9quence de l&rsquo;h\u00e9morragie que vous voyez \u00e0 travers la mer et le d\u00e9sert. Donc de notre c\u00f4t\u00e9, nous avions toujours une politique bas\u00e9e sur les techniques HUMO, les techniques de haute intensit\u00e9 de main-d\u2019\u0153uvre, o\u00f9 on cherchait au lieu de mettre moins de machines \u00e0 la place de l&rsquo;homme pour offrir beaucoup plus d&rsquo;opportunit\u00e9s en main-d\u2019\u0153uvre. Mais si nous n&rsquo;avons pas de portefeuille, comment voulez-vous que cela se fasse ? Ensuite, je pense que le point de passage oblig\u00e9 pour le d\u00e9veloppement, c&rsquo;est de d\u00e9velopper l&rsquo;entreprise. Parce que c&rsquo;est l&rsquo;entreprise, c&rsquo;est le secteur priv\u00e9 qui est porteur, qui est cr\u00e9ateur de richesses. C&rsquo;est le secteur priv\u00e9 qui est g\u00e9n\u00e9rateur d&#8217;emplois.<\/p>\n<p>Vous avez vu, les r\u00e9gimes ont annonc\u00e9 100 000 emplois, d&rsquo;autres 500 000. Ils ont du mal, m\u00eame en manipulant les chiffres, \u00e0 pouvoir atteindre leurs objectifs virtuels, virtuellement parlant. Pour lutter v\u00e9ritablement contre la pauvret\u00e9, pour d\u00e9velopper notre pays, il faut soutenir l&rsquo;entreprise, il faut soutenir les industries. De cette mani\u00e8re, l&rsquo;\u00e9conomie va tourner.<\/p>\n<p>Surtout l&rsquo;entreprise, le b\u00e2timent, vous entendez bien l&rsquo;adage qui dit que quand le b\u00e2timent va, tout va. Parce que notre secteur \u00e9conomique est un secteur d&rsquo;entra\u00eenement. Qui offre d&rsquo;\u00e9normes consommations \u00e0 l&rsquo;industrie.<\/p>\n<p>Et qui offre aussi d&rsquo;\u00e9normes opportunit\u00e9s qui ont beaucoup d&rsquo;impact sur l&#8217;employabilit\u00e9 et \u00a0sur la production de la valeur ajout\u00e9e, etc. C&rsquo;est pourquoi nous, nous croyons fermement que le d\u00e9veloppement, notre d\u00e9veloppement ne peut pas se faire sans cette entreprise. Maintenant, aujourd&rsquo;hui je suis heureux de voir que nos gouvernants sont align\u00e9s sur cette orientation. Mais vous savez qu&rsquo;au S\u00e9n\u00e9gal, le grand probl\u00e8me c&rsquo;est l&rsquo;oc\u00e9an qui s\u00e9pare souvent la d\u00e9claration et l&rsquo;application, la mise en \u0153uvre. Donc nous nous r\u00e9jouissons que dans les orientations, dans la strat\u00e9gie nationale de d\u00e9veloppement, que les axes strat\u00e9giques mettent en avant l&rsquo;\u00e9conomie, la comp\u00e9titivit\u00e9 de l&rsquo;\u00e9conomie, \u00e7a veut dire que la part du secteur public national dans le d\u00e9veloppement, les donn\u00e9es, l&rsquo;environnement des affaires, le capital humain et l&rsquo;\u00e9quit\u00e9 territoriale sont valoris\u00e9s. Dans le m\u00eame temps aussi que le d\u00e9veloppement rural se fasse surtout \u00e0 partir des p\u00f4les territoriaux. Des p\u00f4les territoriaux qu&rsquo;on va rendre \u00e9conomiquement viables. Donc il y a un potentiel \u00e9norme de croissance qu&rsquo;on va aller chercher dans les r\u00e9gions. Il y a un nouveau d\u00e9coupage administratif, donc le d\u00e9coupage des r\u00e9gions, c&rsquo;est le chemin, les huit p\u00f4les r\u00e9gionaux, nous les \u00e9voquons depuis l&rsquo;av\u00e8nement des journ\u00e9es \u00e9conomiques de la CNES. Aujourd&rsquo;hui donc, quand nous voyons qu&rsquo;au niveau de l&rsquo;\u00c9tat, il y a une initiative qui va dans cette direction, nous ne pouvons que plonger et nager dans le sens de courant, pas en contre-courant. Nous demandons par contre que nos autorit\u00e9s nous aident vivement \u00e0 relancer le secteur du b\u00e2timent et des travaux publics.<\/p>\n<p>Par quoi ? Par les principes majeurs que j&rsquo;avais soulign\u00e9s tant\u00f4t. D&rsquo;abord, valoriser l&rsquo;expertise locale. Je disais que l\u00e0 o\u00f9 vraiment on peut avoir une comp\u00e9tence locale, le choix prioritaire doit verser sur la comp\u00e9tence locale. L&rsquo;autre aspect, l&rsquo;autre fondement, c&rsquo;est qu&rsquo;il faut, c\u2019est que la relance du BTP se fasse en investissant dans le produit local, le consommer local.<\/p>\n<p>Deuxi\u00e8me point, la formation. Cela commencera \u00a0par nous, les managers. Il faudra qu&rsquo;on renforce nos capacit\u00e9s au niveau de la l\u00e9gislation, au niveau technologique, au niveau des innovations, la recherche et le d\u00e9veloppement en g\u00e9n\u00e9ral, pour qu&rsquo;on soit encore davantage comp\u00e9titifs. Mais dans cet \u00e9lan, nous aussi, dans nos programmes, nos entreprises se sont engag\u00e9es \u00e0 ce qu&rsquo;il y ait, m\u00eame dans les projets, syst\u00e9matiquement des voies de formation pour les jeunes. Je le disais tout \u00e0 l&rsquo;heure, vous avez vu que dans le march\u00e9 de l&#8217;emploi, sur 300.000 demandes d&#8217;emploi, les 46% sont sans qualification, et \u00e0 peine 10% arrivent \u00e0 trouver du travail. Donc tout ce rebut, il va o\u00f9 ? C&rsquo;est le rebut qui est orient\u00e9 vers le d\u00e9sert et l&rsquo;immigration clandestine, l&rsquo;immigration irr\u00e9guli\u00e8re, excusez-moi le terme. L&rsquo;autre aspect, c&rsquo;est sur le statut de l&rsquo;entreprise nationale.<\/p>\n<p><strong>Il y a un d\u00e9bat sur la d\u00e9finition du statut de l\u2019entreprise nationale. Comment d\u00e9finissez-vous l\u2019entreprise nationale\u00a0?<\/strong><\/p>\n<p>Ce n&rsquo;est pas un d\u00e9bat qui s&rsquo;appuie sur le nationalisme, parce que ce statut, si on ne le d\u00e9finit pas, c&rsquo;est les cons\u00e9quences par rapport aux structures d&rsquo;appui, c&rsquo;est les cons\u00e9quences dans le contenu local. L&rsquo;\u00c9tat ne doit pas subventionner, ne peut subventionner que pour nous, pour notre public, ceux qui sont appuy\u00e9s, ceux qui sont v\u00e9ritablement des S\u00e9n\u00e9galais. Pour nous, l&rsquo;entreprise nationale, c&rsquo;est l&rsquo;entreprise dont la majorit\u00e9 du capital est d\u00e9tenue par des S\u00e9n\u00e9galais. Donc c&rsquo;est l&rsquo;entreprise s\u00e9n\u00e9galaise, une entreprise de droits s\u00e9n\u00e9galais.<\/p>\n<p>Et non par une entreprise qui est install\u00e9e au S\u00e9n\u00e9gal, de droits s\u00e9n\u00e9galais qui est install\u00e9e au S\u00e9n\u00e9gal. Il y a une nuance. M\u00eame dans la loi sur les paiements, de grands groupes ont influenc\u00e9 pour que le r\u00e9gime, par exemple, des chiffres d&rsquo;affaires, des paiements, soient de 2 milliards \u00e0 peu pr\u00e8s. Mais apr\u00e8s, la cons\u00e9quence, c&rsquo;est eux qui profitent de toutes les politiques et aux appuis qu&rsquo;on donne aux pays. Et les Pme ne peuvent pas b\u00e9n\u00e9ficier de ces formes d&rsquo;appuis.<\/p>\n<p>Deux milliards, peu de Pme r\u00e9alisent un tel chiffre d&rsquo;affaires. Et pourtant, c&rsquo;est dans la loi. Donc \u00a0pour soutenir l&rsquo;entreprise, il faut forc\u00e9ment qu&rsquo;on revienne sur une d\u00e9finition vraiment consensuelle de l&rsquo;entreprise s\u00e9n\u00e9galaise, l&rsquo;entreprise nationale, parce que les cons\u00e9quences sur le plan \u00e9conomique sont quand m\u00eame appr\u00e9ciables et ne devraient profiter qu&rsquo;aux S\u00e9n\u00e9galais.<\/p>\n<p><strong>Que pensez-vous de l\u2019allotissement ou d\u00e9coupage des march\u00e9s en lot\u00a0 comme solution?<\/strong><\/p>\n<p>L&rsquo;allotissement, c&rsquo;est le d\u00e9coupage des march\u00e9s en lots. Souvent, on a de gros contrats, vous prenez 50 milliards, vous en faites un seul lot.<\/p>\n<p>Et souvent, un lot qui \u00e9chappe au secteur priv\u00e9, \u00e0 l&rsquo;entreprise locale. Donc, vous prenez un lot de 50 milliards \u00e0 l&rsquo;entreprise ext\u00e9rieure, qui fait la pluie et le beau temps. Alors qu&rsquo;en prenant 50 milliards, rien qu&rsquo;en une portion, une grille de 3 milliards, vous dites que pour la partie \u00e9lectricit\u00e9, l&rsquo;\u00e9clairage public peut \u00eatre fait par des S\u00e9n\u00e9galais.<\/p>\n<p>Vous prenez la partie hydraulique, elle peut \u00eatre faite par des S\u00e9n\u00e9galais. Vous prenez la partie plomberie, elle peut \u00eatre faite par des S\u00e9n\u00e9galais. Vous d\u00e9coupez le march\u00e9 comme \u00e7a, \u00e7a vous permet tout de suite de g\u00e9n\u00e9rer des milliers d&#8217;emplois et de faire tourner l&rsquo;\u00e9conomie. Posez-vous la question de savoir, pourquoi apr\u00e8s tant d&rsquo;ann\u00e9es de politique, de d\u00e9veloppement, que la pauvret\u00e9 n&rsquo;a pas recul\u00e9. \u00a037% en moyenne nationale. Dans certaines contr\u00e9es. On est \u00e0 presque 60% en zone rurale. Et pourtant on se vante des taux de croissance \u00e9lev\u00e9s.<\/p>\n<p>On se vante des milliards d&rsquo;investissements qu&rsquo;on a r\u00e9alis\u00e9s. Par exemple Abdoulaye Wade, au moins 10 000 milliards, Macky Sall, \u00a0plus de 12 000 milliards, etc. Et toutes ces ressources sont all\u00e9es o\u00f9 ? Vous avez vu la situation des entreprises,\u00a0 Elles vont \u00a0tr\u00e8s mal.<\/p>\n<p>Mais nous ne sommes pas l\u00e0 pour pleurnicher ou nous transformer en force de contestation. Nous voulons repartir sur des bases nouvelles, avec un nouveau r\u00e9gime qui a d\u00e9clin\u00e9 des orientations que nous appr\u00e9cions. Tr\u00e8s sinc\u00e8rement.<\/p>\n<p>Et nous voulons travailler ensemble avec une collaboration, une franche collaboration, et un esprit constructif et positif. Et \u00e7a je pense que vous avez vu aujourd&rsquo;hui, nos \u00e9changes sont tr\u00e8s clairs l\u00e0-dessus.<\/p>\n<p><strong>\u00a0<\/strong><strong>Qu\u2019en est-il de la classification et de la qualification des entreprises \u00e9voluant dans le secteur du BTP\u00a0?<\/strong><\/p>\n<p>On a propos\u00e9\u00a0 \u00a0la classification et la qualification, c&rsquo;est pour assainir le secteur. Parce qu&rsquo;il y a beaucoup d&rsquo;entreprises non professionnelles qui font des d\u00e9g\u00e2ts, qu&rsquo;on nous impute. Vous avez vu le cas de l&rsquo;universit\u00e9 de Matam. Qui cr\u00e9ent ces entreprises ? Vous avez entendu le pr\u00e9sident, on a d\u00e9clin\u00e9 400 milliards, il n&rsquo;y a m\u00eame pas 12% de taux de r\u00e9alisation. Qui a la capacit\u00e9 de viser les d\u00e9comptes ? Qui a la capacit\u00e9 de payer ? Ce n&rsquo;est pas le secteur priv\u00e9, et pourtant on critique les entreprises nationales. Alors que souvent, certains politiques, quand ils ont un pouvoir de d\u00e9cision, d&rsquo;influence, ils rentrent, ils cr\u00e9ent les march\u00e9s, ils cr\u00e9ent les entreprises. Un coll\u00e8gue m&rsquo;a dit que pendant la p\u00e9riode de Covid, il allait retirer les commandes au domicile d&rsquo;un ministre. C&rsquo;\u00e9tait son fils qui g\u00e9rait les march\u00e9s de son propre minist\u00e8re. Moi je ne raconte pas d&rsquo;histoire, je n&rsquo;ai jamais voulu \u00e9bruter de \u00e7a. Nous avons vu que la dette int\u00e9rieure \u00e9touffe nos entreprises, affecte souvent leurs performances. Pour r\u00e9gler ce probl\u00e8me, nous avons dit que mettons en place une banque, ou un \u00e9tablissement financier, o\u00f9 nous allons \u00eatre actionnaires, mais qui va prendre en charge la facturation, ou d&rsquo;autres de ces types de m\u00e9canismes. Et nous pensons que ce genre d&rsquo;outils peut \u00eatre aliment\u00e9 \u00e0 partir des ressources, du p\u00e9trole, du gaz, ou de nos mines, etc.<\/p>\n<p><strong>Quelles sont les solutions que vous pr\u00e9conisez pour acc\u00e9der facilement au financement, au niveau bancaire\u00a0?<\/strong><\/p>\n<p>Je parlerai du financement \u00e0 deux \u00e9chelles. La premi\u00e8re \u00e9chelle, c&rsquo;est l&rsquo;\u00e9chelle des march\u00e9s publics. Normalement, un march\u00e9 public est assujetti \u00e0 l&rsquo;existence des cr\u00e9dits.<\/p>\n<p>C&rsquo;est leur r\u00e9gime. Ensuite, un march\u00e9 public, je pense que souvent impose il y ait des obligations contractuelles qui fixent le d\u00e9lai de paiement. Ce qui se passe en r\u00e9alit\u00e9, le d\u00e9bat qu&rsquo;on a eu sur la sinc\u00e9rit\u00e9 des statistiques, c&rsquo;est le m\u00eame d\u00e9bat qu&rsquo;on a sur le d\u00e9lai de paiement.<\/p>\n<p>Dans tous les documents de l&rsquo;administration qui sont transmis aux bailleurs de fonds et aux partenaires techniques financiers, on te montre que l&rsquo;administration respecte les d\u00e9lais de paiement. Ce n&rsquo;est pas une v\u00e9rit\u00e9. Les d\u00e9lais de paiement ne sont pas du tout respect\u00e9s.<\/p>\n<p>Mais \u00e7a, \u00e7a peut \u00eatre des points de blocage, souvent des d\u00e9caissements, mais nos entreprises ont tous subi les fruits du d\u00e9lai de paiement parce qu&rsquo;ils engagent du travail, ils s&rsquo;endettent et finalement ils n&rsquo;arrivent pas \u00e0 rentrer dans leurs fonds. Et quand on les paie tr\u00e8s tardivement, les banques, les frais financiers g\u00e9n\u00e9r\u00e9s par leurs emprunts absorbent pratiquement leurs b\u00e9n\u00e9fices et ils sont pratiquement tenus \u00e0 la gorge par les banques commerciales. C&rsquo;est pourquoi nous avons propos\u00e9 la formule des banques qui vont prendre en charge l\u2019affacturage.<\/p>\n<p>Au Maroc par exemple, il y a une banque qui est destin\u00e9e au financement des march\u00e9s publics. Elles prennent en charge les cr\u00e9ances issues de ces march\u00e9s. Vous avez un d\u00e9compte certifi\u00e9, l&rsquo;\u00e9ch\u00e9ance arrive, la banque vous paie et prend en charge.<\/p>\n<p>Elle va se retourner contre l&rsquo;\u00c9tat pour se r\u00e9gler. Donc je pense que si l&rsquo;\u00c9tat a d\u00e9j\u00e0 fait l&rsquo;effort de mettre en place ce type de banque de d\u00e9veloppement, nous d\u00e9j\u00e0 \u00e7a va nous soulager au niveau du financement. C&rsquo;est de l&rsquo;activit\u00e9 de l&rsquo;entreprise et du fonds de roulement.<\/p>\n<p><strong>Comment appr\u00e9ciez-vous les partenariats publics priv\u00e9s\u00a0?<\/strong><\/p>\n<p>Souvent les partenariats priv\u00e9s c&rsquo;est de gros montants et en plus l&rsquo;\u00c9tat ne peut pas souvent les financer directement. Vous avez un march\u00e9 de 100 milliards, je peux mettre 10%, 10 milliards et \u00e7a c&rsquo;est supportable. Mais ces entreprises qui viennent r\u00e9aliser ces projets ce qui se passe, ils sont couverts par leur pays. Leur pays a mis en place des types de banques qu&rsquo;on appelle les eximbank. Une banque \u00e0 l&rsquo;export parce qu&rsquo;ils veulent que les projets qu&rsquo;ils vont financer g\u00e9n\u00e8rent des retomb\u00e9es qui vont profiter \u00e0 leurs entreprises \u00e0 leurs industries, \u00e0 leurs \u00e9conomies.<\/p>\n<p>La solution, c\u2019est un fonds d&rsquo;investissement africain ou m\u00eame national, \u00e0 l\u2019image des \u00a0fonds d&rsquo;investissement arabes ou nord-am\u00e9ricains ou asiatiques. Nous pensons qu&rsquo;au niveau sectoriel nous devons avoir un cadre de concertation avec les infrastructures l&rsquo;urbanisme et l&rsquo;habitat.<\/p>\n<p><strong>\u00a0<\/strong><strong>Si l\u2019Etat opte pour la pr\u00e9f\u00e9rence nationale qu\u2019est ce vous allez mettre sur la table pour permettre \u00e0 l\u2019Etat de justifier ce choix\u00a0?<\/strong><\/p>\n<p>La premi\u00e8re chose, c\u2019est d\u2019abord le regroupement des entreprises.La dispersion nous d\u00e9favorise et nous allons y mettre fin. Pour chaque sous-secteur de notre branche professionnelle, nous allons mettre en place des chefs de file. Des t\u00eates de fil qui seront au-devant en ce qui concerne la commande publique. Cela demande de la rigueur et de la solidarit\u00e9. Nous souhaitons que l\u2019\u00e9tat mette en place un dispositif de contr\u00f4le et d\u2019\u00e9valuation p\u00e9riodique pour l\u2019\u00e9valuation des march\u00e9s et des sanctions qui vont avec. Le portefeuille de la commande n\u2019est pas seulement pour nous. Une fois regroup\u00e9, nous pouvons faire des efforts dans cette volont\u00e9 de partenariat\u00a0 \u00e0 financer des projets qui seront \u00e0 hauteur de nos capacit\u00e9s. Mais on ne peut pas le faire si nous ne disposons pas de facilit\u00e9s. Il faut aussi une obligation de r\u00e9sultats. Car il faut \u00eatre honn\u00eate, un politique s\u2019est en gag\u00e9 au cours de son mandat \u00e0 r\u00e9aliser un certain nombre de choses, c\u2019est pourquoi, il va falloir faire des \u00e9valuations p\u00e9riodiques et rigoureuses pour qu\u2019on soit toujours align\u00e9s par rapport aux objectifs initiaux.<\/p>\n<p>&nbsp;<\/p>\n","protected":false},"excerpt":{"rendered":"<p>Le syndicat national des b\u00e2timents et travaux publics (SNBTP)a organis\u00e9 une table ronde pour d\u00e9battre du th\u00e8me\u00a0: \u00ab\u00a0Partenariat public priv\u00e9, la pr\u00e9f\u00e9rence nationale en action\u00a0\u00bb&#8230;.<\/p>\n","protected":false},"author":3,"featured_media":7410,"comment_status":"closed","ping_status":"open","sticky":false,"template":"","format":"standard","meta":{"_jetpack_memberships_contains_paid_content":false,"footnotes":""},"categories":[23,11],"tags":[],"class_list":["post-7409","post","type-post","status-publish","format-standard","has-post-thumbnail","hentry","category-a-la-une","category-lentretien","wpcat-23-id","wpcat-11-id"],"yoast_head":"<!-- This site is optimized with the Yoast SEO plugin v27.1.1 - https:\/\/yoast.com\/product\/yoast-seo-wordpress\/ -->\n<title>ABDEL KADER NDIAYE PDT SNBTP \u00ab Nos march\u00e9s ont \u00e9t\u00e9 trop ouverts \u00e0 notre d\u00e9triment \u00bb - challenges economiques<\/title>\n<meta name=\"robots\" content=\"index, follow, max-snippet:-1, max-image-preview:large, max-video-preview:-1\" \/>\n<link rel=\"canonical\" href=\"https:\/\/challengeseconomiques.com\/?p=7409\" \/>\n<meta property=\"og:locale\" content=\"fr_FR\" \/>\n<meta property=\"og:type\" content=\"article\" \/>\n<meta property=\"og:title\" content=\"ABDEL KADER NDIAYE PDT SNBTP \u00ab Nos march\u00e9s ont \u00e9t\u00e9 trop ouverts \u00e0 notre d\u00e9triment \u00bb - challenges economiques\" \/>\n<meta property=\"og:description\" content=\"Le syndicat national des b\u00e2timents et travaux publics (SNBTP)a organis\u00e9 une table ronde pour d\u00e9battre du th\u00e8me\u00a0: \u00ab\u00a0Partenariat public priv\u00e9, la pr\u00e9f\u00e9rence nationale en action\u00a0\u00bb....\" \/>\n<meta property=\"og:url\" content=\"https:\/\/challengeseconomiques.com\/?p=7409\" \/>\n<meta property=\"og:site_name\" content=\"challenges economiques\" \/>\n<meta property=\"article:published_time\" content=\"2024-12-02T11:54:26+00:00\" \/>\n<meta property=\"article:modified_time\" content=\"2024-12-02T11:55:02+00:00\" \/>\n<meta property=\"og:image\" content=\"https:\/\/challengeseconomiques.com\/wp-content\/uploads\/2024\/12\/kaderndiayesnbtp.jpg\" \/>\n\t<meta property=\"og:image:width\" content=\"1600\" \/>\n\t<meta property=\"og:image:height\" content=\"1066\" \/>\n\t<meta property=\"og:image:type\" content=\"image\/jpeg\" \/>\n<meta name=\"author\" content=\"aliou kane ndiaye\" \/>\n<meta name=\"twitter:card\" content=\"summary_large_image\" \/>\n<meta name=\"twitter:label1\" content=\"\u00c9crit par\" \/>\n\t<meta name=\"twitter:data1\" content=\"aliou kane ndiaye\" \/>\n\t<meta name=\"twitter:label2\" content=\"Dur\u00e9e de lecture estim\u00e9e\" \/>\n\t<meta name=\"twitter:data2\" content=\"14 minutes\" \/>\n<script type=\"application\/ld+json\" class=\"yoast-schema-graph\">{\"@context\":\"https:\/\/schema.org\",\"@graph\":[{\"@type\":\"Article\",\"@id\":\"https:\/\/challengeseconomiques.com\/?p=7409#article\",\"isPartOf\":{\"@id\":\"https:\/\/challengeseconomiques.com\/?p=7409\"},\"author\":{\"name\":\"aliou kane ndiaye\",\"@id\":\"https:\/\/challengeseconomiques.com\/#\/schema\/person\/2f70a31e102db1741c1a1c00c2bbd8a6\"},\"headline\":\"ABDEL KADER NDIAYE PDT SNBTP \u00ab Nos march\u00e9s ont \u00e9t\u00e9 trop ouverts \u00e0 notre d\u00e9triment \u00bb\",\"datePublished\":\"2024-12-02T11:54:26+00:00\",\"dateModified\":\"2024-12-02T11:55:02+00:00\",\"mainEntityOfPage\":{\"@id\":\"https:\/\/challengeseconomiques.com\/?p=7409\"},\"wordCount\":3044,\"image\":{\"@id\":\"https:\/\/challengeseconomiques.com\/?p=7409#primaryimage\"},\"thumbnailUrl\":\"https:\/\/challengeseconomiques.com\/wp-content\/uploads\/2024\/12\/kaderndiayesnbtp.jpg\",\"articleSection\":[\"A la une\",\"l'entretien\"],\"inLanguage\":\"fr-FR\"},{\"@type\":\"WebPage\",\"@id\":\"https:\/\/challengeseconomiques.com\/?p=7409\",\"url\":\"https:\/\/challengeseconomiques.com\/?p=7409\",\"name\":\"ABDEL KADER NDIAYE PDT SNBTP \u00ab Nos march\u00e9s ont \u00e9t\u00e9 trop ouverts \u00e0 notre d\u00e9triment \u00bb - challenges economiques\",\"isPartOf\":{\"@id\":\"https:\/\/challengeseconomiques.com\/#website\"},\"primaryImageOfPage\":{\"@id\":\"https:\/\/challengeseconomiques.com\/?p=7409#primaryimage\"},\"image\":{\"@id\":\"https:\/\/challengeseconomiques.com\/?p=7409#primaryimage\"},\"thumbnailUrl\":\"https:\/\/challengeseconomiques.com\/wp-content\/uploads\/2024\/12\/kaderndiayesnbtp.jpg\",\"datePublished\":\"2024-12-02T11:54:26+00:00\",\"dateModified\":\"2024-12-02T11:55:02+00:00\",\"author\":{\"@id\":\"https:\/\/challengeseconomiques.com\/#\/schema\/person\/2f70a31e102db1741c1a1c00c2bbd8a6\"},\"breadcrumb\":{\"@id\":\"https:\/\/challengeseconomiques.com\/?p=7409#breadcrumb\"},\"inLanguage\":\"fr-FR\",\"potentialAction\":[{\"@type\":\"ReadAction\",\"target\":[\"https:\/\/challengeseconomiques.com\/?p=7409\"]}]},{\"@type\":\"ImageObject\",\"inLanguage\":\"fr-FR\",\"@id\":\"https:\/\/challengeseconomiques.com\/?p=7409#primaryimage\",\"url\":\"https:\/\/challengeseconomiques.com\/wp-content\/uploads\/2024\/12\/kaderndiayesnbtp.jpg\",\"contentUrl\":\"https:\/\/challengeseconomiques.com\/wp-content\/uploads\/2024\/12\/kaderndiayesnbtp.jpg\",\"width\":1600,\"height\":1066},{\"@type\":\"BreadcrumbList\",\"@id\":\"https:\/\/challengeseconomiques.com\/?p=7409#breadcrumb\",\"itemListElement\":[{\"@type\":\"ListItem\",\"position\":1,\"name\":\"Home\",\"item\":\"https:\/\/challengeseconomiques.com\/\"},{\"@type\":\"ListItem\",\"position\":2,\"name\":\"ABDEL KADER NDIAYE PDT SNBTP \u00ab Nos march\u00e9s ont \u00e9t\u00e9 trop ouverts \u00e0 notre d\u00e9triment \u00bb\"}]},{\"@type\":\"WebSite\",\"@id\":\"https:\/\/challengeseconomiques.com\/#website\",\"url\":\"https:\/\/challengeseconomiques.com\/\",\"name\":\"challenges economiques\",\"description\":\"\",\"potentialAction\":[{\"@type\":\"SearchAction\",\"target\":{\"@type\":\"EntryPoint\",\"urlTemplate\":\"https:\/\/challengeseconomiques.com\/?s={search_term_string}\"},\"query-input\":{\"@type\":\"PropertyValueSpecification\",\"valueRequired\":true,\"valueName\":\"search_term_string\"}}],\"inLanguage\":\"fr-FR\"},{\"@type\":\"Person\",\"@id\":\"https:\/\/challengeseconomiques.com\/#\/schema\/person\/2f70a31e102db1741c1a1c00c2bbd8a6\",\"name\":\"aliou kane ndiaye\",\"image\":{\"@type\":\"ImageObject\",\"inLanguage\":\"fr-FR\",\"@id\":\"https:\/\/challengeseconomiques.com\/#\/schema\/person\/image\/\",\"url\":\"https:\/\/secure.gravatar.com\/avatar\/df942321e58711a9f1fee838e446766660477bacd4b42fa20400d2c7cf4da7ca?s=96&d=mm&r=g\",\"contentUrl\":\"https:\/\/secure.gravatar.com\/avatar\/df942321e58711a9f1fee838e446766660477bacd4b42fa20400d2c7cf4da7ca?s=96&d=mm&r=g\",\"caption\":\"aliou kane ndiaye\"},\"sameAs\":[\"http:\/\/www.challengeseconomiques.com\"],\"url\":\"https:\/\/challengeseconomiques.com\/?author=3\"}]}<\/script>\n<!-- \/ Yoast SEO plugin. -->","yoast_head_json":{"title":"ABDEL KADER NDIAYE PDT SNBTP \u00ab Nos march\u00e9s ont \u00e9t\u00e9 trop ouverts \u00e0 notre d\u00e9triment \u00bb - challenges economiques","robots":{"index":"index","follow":"follow","max-snippet":"max-snippet:-1","max-image-preview":"max-image-preview:large","max-video-preview":"max-video-preview:-1"},"canonical":"https:\/\/challengeseconomiques.com\/?p=7409","og_locale":"fr_FR","og_type":"article","og_title":"ABDEL KADER NDIAYE PDT SNBTP \u00ab Nos march\u00e9s ont \u00e9t\u00e9 trop ouverts \u00e0 notre d\u00e9triment \u00bb - challenges economiques","og_description":"Le syndicat national des b\u00e2timents et travaux publics (SNBTP)a organis\u00e9 une table ronde pour d\u00e9battre du th\u00e8me\u00a0: \u00ab\u00a0Partenariat public priv\u00e9, la pr\u00e9f\u00e9rence nationale en action\u00a0\u00bb....","og_url":"https:\/\/challengeseconomiques.com\/?p=7409","og_site_name":"challenges economiques","article_published_time":"2024-12-02T11:54:26+00:00","article_modified_time":"2024-12-02T11:55:02+00:00","og_image":[{"width":1600,"height":1066,"url":"https:\/\/challengeseconomiques.com\/wp-content\/uploads\/2024\/12\/kaderndiayesnbtp.jpg","type":"image\/jpeg"}],"author":"aliou kane ndiaye","twitter_card":"summary_large_image","twitter_misc":{"\u00c9crit par":"aliou kane ndiaye","Dur\u00e9e de lecture estim\u00e9e":"14 minutes"},"schema":{"@context":"https:\/\/schema.org","@graph":[{"@type":"Article","@id":"https:\/\/challengeseconomiques.com\/?p=7409#article","isPartOf":{"@id":"https:\/\/challengeseconomiques.com\/?p=7409"},"author":{"name":"aliou kane ndiaye","@id":"https:\/\/challengeseconomiques.com\/#\/schema\/person\/2f70a31e102db1741c1a1c00c2bbd8a6"},"headline":"ABDEL KADER NDIAYE PDT SNBTP \u00ab Nos march\u00e9s ont \u00e9t\u00e9 trop ouverts \u00e0 notre d\u00e9triment \u00bb","datePublished":"2024-12-02T11:54:26+00:00","dateModified":"2024-12-02T11:55:02+00:00","mainEntityOfPage":{"@id":"https:\/\/challengeseconomiques.com\/?p=7409"},"wordCount":3044,"image":{"@id":"https:\/\/challengeseconomiques.com\/?p=7409#primaryimage"},"thumbnailUrl":"https:\/\/challengeseconomiques.com\/wp-content\/uploads\/2024\/12\/kaderndiayesnbtp.jpg","articleSection":["A la une","l'entretien"],"inLanguage":"fr-FR"},{"@type":"WebPage","@id":"https:\/\/challengeseconomiques.com\/?p=7409","url":"https:\/\/challengeseconomiques.com\/?p=7409","name":"ABDEL KADER NDIAYE PDT SNBTP \u00ab Nos march\u00e9s ont \u00e9t\u00e9 trop ouverts \u00e0 notre d\u00e9triment \u00bb - challenges economiques","isPartOf":{"@id":"https:\/\/challengeseconomiques.com\/#website"},"primaryImageOfPage":{"@id":"https:\/\/challengeseconomiques.com\/?p=7409#primaryimage"},"image":{"@id":"https:\/\/challengeseconomiques.com\/?p=7409#primaryimage"},"thumbnailUrl":"https:\/\/challengeseconomiques.com\/wp-content\/uploads\/2024\/12\/kaderndiayesnbtp.jpg","datePublished":"2024-12-02T11:54:26+00:00","dateModified":"2024-12-02T11:55:02+00:00","author":{"@id":"https:\/\/challengeseconomiques.com\/#\/schema\/person\/2f70a31e102db1741c1a1c00c2bbd8a6"},"breadcrumb":{"@id":"https:\/\/challengeseconomiques.com\/?p=7409#breadcrumb"},"inLanguage":"fr-FR","potentialAction":[{"@type":"ReadAction","target":["https:\/\/challengeseconomiques.com\/?p=7409"]}]},{"@type":"ImageObject","inLanguage":"fr-FR","@id":"https:\/\/challengeseconomiques.com\/?p=7409#primaryimage","url":"https:\/\/challengeseconomiques.com\/wp-content\/uploads\/2024\/12\/kaderndiayesnbtp.jpg","contentUrl":"https:\/\/challengeseconomiques.com\/wp-content\/uploads\/2024\/12\/kaderndiayesnbtp.jpg","width":1600,"height":1066},{"@type":"BreadcrumbList","@id":"https:\/\/challengeseconomiques.com\/?p=7409#breadcrumb","itemListElement":[{"@type":"ListItem","position":1,"name":"Home","item":"https:\/\/challengeseconomiques.com\/"},{"@type":"ListItem","position":2,"name":"ABDEL KADER NDIAYE PDT SNBTP \u00ab Nos march\u00e9s ont \u00e9t\u00e9 trop ouverts \u00e0 notre d\u00e9triment \u00bb"}]},{"@type":"WebSite","@id":"https:\/\/challengeseconomiques.com\/#website","url":"https:\/\/challengeseconomiques.com\/","name":"challenges economiques","description":"","potentialAction":[{"@type":"SearchAction","target":{"@type":"EntryPoint","urlTemplate":"https:\/\/challengeseconomiques.com\/?s={search_term_string}"},"query-input":{"@type":"PropertyValueSpecification","valueRequired":true,"valueName":"search_term_string"}}],"inLanguage":"fr-FR"},{"@type":"Person","@id":"https:\/\/challengeseconomiques.com\/#\/schema\/person\/2f70a31e102db1741c1a1c00c2bbd8a6","name":"aliou kane ndiaye","image":{"@type":"ImageObject","inLanguage":"fr-FR","@id":"https:\/\/challengeseconomiques.com\/#\/schema\/person\/image\/","url":"https:\/\/secure.gravatar.com\/avatar\/df942321e58711a9f1fee838e446766660477bacd4b42fa20400d2c7cf4da7ca?s=96&d=mm&r=g","contentUrl":"https:\/\/secure.gravatar.com\/avatar\/df942321e58711a9f1fee838e446766660477bacd4b42fa20400d2c7cf4da7ca?s=96&d=mm&r=g","caption":"aliou kane ndiaye"},"sameAs":["http:\/\/www.challengeseconomiques.com"],"url":"https:\/\/challengeseconomiques.com\/?author=3"}]}},"jetpack_featured_media_url":"https:\/\/challengeseconomiques.com\/wp-content\/uploads\/2024\/12\/kaderndiayesnbtp.jpg","jetpack_sharing_enabled":true,"_links":{"self":[{"href":"https:\/\/challengeseconomiques.com\/index.php?rest_route=\/wp\/v2\/posts\/7409","targetHints":{"allow":["GET"]}}],"collection":[{"href":"https:\/\/challengeseconomiques.com\/index.php?rest_route=\/wp\/v2\/posts"}],"about":[{"href":"https:\/\/challengeseconomiques.com\/index.php?rest_route=\/wp\/v2\/types\/post"}],"author":[{"embeddable":true,"href":"https:\/\/challengeseconomiques.com\/index.php?rest_route=\/wp\/v2\/users\/3"}],"replies":[{"embeddable":true,"href":"https:\/\/challengeseconomiques.com\/index.php?rest_route=%2Fwp%2Fv2%2Fcomments&post=7409"}],"version-history":[{"count":1,"href":"https:\/\/challengeseconomiques.com\/index.php?rest_route=\/wp\/v2\/posts\/7409\/revisions"}],"predecessor-version":[{"id":7411,"href":"https:\/\/challengeseconomiques.com\/index.php?rest_route=\/wp\/v2\/posts\/7409\/revisions\/7411"}],"wp:featuredmedia":[{"embeddable":true,"href":"https:\/\/challengeseconomiques.com\/index.php?rest_route=\/wp\/v2\/media\/7410"}],"wp:attachment":[{"href":"https:\/\/challengeseconomiques.com\/index.php?rest_route=%2Fwp%2Fv2%2Fmedia&parent=7409"}],"wp:term":[{"taxonomy":"category","embeddable":true,"href":"https:\/\/challengeseconomiques.com\/index.php?rest_route=%2Fwp%2Fv2%2Fcategories&post=7409"},{"taxonomy":"post_tag","embeddable":true,"href":"https:\/\/challengeseconomiques.com\/index.php?rest_route=%2Fwp%2Fv2%2Ftags&post=7409"}],"curies":[{"name":"wp","href":"https:\/\/api.w.org\/{rel}","templated":true}]}}