{"id":7387,"date":"2024-11-29T08:57:15","date_gmt":"2024-11-29T08:57:15","guid":{"rendered":"https:\/\/challengeseconomiques.com\/?p=7387"},"modified":"2024-11-29T08:59:56","modified_gmt":"2024-11-29T08:59:56","slug":"letat-du-senegal-veut-donner-un-role-central-aux-infrastructures-pour-la-mise-en-oeuvre-de-la-vision-senegal-2050","status":"publish","type":"post","link":"https:\/\/challengeseconomiques.com\/?p=7387","title":{"rendered":"L\u2019Etat du S\u00e9n\u00e9gal veut donner un r\u00f4le central aux infrastructures pour la mise en \u0153uvre de la Vision S\u00e9n\u00e9gal 2050."},"content":{"rendered":"<p>Pape Oumar Diagne,, le repr\u00e9sentant du ministre des infrastructures et des transports terrestres et a\u00e9riens a fait part du v\u0153u de l\u2019Etat du S\u00e9n\u00e9gal \u00e0 l\u2019ouverture de la table ronde sur la relance du secteur du b\u00e2timent et des travaux publics organis\u00e9e par le syndicat national des entreprises du b\u00e2timent et des travaux publics (SNBTP), d\u2019accorder un r\u00f4le central aux infrastructures pour la mise en \u0153uvre de la Vision S\u00e9n\u00e9gal 2050.<\/p>\n<p>Le secteur des B\u00e2timents et des Travaux Publics est selon lui, crucial pour la r\u00e9alisation de la strat\u00e9gie nationale de d\u00e9veloppement Vision S\u00e9n\u00e9gal 2050, r\u00e9cemment lanc\u00e9e par le Pr\u00e9sident de la R\u00e9publique, Bassirou Diomaye Diakhar Faye.<\/p>\n<p>\u00ab\u00a0\u00c0 travers la Vision S\u00e9n\u00e9gal 2050, le S\u00e9n\u00e9gal ambitionne un d\u00e9veloppement durable et inclusif et la mise en \u0153uvre efficace des infrastructures est un pilier fondamental de cette ambition. La construction et les travaux publics sont des leviers essentiels, pour cr\u00e9er des emplois, stimuler l\u2019\u00e9conomie et am\u00e9liorer la qualit\u00e9 de vie des citoyens\u00a0\u00bb, a-t-il fait savoir.<\/p>\n<p>Il a toutefois admis que la r\u00e9ussite de cette Vision ne sera possible que si le S\u00e9n\u00e9gal dispose d\u2019un secteur priv\u00e9 fort et comp\u00e9titif, capable de jouer son r\u00f4le cl\u00e9 en partenariat avec le secteur public.<\/p>\n<p>\u00ab\u00a0C\u2019est en renfor\u00e7ant les capacit\u00e9s de notre secteur priv\u00e9, notamment dans le domaine du b\u00e2timent et des travaux publics, que nous pourrons atteindre les objectifs ambitieux que nous nous sommes fix\u00e9s\u00a0\u00bb, a-t-il soulign\u00e9.<\/p>\n<p>Selon lui, ce n\u2019est qu\u2019avec un \u00ab\u00a0secteur priv\u00e9 dynamique, innovant et comp\u00e9tent\u00a0\u00bb que nous r\u00e9ussirons \u00e0 mettre en place les infrastructures n\u00e9cessaires au d\u00e9veloppement de notre pays et \u00e0 faire du S\u00e9n\u00e9gal un mod\u00e8le de d\u00e9veloppement en Afrique.<\/p>\n<p>Dans cette optique, il a signal\u00e9, qu\u2019il est crucial de veiller \u00e0 l&rsquo;int\u00e9gration de la \u00ab\u00a0pr\u00e9f\u00e9rence nationale\u00a0\u00bb dans la commande publique.<\/p>\n<p>\u00ab\u00a0En effet, afin de garantir une dynamique \u00e9conomique durable et de renforcer la comp\u00e9titivit\u00e9 de nos entreprises locales, il est primordial que les politiques publiques prennent en compte la promotion des capacit\u00e9s nationales \u00e0 travers des m\u00e9canismes, qui favorisent l&rsquo;inclusion des entreprises s\u00e9n\u00e9galaises dans les grands projets d\u2019infrastructures\u00a0\u00bb, a-t-il d\u00e9clar\u00e9.<\/p>\n<p>Il a de ce point estim\u00e9, qu\u2019il faut garantir que les march\u00e9s publics, en particulier ceux li\u00e9s au secteur du b\u00e2timent et des travaux publics, b\u00e9n\u00e9ficient en priorit\u00e9 aux entreprises locales, tout en assurant leur comp\u00e9titivit\u00e9 et leur respect des normes de qualit\u00e9.<\/p>\n<p>Parall\u00e8lement, il a salu\u00e9 l\u2019organisation de la table ronde sur la relance du secteur du b\u00e2timent et des travaux publics. Il se dit convaincu, qu\u2019il permettra de discuter franchement des d\u00e9fis auxquels le secteur est confront\u00e9.<\/p>\n<p>\u00ab\u00a0Les propositions de partenariat que vous pr\u00e9senterez au gouvernement, ainsi que vos recommandations sur la commande publique, l\u2019int\u00e9gration de la pr\u00e9f\u00e9rence nationale et le renforcement des capacit\u00e9s du secteur priv\u00e9, seront pr\u00e9cieuses, pour orienter nos politiques et optimiser l\u2019impact de nos investissements\u00a0\u00bb, a-t-il dit.<\/p>\n","protected":false},"excerpt":{"rendered":"<p>Pape Oumar Diagne,, le repr\u00e9sentant du ministre des infrastructures et des transports terrestres et a\u00e9riens a fait part du v\u0153u de l\u2019Etat du S\u00e9n\u00e9gal \u00e0&#8230;<\/p>\n","protected":false},"author":1,"featured_media":7388,"comment_status":"closed","ping_status":"open","sticky":false,"template":"","format":"standard","meta":{"_jetpack_memberships_contains_paid_content":false,"footnotes":""},"categories":[23,8],"tags":[],"class_list":["post-7387","post","type-post","status-publish","format-standard","has-post-thumbnail","hentry","category-a-la-une","category-actualite-economique","wpcat-23-id","wpcat-8-id"],"yoast_head":"<!-- This site is optimized with the Yoast SEO plugin v27.1.1 - https:\/\/yoast.com\/product\/yoast-seo-wordpress\/ -->\n<title>L\u2019Etat du S\u00e9n\u00e9gal veut donner un r\u00f4le central aux infrastructures pour la mise en \u0153uvre de la Vision S\u00e9n\u00e9gal 2050. - challenges economiques<\/title>\n<meta name=\"robots\" content=\"index, follow, max-snippet:-1, max-image-preview:large, max-video-preview:-1\" \/>\n<link rel=\"canonical\" href=\"https:\/\/challengeseconomiques.com\/?p=7387\" \/>\n<meta property=\"og:locale\" content=\"fr_FR\" \/>\n<meta property=\"og:type\" content=\"article\" \/>\n<meta property=\"og:title\" content=\"L\u2019Etat du S\u00e9n\u00e9gal veut donner un r\u00f4le central aux infrastructures pour la mise en \u0153uvre de la Vision S\u00e9n\u00e9gal 2050. - challenges economiques\" \/>\n<meta property=\"og:description\" content=\"Pape Oumar Diagne,, le repr\u00e9sentant du ministre des infrastructures et des transports terrestres et a\u00e9riens a fait part du v\u0153u de l\u2019Etat du S\u00e9n\u00e9gal \u00e0...\" \/>\n<meta property=\"og:url\" content=\"https:\/\/challengeseconomiques.com\/?p=7387\" \/>\n<meta property=\"og:site_name\" content=\"challenges economiques\" \/>\n<meta property=\"article:published_time\" content=\"2024-11-29T08:57:15+00:00\" \/>\n<meta property=\"article:modified_time\" content=\"2024-11-29T08:59:56+00:00\" \/>\n<meta property=\"og:image\" content=\"https:\/\/challengeseconomiques.com\/wp-content\/uploads\/2024\/11\/kader.jpg\" \/>\n\t<meta property=\"og:image:width\" content=\"1600\" \/>\n\t<meta property=\"og:image:height\" content=\"1066\" \/>\n\t<meta property=\"og:image:type\" content=\"image\/jpeg\" \/>\n<meta name=\"author\" content=\"admin\" \/>\n<meta name=\"twitter:card\" content=\"summary_large_image\" \/>\n<meta name=\"twitter:label1\" content=\"\u00c9crit par\" \/>\n\t<meta name=\"twitter:data1\" content=\"admin\" \/>\n\t<meta name=\"twitter:label2\" content=\"Dur\u00e9e de lecture estim\u00e9e\" \/>\n\t<meta name=\"twitter:data2\" content=\"3 minutes\" \/>\n<script type=\"application\/ld+json\" class=\"yoast-schema-graph\">{\"@context\":\"https:\/\/schema.org\",\"@graph\":[{\"@type\":\"Article\",\"@id\":\"https:\/\/challengeseconomiques.com\/?p=7387#article\",\"isPartOf\":{\"@id\":\"https:\/\/challengeseconomiques.com\/?p=7387\"},\"author\":{\"name\":\"admin\",\"@id\":\"https:\/\/challengeseconomiques.com\/#\/schema\/person\/b4568c9afebc5a9238a771873801e349\"},\"headline\":\"L\u2019Etat du S\u00e9n\u00e9gal veut donner un r\u00f4le central aux infrastructures pour la mise en \u0153uvre de la Vision S\u00e9n\u00e9gal 2050.\",\"datePublished\":\"2024-11-29T08:57:15+00:00\",\"dateModified\":\"2024-11-29T08:59:56+00:00\",\"mainEntityOfPage\":{\"@id\":\"https:\/\/challengeseconomiques.com\/?p=7387\"},\"wordCount\":566,\"image\":{\"@id\":\"https:\/\/challengeseconomiques.com\/?p=7387#primaryimage\"},\"thumbnailUrl\":\"https:\/\/challengeseconomiques.com\/wp-content\/uploads\/2024\/11\/kader.jpg\",\"articleSection\":[\"A la une\",\"Actualit\u00e9 \u00e9conomique\"],\"inLanguage\":\"fr-FR\"},{\"@type\":\"WebPage\",\"@id\":\"https:\/\/challengeseconomiques.com\/?p=7387\",\"url\":\"https:\/\/challengeseconomiques.com\/?p=7387\",\"name\":\"L\u2019Etat du S\u00e9n\u00e9gal veut donner un r\u00f4le central aux infrastructures pour la mise en \u0153uvre de la Vision S\u00e9n\u00e9gal 2050. - challenges economiques\",\"isPartOf\":{\"@id\":\"https:\/\/challengeseconomiques.com\/#website\"},\"primaryImageOfPage\":{\"@id\":\"https:\/\/challengeseconomiques.com\/?p=7387#primaryimage\"},\"image\":{\"@id\":\"https:\/\/challengeseconomiques.com\/?p=7387#primaryimage\"},\"thumbnailUrl\":\"https:\/\/challengeseconomiques.com\/wp-content\/uploads\/2024\/11\/kader.jpg\",\"datePublished\":\"2024-11-29T08:57:15+00:00\",\"dateModified\":\"2024-11-29T08:59:56+00:00\",\"author\":{\"@id\":\"https:\/\/challengeseconomiques.com\/#\/schema\/person\/b4568c9afebc5a9238a771873801e349\"},\"breadcrumb\":{\"@id\":\"https:\/\/challengeseconomiques.com\/?p=7387#breadcrumb\"},\"inLanguage\":\"fr-FR\",\"potentialAction\":[{\"@type\":\"ReadAction\",\"target\":[\"https:\/\/challengeseconomiques.com\/?p=7387\"]}]},{\"@type\":\"ImageObject\",\"inLanguage\":\"fr-FR\",\"@id\":\"https:\/\/challengeseconomiques.com\/?p=7387#primaryimage\",\"url\":\"https:\/\/challengeseconomiques.com\/wp-content\/uploads\/2024\/11\/kader.jpg\",\"contentUrl\":\"https:\/\/challengeseconomiques.com\/wp-content\/uploads\/2024\/11\/kader.jpg\",\"width\":1600,\"height\":1066},{\"@type\":\"BreadcrumbList\",\"@id\":\"https:\/\/challengeseconomiques.com\/?p=7387#breadcrumb\",\"itemListElement\":[{\"@type\":\"ListItem\",\"position\":1,\"name\":\"Home\",\"item\":\"https:\/\/challengeseconomiques.com\/\"},{\"@type\":\"ListItem\",\"position\":2,\"name\":\"L\u2019Etat du S\u00e9n\u00e9gal veut donner un r\u00f4le central aux infrastructures pour la mise en \u0153uvre de la Vision S\u00e9n\u00e9gal 2050.\"}]},{\"@type\":\"WebSite\",\"@id\":\"https:\/\/challengeseconomiques.com\/#website\",\"url\":\"https:\/\/challengeseconomiques.com\/\",\"name\":\"challenges economiques\",\"description\":\"\",\"potentialAction\":[{\"@type\":\"SearchAction\",\"target\":{\"@type\":\"EntryPoint\",\"urlTemplate\":\"https:\/\/challengeseconomiques.com\/?s={search_term_string}\"},\"query-input\":{\"@type\":\"PropertyValueSpecification\",\"valueRequired\":true,\"valueName\":\"search_term_string\"}}],\"inLanguage\":\"fr-FR\"},{\"@type\":\"Person\",\"@id\":\"https:\/\/challengeseconomiques.com\/#\/schema\/person\/b4568c9afebc5a9238a771873801e349\",\"name\":\"admin\",\"image\":{\"@type\":\"ImageObject\",\"inLanguage\":\"fr-FR\",\"@id\":\"https:\/\/challengeseconomiques.com\/#\/schema\/person\/image\/\",\"url\":\"https:\/\/secure.gravatar.com\/avatar\/099e42240b5eea11acdb72751fcce0dd918603f0749d24974b7984ea47ed9fd9?s=96&d=mm&r=g\",\"contentUrl\":\"https:\/\/secure.gravatar.com\/avatar\/099e42240b5eea11acdb72751fcce0dd918603f0749d24974b7984ea47ed9fd9?s=96&d=mm&r=g\",\"caption\":\"admin\"},\"sameAs\":[\"https:\/\/challengeseconomiques.com\"],\"url\":\"https:\/\/challengeseconomiques.com\/?author=1\"}]}<\/script>\n<!-- \/ Yoast SEO plugin. -->","yoast_head_json":{"title":"L\u2019Etat du S\u00e9n\u00e9gal veut donner un r\u00f4le central aux infrastructures pour la mise en \u0153uvre de la Vision S\u00e9n\u00e9gal 2050. - challenges economiques","robots":{"index":"index","follow":"follow","max-snippet":"max-snippet:-1","max-image-preview":"max-image-preview:large","max-video-preview":"max-video-preview:-1"},"canonical":"https:\/\/challengeseconomiques.com\/?p=7387","og_locale":"fr_FR","og_type":"article","og_title":"L\u2019Etat du S\u00e9n\u00e9gal veut donner un r\u00f4le central aux infrastructures pour la mise en \u0153uvre de la Vision S\u00e9n\u00e9gal 2050. - challenges economiques","og_description":"Pape Oumar Diagne,, le repr\u00e9sentant du ministre des infrastructures et des transports terrestres et a\u00e9riens a fait part du v\u0153u de l\u2019Etat du S\u00e9n\u00e9gal \u00e0...","og_url":"https:\/\/challengeseconomiques.com\/?p=7387","og_site_name":"challenges economiques","article_published_time":"2024-11-29T08:57:15+00:00","article_modified_time":"2024-11-29T08:59:56+00:00","og_image":[{"width":1600,"height":1066,"url":"https:\/\/challengeseconomiques.com\/wp-content\/uploads\/2024\/11\/kader.jpg","type":"image\/jpeg"}],"author":"admin","twitter_card":"summary_large_image","twitter_misc":{"\u00c9crit par":"admin","Dur\u00e9e de lecture estim\u00e9e":"3 minutes"},"schema":{"@context":"https:\/\/schema.org","@graph":[{"@type":"Article","@id":"https:\/\/challengeseconomiques.com\/?p=7387#article","isPartOf":{"@id":"https:\/\/challengeseconomiques.com\/?p=7387"},"author":{"name":"admin","@id":"https:\/\/challengeseconomiques.com\/#\/schema\/person\/b4568c9afebc5a9238a771873801e349"},"headline":"L\u2019Etat du S\u00e9n\u00e9gal veut donner un r\u00f4le central aux infrastructures pour la mise en \u0153uvre de la Vision S\u00e9n\u00e9gal 2050.","datePublished":"2024-11-29T08:57:15+00:00","dateModified":"2024-11-29T08:59:56+00:00","mainEntityOfPage":{"@id":"https:\/\/challengeseconomiques.com\/?p=7387"},"wordCount":566,"image":{"@id":"https:\/\/challengeseconomiques.com\/?p=7387#primaryimage"},"thumbnailUrl":"https:\/\/challengeseconomiques.com\/wp-content\/uploads\/2024\/11\/kader.jpg","articleSection":["A la une","Actualit\u00e9 \u00e9conomique"],"inLanguage":"fr-FR"},{"@type":"WebPage","@id":"https:\/\/challengeseconomiques.com\/?p=7387","url":"https:\/\/challengeseconomiques.com\/?p=7387","name":"L\u2019Etat du S\u00e9n\u00e9gal veut donner un r\u00f4le central aux infrastructures pour la mise en \u0153uvre de la Vision S\u00e9n\u00e9gal 2050. - challenges economiques","isPartOf":{"@id":"https:\/\/challengeseconomiques.com\/#website"},"primaryImageOfPage":{"@id":"https:\/\/challengeseconomiques.com\/?p=7387#primaryimage"},"image":{"@id":"https:\/\/challengeseconomiques.com\/?p=7387#primaryimage"},"thumbnailUrl":"https:\/\/challengeseconomiques.com\/wp-content\/uploads\/2024\/11\/kader.jpg","datePublished":"2024-11-29T08:57:15+00:00","dateModified":"2024-11-29T08:59:56+00:00","author":{"@id":"https:\/\/challengeseconomiques.com\/#\/schema\/person\/b4568c9afebc5a9238a771873801e349"},"breadcrumb":{"@id":"https:\/\/challengeseconomiques.com\/?p=7387#breadcrumb"},"inLanguage":"fr-FR","potentialAction":[{"@type":"ReadAction","target":["https:\/\/challengeseconomiques.com\/?p=7387"]}]},{"@type":"ImageObject","inLanguage":"fr-FR","@id":"https:\/\/challengeseconomiques.com\/?p=7387#primaryimage","url":"https:\/\/challengeseconomiques.com\/wp-content\/uploads\/2024\/11\/kader.jpg","contentUrl":"https:\/\/challengeseconomiques.com\/wp-content\/uploads\/2024\/11\/kader.jpg","width":1600,"height":1066},{"@type":"BreadcrumbList","@id":"https:\/\/challengeseconomiques.com\/?p=7387#breadcrumb","itemListElement":[{"@type":"ListItem","position":1,"name":"Home","item":"https:\/\/challengeseconomiques.com\/"},{"@type":"ListItem","position":2,"name":"L\u2019Etat du S\u00e9n\u00e9gal veut donner un r\u00f4le central aux infrastructures pour la mise en \u0153uvre de la Vision S\u00e9n\u00e9gal 2050."}]},{"@type":"WebSite","@id":"https:\/\/challengeseconomiques.com\/#website","url":"https:\/\/challengeseconomiques.com\/","name":"challenges economiques","description":"","potentialAction":[{"@type":"SearchAction","target":{"@type":"EntryPoint","urlTemplate":"https:\/\/challengeseconomiques.com\/?s={search_term_string}"},"query-input":{"@type":"PropertyValueSpecification","valueRequired":true,"valueName":"search_term_string"}}],"inLanguage":"fr-FR"},{"@type":"Person","@id":"https:\/\/challengeseconomiques.com\/#\/schema\/person\/b4568c9afebc5a9238a771873801e349","name":"admin","image":{"@type":"ImageObject","inLanguage":"fr-FR","@id":"https:\/\/challengeseconomiques.com\/#\/schema\/person\/image\/","url":"https:\/\/secure.gravatar.com\/avatar\/099e42240b5eea11acdb72751fcce0dd918603f0749d24974b7984ea47ed9fd9?s=96&d=mm&r=g","contentUrl":"https:\/\/secure.gravatar.com\/avatar\/099e42240b5eea11acdb72751fcce0dd918603f0749d24974b7984ea47ed9fd9?s=96&d=mm&r=g","caption":"admin"},"sameAs":["https:\/\/challengeseconomiques.com"],"url":"https:\/\/challengeseconomiques.com\/?author=1"}]}},"jetpack_featured_media_url":"https:\/\/challengeseconomiques.com\/wp-content\/uploads\/2024\/11\/kader.jpg","jetpack_sharing_enabled":true,"_links":{"self":[{"href":"https:\/\/challengeseconomiques.com\/index.php?rest_route=\/wp\/v2\/posts\/7387","targetHints":{"allow":["GET"]}}],"collection":[{"href":"https:\/\/challengeseconomiques.com\/index.php?rest_route=\/wp\/v2\/posts"}],"about":[{"href":"https:\/\/challengeseconomiques.com\/index.php?rest_route=\/wp\/v2\/types\/post"}],"author":[{"embeddable":true,"href":"https:\/\/challengeseconomiques.com\/index.php?rest_route=\/wp\/v2\/users\/1"}],"replies":[{"embeddable":true,"href":"https:\/\/challengeseconomiques.com\/index.php?rest_route=%2Fwp%2Fv2%2Fcomments&post=7387"}],"version-history":[{"count":2,"href":"https:\/\/challengeseconomiques.com\/index.php?rest_route=\/wp\/v2\/posts\/7387\/revisions"}],"predecessor-version":[{"id":7390,"href":"https:\/\/challengeseconomiques.com\/index.php?rest_route=\/wp\/v2\/posts\/7387\/revisions\/7390"}],"wp:featuredmedia":[{"embeddable":true,"href":"https:\/\/challengeseconomiques.com\/index.php?rest_route=\/wp\/v2\/media\/7388"}],"wp:attachment":[{"href":"https:\/\/challengeseconomiques.com\/index.php?rest_route=%2Fwp%2Fv2%2Fmedia&parent=7387"}],"wp:term":[{"taxonomy":"category","embeddable":true,"href":"https:\/\/challengeseconomiques.com\/index.php?rest_route=%2Fwp%2Fv2%2Fcategories&post=7387"},{"taxonomy":"post_tag","embeddable":true,"href":"https:\/\/challengeseconomiques.com\/index.php?rest_route=%2Fwp%2Fv2%2Ftags&post=7387"}],"curies":[{"name":"wp","href":"https:\/\/api.w.org\/{rel}","templated":true}]}}