{"id":7385,"date":"2024-11-27T14:03:29","date_gmt":"2024-11-27T14:03:29","guid":{"rendered":"https:\/\/challengeseconomiques.com\/?p=7385"},"modified":"2024-11-27T14:05:08","modified_gmt":"2024-11-27T14:05:08","slug":"presidence-de-la-bad-le-senegal-va-officiellement-soutenir-la-candidature-de-amadou-hott","status":"publish","type":"post","link":"https:\/\/challengeseconomiques.com\/?p=7385","title":{"rendered":"Pr\u00e9sidence de la BAD : Le S\u00e9n\u00e9gal va officiellement soutenir la candidature de Amadou Hott"},"content":{"rendered":"<p>Avec la candidature de Amadou Hott, le S\u00e9n\u00e9gal a de fortes chances de retrouver la pr\u00e9sidence du groupe de la Banque africaine de d\u00e9veloppement (BAD), apr\u00e8s le passage r\u00e9ussi de feu Babacar Ndiaye (1985\/ 1995). Ancien ministre de l\u2019\u00e9conomie, du plan et de la coop\u00e9ration du S\u00e9n\u00e9gal, Amadou Hott a \u00e9t\u00e9 avant son retour au bercail, vice-pr\u00e9sident de la BAD. Il conna\u00eet bien la maison puisqu\u2019il y est retourn\u00e9 apr\u00e8s avoir quitt\u00e9 le gouvernement, cette fois ci pour occuper le poste d\u2019envoy\u00e9 sp\u00e9cial du pr\u00e9sident Akinwumi Ad\u00e9sina. A 52 ans Amadou Hott b\u00e9n\u00e9ficie d\u2019une riche carri\u00e8re de plus de 25 ans, dans le domaine des finances.<\/p>\n<p>Selon un communiqu\u00e9 du gouvernement du S\u00e9n\u00e9gal, l\u2019ancien ministre de l\u2019\u00e9conomie sous le magist\u00e8re de Macky Sall \u00a0b\u00e9n\u00e9ficiera de son soutien. En effet, le jeudi 28 novembre 2024 aura lieu, une c\u00e9r\u00e9monie de lancement officiel, de la candidature, de cet \u00e9conomiste et banquier d\u2019affaires chevronn\u00e9, avec la pr\u00e9sence effective du chef de la diplomatie s\u00e9n\u00e9galaise, Mme Yacine Fall. Si le S\u00e9n\u00e9gal r\u00e9ussi \u00e0 relever le d\u00e9fi de porter un autre s\u00e9n\u00e9galais \u00e0 la t\u00eate de cette prestigieuse institution financi\u00e8re, il marquera son retour sur la sc\u00e8ne diplomatique mondiale o\u00f9 d\u2019\u00e9minents fils du pays ont eu \u00e0 occuper des postes d\u2019envergure. C\u2019est le cas de Amadou Makhtar Mbow, Dg de l\u2019Unesco, Jacques Diouf pr\u00e9sident de la FAO, Moussa Tour\u00e9, Pr\u00e9sident de la Commission de l\u2019Uemoa.<\/p>\n","protected":false},"excerpt":{"rendered":"<p>Avec la candidature de Amadou Hott, le S\u00e9n\u00e9gal a de fortes chances de retrouver la pr\u00e9sidence du groupe de la Banque africaine de d\u00e9veloppement (BAD),&#8230;<\/p>\n","protected":false},"author":1,"featured_media":1813,"comment_status":"closed","ping_status":"open","sticky":false,"template":"","format":"standard","meta":{"_jetpack_memberships_contains_paid_content":false,"footnotes":""},"categories":[23,8,10],"tags":[],"class_list":["post-7385","post","type-post","status-publish","format-standard","has-post-thumbnail","hentry","category-a-la-une","category-actualite-economique","category-infos-eco","wpcat-23-id","wpcat-8-id","wpcat-10-id"],"yoast_head":"<!-- This site is optimized with the Yoast SEO plugin v27.1.1 - https:\/\/yoast.com\/product\/yoast-seo-wordpress\/ -->\n<title>Pr\u00e9sidence de la BAD : Le S\u00e9n\u00e9gal va officiellement soutenir la candidature de Amadou Hott - challenges economiques<\/title>\n<meta name=\"robots\" content=\"index, follow, max-snippet:-1, max-image-preview:large, max-video-preview:-1\" \/>\n<link rel=\"canonical\" href=\"https:\/\/challengeseconomiques.com\/?p=7385\" \/>\n<meta property=\"og:locale\" content=\"fr_FR\" \/>\n<meta property=\"og:type\" content=\"article\" \/>\n<meta property=\"og:title\" content=\"Pr\u00e9sidence de la BAD : Le S\u00e9n\u00e9gal va officiellement soutenir la candidature de Amadou Hott - challenges economiques\" \/>\n<meta property=\"og:description\" content=\"Avec la candidature de Amadou Hott, le S\u00e9n\u00e9gal a de fortes chances de retrouver la pr\u00e9sidence du groupe de la Banque africaine de d\u00e9veloppement (BAD),...\" \/>\n<meta property=\"og:url\" content=\"https:\/\/challengeseconomiques.com\/?p=7385\" \/>\n<meta property=\"og:site_name\" content=\"challenges economiques\" \/>\n<meta property=\"article:published_time\" content=\"2024-11-27T14:03:29+00:00\" \/>\n<meta property=\"article:modified_time\" content=\"2024-11-27T14:05:08+00:00\" \/>\n<meta property=\"og:image\" content=\"https:\/\/challengeseconomiques.com\/wp-content\/uploads\/2021\/09\/HOTT-scaled.jpg\" \/>\n\t<meta property=\"og:image:width\" content=\"2560\" \/>\n\t<meta property=\"og:image:height\" content=\"1707\" \/>\n\t<meta property=\"og:image:type\" content=\"image\/jpeg\" \/>\n<meta name=\"author\" content=\"admin\" \/>\n<meta name=\"twitter:card\" content=\"summary_large_image\" \/>\n<meta name=\"twitter:label1\" content=\"\u00c9crit par\" \/>\n\t<meta name=\"twitter:data1\" content=\"admin\" \/>\n\t<meta name=\"twitter:label2\" content=\"Dur\u00e9e de lecture estim\u00e9e\" \/>\n\t<meta name=\"twitter:data2\" content=\"1 minute\" \/>\n<script type=\"application\/ld+json\" class=\"yoast-schema-graph\">{\"@context\":\"https:\/\/schema.org\",\"@graph\":[{\"@type\":\"Article\",\"@id\":\"https:\/\/challengeseconomiques.com\/?p=7385#article\",\"isPartOf\":{\"@id\":\"https:\/\/challengeseconomiques.com\/?p=7385\"},\"author\":{\"name\":\"admin\",\"@id\":\"https:\/\/challengeseconomiques.com\/#\/schema\/person\/b4568c9afebc5a9238a771873801e349\"},\"headline\":\"Pr\u00e9sidence de la BAD : Le S\u00e9n\u00e9gal va officiellement soutenir la candidature de Amadou Hott\",\"datePublished\":\"2024-11-27T14:03:29+00:00\",\"dateModified\":\"2024-11-27T14:05:08+00:00\",\"mainEntityOfPage\":{\"@id\":\"https:\/\/challengeseconomiques.com\/?p=7385\"},\"wordCount\":289,\"image\":{\"@id\":\"https:\/\/challengeseconomiques.com\/?p=7385#primaryimage\"},\"thumbnailUrl\":\"https:\/\/challengeseconomiques.com\/wp-content\/uploads\/2021\/09\/HOTT-scaled.jpg\",\"articleSection\":[\"A la une\",\"Actualit\u00e9 \u00e9conomique\",\"Infos \u00e9co\"],\"inLanguage\":\"fr-FR\"},{\"@type\":\"WebPage\",\"@id\":\"https:\/\/challengeseconomiques.com\/?p=7385\",\"url\":\"https:\/\/challengeseconomiques.com\/?p=7385\",\"name\":\"Pr\u00e9sidence de la BAD : Le S\u00e9n\u00e9gal va officiellement soutenir la candidature de Amadou Hott - challenges economiques\",\"isPartOf\":{\"@id\":\"https:\/\/challengeseconomiques.com\/#website\"},\"primaryImageOfPage\":{\"@id\":\"https:\/\/challengeseconomiques.com\/?p=7385#primaryimage\"},\"image\":{\"@id\":\"https:\/\/challengeseconomiques.com\/?p=7385#primaryimage\"},\"thumbnailUrl\":\"https:\/\/challengeseconomiques.com\/wp-content\/uploads\/2021\/09\/HOTT-scaled.jpg\",\"datePublished\":\"2024-11-27T14:03:29+00:00\",\"dateModified\":\"2024-11-27T14:05:08+00:00\",\"author\":{\"@id\":\"https:\/\/challengeseconomiques.com\/#\/schema\/person\/b4568c9afebc5a9238a771873801e349\"},\"breadcrumb\":{\"@id\":\"https:\/\/challengeseconomiques.com\/?p=7385#breadcrumb\"},\"inLanguage\":\"fr-FR\",\"potentialAction\":[{\"@type\":\"ReadAction\",\"target\":[\"https:\/\/challengeseconomiques.com\/?p=7385\"]}]},{\"@type\":\"ImageObject\",\"inLanguage\":\"fr-FR\",\"@id\":\"https:\/\/challengeseconomiques.com\/?p=7385#primaryimage\",\"url\":\"https:\/\/challengeseconomiques.com\/wp-content\/uploads\/2021\/09\/HOTT-scaled.jpg\",\"contentUrl\":\"https:\/\/challengeseconomiques.com\/wp-content\/uploads\/2021\/09\/HOTT-scaled.jpg\",\"width\":2560,\"height\":1707},{\"@type\":\"BreadcrumbList\",\"@id\":\"https:\/\/challengeseconomiques.com\/?p=7385#breadcrumb\",\"itemListElement\":[{\"@type\":\"ListItem\",\"position\":1,\"name\":\"Home\",\"item\":\"https:\/\/challengeseconomiques.com\/\"},{\"@type\":\"ListItem\",\"position\":2,\"name\":\"Pr\u00e9sidence de la BAD : Le S\u00e9n\u00e9gal va officiellement soutenir la candidature de Amadou Hott\"}]},{\"@type\":\"WebSite\",\"@id\":\"https:\/\/challengeseconomiques.com\/#website\",\"url\":\"https:\/\/challengeseconomiques.com\/\",\"name\":\"challenges economiques\",\"description\":\"\",\"potentialAction\":[{\"@type\":\"SearchAction\",\"target\":{\"@type\":\"EntryPoint\",\"urlTemplate\":\"https:\/\/challengeseconomiques.com\/?s={search_term_string}\"},\"query-input\":{\"@type\":\"PropertyValueSpecification\",\"valueRequired\":true,\"valueName\":\"search_term_string\"}}],\"inLanguage\":\"fr-FR\"},{\"@type\":\"Person\",\"@id\":\"https:\/\/challengeseconomiques.com\/#\/schema\/person\/b4568c9afebc5a9238a771873801e349\",\"name\":\"admin\",\"image\":{\"@type\":\"ImageObject\",\"inLanguage\":\"fr-FR\",\"@id\":\"https:\/\/challengeseconomiques.com\/#\/schema\/person\/image\/\",\"url\":\"https:\/\/secure.gravatar.com\/avatar\/099e42240b5eea11acdb72751fcce0dd918603f0749d24974b7984ea47ed9fd9?s=96&d=mm&r=g\",\"contentUrl\":\"https:\/\/secure.gravatar.com\/avatar\/099e42240b5eea11acdb72751fcce0dd918603f0749d24974b7984ea47ed9fd9?s=96&d=mm&r=g\",\"caption\":\"admin\"},\"sameAs\":[\"https:\/\/challengeseconomiques.com\"],\"url\":\"https:\/\/challengeseconomiques.com\/?author=1\"}]}<\/script>\n<!-- \/ Yoast SEO plugin. -->","yoast_head_json":{"title":"Pr\u00e9sidence de la BAD : Le S\u00e9n\u00e9gal va officiellement soutenir la candidature de Amadou Hott - challenges economiques","robots":{"index":"index","follow":"follow","max-snippet":"max-snippet:-1","max-image-preview":"max-image-preview:large","max-video-preview":"max-video-preview:-1"},"canonical":"https:\/\/challengeseconomiques.com\/?p=7385","og_locale":"fr_FR","og_type":"article","og_title":"Pr\u00e9sidence de la BAD : Le S\u00e9n\u00e9gal va officiellement soutenir la candidature de Amadou Hott - challenges economiques","og_description":"Avec la candidature de Amadou Hott, le S\u00e9n\u00e9gal a de fortes chances de retrouver la pr\u00e9sidence du groupe de la Banque africaine de d\u00e9veloppement (BAD),...","og_url":"https:\/\/challengeseconomiques.com\/?p=7385","og_site_name":"challenges economiques","article_published_time":"2024-11-27T14:03:29+00:00","article_modified_time":"2024-11-27T14:05:08+00:00","og_image":[{"width":2560,"height":1707,"url":"https:\/\/challengeseconomiques.com\/wp-content\/uploads\/2021\/09\/HOTT-scaled.jpg","type":"image\/jpeg"}],"author":"admin","twitter_card":"summary_large_image","twitter_misc":{"\u00c9crit par":"admin","Dur\u00e9e de lecture estim\u00e9e":"1 minute"},"schema":{"@context":"https:\/\/schema.org","@graph":[{"@type":"Article","@id":"https:\/\/challengeseconomiques.com\/?p=7385#article","isPartOf":{"@id":"https:\/\/challengeseconomiques.com\/?p=7385"},"author":{"name":"admin","@id":"https:\/\/challengeseconomiques.com\/#\/schema\/person\/b4568c9afebc5a9238a771873801e349"},"headline":"Pr\u00e9sidence de la BAD : Le S\u00e9n\u00e9gal va officiellement soutenir la candidature de Amadou Hott","datePublished":"2024-11-27T14:03:29+00:00","dateModified":"2024-11-27T14:05:08+00:00","mainEntityOfPage":{"@id":"https:\/\/challengeseconomiques.com\/?p=7385"},"wordCount":289,"image":{"@id":"https:\/\/challengeseconomiques.com\/?p=7385#primaryimage"},"thumbnailUrl":"https:\/\/challengeseconomiques.com\/wp-content\/uploads\/2021\/09\/HOTT-scaled.jpg","articleSection":["A la une","Actualit\u00e9 \u00e9conomique","Infos \u00e9co"],"inLanguage":"fr-FR"},{"@type":"WebPage","@id":"https:\/\/challengeseconomiques.com\/?p=7385","url":"https:\/\/challengeseconomiques.com\/?p=7385","name":"Pr\u00e9sidence de la BAD : Le S\u00e9n\u00e9gal va officiellement soutenir la candidature de Amadou Hott - challenges economiques","isPartOf":{"@id":"https:\/\/challengeseconomiques.com\/#website"},"primaryImageOfPage":{"@id":"https:\/\/challengeseconomiques.com\/?p=7385#primaryimage"},"image":{"@id":"https:\/\/challengeseconomiques.com\/?p=7385#primaryimage"},"thumbnailUrl":"https:\/\/challengeseconomiques.com\/wp-content\/uploads\/2021\/09\/HOTT-scaled.jpg","datePublished":"2024-11-27T14:03:29+00:00","dateModified":"2024-11-27T14:05:08+00:00","author":{"@id":"https:\/\/challengeseconomiques.com\/#\/schema\/person\/b4568c9afebc5a9238a771873801e349"},"breadcrumb":{"@id":"https:\/\/challengeseconomiques.com\/?p=7385#breadcrumb"},"inLanguage":"fr-FR","potentialAction":[{"@type":"ReadAction","target":["https:\/\/challengeseconomiques.com\/?p=7385"]}]},{"@type":"ImageObject","inLanguage":"fr-FR","@id":"https:\/\/challengeseconomiques.com\/?p=7385#primaryimage","url":"https:\/\/challengeseconomiques.com\/wp-content\/uploads\/2021\/09\/HOTT-scaled.jpg","contentUrl":"https:\/\/challengeseconomiques.com\/wp-content\/uploads\/2021\/09\/HOTT-scaled.jpg","width":2560,"height":1707},{"@type":"BreadcrumbList","@id":"https:\/\/challengeseconomiques.com\/?p=7385#breadcrumb","itemListElement":[{"@type":"ListItem","position":1,"name":"Home","item":"https:\/\/challengeseconomiques.com\/"},{"@type":"ListItem","position":2,"name":"Pr\u00e9sidence de la BAD : Le S\u00e9n\u00e9gal va officiellement soutenir la candidature de Amadou Hott"}]},{"@type":"WebSite","@id":"https:\/\/challengeseconomiques.com\/#website","url":"https:\/\/challengeseconomiques.com\/","name":"challenges economiques","description":"","potentialAction":[{"@type":"SearchAction","target":{"@type":"EntryPoint","urlTemplate":"https:\/\/challengeseconomiques.com\/?s={search_term_string}"},"query-input":{"@type":"PropertyValueSpecification","valueRequired":true,"valueName":"search_term_string"}}],"inLanguage":"fr-FR"},{"@type":"Person","@id":"https:\/\/challengeseconomiques.com\/#\/schema\/person\/b4568c9afebc5a9238a771873801e349","name":"admin","image":{"@type":"ImageObject","inLanguage":"fr-FR","@id":"https:\/\/challengeseconomiques.com\/#\/schema\/person\/image\/","url":"https:\/\/secure.gravatar.com\/avatar\/099e42240b5eea11acdb72751fcce0dd918603f0749d24974b7984ea47ed9fd9?s=96&d=mm&r=g","contentUrl":"https:\/\/secure.gravatar.com\/avatar\/099e42240b5eea11acdb72751fcce0dd918603f0749d24974b7984ea47ed9fd9?s=96&d=mm&r=g","caption":"admin"},"sameAs":["https:\/\/challengeseconomiques.com"],"url":"https:\/\/challengeseconomiques.com\/?author=1"}]}},"jetpack_featured_media_url":"https:\/\/challengeseconomiques.com\/wp-content\/uploads\/2021\/09\/HOTT-scaled.jpg","jetpack_sharing_enabled":true,"_links":{"self":[{"href":"https:\/\/challengeseconomiques.com\/index.php?rest_route=\/wp\/v2\/posts\/7385","targetHints":{"allow":["GET"]}}],"collection":[{"href":"https:\/\/challengeseconomiques.com\/index.php?rest_route=\/wp\/v2\/posts"}],"about":[{"href":"https:\/\/challengeseconomiques.com\/index.php?rest_route=\/wp\/v2\/types\/post"}],"author":[{"embeddable":true,"href":"https:\/\/challengeseconomiques.com\/index.php?rest_route=\/wp\/v2\/users\/1"}],"replies":[{"embeddable":true,"href":"https:\/\/challengeseconomiques.com\/index.php?rest_route=%2Fwp%2Fv2%2Fcomments&post=7385"}],"version-history":[{"count":1,"href":"https:\/\/challengeseconomiques.com\/index.php?rest_route=\/wp\/v2\/posts\/7385\/revisions"}],"predecessor-version":[{"id":7386,"href":"https:\/\/challengeseconomiques.com\/index.php?rest_route=\/wp\/v2\/posts\/7385\/revisions\/7386"}],"wp:featuredmedia":[{"embeddable":true,"href":"https:\/\/challengeseconomiques.com\/index.php?rest_route=\/wp\/v2\/media\/1813"}],"wp:attachment":[{"href":"https:\/\/challengeseconomiques.com\/index.php?rest_route=%2Fwp%2Fv2%2Fmedia&parent=7385"}],"wp:term":[{"taxonomy":"category","embeddable":true,"href":"https:\/\/challengeseconomiques.com\/index.php?rest_route=%2Fwp%2Fv2%2Fcategories&post=7385"},{"taxonomy":"post_tag","embeddable":true,"href":"https:\/\/challengeseconomiques.com\/index.php?rest_route=%2Fwp%2Fv2%2Ftags&post=7385"}],"curies":[{"name":"wp","href":"https:\/\/api.w.org\/{rel}","templated":true}]}}