{"id":7383,"date":"2024-11-27T13:16:42","date_gmt":"2024-11-27T13:16:42","guid":{"rendered":"https:\/\/challengeseconomiques.com\/?p=7383"},"modified":"2024-11-27T13:18:31","modified_gmt":"2024-11-27T13:18:31","slug":"la-cnes-sengage-a-soutenir-la-politique-de-souverainete-alimentaire-du-gouvernement","status":"publish","type":"post","link":"https:\/\/challengeseconomiques.com\/?p=7383","title":{"rendered":"La CNES s\u2019engage \u00e0 soutenir la politique de souverainet\u00e9 alimentaire du gouvernement"},"content":{"rendered":"<p>La Conf\u00e9d\u00e9ration nationale des employeurs du S\u00e9n\u00e9gal (CNES) a d\u00e9cid\u00e9 de soutenir la politique de souverainet\u00e9 alimentaire du gouvernement, sur la base d\u2019un protocole d\u2019entente qu\u2019elle a sign\u00e9, mardi, \u00e0 Dakar, avec le minist\u00e8re de l\u2019Agriculture et celui charg\u00e9 de l\u2019Industrie et du Commerce.<\/p>\n<p>Le pr\u00e9sident de la CNES, Adama Lam, a lanc\u00e9 un appel \u00e0 l\u2019augmentation de la production agricole et \u00e0 la construction de chambres froides en vue d\u2019une bonne conservation des produits.<\/p>\n<p>\u2018\u2019Nous avons sollicit\u00e9 le minist\u00e8re de l\u2019Agriculture, de la S\u00e9curit\u00e9 alimentaire et de l\u2019\u00c9levage, et le minist\u00e8re de l\u2019Industrie et du Commerce, pour qu\u2019ils permettent au secteur priv\u00e9 de s\u2019investir [\u2026] dans la r\u00e9sorption du d\u00e9ficit de production alimentaire et le stockage des produits agricoles\u2019\u2019, a dit M. Lam.<\/p>\n<p>Selon le pr\u00e9sident de la CNES, le gouvernement, sur la base du protocole d\u2019entente, mettra des terres \u00e0 la disposition des membres de cette organisation d\u2019employeurs, pour leur permettre de contribuer \u00e0 la politique de souverainet\u00e9 alimentaire de l\u2019\u00c9tat.<\/p>\n<p>En contrepartie des terres mises \u00e0 la disposition de ses membres, la CNES, l\u2019une des principales organisations patronales du pays, va installer des chambres froides dans plusieurs r\u00e9gions du pays pour faciliter le stockage des produits agricoles, a dit son pr\u00e9sident.<\/p>\n<p>\u2018\u2019Nous enregistrons des pertes importantes post-r\u00e9coltes, de l\u2019ordre de 30 %. Nous perdons chaque ann\u00e9e 100.000 tonnes d\u2019oignon et d\u00e9pensons 45 milliards de francs CFA pour importer le m\u00eame produit\u2019\u2019, a signal\u00e9 Sergine Gu\u00e8ye Diop, le ministre de l\u2019Industrie et du Commerce, pour montrer \u00e0 quel point la conservation est importante.<\/p>\n<p>Les importations de produits agricoles co\u00fbtent au S\u00e9n\u00e9gal environ 1.000 milliards de francs CFA par an, selon M. Diop.<\/p>\n<p>La construction des chambres froides va r\u00e9duire consid\u00e9rablement les pertes de r\u00e9coltes, a-t-il assur\u00e9.<\/p>\n<p><strong>(APS)<\/strong><\/p>\n","protected":false},"excerpt":{"rendered":"<p>La Conf\u00e9d\u00e9ration nationale des employeurs du S\u00e9n\u00e9gal (CNES) a d\u00e9cid\u00e9 de soutenir la politique de souverainet\u00e9 alimentaire du gouvernement, sur la base d\u2019un protocole d\u2019entente&#8230;<\/p>\n","protected":false},"author":1,"featured_media":6025,"comment_status":"closed","ping_status":"open","sticky":false,"template":"","format":"standard","meta":{"_jetpack_memberships_contains_paid_content":false,"footnotes":""},"categories":[23,8,10],"tags":[],"class_list":["post-7383","post","type-post","status-publish","format-standard","has-post-thumbnail","hentry","category-a-la-une","category-actualite-economique","category-infos-eco","wpcat-23-id","wpcat-8-id","wpcat-10-id"],"yoast_head":"<!-- This site is optimized with the Yoast SEO plugin v27.1.1 - https:\/\/yoast.com\/product\/yoast-seo-wordpress\/ -->\n<title>La CNES s\u2019engage \u00e0 soutenir la politique de souverainet\u00e9 alimentaire du gouvernement - challenges economiques<\/title>\n<meta name=\"robots\" content=\"index, follow, max-snippet:-1, max-image-preview:large, max-video-preview:-1\" \/>\n<link rel=\"canonical\" href=\"https:\/\/challengeseconomiques.com\/?p=7383\" \/>\n<meta property=\"og:locale\" content=\"fr_FR\" \/>\n<meta property=\"og:type\" content=\"article\" \/>\n<meta property=\"og:title\" content=\"La CNES s\u2019engage \u00e0 soutenir la politique de souverainet\u00e9 alimentaire du gouvernement - challenges economiques\" \/>\n<meta property=\"og:description\" content=\"La Conf\u00e9d\u00e9ration nationale des employeurs du S\u00e9n\u00e9gal (CNES) a d\u00e9cid\u00e9 de soutenir la politique de souverainet\u00e9 alimentaire du gouvernement, sur la base d\u2019un protocole d\u2019entente...\" \/>\n<meta property=\"og:url\" content=\"https:\/\/challengeseconomiques.com\/?p=7383\" \/>\n<meta property=\"og:site_name\" content=\"challenges economiques\" \/>\n<meta property=\"article:published_time\" content=\"2024-11-27T13:16:42+00:00\" \/>\n<meta property=\"article:modified_time\" content=\"2024-11-27T13:18:31+00:00\" \/>\n<meta property=\"og:image\" content=\"https:\/\/challengeseconomiques.com\/wp-content\/uploads\/2024\/02\/adamalamcnes.jpg\" \/>\n\t<meta property=\"og:image:width\" content=\"972\" \/>\n\t<meta property=\"og:image:height\" content=\"965\" \/>\n\t<meta property=\"og:image:type\" content=\"image\/jpeg\" \/>\n<meta name=\"author\" content=\"admin\" \/>\n<meta name=\"twitter:card\" content=\"summary_large_image\" \/>\n<meta name=\"twitter:label1\" content=\"\u00c9crit par\" \/>\n\t<meta name=\"twitter:data1\" content=\"admin\" \/>\n\t<meta name=\"twitter:label2\" content=\"Dur\u00e9e de lecture estim\u00e9e\" \/>\n\t<meta name=\"twitter:data2\" content=\"2 minutes\" \/>\n<script type=\"application\/ld+json\" class=\"yoast-schema-graph\">{\"@context\":\"https:\/\/schema.org\",\"@graph\":[{\"@type\":\"Article\",\"@id\":\"https:\/\/challengeseconomiques.com\/?p=7383#article\",\"isPartOf\":{\"@id\":\"https:\/\/challengeseconomiques.com\/?p=7383\"},\"author\":{\"name\":\"admin\",\"@id\":\"https:\/\/challengeseconomiques.com\/#\/schema\/person\/b4568c9afebc5a9238a771873801e349\"},\"headline\":\"La CNES s\u2019engage \u00e0 soutenir la politique de souverainet\u00e9 alimentaire du gouvernement\",\"datePublished\":\"2024-11-27T13:16:42+00:00\",\"dateModified\":\"2024-11-27T13:18:31+00:00\",\"mainEntityOfPage\":{\"@id\":\"https:\/\/challengeseconomiques.com\/?p=7383\"},\"wordCount\":333,\"image\":{\"@id\":\"https:\/\/challengeseconomiques.com\/?p=7383#primaryimage\"},\"thumbnailUrl\":\"https:\/\/challengeseconomiques.com\/wp-content\/uploads\/2024\/02\/adamalamcnes.jpg\",\"articleSection\":[\"A la une\",\"Actualit\u00e9 \u00e9conomique\",\"Infos \u00e9co\"],\"inLanguage\":\"fr-FR\"},{\"@type\":\"WebPage\",\"@id\":\"https:\/\/challengeseconomiques.com\/?p=7383\",\"url\":\"https:\/\/challengeseconomiques.com\/?p=7383\",\"name\":\"La CNES s\u2019engage \u00e0 soutenir la politique de souverainet\u00e9 alimentaire du gouvernement - challenges economiques\",\"isPartOf\":{\"@id\":\"https:\/\/challengeseconomiques.com\/#website\"},\"primaryImageOfPage\":{\"@id\":\"https:\/\/challengeseconomiques.com\/?p=7383#primaryimage\"},\"image\":{\"@id\":\"https:\/\/challengeseconomiques.com\/?p=7383#primaryimage\"},\"thumbnailUrl\":\"https:\/\/challengeseconomiques.com\/wp-content\/uploads\/2024\/02\/adamalamcnes.jpg\",\"datePublished\":\"2024-11-27T13:16:42+00:00\",\"dateModified\":\"2024-11-27T13:18:31+00:00\",\"author\":{\"@id\":\"https:\/\/challengeseconomiques.com\/#\/schema\/person\/b4568c9afebc5a9238a771873801e349\"},\"breadcrumb\":{\"@id\":\"https:\/\/challengeseconomiques.com\/?p=7383#breadcrumb\"},\"inLanguage\":\"fr-FR\",\"potentialAction\":[{\"@type\":\"ReadAction\",\"target\":[\"https:\/\/challengeseconomiques.com\/?p=7383\"]}]},{\"@type\":\"ImageObject\",\"inLanguage\":\"fr-FR\",\"@id\":\"https:\/\/challengeseconomiques.com\/?p=7383#primaryimage\",\"url\":\"https:\/\/challengeseconomiques.com\/wp-content\/uploads\/2024\/02\/adamalamcnes.jpg\",\"contentUrl\":\"https:\/\/challengeseconomiques.com\/wp-content\/uploads\/2024\/02\/adamalamcnes.jpg\",\"width\":972,\"height\":965},{\"@type\":\"BreadcrumbList\",\"@id\":\"https:\/\/challengeseconomiques.com\/?p=7383#breadcrumb\",\"itemListElement\":[{\"@type\":\"ListItem\",\"position\":1,\"name\":\"Home\",\"item\":\"https:\/\/challengeseconomiques.com\/\"},{\"@type\":\"ListItem\",\"position\":2,\"name\":\"La CNES s\u2019engage \u00e0 soutenir la politique de souverainet\u00e9 alimentaire du gouvernement\"}]},{\"@type\":\"WebSite\",\"@id\":\"https:\/\/challengeseconomiques.com\/#website\",\"url\":\"https:\/\/challengeseconomiques.com\/\",\"name\":\"challenges economiques\",\"description\":\"\",\"potentialAction\":[{\"@type\":\"SearchAction\",\"target\":{\"@type\":\"EntryPoint\",\"urlTemplate\":\"https:\/\/challengeseconomiques.com\/?s={search_term_string}\"},\"query-input\":{\"@type\":\"PropertyValueSpecification\",\"valueRequired\":true,\"valueName\":\"search_term_string\"}}],\"inLanguage\":\"fr-FR\"},{\"@type\":\"Person\",\"@id\":\"https:\/\/challengeseconomiques.com\/#\/schema\/person\/b4568c9afebc5a9238a771873801e349\",\"name\":\"admin\",\"image\":{\"@type\":\"ImageObject\",\"inLanguage\":\"fr-FR\",\"@id\":\"https:\/\/challengeseconomiques.com\/#\/schema\/person\/image\/\",\"url\":\"https:\/\/secure.gravatar.com\/avatar\/099e42240b5eea11acdb72751fcce0dd918603f0749d24974b7984ea47ed9fd9?s=96&d=mm&r=g\",\"contentUrl\":\"https:\/\/secure.gravatar.com\/avatar\/099e42240b5eea11acdb72751fcce0dd918603f0749d24974b7984ea47ed9fd9?s=96&d=mm&r=g\",\"caption\":\"admin\"},\"sameAs\":[\"https:\/\/challengeseconomiques.com\"],\"url\":\"https:\/\/challengeseconomiques.com\/?author=1\"}]}<\/script>\n<!-- \/ Yoast SEO plugin. -->","yoast_head_json":{"title":"La CNES s\u2019engage \u00e0 soutenir la politique de souverainet\u00e9 alimentaire du gouvernement - challenges economiques","robots":{"index":"index","follow":"follow","max-snippet":"max-snippet:-1","max-image-preview":"max-image-preview:large","max-video-preview":"max-video-preview:-1"},"canonical":"https:\/\/challengeseconomiques.com\/?p=7383","og_locale":"fr_FR","og_type":"article","og_title":"La CNES s\u2019engage \u00e0 soutenir la politique de souverainet\u00e9 alimentaire du gouvernement - challenges economiques","og_description":"La Conf\u00e9d\u00e9ration nationale des employeurs du S\u00e9n\u00e9gal (CNES) a d\u00e9cid\u00e9 de soutenir la politique de souverainet\u00e9 alimentaire du gouvernement, sur la base d\u2019un protocole d\u2019entente...","og_url":"https:\/\/challengeseconomiques.com\/?p=7383","og_site_name":"challenges economiques","article_published_time":"2024-11-27T13:16:42+00:00","article_modified_time":"2024-11-27T13:18:31+00:00","og_image":[{"width":972,"height":965,"url":"https:\/\/challengeseconomiques.com\/wp-content\/uploads\/2024\/02\/adamalamcnes.jpg","type":"image\/jpeg"}],"author":"admin","twitter_card":"summary_large_image","twitter_misc":{"\u00c9crit par":"admin","Dur\u00e9e de lecture estim\u00e9e":"2 minutes"},"schema":{"@context":"https:\/\/schema.org","@graph":[{"@type":"Article","@id":"https:\/\/challengeseconomiques.com\/?p=7383#article","isPartOf":{"@id":"https:\/\/challengeseconomiques.com\/?p=7383"},"author":{"name":"admin","@id":"https:\/\/challengeseconomiques.com\/#\/schema\/person\/b4568c9afebc5a9238a771873801e349"},"headline":"La CNES s\u2019engage \u00e0 soutenir la politique de souverainet\u00e9 alimentaire du gouvernement","datePublished":"2024-11-27T13:16:42+00:00","dateModified":"2024-11-27T13:18:31+00:00","mainEntityOfPage":{"@id":"https:\/\/challengeseconomiques.com\/?p=7383"},"wordCount":333,"image":{"@id":"https:\/\/challengeseconomiques.com\/?p=7383#primaryimage"},"thumbnailUrl":"https:\/\/challengeseconomiques.com\/wp-content\/uploads\/2024\/02\/adamalamcnes.jpg","articleSection":["A la une","Actualit\u00e9 \u00e9conomique","Infos \u00e9co"],"inLanguage":"fr-FR"},{"@type":"WebPage","@id":"https:\/\/challengeseconomiques.com\/?p=7383","url":"https:\/\/challengeseconomiques.com\/?p=7383","name":"La CNES s\u2019engage \u00e0 soutenir la politique de souverainet\u00e9 alimentaire du gouvernement - challenges economiques","isPartOf":{"@id":"https:\/\/challengeseconomiques.com\/#website"},"primaryImageOfPage":{"@id":"https:\/\/challengeseconomiques.com\/?p=7383#primaryimage"},"image":{"@id":"https:\/\/challengeseconomiques.com\/?p=7383#primaryimage"},"thumbnailUrl":"https:\/\/challengeseconomiques.com\/wp-content\/uploads\/2024\/02\/adamalamcnes.jpg","datePublished":"2024-11-27T13:16:42+00:00","dateModified":"2024-11-27T13:18:31+00:00","author":{"@id":"https:\/\/challengeseconomiques.com\/#\/schema\/person\/b4568c9afebc5a9238a771873801e349"},"breadcrumb":{"@id":"https:\/\/challengeseconomiques.com\/?p=7383#breadcrumb"},"inLanguage":"fr-FR","potentialAction":[{"@type":"ReadAction","target":["https:\/\/challengeseconomiques.com\/?p=7383"]}]},{"@type":"ImageObject","inLanguage":"fr-FR","@id":"https:\/\/challengeseconomiques.com\/?p=7383#primaryimage","url":"https:\/\/challengeseconomiques.com\/wp-content\/uploads\/2024\/02\/adamalamcnes.jpg","contentUrl":"https:\/\/challengeseconomiques.com\/wp-content\/uploads\/2024\/02\/adamalamcnes.jpg","width":972,"height":965},{"@type":"BreadcrumbList","@id":"https:\/\/challengeseconomiques.com\/?p=7383#breadcrumb","itemListElement":[{"@type":"ListItem","position":1,"name":"Home","item":"https:\/\/challengeseconomiques.com\/"},{"@type":"ListItem","position":2,"name":"La CNES s\u2019engage \u00e0 soutenir la politique de souverainet\u00e9 alimentaire du gouvernement"}]},{"@type":"WebSite","@id":"https:\/\/challengeseconomiques.com\/#website","url":"https:\/\/challengeseconomiques.com\/","name":"challenges economiques","description":"","potentialAction":[{"@type":"SearchAction","target":{"@type":"EntryPoint","urlTemplate":"https:\/\/challengeseconomiques.com\/?s={search_term_string}"},"query-input":{"@type":"PropertyValueSpecification","valueRequired":true,"valueName":"search_term_string"}}],"inLanguage":"fr-FR"},{"@type":"Person","@id":"https:\/\/challengeseconomiques.com\/#\/schema\/person\/b4568c9afebc5a9238a771873801e349","name":"admin","image":{"@type":"ImageObject","inLanguage":"fr-FR","@id":"https:\/\/challengeseconomiques.com\/#\/schema\/person\/image\/","url":"https:\/\/secure.gravatar.com\/avatar\/099e42240b5eea11acdb72751fcce0dd918603f0749d24974b7984ea47ed9fd9?s=96&d=mm&r=g","contentUrl":"https:\/\/secure.gravatar.com\/avatar\/099e42240b5eea11acdb72751fcce0dd918603f0749d24974b7984ea47ed9fd9?s=96&d=mm&r=g","caption":"admin"},"sameAs":["https:\/\/challengeseconomiques.com"],"url":"https:\/\/challengeseconomiques.com\/?author=1"}]}},"jetpack_featured_media_url":"https:\/\/challengeseconomiques.com\/wp-content\/uploads\/2024\/02\/adamalamcnes.jpg","jetpack_sharing_enabled":true,"_links":{"self":[{"href":"https:\/\/challengeseconomiques.com\/index.php?rest_route=\/wp\/v2\/posts\/7383","targetHints":{"allow":["GET"]}}],"collection":[{"href":"https:\/\/challengeseconomiques.com\/index.php?rest_route=\/wp\/v2\/posts"}],"about":[{"href":"https:\/\/challengeseconomiques.com\/index.php?rest_route=\/wp\/v2\/types\/post"}],"author":[{"embeddable":true,"href":"https:\/\/challengeseconomiques.com\/index.php?rest_route=\/wp\/v2\/users\/1"}],"replies":[{"embeddable":true,"href":"https:\/\/challengeseconomiques.com\/index.php?rest_route=%2Fwp%2Fv2%2Fcomments&post=7383"}],"version-history":[{"count":1,"href":"https:\/\/challengeseconomiques.com\/index.php?rest_route=\/wp\/v2\/posts\/7383\/revisions"}],"predecessor-version":[{"id":7384,"href":"https:\/\/challengeseconomiques.com\/index.php?rest_route=\/wp\/v2\/posts\/7383\/revisions\/7384"}],"wp:featuredmedia":[{"embeddable":true,"href":"https:\/\/challengeseconomiques.com\/index.php?rest_route=\/wp\/v2\/media\/6025"}],"wp:attachment":[{"href":"https:\/\/challengeseconomiques.com\/index.php?rest_route=%2Fwp%2Fv2%2Fmedia&parent=7383"}],"wp:term":[{"taxonomy":"category","embeddable":true,"href":"https:\/\/challengeseconomiques.com\/index.php?rest_route=%2Fwp%2Fv2%2Fcategories&post=7383"},{"taxonomy":"post_tag","embeddable":true,"href":"https:\/\/challengeseconomiques.com\/index.php?rest_route=%2Fwp%2Fv2%2Ftags&post=7383"}],"curies":[{"name":"wp","href":"https:\/\/api.w.org\/{rel}","templated":true}]}}