{"id":7379,"date":"2024-11-26T21:14:07","date_gmt":"2024-11-26T21:14:07","guid":{"rendered":"https:\/\/challengeseconomiques.com\/?p=7379"},"modified":"2024-11-26T21:14:37","modified_gmt":"2024-11-26T21:14:37","slug":"free-senegal-change-de-nom-et-devient-yas-senegal","status":"publish","type":"post","link":"https:\/\/challengeseconomiques.com\/?p=7379","title":{"rendered":"Free S\u00e9n\u00e9gal change de nom et devient YAS S\u00e9n\u00e9gal"},"content":{"rendered":"<p><strong>Kamal OKBA, Directeur g\u00e9n\u00e9ral de Yas S\u00e9n\u00e9gal<\/strong><\/p>\n<p>Kamal Okba, le directeur g\u00e9n\u00e9ral de l\u2019op\u00e9rateur Free S\u00e9n\u00e9gal a annonc\u00e9 mardi 26 novembre 2024 que son entreprise change de nom et devient d\u00e9sormais YAS S\u00e9n\u00e9gal. \u00c0 l\u2019occasion de la c\u00e9r\u00e9monie d\u2019annonce de ce changement, M. Okba est revenu sur ce que son entreprise compte apporter concr\u00e8tement en termes de changements et de qualit\u00e9 de services \u00e0 ses clients et partenaires.<\/p>\n<p>En effet, le directeur de YAS S\u00e9n\u00e9gal a affirm\u00e9 qu\u2019\u00e0 travers ce nom, son entreprise veut \u00eatre le partenaire, qui amplifie les capacit\u00e9s de ses clients et partenaires, r\u00e9alise leurs r\u00eaves grands ou petits et les en rapproche et qui veut rester \u00e0 leurs c\u00f4t\u00e9s dans tous les moments de la vie,<\/p>\n<p>\u00ab\u00a0YAS S\u00e9n\u00e9gal est un peu comme cet ami de toujours, qui accompagne les consommateurs et les rassure. Cette \u00e9volution n\u2019est pas seulement cosm\u00e9tique. C\u2019est un engagement profond d\u2019\u00eatre un alli\u00e9 pour chaque s\u00e9n\u00e9galaise et chaque s\u00e9n\u00e9galaise, un partenaire, qui soutient l\u2019\u00e9panouissement individuel et collectif \u00e0 travers la technologie\u00a0\u00bb, a relev\u00e9 le dirigeant de cette entreprise.<\/p>\n<p>Il faut souligner que ce changement de nom de l\u2019entreprise t\u00e9l\u00e9com fait suite \u00e0 l\u2019arriv\u00e9e d\u2019AXIAN, une entreprise malgache, qui est devenu actionnaire principal de Free S\u00e9n\u00e9gal. \u00c0 noter que ce changement de nom concerne aussi Free Money, qui de fait devient MIXX by YAS.<\/p>\n<p>\u00ab\u00a0Notre promesse en tant que YAS et MIXX by YAS est de r\u00e9affirmer notre engagement \u00e0 \u00eatre personnel, accessible, coh\u00e9rent et sans effort en \u00e9tant un alli\u00e9 de nos partenaires. YAS va nous guider dans nos actions. C\u2019est une promesse pour nos coll\u00e8gues, nos clients et nos partenaires\u00a0\u00bb, a notamment dit Kamal Okba.<\/p>\n<p>Pour lui, YAS S\u00e9n\u00e9gal repr\u00e9sente l\u2019engagement de son entreprise \u00e0 garantir que chaque exp\u00e9rience avec leurs diff\u00e9rents services soit fluide, solidaire et significative dans l\u2019ensemble de leurs op\u00e9rations avec l\u2019\u00e9cosyst\u00e8me client, partenaire et entit\u00e9s du gouvernement.<\/p>\n<p>\u00ab\u00a0Dans chaque service que nous fournissons et chaque relation que nous construisons avec nos clients, YAS n\u2019aura de sens que si nous sommes un alli\u00e9 pour nos clients. Ce que nous faisons \u00e0 travers YAS et MIXX by YAS, Ce que nous faisons \u00e0 travers YAS et MIXX by YAS, c\u2019est surtout offrir des services viables pour l\u2019ensemble de nos clients \u00bb, a-t-il soutenu.<\/p>\n<p>Adnane Hadj Messaoud, le directeur commercial de YAS S\u00e9n\u00e9gal ex Free S\u00e9n\u00e9gal a pour sa part, indiqu\u00e9 que les services de l\u2019op\u00e9rateur vont devenir meilleurs. Et \u00e7a se verra, selon lui, tous les jours dans les actes qui seront pos\u00e9s.<\/p>\n<p>\u00ab\u00a0Le changement ne se fera pas seulement avec le nom. Il y a des am\u00e9liorations qui doivent se faire dans la qualit\u00e9 de services. Nous avons la chance d\u2019avoir un r\u00e9gulateur tr\u00e8s exigeant, ce qui est tr\u00e8s bien et nous comptons suivre ses recommandations, afin d\u2019am\u00e9liorer la qualit\u00e9 de nos services. Et honn\u00eatement, \u00e7a nous permettra d\u2019avoir une meilleure version de nous-m\u00eames\u00a0\u00bb, a-t-il r\u00e9v\u00e9l\u00e9.<\/p>\n<p>Il a en outre annonc\u00e9 qu\u2019il y a en ce qui concerne les tarifs de belles choses, qui sont en perspective, en pr\u00e9cisant que l\u2019objectif de YAS S\u00e9n\u00e9gal \u00e0 ce propos est d\u2019amener beaucoup de valeurs ajout\u00e9es. Il a aussi ajout\u00e9 que l\u2019op\u00e9rateur compte se conformer \u00e0 la d\u00e9marche de souverainet\u00e9 sur le plan num\u00e9rique des nouvelles autorit\u00e9s du S\u00e9n\u00e9gal<\/p>\n<p>\u00ab\u00a0La premi\u00e8re bonne nouvelle est qu\u2019il est clair que nous sommes aujourd\u2019hui devenus une entreprise 100% africaine et panafricaine. \u00c7a fait partie des orientations du nouveau r\u00e9gime. Deuxi\u00e8mement nous sommes tr\u00e8s en contact et d\u00e9veloppons des relations solides avec les nouvelles autorit\u00e9s. Nous avons beaucoup de programmes que nous comptons d\u00e9voiler, notamment sur l\u2019accompagnement des entrepreneurs et des startups\u00a0\u00bb, a-t-il d\u00e9taill\u00e9.<\/p>\n<p>Ainsi, M. Messaoud a parall\u00e8lement fait part du v\u0153u est en outre d\u2019accompagner la formalisation du secteur informel et \u00e0 faire du digital une priorit\u00e9.<\/p>\n<p>\u00ab\u00a0Aujourd\u2019hui, nous sommes convaincus que le digital et les t\u00e9l\u00e9communications sont devenus des n\u00e9cessit\u00e9s aussi importantes que l\u2019eau et l\u2019\u00e9lectricit\u00e9. Nous nous engageons de ce point de vue \u00e0 le rendre accessible \u00e0 tous les s\u00e9n\u00e9galais et \u00e0 toutes les s\u00e9n\u00e9galaises\u00a0\u00bb, a-t-il not\u00e9.<\/p>\n<p><img fetchpriority=\"high\" decoding=\"async\" class=\"alignnone  wp-image-7381\" src=\"https:\/\/challengeseconomiques.com\/wp-content\/uploads\/2024\/11\/MESSAOUD-300x169.jpg\" alt=\"\" width=\"488\" height=\"275\" srcset=\"https:\/\/challengeseconomiques.com\/wp-content\/uploads\/2024\/11\/MESSAOUD-300x169.jpg 300w, https:\/\/challengeseconomiques.com\/wp-content\/uploads\/2024\/11\/MESSAOUD-1024x576.jpg 1024w, https:\/\/challengeseconomiques.com\/wp-content\/uploads\/2024\/11\/MESSAOUD-768x432.jpg 768w, https:\/\/challengeseconomiques.com\/wp-content\/uploads\/2024\/11\/MESSAOUD-1118x629.jpg 1118w, https:\/\/challengeseconomiques.com\/wp-content\/uploads\/2024\/11\/MESSAOUD.jpg 1280w\" sizes=\"(max-width: 488px) 100vw, 488px\" \/><\/p>\n<p>Le repr\u00e9sentant du ministre de la communication, des t\u00e9l\u00e9communications et du num\u00e9rique a profit\u00e9 de l\u2019occasion, pour rappeler la vision du pr\u00e9sident de la R\u00e9publique, Bassirou Diomaye Diakhar Faye, dont il a pr\u00e9cis\u00e9 qu\u2019il est en train de cr\u00e9er les meilleures conditions, afin de booster l\u2019\u00e9conomie nationale \u00e0 travers le num\u00e9rique.<\/p>\n<p>Il a \u00e0 ce propos rappel\u00e9 que l\u2019adoption de la nouvelle strat\u00e9gie nationale de d\u00e9veloppement 2025-2029 mat\u00e9rialise le point de d\u00e9part d\u2019une d\u00e9marche de promotion d\u2019un d\u00e9veloppement endog\u00e8ne durable port\u00e9 par des territoires responsabilis\u00e9s, viables et comp\u00e9titifs, qui jettent les bases de la souverainet\u00e9 \u00e9conomique.<\/p>\n<p>\u00ab\u00a0La strat\u00e9gie de transformation syst\u00e9mique du S\u00e9n\u00e9gal, qui constitue le r\u00e9f\u00e9rentiel de la politique \u00e9conomique et sociale du S\u00e9n\u00e9gal se d\u00e9cline en quatre axes strat\u00e9giques, l\u2019axe 1 est consacr\u00e9e \u00e0 l\u2019\u00e9conomie comp\u00e9titive. Il s\u2019agit entre autres d\u2019acc\u00e9l\u00e9rer la r\u00e9volution num\u00e9rique\u00a0\u00bb, a-t-il fait remarquer.<\/p>\n<p>Vu le r\u00f4le central que joue le num\u00e9rique dans le climat des affaires, il y a \u00e0 son avis, une interactive n\u00e9cessit\u00e9 que les op\u00e9rateurs des t\u00e9l\u00e9communications fournissent des services de qualit\u00e9 abordable et accessible de mani\u00e8re \u00e9quitable sur l\u2019ensemble du territoire national pour une v\u00e9ritable inclusion num\u00e9rique.<\/p>\n<p>Il est par ailleurs revenu sur la ferme volont\u00e9 du ministre de la communication, des t\u00e9l\u00e9communications et du num\u00e9rique dans un effort continu de favoriser un environnement propice au d\u00e9veloppement d\u2019activit\u00e9s li\u00e9es au d\u00e9veloppement des technologies de l\u2019information et de la communication.<\/p>\n<p><strong>Idrissa GUEYE<\/strong><\/p>\n","protected":false},"excerpt":{"rendered":"<p>Kamal OKBA, Directeur g\u00e9n\u00e9ral de Yas S\u00e9n\u00e9gal Kamal Okba, le directeur g\u00e9n\u00e9ral de l\u2019op\u00e9rateur Free S\u00e9n\u00e9gal a annonc\u00e9 mardi 26 novembre 2024 que son entreprise&#8230;<\/p>\n","protected":false},"author":3,"featured_media":7380,"comment_status":"closed","ping_status":"open","sticky":false,"template":"","format":"standard","meta":{"_jetpack_memberships_contains_paid_content":false,"footnotes":""},"categories":[23,10],"tags":[],"class_list":["post-7379","post","type-post","status-publish","format-standard","has-post-thumbnail","hentry","category-a-la-une","category-infos-eco","wpcat-23-id","wpcat-10-id"],"yoast_head":"<!-- This site is optimized with the Yoast SEO plugin v27.1.1 - https:\/\/yoast.com\/product\/yoast-seo-wordpress\/ -->\n<title>Free S\u00e9n\u00e9gal change de nom et devient YAS S\u00e9n\u00e9gal - challenges economiques<\/title>\n<meta name=\"robots\" content=\"index, follow, max-snippet:-1, max-image-preview:large, max-video-preview:-1\" \/>\n<link rel=\"canonical\" href=\"https:\/\/challengeseconomiques.com\/?p=7379\" \/>\n<meta property=\"og:locale\" content=\"fr_FR\" \/>\n<meta property=\"og:type\" content=\"article\" \/>\n<meta property=\"og:title\" content=\"Free S\u00e9n\u00e9gal change de nom et devient YAS S\u00e9n\u00e9gal - challenges economiques\" \/>\n<meta property=\"og:description\" content=\"Kamal OKBA, Directeur g\u00e9n\u00e9ral de Yas S\u00e9n\u00e9gal Kamal Okba, le directeur g\u00e9n\u00e9ral de l\u2019op\u00e9rateur Free S\u00e9n\u00e9gal a annonc\u00e9 mardi 26 novembre 2024 que son entreprise...\" \/>\n<meta property=\"og:url\" content=\"https:\/\/challengeseconomiques.com\/?p=7379\" \/>\n<meta property=\"og:site_name\" content=\"challenges economiques\" \/>\n<meta property=\"article:published_time\" content=\"2024-11-26T21:14:07+00:00\" \/>\n<meta property=\"article:modified_time\" content=\"2024-11-26T21:14:37+00:00\" \/>\n<meta property=\"og:image\" content=\"https:\/\/challengeseconomiques.com\/wp-content\/uploads\/2024\/11\/KAMALOKBAYAS.jpg\" \/>\n\t<meta property=\"og:image:width\" content=\"1280\" \/>\n\t<meta property=\"og:image:height\" content=\"720\" \/>\n\t<meta property=\"og:image:type\" content=\"image\/jpeg\" \/>\n<meta name=\"author\" content=\"aliou kane ndiaye\" \/>\n<meta name=\"twitter:card\" content=\"summary_large_image\" \/>\n<meta name=\"twitter:label1\" content=\"\u00c9crit par\" \/>\n\t<meta name=\"twitter:data1\" content=\"aliou kane ndiaye\" \/>\n\t<meta name=\"twitter:label2\" content=\"Dur\u00e9e de lecture estim\u00e9e\" \/>\n\t<meta name=\"twitter:data2\" content=\"5 minutes\" \/>\n<script type=\"application\/ld+json\" class=\"yoast-schema-graph\">{\"@context\":\"https:\/\/schema.org\",\"@graph\":[{\"@type\":\"Article\",\"@id\":\"https:\/\/challengeseconomiques.com\/?p=7379#article\",\"isPartOf\":{\"@id\":\"https:\/\/challengeseconomiques.com\/?p=7379\"},\"author\":{\"name\":\"aliou kane ndiaye\",\"@id\":\"https:\/\/challengeseconomiques.com\/#\/schema\/person\/2f70a31e102db1741c1a1c00c2bbd8a6\"},\"headline\":\"Free S\u00e9n\u00e9gal change de nom et devient YAS S\u00e9n\u00e9gal\",\"datePublished\":\"2024-11-26T21:14:07+00:00\",\"dateModified\":\"2024-11-26T21:14:37+00:00\",\"mainEntityOfPage\":{\"@id\":\"https:\/\/challengeseconomiques.com\/?p=7379\"},\"wordCount\":1068,\"image\":{\"@id\":\"https:\/\/challengeseconomiques.com\/?p=7379#primaryimage\"},\"thumbnailUrl\":\"https:\/\/challengeseconomiques.com\/wp-content\/uploads\/2024\/11\/KAMALOKBAYAS.jpg\",\"articleSection\":[\"A la une\",\"Infos \u00e9co\"],\"inLanguage\":\"fr-FR\"},{\"@type\":\"WebPage\",\"@id\":\"https:\/\/challengeseconomiques.com\/?p=7379\",\"url\":\"https:\/\/challengeseconomiques.com\/?p=7379\",\"name\":\"Free S\u00e9n\u00e9gal change de nom et devient YAS S\u00e9n\u00e9gal - challenges economiques\",\"isPartOf\":{\"@id\":\"https:\/\/challengeseconomiques.com\/#website\"},\"primaryImageOfPage\":{\"@id\":\"https:\/\/challengeseconomiques.com\/?p=7379#primaryimage\"},\"image\":{\"@id\":\"https:\/\/challengeseconomiques.com\/?p=7379#primaryimage\"},\"thumbnailUrl\":\"https:\/\/challengeseconomiques.com\/wp-content\/uploads\/2024\/11\/KAMALOKBAYAS.jpg\",\"datePublished\":\"2024-11-26T21:14:07+00:00\",\"dateModified\":\"2024-11-26T21:14:37+00:00\",\"author\":{\"@id\":\"https:\/\/challengeseconomiques.com\/#\/schema\/person\/2f70a31e102db1741c1a1c00c2bbd8a6\"},\"breadcrumb\":{\"@id\":\"https:\/\/challengeseconomiques.com\/?p=7379#breadcrumb\"},\"inLanguage\":\"fr-FR\",\"potentialAction\":[{\"@type\":\"ReadAction\",\"target\":[\"https:\/\/challengeseconomiques.com\/?p=7379\"]}]},{\"@type\":\"ImageObject\",\"inLanguage\":\"fr-FR\",\"@id\":\"https:\/\/challengeseconomiques.com\/?p=7379#primaryimage\",\"url\":\"https:\/\/challengeseconomiques.com\/wp-content\/uploads\/2024\/11\/KAMALOKBAYAS.jpg\",\"contentUrl\":\"https:\/\/challengeseconomiques.com\/wp-content\/uploads\/2024\/11\/KAMALOKBAYAS.jpg\",\"width\":1280,\"height\":720},{\"@type\":\"BreadcrumbList\",\"@id\":\"https:\/\/challengeseconomiques.com\/?p=7379#breadcrumb\",\"itemListElement\":[{\"@type\":\"ListItem\",\"position\":1,\"name\":\"Home\",\"item\":\"https:\/\/challengeseconomiques.com\/\"},{\"@type\":\"ListItem\",\"position\":2,\"name\":\"Free S\u00e9n\u00e9gal change de nom et devient YAS S\u00e9n\u00e9gal\"}]},{\"@type\":\"WebSite\",\"@id\":\"https:\/\/challengeseconomiques.com\/#website\",\"url\":\"https:\/\/challengeseconomiques.com\/\",\"name\":\"challenges economiques\",\"description\":\"\",\"potentialAction\":[{\"@type\":\"SearchAction\",\"target\":{\"@type\":\"EntryPoint\",\"urlTemplate\":\"https:\/\/challengeseconomiques.com\/?s={search_term_string}\"},\"query-input\":{\"@type\":\"PropertyValueSpecification\",\"valueRequired\":true,\"valueName\":\"search_term_string\"}}],\"inLanguage\":\"fr-FR\"},{\"@type\":\"Person\",\"@id\":\"https:\/\/challengeseconomiques.com\/#\/schema\/person\/2f70a31e102db1741c1a1c00c2bbd8a6\",\"name\":\"aliou kane ndiaye\",\"image\":{\"@type\":\"ImageObject\",\"inLanguage\":\"fr-FR\",\"@id\":\"https:\/\/challengeseconomiques.com\/#\/schema\/person\/image\/\",\"url\":\"https:\/\/secure.gravatar.com\/avatar\/df942321e58711a9f1fee838e446766660477bacd4b42fa20400d2c7cf4da7ca?s=96&d=mm&r=g\",\"contentUrl\":\"https:\/\/secure.gravatar.com\/avatar\/df942321e58711a9f1fee838e446766660477bacd4b42fa20400d2c7cf4da7ca?s=96&d=mm&r=g\",\"caption\":\"aliou kane ndiaye\"},\"sameAs\":[\"http:\/\/www.challengeseconomiques.com\"],\"url\":\"https:\/\/challengeseconomiques.com\/?author=3\"}]}<\/script>\n<!-- \/ Yoast SEO plugin. -->","yoast_head_json":{"title":"Free S\u00e9n\u00e9gal change de nom et devient YAS S\u00e9n\u00e9gal - challenges economiques","robots":{"index":"index","follow":"follow","max-snippet":"max-snippet:-1","max-image-preview":"max-image-preview:large","max-video-preview":"max-video-preview:-1"},"canonical":"https:\/\/challengeseconomiques.com\/?p=7379","og_locale":"fr_FR","og_type":"article","og_title":"Free S\u00e9n\u00e9gal change de nom et devient YAS S\u00e9n\u00e9gal - challenges economiques","og_description":"Kamal OKBA, Directeur g\u00e9n\u00e9ral de Yas S\u00e9n\u00e9gal Kamal Okba, le directeur g\u00e9n\u00e9ral de l\u2019op\u00e9rateur Free S\u00e9n\u00e9gal a annonc\u00e9 mardi 26 novembre 2024 que son entreprise...","og_url":"https:\/\/challengeseconomiques.com\/?p=7379","og_site_name":"challenges economiques","article_published_time":"2024-11-26T21:14:07+00:00","article_modified_time":"2024-11-26T21:14:37+00:00","og_image":[{"width":1280,"height":720,"url":"https:\/\/challengeseconomiques.com\/wp-content\/uploads\/2024\/11\/KAMALOKBAYAS.jpg","type":"image\/jpeg"}],"author":"aliou kane ndiaye","twitter_card":"summary_large_image","twitter_misc":{"\u00c9crit par":"aliou kane ndiaye","Dur\u00e9e de lecture estim\u00e9e":"5 minutes"},"schema":{"@context":"https:\/\/schema.org","@graph":[{"@type":"Article","@id":"https:\/\/challengeseconomiques.com\/?p=7379#article","isPartOf":{"@id":"https:\/\/challengeseconomiques.com\/?p=7379"},"author":{"name":"aliou kane ndiaye","@id":"https:\/\/challengeseconomiques.com\/#\/schema\/person\/2f70a31e102db1741c1a1c00c2bbd8a6"},"headline":"Free S\u00e9n\u00e9gal change de nom et devient YAS S\u00e9n\u00e9gal","datePublished":"2024-11-26T21:14:07+00:00","dateModified":"2024-11-26T21:14:37+00:00","mainEntityOfPage":{"@id":"https:\/\/challengeseconomiques.com\/?p=7379"},"wordCount":1068,"image":{"@id":"https:\/\/challengeseconomiques.com\/?p=7379#primaryimage"},"thumbnailUrl":"https:\/\/challengeseconomiques.com\/wp-content\/uploads\/2024\/11\/KAMALOKBAYAS.jpg","articleSection":["A la une","Infos \u00e9co"],"inLanguage":"fr-FR"},{"@type":"WebPage","@id":"https:\/\/challengeseconomiques.com\/?p=7379","url":"https:\/\/challengeseconomiques.com\/?p=7379","name":"Free S\u00e9n\u00e9gal change de nom et devient YAS S\u00e9n\u00e9gal - challenges economiques","isPartOf":{"@id":"https:\/\/challengeseconomiques.com\/#website"},"primaryImageOfPage":{"@id":"https:\/\/challengeseconomiques.com\/?p=7379#primaryimage"},"image":{"@id":"https:\/\/challengeseconomiques.com\/?p=7379#primaryimage"},"thumbnailUrl":"https:\/\/challengeseconomiques.com\/wp-content\/uploads\/2024\/11\/KAMALOKBAYAS.jpg","datePublished":"2024-11-26T21:14:07+00:00","dateModified":"2024-11-26T21:14:37+00:00","author":{"@id":"https:\/\/challengeseconomiques.com\/#\/schema\/person\/2f70a31e102db1741c1a1c00c2bbd8a6"},"breadcrumb":{"@id":"https:\/\/challengeseconomiques.com\/?p=7379#breadcrumb"},"inLanguage":"fr-FR","potentialAction":[{"@type":"ReadAction","target":["https:\/\/challengeseconomiques.com\/?p=7379"]}]},{"@type":"ImageObject","inLanguage":"fr-FR","@id":"https:\/\/challengeseconomiques.com\/?p=7379#primaryimage","url":"https:\/\/challengeseconomiques.com\/wp-content\/uploads\/2024\/11\/KAMALOKBAYAS.jpg","contentUrl":"https:\/\/challengeseconomiques.com\/wp-content\/uploads\/2024\/11\/KAMALOKBAYAS.jpg","width":1280,"height":720},{"@type":"BreadcrumbList","@id":"https:\/\/challengeseconomiques.com\/?p=7379#breadcrumb","itemListElement":[{"@type":"ListItem","position":1,"name":"Home","item":"https:\/\/challengeseconomiques.com\/"},{"@type":"ListItem","position":2,"name":"Free S\u00e9n\u00e9gal change de nom et devient YAS S\u00e9n\u00e9gal"}]},{"@type":"WebSite","@id":"https:\/\/challengeseconomiques.com\/#website","url":"https:\/\/challengeseconomiques.com\/","name":"challenges economiques","description":"","potentialAction":[{"@type":"SearchAction","target":{"@type":"EntryPoint","urlTemplate":"https:\/\/challengeseconomiques.com\/?s={search_term_string}"},"query-input":{"@type":"PropertyValueSpecification","valueRequired":true,"valueName":"search_term_string"}}],"inLanguage":"fr-FR"},{"@type":"Person","@id":"https:\/\/challengeseconomiques.com\/#\/schema\/person\/2f70a31e102db1741c1a1c00c2bbd8a6","name":"aliou kane ndiaye","image":{"@type":"ImageObject","inLanguage":"fr-FR","@id":"https:\/\/challengeseconomiques.com\/#\/schema\/person\/image\/","url":"https:\/\/secure.gravatar.com\/avatar\/df942321e58711a9f1fee838e446766660477bacd4b42fa20400d2c7cf4da7ca?s=96&d=mm&r=g","contentUrl":"https:\/\/secure.gravatar.com\/avatar\/df942321e58711a9f1fee838e446766660477bacd4b42fa20400d2c7cf4da7ca?s=96&d=mm&r=g","caption":"aliou kane ndiaye"},"sameAs":["http:\/\/www.challengeseconomiques.com"],"url":"https:\/\/challengeseconomiques.com\/?author=3"}]}},"jetpack_featured_media_url":"https:\/\/challengeseconomiques.com\/wp-content\/uploads\/2024\/11\/KAMALOKBAYAS.jpg","jetpack_sharing_enabled":true,"_links":{"self":[{"href":"https:\/\/challengeseconomiques.com\/index.php?rest_route=\/wp\/v2\/posts\/7379","targetHints":{"allow":["GET"]}}],"collection":[{"href":"https:\/\/challengeseconomiques.com\/index.php?rest_route=\/wp\/v2\/posts"}],"about":[{"href":"https:\/\/challengeseconomiques.com\/index.php?rest_route=\/wp\/v2\/types\/post"}],"author":[{"embeddable":true,"href":"https:\/\/challengeseconomiques.com\/index.php?rest_route=\/wp\/v2\/users\/3"}],"replies":[{"embeddable":true,"href":"https:\/\/challengeseconomiques.com\/index.php?rest_route=%2Fwp%2Fv2%2Fcomments&post=7379"}],"version-history":[{"count":1,"href":"https:\/\/challengeseconomiques.com\/index.php?rest_route=\/wp\/v2\/posts\/7379\/revisions"}],"predecessor-version":[{"id":7382,"href":"https:\/\/challengeseconomiques.com\/index.php?rest_route=\/wp\/v2\/posts\/7379\/revisions\/7382"}],"wp:featuredmedia":[{"embeddable":true,"href":"https:\/\/challengeseconomiques.com\/index.php?rest_route=\/wp\/v2\/media\/7380"}],"wp:attachment":[{"href":"https:\/\/challengeseconomiques.com\/index.php?rest_route=%2Fwp%2Fv2%2Fmedia&parent=7379"}],"wp:term":[{"taxonomy":"category","embeddable":true,"href":"https:\/\/challengeseconomiques.com\/index.php?rest_route=%2Fwp%2Fv2%2Fcategories&post=7379"},{"taxonomy":"post_tag","embeddable":true,"href":"https:\/\/challengeseconomiques.com\/index.php?rest_route=%2Fwp%2Fv2%2Ftags&post=7379"}],"curies":[{"name":"wp","href":"https:\/\/api.w.org\/{rel}","templated":true}]}}