{"id":7344,"date":"2024-11-14T14:26:28","date_gmt":"2024-11-14T14:26:28","guid":{"rendered":"https:\/\/challengeseconomiques.com\/?p=7344"},"modified":"2024-11-14T14:27:03","modified_gmt":"2024-11-14T14:27:03","slug":"lue-nenvisage-pas-un-renouvelement-des-accords-de-peche-avec-le-senegal-a-cause-de-la-peche-inn","status":"publish","type":"post","link":"https:\/\/challengeseconomiques.com\/?p=7344","title":{"rendered":"L\u2019UE n\u2019envisage pas un renouv\u00e8lement des accords de p\u00eache avec le S\u00e9n\u00e9gal \u00e0 cause de la p\u00eache INN"},"content":{"rendered":"<p>L\u2019union europ\u00e9enne (UE) n\u2019envisage pas un renouv\u00e8lement des accords de p\u00eache, qui le lient avec le S\u00e9n\u00e9gal en raison des d\u00e9faillances constat\u00e9es dans la lutte contre la p\u00eache illicite, non d\u00e9clar\u00e9e et non r\u00e9glement\u00e9e (INN). L\u2019UE ne peut envisager le renouvellement du protocole tant qu\u2019il n\u2019y a pas de progr\u00e8s suffisants du S\u00e9n\u00e9gal dans ce domaine, indique un communiqu\u00e9 de l\u2019institution.<\/p>\n<p>Il faut rappeler que le protocole de mise en \u0153uvre de l\u2019accord de p\u00eache entre le S\u00e9n\u00e9gal et l\u2019Union europ\u00e9enne (UE) vient \u00e0 terme le 17 novembre 2024, cinq ans apr\u00e8s le d\u00e9but de son application.<\/p>\n<p>\u00ab\u00a0La Commission europ\u00e9enne a pr\u00e9-identifi\u00e9\u00a0le S\u00e9n\u00e9gal comme pays non-coop\u00e9rant dans le cadre de la lutte contre la p\u00eache INN. Cette d\u00e9cision s\u2019inscrit dans la politique de tol\u00e9rance z\u00e9ro de l\u2019UE vis-\u00e0-vis de la p\u00eache INN et fait suite \u00e0 plusieurs ann\u00e9es de discussion avec les autorit\u00e9s s\u00e9n\u00e9galaises\u00a0\u00bb, explique l\u2019UE dans son communiqu\u00e9.<\/p>\n<p>L\u2019institution europ\u00e9enne poursuit en indiquant que dans un souci de coh\u00e9rence politique,\u00a0la commission europ\u00e9enne\u00a0a adopt\u00e9 pour principe de surseoir \u00e0 tout renouvellement d\u2019un protocole de mise en \u0153uvre d\u2019un accord de partenariat de p\u00eache avec un \u00c9tat c\u00f4tier tant que cette d\u00e9cision n\u2019\u00e9tait pas retir\u00e9e.<\/p>\n<p>L\u2019UE annonce toutefois qu\u2019un dialogue formel entre les autorit\u00e9s s\u00e9n\u00e9galaises et europ\u00e9ennes sur les questions de p\u00eache INN s\u2019est ouvert, avec pour objectif de r\u00e9soudre les probl\u00e8mes identifi\u00e9s. La source pr\u00e9cise cependant que dans l\u2019attente d\u2019une \u00e9volution favorable, l\u2019accord de p\u00eache entre l\u2019UE et le S\u00e9n\u00e9gal ne sera pas renouvel\u00e9.<\/p>\n<p>\u00ab\u00a0Les navires europ\u00e9ens devront donc quitter les eaux du S\u00e9n\u00e9gal \u00e0 l\u2019expiration du protocole, le 17 novembre, et le S\u00e9n\u00e9gal ne recevra plus de contribution financi\u00e8re dans le cadre de l\u2019accord de p\u00eache\u00a0\u00bb, d\u00e9taille l\u2019UE.<\/p>\n<p>Il faut noter que l\u2019absence de protocole de p\u00eache entre l\u2019UE et le S\u00e9n\u00e9gal n\u2019est pas une premi\u00e8re. Entre 2006 et 2014, l\u2019accord avait en effet \u00e9t\u00e9 stopp\u00e9, permettant aux deux parties d&rsquo;\u00e9valuer et de ren\u00e9gocier les conditions. La r\u00e9union de la Commission mixte \u00e0 Bruxelles les 5 et 6 novembre a permis au S\u00e9n\u00e9gal et \u00e0 l\u2019UE d\u2019avoir des \u00e9changes constructifs.<\/p>\n<p><strong>Idrissa GUEYE<\/strong><\/p>\n","protected":false},"excerpt":{"rendered":"<p>L\u2019union europ\u00e9enne (UE) n\u2019envisage pas un renouv\u00e8lement des accords de p\u00eache, qui le lient avec le S\u00e9n\u00e9gal en raison des d\u00e9faillances constat\u00e9es dans la lutte&#8230;<\/p>\n","protected":false},"author":3,"featured_media":6461,"comment_status":"closed","ping_status":"open","sticky":false,"template":"","format":"standard","meta":{"_jetpack_memberships_contains_paid_content":false,"footnotes":""},"categories":[23,8],"tags":[],"class_list":["post-7344","post","type-post","status-publish","format-standard","has-post-thumbnail","hentry","category-a-la-une","category-actualite-economique","wpcat-23-id","wpcat-8-id"],"yoast_head":"<!-- This site is optimized with the Yoast SEO plugin v27.1.1 - https:\/\/yoast.com\/product\/yoast-seo-wordpress\/ -->\n<title>L\u2019UE n\u2019envisage pas un renouv\u00e8lement des accords de p\u00eache avec le S\u00e9n\u00e9gal \u00e0 cause de la p\u00eache INN - challenges economiques<\/title>\n<meta name=\"robots\" content=\"index, follow, max-snippet:-1, max-image-preview:large, max-video-preview:-1\" \/>\n<link rel=\"canonical\" href=\"https:\/\/challengeseconomiques.com\/?p=7344\" \/>\n<meta property=\"og:locale\" content=\"fr_FR\" \/>\n<meta property=\"og:type\" content=\"article\" \/>\n<meta property=\"og:title\" content=\"L\u2019UE n\u2019envisage pas un renouv\u00e8lement des accords de p\u00eache avec le S\u00e9n\u00e9gal \u00e0 cause de la p\u00eache INN - challenges economiques\" \/>\n<meta property=\"og:description\" content=\"L\u2019union europ\u00e9enne (UE) n\u2019envisage pas un renouv\u00e8lement des accords de p\u00eache, qui le lient avec le S\u00e9n\u00e9gal en raison des d\u00e9faillances constat\u00e9es dans la lutte...\" \/>\n<meta property=\"og:url\" content=\"https:\/\/challengeseconomiques.com\/?p=7344\" \/>\n<meta property=\"og:site_name\" content=\"challenges economiques\" \/>\n<meta property=\"article:published_time\" content=\"2024-11-14T14:26:28+00:00\" \/>\n<meta property=\"article:modified_time\" content=\"2024-11-14T14:27:03+00:00\" \/>\n<meta property=\"og:image\" content=\"https:\/\/challengeseconomiques.com\/wp-content\/uploads\/2024\/05\/pecheartisanale.jpg\" \/>\n\t<meta property=\"og:image:width\" content=\"735\" \/>\n\t<meta property=\"og:image:height\" content=\"450\" \/>\n\t<meta property=\"og:image:type\" content=\"image\/jpeg\" \/>\n<meta name=\"author\" content=\"aliou kane ndiaye\" \/>\n<meta name=\"twitter:card\" content=\"summary_large_image\" \/>\n<meta name=\"twitter:label1\" content=\"\u00c9crit par\" \/>\n\t<meta name=\"twitter:data1\" content=\"aliou kane ndiaye\" \/>\n\t<meta name=\"twitter:label2\" content=\"Dur\u00e9e de lecture estim\u00e9e\" \/>\n\t<meta name=\"twitter:data2\" content=\"2 minutes\" \/>\n<script type=\"application\/ld+json\" class=\"yoast-schema-graph\">{\"@context\":\"https:\/\/schema.org\",\"@graph\":[{\"@type\":\"Article\",\"@id\":\"https:\/\/challengeseconomiques.com\/?p=7344#article\",\"isPartOf\":{\"@id\":\"https:\/\/challengeseconomiques.com\/?p=7344\"},\"author\":{\"name\":\"aliou kane ndiaye\",\"@id\":\"https:\/\/challengeseconomiques.com\/#\/schema\/person\/2f70a31e102db1741c1a1c00c2bbd8a6\"},\"headline\":\"L\u2019UE n\u2019envisage pas un renouv\u00e8lement des accords de p\u00eache avec le S\u00e9n\u00e9gal \u00e0 cause de la p\u00eache INN\",\"datePublished\":\"2024-11-14T14:26:28+00:00\",\"dateModified\":\"2024-11-14T14:27:03+00:00\",\"mainEntityOfPage\":{\"@id\":\"https:\/\/challengeseconomiques.com\/?p=7344\"},\"wordCount\":460,\"image\":{\"@id\":\"https:\/\/challengeseconomiques.com\/?p=7344#primaryimage\"},\"thumbnailUrl\":\"https:\/\/challengeseconomiques.com\/wp-content\/uploads\/2024\/05\/pecheartisanale.jpg\",\"articleSection\":[\"A la une\",\"Actualit\u00e9 \u00e9conomique\"],\"inLanguage\":\"fr-FR\"},{\"@type\":\"WebPage\",\"@id\":\"https:\/\/challengeseconomiques.com\/?p=7344\",\"url\":\"https:\/\/challengeseconomiques.com\/?p=7344\",\"name\":\"L\u2019UE n\u2019envisage pas un renouv\u00e8lement des accords de p\u00eache avec le S\u00e9n\u00e9gal \u00e0 cause de la p\u00eache INN - challenges economiques\",\"isPartOf\":{\"@id\":\"https:\/\/challengeseconomiques.com\/#website\"},\"primaryImageOfPage\":{\"@id\":\"https:\/\/challengeseconomiques.com\/?p=7344#primaryimage\"},\"image\":{\"@id\":\"https:\/\/challengeseconomiques.com\/?p=7344#primaryimage\"},\"thumbnailUrl\":\"https:\/\/challengeseconomiques.com\/wp-content\/uploads\/2024\/05\/pecheartisanale.jpg\",\"datePublished\":\"2024-11-14T14:26:28+00:00\",\"dateModified\":\"2024-11-14T14:27:03+00:00\",\"author\":{\"@id\":\"https:\/\/challengeseconomiques.com\/#\/schema\/person\/2f70a31e102db1741c1a1c00c2bbd8a6\"},\"breadcrumb\":{\"@id\":\"https:\/\/challengeseconomiques.com\/?p=7344#breadcrumb\"},\"inLanguage\":\"fr-FR\",\"potentialAction\":[{\"@type\":\"ReadAction\",\"target\":[\"https:\/\/challengeseconomiques.com\/?p=7344\"]}]},{\"@type\":\"ImageObject\",\"inLanguage\":\"fr-FR\",\"@id\":\"https:\/\/challengeseconomiques.com\/?p=7344#primaryimage\",\"url\":\"https:\/\/challengeseconomiques.com\/wp-content\/uploads\/2024\/05\/pecheartisanale.jpg\",\"contentUrl\":\"https:\/\/challengeseconomiques.com\/wp-content\/uploads\/2024\/05\/pecheartisanale.jpg\",\"width\":735,\"height\":450},{\"@type\":\"BreadcrumbList\",\"@id\":\"https:\/\/challengeseconomiques.com\/?p=7344#breadcrumb\",\"itemListElement\":[{\"@type\":\"ListItem\",\"position\":1,\"name\":\"Home\",\"item\":\"https:\/\/challengeseconomiques.com\/\"},{\"@type\":\"ListItem\",\"position\":2,\"name\":\"L\u2019UE n\u2019envisage pas un renouv\u00e8lement des accords de p\u00eache avec le S\u00e9n\u00e9gal \u00e0 cause de la p\u00eache INN\"}]},{\"@type\":\"WebSite\",\"@id\":\"https:\/\/challengeseconomiques.com\/#website\",\"url\":\"https:\/\/challengeseconomiques.com\/\",\"name\":\"challenges economiques\",\"description\":\"\",\"potentialAction\":[{\"@type\":\"SearchAction\",\"target\":{\"@type\":\"EntryPoint\",\"urlTemplate\":\"https:\/\/challengeseconomiques.com\/?s={search_term_string}\"},\"query-input\":{\"@type\":\"PropertyValueSpecification\",\"valueRequired\":true,\"valueName\":\"search_term_string\"}}],\"inLanguage\":\"fr-FR\"},{\"@type\":\"Person\",\"@id\":\"https:\/\/challengeseconomiques.com\/#\/schema\/person\/2f70a31e102db1741c1a1c00c2bbd8a6\",\"name\":\"aliou kane ndiaye\",\"image\":{\"@type\":\"ImageObject\",\"inLanguage\":\"fr-FR\",\"@id\":\"https:\/\/challengeseconomiques.com\/#\/schema\/person\/image\/\",\"url\":\"https:\/\/secure.gravatar.com\/avatar\/df942321e58711a9f1fee838e446766660477bacd4b42fa20400d2c7cf4da7ca?s=96&d=mm&r=g\",\"contentUrl\":\"https:\/\/secure.gravatar.com\/avatar\/df942321e58711a9f1fee838e446766660477bacd4b42fa20400d2c7cf4da7ca?s=96&d=mm&r=g\",\"caption\":\"aliou kane ndiaye\"},\"sameAs\":[\"http:\/\/www.challengeseconomiques.com\"],\"url\":\"https:\/\/challengeseconomiques.com\/?author=3\"}]}<\/script>\n<!-- \/ Yoast SEO plugin. -->","yoast_head_json":{"title":"L\u2019UE n\u2019envisage pas un renouv\u00e8lement des accords de p\u00eache avec le S\u00e9n\u00e9gal \u00e0 cause de la p\u00eache INN - challenges economiques","robots":{"index":"index","follow":"follow","max-snippet":"max-snippet:-1","max-image-preview":"max-image-preview:large","max-video-preview":"max-video-preview:-1"},"canonical":"https:\/\/challengeseconomiques.com\/?p=7344","og_locale":"fr_FR","og_type":"article","og_title":"L\u2019UE n\u2019envisage pas un renouv\u00e8lement des accords de p\u00eache avec le S\u00e9n\u00e9gal \u00e0 cause de la p\u00eache INN - challenges economiques","og_description":"L\u2019union europ\u00e9enne (UE) n\u2019envisage pas un renouv\u00e8lement des accords de p\u00eache, qui le lient avec le S\u00e9n\u00e9gal en raison des d\u00e9faillances constat\u00e9es dans la lutte...","og_url":"https:\/\/challengeseconomiques.com\/?p=7344","og_site_name":"challenges economiques","article_published_time":"2024-11-14T14:26:28+00:00","article_modified_time":"2024-11-14T14:27:03+00:00","og_image":[{"width":735,"height":450,"url":"https:\/\/challengeseconomiques.com\/wp-content\/uploads\/2024\/05\/pecheartisanale.jpg","type":"image\/jpeg"}],"author":"aliou kane ndiaye","twitter_card":"summary_large_image","twitter_misc":{"\u00c9crit par":"aliou kane ndiaye","Dur\u00e9e de lecture estim\u00e9e":"2 minutes"},"schema":{"@context":"https:\/\/schema.org","@graph":[{"@type":"Article","@id":"https:\/\/challengeseconomiques.com\/?p=7344#article","isPartOf":{"@id":"https:\/\/challengeseconomiques.com\/?p=7344"},"author":{"name":"aliou kane ndiaye","@id":"https:\/\/challengeseconomiques.com\/#\/schema\/person\/2f70a31e102db1741c1a1c00c2bbd8a6"},"headline":"L\u2019UE n\u2019envisage pas un renouv\u00e8lement des accords de p\u00eache avec le S\u00e9n\u00e9gal \u00e0 cause de la p\u00eache INN","datePublished":"2024-11-14T14:26:28+00:00","dateModified":"2024-11-14T14:27:03+00:00","mainEntityOfPage":{"@id":"https:\/\/challengeseconomiques.com\/?p=7344"},"wordCount":460,"image":{"@id":"https:\/\/challengeseconomiques.com\/?p=7344#primaryimage"},"thumbnailUrl":"https:\/\/challengeseconomiques.com\/wp-content\/uploads\/2024\/05\/pecheartisanale.jpg","articleSection":["A la une","Actualit\u00e9 \u00e9conomique"],"inLanguage":"fr-FR"},{"@type":"WebPage","@id":"https:\/\/challengeseconomiques.com\/?p=7344","url":"https:\/\/challengeseconomiques.com\/?p=7344","name":"L\u2019UE n\u2019envisage pas un renouv\u00e8lement des accords de p\u00eache avec le S\u00e9n\u00e9gal \u00e0 cause de la p\u00eache INN - challenges economiques","isPartOf":{"@id":"https:\/\/challengeseconomiques.com\/#website"},"primaryImageOfPage":{"@id":"https:\/\/challengeseconomiques.com\/?p=7344#primaryimage"},"image":{"@id":"https:\/\/challengeseconomiques.com\/?p=7344#primaryimage"},"thumbnailUrl":"https:\/\/challengeseconomiques.com\/wp-content\/uploads\/2024\/05\/pecheartisanale.jpg","datePublished":"2024-11-14T14:26:28+00:00","dateModified":"2024-11-14T14:27:03+00:00","author":{"@id":"https:\/\/challengeseconomiques.com\/#\/schema\/person\/2f70a31e102db1741c1a1c00c2bbd8a6"},"breadcrumb":{"@id":"https:\/\/challengeseconomiques.com\/?p=7344#breadcrumb"},"inLanguage":"fr-FR","potentialAction":[{"@type":"ReadAction","target":["https:\/\/challengeseconomiques.com\/?p=7344"]}]},{"@type":"ImageObject","inLanguage":"fr-FR","@id":"https:\/\/challengeseconomiques.com\/?p=7344#primaryimage","url":"https:\/\/challengeseconomiques.com\/wp-content\/uploads\/2024\/05\/pecheartisanale.jpg","contentUrl":"https:\/\/challengeseconomiques.com\/wp-content\/uploads\/2024\/05\/pecheartisanale.jpg","width":735,"height":450},{"@type":"BreadcrumbList","@id":"https:\/\/challengeseconomiques.com\/?p=7344#breadcrumb","itemListElement":[{"@type":"ListItem","position":1,"name":"Home","item":"https:\/\/challengeseconomiques.com\/"},{"@type":"ListItem","position":2,"name":"L\u2019UE n\u2019envisage pas un renouv\u00e8lement des accords de p\u00eache avec le S\u00e9n\u00e9gal \u00e0 cause de la p\u00eache INN"}]},{"@type":"WebSite","@id":"https:\/\/challengeseconomiques.com\/#website","url":"https:\/\/challengeseconomiques.com\/","name":"challenges economiques","description":"","potentialAction":[{"@type":"SearchAction","target":{"@type":"EntryPoint","urlTemplate":"https:\/\/challengeseconomiques.com\/?s={search_term_string}"},"query-input":{"@type":"PropertyValueSpecification","valueRequired":true,"valueName":"search_term_string"}}],"inLanguage":"fr-FR"},{"@type":"Person","@id":"https:\/\/challengeseconomiques.com\/#\/schema\/person\/2f70a31e102db1741c1a1c00c2bbd8a6","name":"aliou kane ndiaye","image":{"@type":"ImageObject","inLanguage":"fr-FR","@id":"https:\/\/challengeseconomiques.com\/#\/schema\/person\/image\/","url":"https:\/\/secure.gravatar.com\/avatar\/df942321e58711a9f1fee838e446766660477bacd4b42fa20400d2c7cf4da7ca?s=96&d=mm&r=g","contentUrl":"https:\/\/secure.gravatar.com\/avatar\/df942321e58711a9f1fee838e446766660477bacd4b42fa20400d2c7cf4da7ca?s=96&d=mm&r=g","caption":"aliou kane ndiaye"},"sameAs":["http:\/\/www.challengeseconomiques.com"],"url":"https:\/\/challengeseconomiques.com\/?author=3"}]}},"jetpack_featured_media_url":"https:\/\/challengeseconomiques.com\/wp-content\/uploads\/2024\/05\/pecheartisanale.jpg","jetpack_sharing_enabled":true,"_links":{"self":[{"href":"https:\/\/challengeseconomiques.com\/index.php?rest_route=\/wp\/v2\/posts\/7344","targetHints":{"allow":["GET"]}}],"collection":[{"href":"https:\/\/challengeseconomiques.com\/index.php?rest_route=\/wp\/v2\/posts"}],"about":[{"href":"https:\/\/challengeseconomiques.com\/index.php?rest_route=\/wp\/v2\/types\/post"}],"author":[{"embeddable":true,"href":"https:\/\/challengeseconomiques.com\/index.php?rest_route=\/wp\/v2\/users\/3"}],"replies":[{"embeddable":true,"href":"https:\/\/challengeseconomiques.com\/index.php?rest_route=%2Fwp%2Fv2%2Fcomments&post=7344"}],"version-history":[{"count":1,"href":"https:\/\/challengeseconomiques.com\/index.php?rest_route=\/wp\/v2\/posts\/7344\/revisions"}],"predecessor-version":[{"id":7345,"href":"https:\/\/challengeseconomiques.com\/index.php?rest_route=\/wp\/v2\/posts\/7344\/revisions\/7345"}],"wp:featuredmedia":[{"embeddable":true,"href":"https:\/\/challengeseconomiques.com\/index.php?rest_route=\/wp\/v2\/media\/6461"}],"wp:attachment":[{"href":"https:\/\/challengeseconomiques.com\/index.php?rest_route=%2Fwp%2Fv2%2Fmedia&parent=7344"}],"wp:term":[{"taxonomy":"category","embeddable":true,"href":"https:\/\/challengeseconomiques.com\/index.php?rest_route=%2Fwp%2Fv2%2Fcategories&post=7344"},{"taxonomy":"post_tag","embeddable":true,"href":"https:\/\/challengeseconomiques.com\/index.php?rest_route=%2Fwp%2Fv2%2Ftags&post=7344"}],"curies":[{"name":"wp","href":"https:\/\/api.w.org\/{rel}","templated":true}]}}