{"id":7335,"date":"2024-11-12T13:31:47","date_gmt":"2024-11-12T13:31:47","guid":{"rendered":"https:\/\/challengeseconomiques.com\/?p=7335"},"modified":"2024-11-12T13:32:30","modified_gmt":"2024-11-12T13:32:30","slug":"a-dakar-luemoa-procede-a-une-evaluation-de-ses-reformes-projets-et-programmes-au-senegal","status":"publish","type":"post","link":"https:\/\/challengeseconomiques.com\/?p=7335","title":{"rendered":"\u00c0 Dakar, l\u2019UEMOA proc\u00e8de \u00e0 une \u00e9valuation de ses r\u00e9formes, projets et programmes au S\u00e9n\u00e9gal"},"content":{"rendered":"<p>L\u2019Union \u00e9conomique et mon\u00e9taire ouest-africaine (UEMOA) a entam\u00e9, lundi, \u00e0 Dakar, une \u00e9valuation annuelle de ses r\u00e9formes, politiques, projets et programmes au S\u00e9n\u00e9gal.<\/p>\n<p>Lors de cette rencontre de trois jours, des experts de l\u2019UEMOA et des repr\u00e9sentants de l\u2019\u00c9tat du S\u00e9n\u00e9gal vont examiner 132 textes r\u00e9glementaires et six projets et programmes communautaires, indique un document de l\u2019organisation.<\/p>\n<p>\u2018\u2019L\u2019exercice de la revue qui nous r\u00e9unit ce matin s\u2019inscrit dans le processus d\u2019identification des facteurs [susceptibles d\u2019entraver les] efforts communautaires\u2019\u2019, a expliqu\u00e9 Amadou Tchambou, le repr\u00e9sentant de l\u2019UEMOA au S\u00e9n\u00e9gal.<\/p>\n<p>\u2018\u2019La revue r\u00e9alis\u00e9e en 2023 a permis de noter des avanc\u00e9es significatives en mati\u00e8re de transposition et d\u2019application des r\u00e9formes communautaires [au S\u00e9n\u00e9gal]. Les performances enregistr\u00e9es par le S\u00e9n\u00e9gal en 2023 r\u00e9v\u00e8lent un taux moyen de mise en \u0153uvre des r\u00e9formes de 77,53 %\u2019\u2019, indique un document de la Commission de l\u2019UEMOA.<\/p>\n<p>Il rappelle que cette revue annuelle, qui se tient dans chacun des huit pays membres de l\u2019organisation, a \u00e9t\u00e9 institu\u00e9e en octobre 2013.<\/p>\n<p>Elle sert \u00e0 acc\u00e9l\u00e9rer l\u2019application des r\u00e9formes, politiques, projets et programmes communautaires au sein des pays membres, et \u00e0 approfondir l\u2019int\u00e9gration r\u00e9gionale.<\/p>\n<p>&nbsp;<\/p>\n<p>\u2018\u2019On n\u2019a plus besoin de prouver que, dans un environnement mondial en perp\u00e9tuelle mutation, les r\u00e9formes constituent \u00e0 la fois une r\u00e9ponse pertinente et un levier privil\u00e9gi\u00e9 pour s\u2019adapter aux nouvelles situations et relever les nouveaux d\u00e9fis\u2019\u2019, a soulign\u00e9 Alioune Ndiaye, un conseiller technique du ministre s\u00e9n\u00e9galais des Finances et du Budget.<\/p>\n<p>S\u2019exprimant lors de cette 10<sup>e<\/sup> revue annuelle, M. Ndiaye assure qu\u2019elle donnera \u2018\u2019un coup d\u2019acc\u00e9l\u00e9rateur\u2019\u2019 \u00e0 la mise en \u0153uvre des r\u00e9formes, politiques, projets et programmes de l\u2019UEMOA au S\u00e9n\u00e9gal.<\/p>\n<p>Il a f\u00e9licit\u00e9 les experts nationaux pour leur volont\u00e9 de \u2018\u2019faire du S\u00e9n\u00e9gal un bon \u00e9l\u00e8ve\u2019\u2019 de la mise en \u0153uvre des r\u00e9formes communautaires.<\/p>\n<p>La revue annuelle a l\u2019avantage de promouvoir \u2018\u2019une saine \u00e9mulation\u2019\u2019 au sein des \u00c9tats membres de l\u2019UEMOA, selon Amadou Tchambou.<\/p>\n<p>Elle leur a permis d\u2019obtenir de bons r\u00e9sultats en mati\u00e8re d\u2019int\u00e9gration r\u00e9gionale et de mise en \u0153uvre des projets et programmes, selon M. Tchambou.<\/p>\n<p>Les conclusions de la r\u00e9union de trois jours feront l\u2019objet d\u2019un m\u00e9morandum, qui sera soumis au gouvernement et au pr\u00e9sident s\u00e9n\u00e9galais, ainsi qu\u2019\u00e0 la Commission de l\u2019UEMOA, selon le repr\u00e9sentant de cette organisation au S\u00e9n\u00e9gal.<\/p>\n<p><strong>(APS)\u00a0 <\/strong><\/p>\n","protected":false},"excerpt":{"rendered":"<p>L\u2019Union \u00e9conomique et mon\u00e9taire ouest-africaine (UEMOA) a entam\u00e9, lundi, \u00e0 Dakar, une \u00e9valuation annuelle de ses r\u00e9formes, politiques, projets et programmes au S\u00e9n\u00e9gal. Lors de&#8230;<\/p>\n","protected":false},"author":1,"featured_media":7336,"comment_status":"closed","ping_status":"open","sticky":false,"template":"","format":"standard","meta":{"_jetpack_memberships_contains_paid_content":false,"footnotes":""},"categories":[23],"tags":[],"class_list":["post-7335","post","type-post","status-publish","format-standard","has-post-thumbnail","hentry","category-a-la-une","wpcat-23-id"],"yoast_head":"<!-- This site is optimized with the Yoast SEO plugin v27.1.1 - https:\/\/yoast.com\/product\/yoast-seo-wordpress\/ -->\n<title>\u00c0 Dakar, l\u2019UEMOA proc\u00e8de \u00e0 une \u00e9valuation de ses r\u00e9formes, projets et programmes au S\u00e9n\u00e9gal - challenges economiques<\/title>\n<meta name=\"robots\" content=\"index, follow, max-snippet:-1, max-image-preview:large, max-video-preview:-1\" \/>\n<link rel=\"canonical\" href=\"https:\/\/challengeseconomiques.com\/?p=7335\" \/>\n<meta property=\"og:locale\" content=\"fr_FR\" \/>\n<meta property=\"og:type\" content=\"article\" \/>\n<meta property=\"og:title\" content=\"\u00c0 Dakar, l\u2019UEMOA proc\u00e8de \u00e0 une \u00e9valuation de ses r\u00e9formes, projets et programmes au S\u00e9n\u00e9gal - challenges economiques\" \/>\n<meta property=\"og:description\" content=\"L\u2019Union \u00e9conomique et mon\u00e9taire ouest-africaine (UEMOA) a entam\u00e9, lundi, \u00e0 Dakar, une \u00e9valuation annuelle de ses r\u00e9formes, politiques, projets et programmes au S\u00e9n\u00e9gal. Lors de...\" \/>\n<meta property=\"og:url\" content=\"https:\/\/challengeseconomiques.com\/?p=7335\" \/>\n<meta property=\"og:site_name\" content=\"challenges economiques\" \/>\n<meta property=\"article:published_time\" content=\"2024-11-12T13:31:47+00:00\" \/>\n<meta property=\"article:modified_time\" content=\"2024-11-12T13:32:30+00:00\" \/>\n<meta property=\"og:image\" content=\"https:\/\/challengeseconomiques.com\/wp-content\/uploads\/2024\/11\/aliounendiayeuemoa.jpg\" \/>\n\t<meta property=\"og:image:width\" content=\"1536\" \/>\n\t<meta property=\"og:image:height\" content=\"887\" \/>\n\t<meta property=\"og:image:type\" content=\"image\/jpeg\" \/>\n<meta name=\"author\" content=\"admin\" \/>\n<meta name=\"twitter:card\" content=\"summary_large_image\" \/>\n<meta name=\"twitter:label1\" content=\"\u00c9crit par\" \/>\n\t<meta name=\"twitter:data1\" content=\"admin\" \/>\n\t<meta name=\"twitter:label2\" content=\"Dur\u00e9e de lecture estim\u00e9e\" \/>\n\t<meta name=\"twitter:data2\" content=\"2 minutes\" \/>\n<script type=\"application\/ld+json\" class=\"yoast-schema-graph\">{\"@context\":\"https:\/\/schema.org\",\"@graph\":[{\"@type\":\"Article\",\"@id\":\"https:\/\/challengeseconomiques.com\/?p=7335#article\",\"isPartOf\":{\"@id\":\"https:\/\/challengeseconomiques.com\/?p=7335\"},\"author\":{\"name\":\"admin\",\"@id\":\"https:\/\/challengeseconomiques.com\/#\/schema\/person\/b4568c9afebc5a9238a771873801e349\"},\"headline\":\"\u00c0 Dakar, l\u2019UEMOA proc\u00e8de \u00e0 une \u00e9valuation de ses r\u00e9formes, projets et programmes au S\u00e9n\u00e9gal\",\"datePublished\":\"2024-11-12T13:31:47+00:00\",\"dateModified\":\"2024-11-12T13:32:30+00:00\",\"mainEntityOfPage\":{\"@id\":\"https:\/\/challengeseconomiques.com\/?p=7335\"},\"wordCount\":466,\"image\":{\"@id\":\"https:\/\/challengeseconomiques.com\/?p=7335#primaryimage\"},\"thumbnailUrl\":\"https:\/\/challengeseconomiques.com\/wp-content\/uploads\/2024\/11\/aliounendiayeuemoa.jpg\",\"articleSection\":[\"A la une\"],\"inLanguage\":\"fr-FR\"},{\"@type\":\"WebPage\",\"@id\":\"https:\/\/challengeseconomiques.com\/?p=7335\",\"url\":\"https:\/\/challengeseconomiques.com\/?p=7335\",\"name\":\"\u00c0 Dakar, l\u2019UEMOA proc\u00e8de \u00e0 une \u00e9valuation de ses r\u00e9formes, projets et programmes au S\u00e9n\u00e9gal - challenges economiques\",\"isPartOf\":{\"@id\":\"https:\/\/challengeseconomiques.com\/#website\"},\"primaryImageOfPage\":{\"@id\":\"https:\/\/challengeseconomiques.com\/?p=7335#primaryimage\"},\"image\":{\"@id\":\"https:\/\/challengeseconomiques.com\/?p=7335#primaryimage\"},\"thumbnailUrl\":\"https:\/\/challengeseconomiques.com\/wp-content\/uploads\/2024\/11\/aliounendiayeuemoa.jpg\",\"datePublished\":\"2024-11-12T13:31:47+00:00\",\"dateModified\":\"2024-11-12T13:32:30+00:00\",\"author\":{\"@id\":\"https:\/\/challengeseconomiques.com\/#\/schema\/person\/b4568c9afebc5a9238a771873801e349\"},\"breadcrumb\":{\"@id\":\"https:\/\/challengeseconomiques.com\/?p=7335#breadcrumb\"},\"inLanguage\":\"fr-FR\",\"potentialAction\":[{\"@type\":\"ReadAction\",\"target\":[\"https:\/\/challengeseconomiques.com\/?p=7335\"]}]},{\"@type\":\"ImageObject\",\"inLanguage\":\"fr-FR\",\"@id\":\"https:\/\/challengeseconomiques.com\/?p=7335#primaryimage\",\"url\":\"https:\/\/challengeseconomiques.com\/wp-content\/uploads\/2024\/11\/aliounendiayeuemoa.jpg\",\"contentUrl\":\"https:\/\/challengeseconomiques.com\/wp-content\/uploads\/2024\/11\/aliounendiayeuemoa.jpg\",\"width\":1536,\"height\":887},{\"@type\":\"BreadcrumbList\",\"@id\":\"https:\/\/challengeseconomiques.com\/?p=7335#breadcrumb\",\"itemListElement\":[{\"@type\":\"ListItem\",\"position\":1,\"name\":\"Home\",\"item\":\"https:\/\/challengeseconomiques.com\/\"},{\"@type\":\"ListItem\",\"position\":2,\"name\":\"\u00c0 Dakar, l\u2019UEMOA proc\u00e8de \u00e0 une \u00e9valuation de ses r\u00e9formes, projets et programmes au S\u00e9n\u00e9gal\"}]},{\"@type\":\"WebSite\",\"@id\":\"https:\/\/challengeseconomiques.com\/#website\",\"url\":\"https:\/\/challengeseconomiques.com\/\",\"name\":\"challenges economiques\",\"description\":\"\",\"potentialAction\":[{\"@type\":\"SearchAction\",\"target\":{\"@type\":\"EntryPoint\",\"urlTemplate\":\"https:\/\/challengeseconomiques.com\/?s={search_term_string}\"},\"query-input\":{\"@type\":\"PropertyValueSpecification\",\"valueRequired\":true,\"valueName\":\"search_term_string\"}}],\"inLanguage\":\"fr-FR\"},{\"@type\":\"Person\",\"@id\":\"https:\/\/challengeseconomiques.com\/#\/schema\/person\/b4568c9afebc5a9238a771873801e349\",\"name\":\"admin\",\"image\":{\"@type\":\"ImageObject\",\"inLanguage\":\"fr-FR\",\"@id\":\"https:\/\/challengeseconomiques.com\/#\/schema\/person\/image\/\",\"url\":\"https:\/\/secure.gravatar.com\/avatar\/099e42240b5eea11acdb72751fcce0dd918603f0749d24974b7984ea47ed9fd9?s=96&d=mm&r=g\",\"contentUrl\":\"https:\/\/secure.gravatar.com\/avatar\/099e42240b5eea11acdb72751fcce0dd918603f0749d24974b7984ea47ed9fd9?s=96&d=mm&r=g\",\"caption\":\"admin\"},\"sameAs\":[\"https:\/\/challengeseconomiques.com\"],\"url\":\"https:\/\/challengeseconomiques.com\/?author=1\"}]}<\/script>\n<!-- \/ Yoast SEO plugin. -->","yoast_head_json":{"title":"\u00c0 Dakar, l\u2019UEMOA proc\u00e8de \u00e0 une \u00e9valuation de ses r\u00e9formes, projets et programmes au S\u00e9n\u00e9gal - challenges economiques","robots":{"index":"index","follow":"follow","max-snippet":"max-snippet:-1","max-image-preview":"max-image-preview:large","max-video-preview":"max-video-preview:-1"},"canonical":"https:\/\/challengeseconomiques.com\/?p=7335","og_locale":"fr_FR","og_type":"article","og_title":"\u00c0 Dakar, l\u2019UEMOA proc\u00e8de \u00e0 une \u00e9valuation de ses r\u00e9formes, projets et programmes au S\u00e9n\u00e9gal - challenges economiques","og_description":"L\u2019Union \u00e9conomique et mon\u00e9taire ouest-africaine (UEMOA) a entam\u00e9, lundi, \u00e0 Dakar, une \u00e9valuation annuelle de ses r\u00e9formes, politiques, projets et programmes au S\u00e9n\u00e9gal. Lors de...","og_url":"https:\/\/challengeseconomiques.com\/?p=7335","og_site_name":"challenges economiques","article_published_time":"2024-11-12T13:31:47+00:00","article_modified_time":"2024-11-12T13:32:30+00:00","og_image":[{"width":1536,"height":887,"url":"https:\/\/challengeseconomiques.com\/wp-content\/uploads\/2024\/11\/aliounendiayeuemoa.jpg","type":"image\/jpeg"}],"author":"admin","twitter_card":"summary_large_image","twitter_misc":{"\u00c9crit par":"admin","Dur\u00e9e de lecture estim\u00e9e":"2 minutes"},"schema":{"@context":"https:\/\/schema.org","@graph":[{"@type":"Article","@id":"https:\/\/challengeseconomiques.com\/?p=7335#article","isPartOf":{"@id":"https:\/\/challengeseconomiques.com\/?p=7335"},"author":{"name":"admin","@id":"https:\/\/challengeseconomiques.com\/#\/schema\/person\/b4568c9afebc5a9238a771873801e349"},"headline":"\u00c0 Dakar, l\u2019UEMOA proc\u00e8de \u00e0 une \u00e9valuation de ses r\u00e9formes, projets et programmes au S\u00e9n\u00e9gal","datePublished":"2024-11-12T13:31:47+00:00","dateModified":"2024-11-12T13:32:30+00:00","mainEntityOfPage":{"@id":"https:\/\/challengeseconomiques.com\/?p=7335"},"wordCount":466,"image":{"@id":"https:\/\/challengeseconomiques.com\/?p=7335#primaryimage"},"thumbnailUrl":"https:\/\/challengeseconomiques.com\/wp-content\/uploads\/2024\/11\/aliounendiayeuemoa.jpg","articleSection":["A la une"],"inLanguage":"fr-FR"},{"@type":"WebPage","@id":"https:\/\/challengeseconomiques.com\/?p=7335","url":"https:\/\/challengeseconomiques.com\/?p=7335","name":"\u00c0 Dakar, l\u2019UEMOA proc\u00e8de \u00e0 une \u00e9valuation de ses r\u00e9formes, projets et programmes au S\u00e9n\u00e9gal - challenges economiques","isPartOf":{"@id":"https:\/\/challengeseconomiques.com\/#website"},"primaryImageOfPage":{"@id":"https:\/\/challengeseconomiques.com\/?p=7335#primaryimage"},"image":{"@id":"https:\/\/challengeseconomiques.com\/?p=7335#primaryimage"},"thumbnailUrl":"https:\/\/challengeseconomiques.com\/wp-content\/uploads\/2024\/11\/aliounendiayeuemoa.jpg","datePublished":"2024-11-12T13:31:47+00:00","dateModified":"2024-11-12T13:32:30+00:00","author":{"@id":"https:\/\/challengeseconomiques.com\/#\/schema\/person\/b4568c9afebc5a9238a771873801e349"},"breadcrumb":{"@id":"https:\/\/challengeseconomiques.com\/?p=7335#breadcrumb"},"inLanguage":"fr-FR","potentialAction":[{"@type":"ReadAction","target":["https:\/\/challengeseconomiques.com\/?p=7335"]}]},{"@type":"ImageObject","inLanguage":"fr-FR","@id":"https:\/\/challengeseconomiques.com\/?p=7335#primaryimage","url":"https:\/\/challengeseconomiques.com\/wp-content\/uploads\/2024\/11\/aliounendiayeuemoa.jpg","contentUrl":"https:\/\/challengeseconomiques.com\/wp-content\/uploads\/2024\/11\/aliounendiayeuemoa.jpg","width":1536,"height":887},{"@type":"BreadcrumbList","@id":"https:\/\/challengeseconomiques.com\/?p=7335#breadcrumb","itemListElement":[{"@type":"ListItem","position":1,"name":"Home","item":"https:\/\/challengeseconomiques.com\/"},{"@type":"ListItem","position":2,"name":"\u00c0 Dakar, l\u2019UEMOA proc\u00e8de \u00e0 une \u00e9valuation de ses r\u00e9formes, projets et programmes au S\u00e9n\u00e9gal"}]},{"@type":"WebSite","@id":"https:\/\/challengeseconomiques.com\/#website","url":"https:\/\/challengeseconomiques.com\/","name":"challenges economiques","description":"","potentialAction":[{"@type":"SearchAction","target":{"@type":"EntryPoint","urlTemplate":"https:\/\/challengeseconomiques.com\/?s={search_term_string}"},"query-input":{"@type":"PropertyValueSpecification","valueRequired":true,"valueName":"search_term_string"}}],"inLanguage":"fr-FR"},{"@type":"Person","@id":"https:\/\/challengeseconomiques.com\/#\/schema\/person\/b4568c9afebc5a9238a771873801e349","name":"admin","image":{"@type":"ImageObject","inLanguage":"fr-FR","@id":"https:\/\/challengeseconomiques.com\/#\/schema\/person\/image\/","url":"https:\/\/secure.gravatar.com\/avatar\/099e42240b5eea11acdb72751fcce0dd918603f0749d24974b7984ea47ed9fd9?s=96&d=mm&r=g","contentUrl":"https:\/\/secure.gravatar.com\/avatar\/099e42240b5eea11acdb72751fcce0dd918603f0749d24974b7984ea47ed9fd9?s=96&d=mm&r=g","caption":"admin"},"sameAs":["https:\/\/challengeseconomiques.com"],"url":"https:\/\/challengeseconomiques.com\/?author=1"}]}},"jetpack_featured_media_url":"https:\/\/challengeseconomiques.com\/wp-content\/uploads\/2024\/11\/aliounendiayeuemoa.jpg","jetpack_sharing_enabled":true,"_links":{"self":[{"href":"https:\/\/challengeseconomiques.com\/index.php?rest_route=\/wp\/v2\/posts\/7335","targetHints":{"allow":["GET"]}}],"collection":[{"href":"https:\/\/challengeseconomiques.com\/index.php?rest_route=\/wp\/v2\/posts"}],"about":[{"href":"https:\/\/challengeseconomiques.com\/index.php?rest_route=\/wp\/v2\/types\/post"}],"author":[{"embeddable":true,"href":"https:\/\/challengeseconomiques.com\/index.php?rest_route=\/wp\/v2\/users\/1"}],"replies":[{"embeddable":true,"href":"https:\/\/challengeseconomiques.com\/index.php?rest_route=%2Fwp%2Fv2%2Fcomments&post=7335"}],"version-history":[{"count":1,"href":"https:\/\/challengeseconomiques.com\/index.php?rest_route=\/wp\/v2\/posts\/7335\/revisions"}],"predecessor-version":[{"id":7337,"href":"https:\/\/challengeseconomiques.com\/index.php?rest_route=\/wp\/v2\/posts\/7335\/revisions\/7337"}],"wp:featuredmedia":[{"embeddable":true,"href":"https:\/\/challengeseconomiques.com\/index.php?rest_route=\/wp\/v2\/media\/7336"}],"wp:attachment":[{"href":"https:\/\/challengeseconomiques.com\/index.php?rest_route=%2Fwp%2Fv2%2Fmedia&parent=7335"}],"wp:term":[{"taxonomy":"category","embeddable":true,"href":"https:\/\/challengeseconomiques.com\/index.php?rest_route=%2Fwp%2Fv2%2Fcategories&post=7335"},{"taxonomy":"post_tag","embeddable":true,"href":"https:\/\/challengeseconomiques.com\/index.php?rest_route=%2Fwp%2Fv2%2Ftags&post=7335"}],"curies":[{"name":"wp","href":"https:\/\/api.w.org\/{rel}","templated":true}]}}