{"id":7327,"date":"2024-11-11T14:06:48","date_gmt":"2024-11-11T14:06:48","guid":{"rendered":"https:\/\/challengeseconomiques.com\/?p=7327"},"modified":"2024-11-11T14:07:36","modified_gmt":"2024-11-11T14:07:36","slug":"visite-de-chefs-dentreprise-marocains-le-min-un-element-cle-dans-le-renforcement-des-echanges","status":"publish","type":"post","link":"https:\/\/challengeseconomiques.com\/?p=7327","title":{"rendered":"Visite de chefs d\u2019entreprise marocains : Le MIN, un \u00e9l\u00e9ment cl\u00e9 dans le renforcement des \u00e9changes"},"content":{"rendered":"<p><strong>La Soci\u00e9t\u00e9 d\u2019Exploitation du March\u00e9 d\u2019Int\u00e9r\u00eat National et de la Gare des Gros Porteurs (SEMIG SA) a accueilli une d\u00e9l\u00e9gation de chefs d\u2019entreprise marocains, le vendredi 8 novembre 2024. Cette visite s\u2019inscrit dans le cadre de la mission \u00e9conomique conduite par la Chambre de Commerce, d\u2019Industrie et de Services (CCIS) de Souss Massa en terres s\u00e9n\u00e9galaises du 3 au 10 novembre. Les visiteurs ont eu acc\u00e8s au March\u00e9 d\u2019Int\u00e9r\u00eat National et au Laboratoire National d\u2019Analyse. Ils ont \u00e9galement discut\u00e9 avec les responsables de la structure et des op\u00e9rateurs \u00e9conomiques s\u00e9n\u00e9galais sur les moyens de renforcer les \u00e9changes entre les deux pays avec le March\u00e9 et la Gare comme catalyseurs. <\/strong><\/p>\n<p>Le directeur g\u00e9n\u00e9ral de la SEMIG SA, Mamadou Coulibaly a salu\u00e9 les actes pos\u00e9s pour le rapprochement des deux secteurs priv\u00e9s. Il a magnifi\u00e9 leur engagement commun pour la croissance et le d\u00e9veloppement des deux pays. Pour lui, la visite d\u2019acteurs \u00e9conomiques de premier plan en provenance de la r\u00e9gion de Souss Massa est une occasion d\u2019explorer les pistes de collaboration au b\u00e9n\u00e9fice des entreprises des deux r\u00e9gions et m\u00eame au-del\u00e0.<\/p>\n<p><strong>Barrer la route \u00e0 l\u2019informel<\/strong><\/p>\n<p>Mamadou Coulibaly a assur\u00e9 que le March\u00e9 d\u2019Int\u00e9r\u00eat National est le cadre propice pour faciliter les \u00e9changes et permettre aux op\u00e9rateurs \u00e9conomiques s\u00e9n\u00e9galais et marocains de faire des affaires. Il esp\u00e8re la concr\u00e9tisation de projets porteurs et innovants. Le DG de la SEMIG SA se dit rassur\u00e9 par la d\u00e9termination commune \u00e0 prosp\u00e9rer ensemble. Ainsi, croit-il, le partenariat va \u00eatre riche, durable et mutuellement b\u00e9n\u00e9fique.<br \/>\nA sa suite, le premier vice-pr\u00e9sident de la CCIS de Souss Massa, Bachir Ahechmoud a soulign\u00e9 la n\u00e9cessit\u00e9 de mettre fin \u00e0 l\u2019informel. L\u2019obligation pour les camions de marchandises de passer par le MIN est une d\u00e9cision strat\u00e9gique, d\u2019apr\u00e8s lui. M. Ahechmoud juge pertinent le r\u00f4le de march\u00e9 d\u2019\u00e9clatement pour l\u2019approvisionnement des march\u00e9s de la Capitale et ceux de l\u2019int\u00e9rieur du pays.<\/p>\n<p><strong>D\u00e9veloppement des relations commerciales<\/strong><\/p>\n<p>En outre, le vice-pr\u00e9sident de la CCIS de Souss Massa attend des autorit\u00e9s comp\u00e9tentes des mesures pour la suppression des faux-frais. Apr\u00e8s s\u2019\u00eatre r\u00e9joui de voir des ressortissants de Souss Massa parmi les clients de la SEMIG SA, M. Ahechmoud demande \u00e0 la partie s\u00e9n\u00e9galaise de faciliter l\u2019acc\u00e8s aux entreprises marocaines exportatrices. Il\u00a0 propose la suppression des interm\u00e9diaires pour garantir les interactions directes entre les services comp\u00e9tentes de la SEMIG SA et les op\u00e9rateurs \u00e9conomiques du Royaume ch\u00e9rifien.<br \/>\nDans le m\u00eame sillage, le pr\u00e9sident de la CCIS de Souss Massa, Dor Said souhaite plus de coordination pour trouver les moyens de d\u00e9passer les probl\u00e8mes. Il a \u00e9galement \u00e9voqu\u00e9 le r\u00f4le crucial de la logistique pour le d\u00e9veloppement des relations commerciales.<\/p>\n<p><strong>BIE<br \/>\n<\/strong><\/p>\n<p><img fetchpriority=\"high\" decoding=\"async\" class=\"alignnone size-full wp-image-8164\" src=\"https:\/\/bie.cciad.sn\/wp-content\/uploads\/2024\/11\/Marocains_Visite_SEMIG_0.jpeg\" sizes=\"(max-width: 2560px) 100vw, 2560px\" srcset=\"https:\/\/bie.cciad.sn\/wp-content\/uploads\/2024\/11\/Marocains_Visite_SEMIG_0.jpeg 2560w, https:\/\/bie.cciad.sn\/wp-content\/uploads\/2024\/11\/Marocains_Visite_SEMIG_0-300x169.jpeg 300w, https:\/\/bie.cciad.sn\/wp-content\/uploads\/2024\/11\/Marocains_Visite_SEMIG_0-1024x576.jpeg 1024w, https:\/\/bie.cciad.sn\/wp-content\/uploads\/2024\/11\/Marocains_Visite_SEMIG_0-768x432.jpeg 768w, https:\/\/bie.cciad.sn\/wp-content\/uploads\/2024\/11\/Marocains_Visite_SEMIG_0-1536x864.jpeg 1536w, https:\/\/bie.cciad.sn\/wp-content\/uploads\/2024\/11\/Marocains_Visite_SEMIG_0-2048x1152.jpeg 2048w\" alt=\"\" width=\"2560\" height=\"1440\" \/><\/p>\n","protected":false},"excerpt":{"rendered":"<p>La Soci\u00e9t\u00e9 d\u2019Exploitation du March\u00e9 d\u2019Int\u00e9r\u00eat National et de la Gare des Gros Porteurs (SEMIG SA) a accueilli une d\u00e9l\u00e9gation de chefs d\u2019entreprise marocains, le&#8230;<\/p>\n","protected":false},"author":1,"featured_media":7328,"comment_status":"closed","ping_status":"open","sticky":false,"template":"","format":"standard","meta":{"_jetpack_memberships_contains_paid_content":false,"footnotes":""},"categories":[8],"tags":[],"class_list":["post-7327","post","type-post","status-publish","format-standard","has-post-thumbnail","hentry","category-actualite-economique","wpcat-8-id"],"yoast_head":"<!-- This site is optimized with the Yoast SEO plugin v27.1.1 - https:\/\/yoast.com\/product\/yoast-seo-wordpress\/ -->\n<title>Visite de chefs d\u2019entreprise marocains : Le MIN, un \u00e9l\u00e9ment cl\u00e9 dans le renforcement des \u00e9changes - challenges economiques<\/title>\n<meta name=\"robots\" content=\"index, follow, max-snippet:-1, max-image-preview:large, max-video-preview:-1\" \/>\n<link rel=\"canonical\" href=\"https:\/\/challengeseconomiques.com\/?p=7327\" \/>\n<meta property=\"og:locale\" content=\"fr_FR\" \/>\n<meta property=\"og:type\" content=\"article\" \/>\n<meta property=\"og:title\" content=\"Visite de chefs d\u2019entreprise marocains : Le MIN, un \u00e9l\u00e9ment cl\u00e9 dans le renforcement des \u00e9changes - challenges economiques\" \/>\n<meta property=\"og:description\" content=\"La Soci\u00e9t\u00e9 d\u2019Exploitation du March\u00e9 d\u2019Int\u00e9r\u00eat National et de la Gare des Gros Porteurs (SEMIG SA) a accueilli une d\u00e9l\u00e9gation de chefs d\u2019entreprise marocains, le...\" \/>\n<meta property=\"og:url\" content=\"https:\/\/challengeseconomiques.com\/?p=7327\" \/>\n<meta property=\"og:site_name\" content=\"challenges economiques\" \/>\n<meta property=\"article:published_time\" content=\"2024-11-11T14:06:48+00:00\" \/>\n<meta property=\"article:modified_time\" content=\"2024-11-11T14:07:36+00:00\" \/>\n<meta property=\"og:image\" content=\"https:\/\/challengeseconomiques.com\/wp-content\/uploads\/2024\/11\/cnisoussmassa.jpeg\" \/>\n\t<meta property=\"og:image:width\" content=\"1536\" \/>\n\t<meta property=\"og:image:height\" content=\"1152\" \/>\n\t<meta property=\"og:image:type\" content=\"image\/jpeg\" \/>\n<meta name=\"author\" content=\"admin\" \/>\n<meta name=\"twitter:card\" content=\"summary_large_image\" \/>\n<meta name=\"twitter:label1\" content=\"\u00c9crit par\" \/>\n\t<meta name=\"twitter:data1\" content=\"admin\" \/>\n\t<meta name=\"twitter:label2\" content=\"Dur\u00e9e de lecture estim\u00e9e\" \/>\n\t<meta name=\"twitter:data2\" content=\"3 minutes\" \/>\n<script type=\"application\/ld+json\" class=\"yoast-schema-graph\">{\"@context\":\"https:\/\/schema.org\",\"@graph\":[{\"@type\":\"Article\",\"@id\":\"https:\/\/challengeseconomiques.com\/?p=7327#article\",\"isPartOf\":{\"@id\":\"https:\/\/challengeseconomiques.com\/?p=7327\"},\"author\":{\"name\":\"admin\",\"@id\":\"https:\/\/challengeseconomiques.com\/#\/schema\/person\/b4568c9afebc5a9238a771873801e349\"},\"headline\":\"Visite de chefs d\u2019entreprise marocains : Le MIN, un \u00e9l\u00e9ment cl\u00e9 dans le renforcement des \u00e9changes\",\"datePublished\":\"2024-11-11T14:06:48+00:00\",\"dateModified\":\"2024-11-11T14:07:36+00:00\",\"mainEntityOfPage\":{\"@id\":\"https:\/\/challengeseconomiques.com\/?p=7327\"},\"wordCount\":526,\"image\":{\"@id\":\"https:\/\/challengeseconomiques.com\/?p=7327#primaryimage\"},\"thumbnailUrl\":\"https:\/\/challengeseconomiques.com\/wp-content\/uploads\/2024\/11\/cnisoussmassa.jpeg\",\"articleSection\":[\"Actualit\u00e9 \u00e9conomique\"],\"inLanguage\":\"fr-FR\"},{\"@type\":\"WebPage\",\"@id\":\"https:\/\/challengeseconomiques.com\/?p=7327\",\"url\":\"https:\/\/challengeseconomiques.com\/?p=7327\",\"name\":\"Visite de chefs d\u2019entreprise marocains : Le MIN, un \u00e9l\u00e9ment cl\u00e9 dans le renforcement des \u00e9changes - challenges economiques\",\"isPartOf\":{\"@id\":\"https:\/\/challengeseconomiques.com\/#website\"},\"primaryImageOfPage\":{\"@id\":\"https:\/\/challengeseconomiques.com\/?p=7327#primaryimage\"},\"image\":{\"@id\":\"https:\/\/challengeseconomiques.com\/?p=7327#primaryimage\"},\"thumbnailUrl\":\"https:\/\/challengeseconomiques.com\/wp-content\/uploads\/2024\/11\/cnisoussmassa.jpeg\",\"datePublished\":\"2024-11-11T14:06:48+00:00\",\"dateModified\":\"2024-11-11T14:07:36+00:00\",\"author\":{\"@id\":\"https:\/\/challengeseconomiques.com\/#\/schema\/person\/b4568c9afebc5a9238a771873801e349\"},\"breadcrumb\":{\"@id\":\"https:\/\/challengeseconomiques.com\/?p=7327#breadcrumb\"},\"inLanguage\":\"fr-FR\",\"potentialAction\":[{\"@type\":\"ReadAction\",\"target\":[\"https:\/\/challengeseconomiques.com\/?p=7327\"]}]},{\"@type\":\"ImageObject\",\"inLanguage\":\"fr-FR\",\"@id\":\"https:\/\/challengeseconomiques.com\/?p=7327#primaryimage\",\"url\":\"https:\/\/challengeseconomiques.com\/wp-content\/uploads\/2024\/11\/cnisoussmassa.jpeg\",\"contentUrl\":\"https:\/\/challengeseconomiques.com\/wp-content\/uploads\/2024\/11\/cnisoussmassa.jpeg\",\"width\":1536,\"height\":1152},{\"@type\":\"BreadcrumbList\",\"@id\":\"https:\/\/challengeseconomiques.com\/?p=7327#breadcrumb\",\"itemListElement\":[{\"@type\":\"ListItem\",\"position\":1,\"name\":\"Home\",\"item\":\"https:\/\/challengeseconomiques.com\/\"},{\"@type\":\"ListItem\",\"position\":2,\"name\":\"Visite de chefs d\u2019entreprise marocains : Le MIN, un \u00e9l\u00e9ment cl\u00e9 dans le renforcement des \u00e9changes\"}]},{\"@type\":\"WebSite\",\"@id\":\"https:\/\/challengeseconomiques.com\/#website\",\"url\":\"https:\/\/challengeseconomiques.com\/\",\"name\":\"challenges economiques\",\"description\":\"\",\"potentialAction\":[{\"@type\":\"SearchAction\",\"target\":{\"@type\":\"EntryPoint\",\"urlTemplate\":\"https:\/\/challengeseconomiques.com\/?s={search_term_string}\"},\"query-input\":{\"@type\":\"PropertyValueSpecification\",\"valueRequired\":true,\"valueName\":\"search_term_string\"}}],\"inLanguage\":\"fr-FR\"},{\"@type\":\"Person\",\"@id\":\"https:\/\/challengeseconomiques.com\/#\/schema\/person\/b4568c9afebc5a9238a771873801e349\",\"name\":\"admin\",\"image\":{\"@type\":\"ImageObject\",\"inLanguage\":\"fr-FR\",\"@id\":\"https:\/\/challengeseconomiques.com\/#\/schema\/person\/image\/\",\"url\":\"https:\/\/secure.gravatar.com\/avatar\/099e42240b5eea11acdb72751fcce0dd918603f0749d24974b7984ea47ed9fd9?s=96&d=mm&r=g\",\"contentUrl\":\"https:\/\/secure.gravatar.com\/avatar\/099e42240b5eea11acdb72751fcce0dd918603f0749d24974b7984ea47ed9fd9?s=96&d=mm&r=g\",\"caption\":\"admin\"},\"sameAs\":[\"https:\/\/challengeseconomiques.com\"],\"url\":\"https:\/\/challengeseconomiques.com\/?author=1\"}]}<\/script>\n<!-- \/ Yoast SEO plugin. -->","yoast_head_json":{"title":"Visite de chefs d\u2019entreprise marocains : Le MIN, un \u00e9l\u00e9ment cl\u00e9 dans le renforcement des \u00e9changes - challenges economiques","robots":{"index":"index","follow":"follow","max-snippet":"max-snippet:-1","max-image-preview":"max-image-preview:large","max-video-preview":"max-video-preview:-1"},"canonical":"https:\/\/challengeseconomiques.com\/?p=7327","og_locale":"fr_FR","og_type":"article","og_title":"Visite de chefs d\u2019entreprise marocains : Le MIN, un \u00e9l\u00e9ment cl\u00e9 dans le renforcement des \u00e9changes - challenges economiques","og_description":"La Soci\u00e9t\u00e9 d\u2019Exploitation du March\u00e9 d\u2019Int\u00e9r\u00eat National et de la Gare des Gros Porteurs (SEMIG SA) a accueilli une d\u00e9l\u00e9gation de chefs d\u2019entreprise marocains, le...","og_url":"https:\/\/challengeseconomiques.com\/?p=7327","og_site_name":"challenges economiques","article_published_time":"2024-11-11T14:06:48+00:00","article_modified_time":"2024-11-11T14:07:36+00:00","og_image":[{"width":1536,"height":1152,"url":"https:\/\/challengeseconomiques.com\/wp-content\/uploads\/2024\/11\/cnisoussmassa.jpeg","type":"image\/jpeg"}],"author":"admin","twitter_card":"summary_large_image","twitter_misc":{"\u00c9crit par":"admin","Dur\u00e9e de lecture estim\u00e9e":"3 minutes"},"schema":{"@context":"https:\/\/schema.org","@graph":[{"@type":"Article","@id":"https:\/\/challengeseconomiques.com\/?p=7327#article","isPartOf":{"@id":"https:\/\/challengeseconomiques.com\/?p=7327"},"author":{"name":"admin","@id":"https:\/\/challengeseconomiques.com\/#\/schema\/person\/b4568c9afebc5a9238a771873801e349"},"headline":"Visite de chefs d\u2019entreprise marocains : Le MIN, un \u00e9l\u00e9ment cl\u00e9 dans le renforcement des \u00e9changes","datePublished":"2024-11-11T14:06:48+00:00","dateModified":"2024-11-11T14:07:36+00:00","mainEntityOfPage":{"@id":"https:\/\/challengeseconomiques.com\/?p=7327"},"wordCount":526,"image":{"@id":"https:\/\/challengeseconomiques.com\/?p=7327#primaryimage"},"thumbnailUrl":"https:\/\/challengeseconomiques.com\/wp-content\/uploads\/2024\/11\/cnisoussmassa.jpeg","articleSection":["Actualit\u00e9 \u00e9conomique"],"inLanguage":"fr-FR"},{"@type":"WebPage","@id":"https:\/\/challengeseconomiques.com\/?p=7327","url":"https:\/\/challengeseconomiques.com\/?p=7327","name":"Visite de chefs d\u2019entreprise marocains : Le MIN, un \u00e9l\u00e9ment cl\u00e9 dans le renforcement des \u00e9changes - challenges economiques","isPartOf":{"@id":"https:\/\/challengeseconomiques.com\/#website"},"primaryImageOfPage":{"@id":"https:\/\/challengeseconomiques.com\/?p=7327#primaryimage"},"image":{"@id":"https:\/\/challengeseconomiques.com\/?p=7327#primaryimage"},"thumbnailUrl":"https:\/\/challengeseconomiques.com\/wp-content\/uploads\/2024\/11\/cnisoussmassa.jpeg","datePublished":"2024-11-11T14:06:48+00:00","dateModified":"2024-11-11T14:07:36+00:00","author":{"@id":"https:\/\/challengeseconomiques.com\/#\/schema\/person\/b4568c9afebc5a9238a771873801e349"},"breadcrumb":{"@id":"https:\/\/challengeseconomiques.com\/?p=7327#breadcrumb"},"inLanguage":"fr-FR","potentialAction":[{"@type":"ReadAction","target":["https:\/\/challengeseconomiques.com\/?p=7327"]}]},{"@type":"ImageObject","inLanguage":"fr-FR","@id":"https:\/\/challengeseconomiques.com\/?p=7327#primaryimage","url":"https:\/\/challengeseconomiques.com\/wp-content\/uploads\/2024\/11\/cnisoussmassa.jpeg","contentUrl":"https:\/\/challengeseconomiques.com\/wp-content\/uploads\/2024\/11\/cnisoussmassa.jpeg","width":1536,"height":1152},{"@type":"BreadcrumbList","@id":"https:\/\/challengeseconomiques.com\/?p=7327#breadcrumb","itemListElement":[{"@type":"ListItem","position":1,"name":"Home","item":"https:\/\/challengeseconomiques.com\/"},{"@type":"ListItem","position":2,"name":"Visite de chefs d\u2019entreprise marocains : Le MIN, un \u00e9l\u00e9ment cl\u00e9 dans le renforcement des \u00e9changes"}]},{"@type":"WebSite","@id":"https:\/\/challengeseconomiques.com\/#website","url":"https:\/\/challengeseconomiques.com\/","name":"challenges economiques","description":"","potentialAction":[{"@type":"SearchAction","target":{"@type":"EntryPoint","urlTemplate":"https:\/\/challengeseconomiques.com\/?s={search_term_string}"},"query-input":{"@type":"PropertyValueSpecification","valueRequired":true,"valueName":"search_term_string"}}],"inLanguage":"fr-FR"},{"@type":"Person","@id":"https:\/\/challengeseconomiques.com\/#\/schema\/person\/b4568c9afebc5a9238a771873801e349","name":"admin","image":{"@type":"ImageObject","inLanguage":"fr-FR","@id":"https:\/\/challengeseconomiques.com\/#\/schema\/person\/image\/","url":"https:\/\/secure.gravatar.com\/avatar\/099e42240b5eea11acdb72751fcce0dd918603f0749d24974b7984ea47ed9fd9?s=96&d=mm&r=g","contentUrl":"https:\/\/secure.gravatar.com\/avatar\/099e42240b5eea11acdb72751fcce0dd918603f0749d24974b7984ea47ed9fd9?s=96&d=mm&r=g","caption":"admin"},"sameAs":["https:\/\/challengeseconomiques.com"],"url":"https:\/\/challengeseconomiques.com\/?author=1"}]}},"jetpack_featured_media_url":"https:\/\/challengeseconomiques.com\/wp-content\/uploads\/2024\/11\/cnisoussmassa.jpeg","jetpack_sharing_enabled":true,"_links":{"self":[{"href":"https:\/\/challengeseconomiques.com\/index.php?rest_route=\/wp\/v2\/posts\/7327","targetHints":{"allow":["GET"]}}],"collection":[{"href":"https:\/\/challengeseconomiques.com\/index.php?rest_route=\/wp\/v2\/posts"}],"about":[{"href":"https:\/\/challengeseconomiques.com\/index.php?rest_route=\/wp\/v2\/types\/post"}],"author":[{"embeddable":true,"href":"https:\/\/challengeseconomiques.com\/index.php?rest_route=\/wp\/v2\/users\/1"}],"replies":[{"embeddable":true,"href":"https:\/\/challengeseconomiques.com\/index.php?rest_route=%2Fwp%2Fv2%2Fcomments&post=7327"}],"version-history":[{"count":1,"href":"https:\/\/challengeseconomiques.com\/index.php?rest_route=\/wp\/v2\/posts\/7327\/revisions"}],"predecessor-version":[{"id":7329,"href":"https:\/\/challengeseconomiques.com\/index.php?rest_route=\/wp\/v2\/posts\/7327\/revisions\/7329"}],"wp:featuredmedia":[{"embeddable":true,"href":"https:\/\/challengeseconomiques.com\/index.php?rest_route=\/wp\/v2\/media\/7328"}],"wp:attachment":[{"href":"https:\/\/challengeseconomiques.com\/index.php?rest_route=%2Fwp%2Fv2%2Fmedia&parent=7327"}],"wp:term":[{"taxonomy":"category","embeddable":true,"href":"https:\/\/challengeseconomiques.com\/index.php?rest_route=%2Fwp%2Fv2%2Fcategories&post=7327"},{"taxonomy":"post_tag","embeddable":true,"href":"https:\/\/challengeseconomiques.com\/index.php?rest_route=%2Fwp%2Fv2%2Ftags&post=7327"}],"curies":[{"name":"wp","href":"https:\/\/api.w.org\/{rel}","templated":true}]}}