{"id":7322,"date":"2024-11-08T11:28:34","date_gmt":"2024-11-08T11:28:34","guid":{"rendered":"https:\/\/challengeseconomiques.com\/?p=7322"},"modified":"2024-11-08T11:29:22","modified_gmt":"2024-11-08T11:29:22","slug":"mohammed-vi-conditionne-les-partenariats-et-engagements-juridiques-du-maroc-au-respect-de-son-integrite-territoriale","status":"publish","type":"post","link":"https:\/\/challengeseconomiques.com\/?p=7322","title":{"rendered":"Mohammed VI conditionne les partenariats et engagements juridiques du Maroc au respect de son int\u00e9grit\u00e9 territoriale"},"content":{"rendered":"<p>Le roi Mohammed VI a \u00e9cart\u00e9 mercredi tout \u00e9tablissement de partenariat ou d\u2019engagements juridiques du Maroc en dehors de la reconnaissance de son unit\u00e9 nationale et du respect de son int\u00e9grit\u00e9 territoriale.<\/p>\n<p>\u201cNous disons que les partenariats et les engagements juridiques du Maroc ne se feront jamais au d\u00e9triment de son unit\u00e9 nationale et de son int\u00e9grit\u00e9 territoriale\u201d, a-t-il d\u00e9clar\u00e9 lors d\u2019un discours \u00e0 la nation prononc\u00e9 \u00e0 l\u2019occasion du 49\u00e8 anniversaire de la Marche Verte.<\/p>\n<p>Initi\u00e9e par feu Hassan II, cette marche populaire a permis, selon Rabat, la lib\u00e9ration des provinces du sud marocain de l\u2019emprise coloniale espagnole, marquant un tournant dans la lutte pour la souverainet\u00e9 et r\u00e9v\u00e9lant l\u2019attachement ind\u00e9fectible du peuple marocain \u00e0 ses terres.<\/p>\n<p>Dans des propos rapport\u00e9s par la MAP, l\u2019Agence marocaine d\u2019information, le roi Mohammed VI a appel\u00e9 les Nations unies \u00e0 \u2018\u2019prendre leurs responsabilit\u00e9s\u2019\u2019 pour \u2018\u2019la reconnaissance internationale accrue de la Marocanit\u00e9 du Sahara\u2019\u2019.<\/p>\n<p>\u2018\u2019Le temps est donc venu pour les Nations unies de prendre leurs responsabilit\u00e9s en mettant en \u00e9vidence la grande diff\u00e9rence entre deux paradigmes : celui qu\u2019incarne le Maroc dans son Sahara, r\u00e9aliste et l\u00e9gitime et celui qui repose sur une vision scl\u00e9ros\u00e9e, coup\u00e9e du monde r\u00e9el et de ses \u00e9volutions\u201d, a soutenu le souverain marocain.<\/p>\n<p>Le Maroc est en conflit avec le Front Polisario, une organisation r\u00e9clamant l\u2019ind\u00e9pendance du territoire qu\u2019il surnomme le Sahara Occidental, une zone situ\u00e9e au Sud du Maroc et qui a longtemps \u00e9t\u00e9 sous domination espagnol.<\/p>\n<p>Cette r\u00e9gion d\u00e9nomm\u00e9e Sahara Marocain par les autorit\u00e9s marocaines est ainsi l\u2019objet d\u2019un conflit vieux de 50 ans.<\/p>\n<p>Le territoire est revendiqu\u00e9 par les ind\u00e9pendantistes sahraouis du Front Polisario qui r\u00e9clament un r\u00e9f\u00e9rendum d\u2019autod\u00e9termination, pr\u00e9vu dans le cadre d\u2019un cessez-le-feu en 1991, mais jusque-l\u00e0 jamais organis\u00e9.<\/p>\n<p>Selon Rabat, cette option est abandonn\u00e9e par les Nations unies du fait de son \u2018\u2019inapplicabilit\u00e9\u2019\u2019, rappelant que le souverain marocain a soulign\u00e9 l\u2019imp\u00e9ratif de veiller \u00e0 ce que les fruits du progr\u00e8s et du d\u00e9veloppement profitent aux citoyens de toutes les r\u00e9gions du pays.<\/p>\n<p><strong>(APS)<\/strong><\/p>\n","protected":false},"excerpt":{"rendered":"<p>Le roi Mohammed VI a \u00e9cart\u00e9 mercredi tout \u00e9tablissement de partenariat ou d\u2019engagements juridiques du Maroc en dehors de la reconnaissance de son unit\u00e9 nationale&#8230;<\/p>\n","protected":false},"author":1,"featured_media":451,"comment_status":"closed","ping_status":"open","sticky":false,"template":"","format":"standard","meta":{"_jetpack_memberships_contains_paid_content":false,"footnotes":""},"categories":[23,8],"tags":[],"class_list":["post-7322","post","type-post","status-publish","format-standard","has-post-thumbnail","hentry","category-a-la-une","category-actualite-economique","wpcat-23-id","wpcat-8-id"],"yoast_head":"<!-- This site is optimized with the Yoast SEO plugin v27.1.1 - https:\/\/yoast.com\/product\/yoast-seo-wordpress\/ -->\n<title>Mohammed VI conditionne les partenariats et engagements juridiques du Maroc au respect de son int\u00e9grit\u00e9 territoriale - challenges economiques<\/title>\n<meta name=\"robots\" content=\"index, follow, max-snippet:-1, max-image-preview:large, max-video-preview:-1\" \/>\n<link rel=\"canonical\" href=\"https:\/\/challengeseconomiques.com\/?p=7322\" \/>\n<meta property=\"og:locale\" content=\"fr_FR\" \/>\n<meta property=\"og:type\" content=\"article\" \/>\n<meta property=\"og:title\" content=\"Mohammed VI conditionne les partenariats et engagements juridiques du Maroc au respect de son int\u00e9grit\u00e9 territoriale - challenges economiques\" \/>\n<meta property=\"og:description\" content=\"Le roi Mohammed VI a \u00e9cart\u00e9 mercredi tout \u00e9tablissement de partenariat ou d\u2019engagements juridiques du Maroc en dehors de la reconnaissance de son unit\u00e9 nationale...\" \/>\n<meta property=\"og:url\" content=\"https:\/\/challengeseconomiques.com\/?p=7322\" \/>\n<meta property=\"og:site_name\" content=\"challenges economiques\" \/>\n<meta property=\"article:published_time\" content=\"2024-11-08T11:28:34+00:00\" \/>\n<meta property=\"article:modified_time\" content=\"2024-11-08T11:29:22+00:00\" \/>\n<meta property=\"og:image\" content=\"https:\/\/challengeseconomiques.com\/wp-content\/uploads\/2020\/12\/MOUHAMED6.png\" \/>\n\t<meta property=\"og:image:width\" content=\"1124\" \/>\n\t<meta property=\"og:image:height\" content=\"749\" \/>\n\t<meta property=\"og:image:type\" content=\"image\/png\" \/>\n<meta name=\"author\" content=\"admin\" \/>\n<meta name=\"twitter:card\" content=\"summary_large_image\" \/>\n<meta name=\"twitter:label1\" content=\"\u00c9crit par\" \/>\n\t<meta name=\"twitter:data1\" content=\"admin\" \/>\n\t<meta name=\"twitter:label2\" content=\"Dur\u00e9e de lecture estim\u00e9e\" \/>\n\t<meta name=\"twitter:data2\" content=\"2 minutes\" \/>\n<script type=\"application\/ld+json\" class=\"yoast-schema-graph\">{\"@context\":\"https:\/\/schema.org\",\"@graph\":[{\"@type\":\"Article\",\"@id\":\"https:\/\/challengeseconomiques.com\/?p=7322#article\",\"isPartOf\":{\"@id\":\"https:\/\/challengeseconomiques.com\/?p=7322\"},\"author\":{\"name\":\"admin\",\"@id\":\"https:\/\/challengeseconomiques.com\/#\/schema\/person\/b4568c9afebc5a9238a771873801e349\"},\"headline\":\"Mohammed VI conditionne les partenariats et engagements juridiques du Maroc au respect de son int\u00e9grit\u00e9 territoriale\",\"datePublished\":\"2024-11-08T11:28:34+00:00\",\"dateModified\":\"2024-11-08T11:29:22+00:00\",\"mainEntityOfPage\":{\"@id\":\"https:\/\/challengeseconomiques.com\/?p=7322\"},\"wordCount\":392,\"image\":{\"@id\":\"https:\/\/challengeseconomiques.com\/?p=7322#primaryimage\"},\"thumbnailUrl\":\"https:\/\/challengeseconomiques.com\/wp-content\/uploads\/2020\/12\/MOUHAMED6.png\",\"articleSection\":[\"A la une\",\"Actualit\u00e9 \u00e9conomique\"],\"inLanguage\":\"fr-FR\"},{\"@type\":\"WebPage\",\"@id\":\"https:\/\/challengeseconomiques.com\/?p=7322\",\"url\":\"https:\/\/challengeseconomiques.com\/?p=7322\",\"name\":\"Mohammed VI conditionne les partenariats et engagements juridiques du Maroc au respect de son int\u00e9grit\u00e9 territoriale - challenges economiques\",\"isPartOf\":{\"@id\":\"https:\/\/challengeseconomiques.com\/#website\"},\"primaryImageOfPage\":{\"@id\":\"https:\/\/challengeseconomiques.com\/?p=7322#primaryimage\"},\"image\":{\"@id\":\"https:\/\/challengeseconomiques.com\/?p=7322#primaryimage\"},\"thumbnailUrl\":\"https:\/\/challengeseconomiques.com\/wp-content\/uploads\/2020\/12\/MOUHAMED6.png\",\"datePublished\":\"2024-11-08T11:28:34+00:00\",\"dateModified\":\"2024-11-08T11:29:22+00:00\",\"author\":{\"@id\":\"https:\/\/challengeseconomiques.com\/#\/schema\/person\/b4568c9afebc5a9238a771873801e349\"},\"breadcrumb\":{\"@id\":\"https:\/\/challengeseconomiques.com\/?p=7322#breadcrumb\"},\"inLanguage\":\"fr-FR\",\"potentialAction\":[{\"@type\":\"ReadAction\",\"target\":[\"https:\/\/challengeseconomiques.com\/?p=7322\"]}]},{\"@type\":\"ImageObject\",\"inLanguage\":\"fr-FR\",\"@id\":\"https:\/\/challengeseconomiques.com\/?p=7322#primaryimage\",\"url\":\"https:\/\/challengeseconomiques.com\/wp-content\/uploads\/2020\/12\/MOUHAMED6.png\",\"contentUrl\":\"https:\/\/challengeseconomiques.com\/wp-content\/uploads\/2020\/12\/MOUHAMED6.png\",\"width\":1124,\"height\":749},{\"@type\":\"BreadcrumbList\",\"@id\":\"https:\/\/challengeseconomiques.com\/?p=7322#breadcrumb\",\"itemListElement\":[{\"@type\":\"ListItem\",\"position\":1,\"name\":\"Home\",\"item\":\"https:\/\/challengeseconomiques.com\/\"},{\"@type\":\"ListItem\",\"position\":2,\"name\":\"Mohammed VI conditionne les partenariats et engagements juridiques du Maroc au respect de son int\u00e9grit\u00e9 territoriale\"}]},{\"@type\":\"WebSite\",\"@id\":\"https:\/\/challengeseconomiques.com\/#website\",\"url\":\"https:\/\/challengeseconomiques.com\/\",\"name\":\"challenges economiques\",\"description\":\"\",\"potentialAction\":[{\"@type\":\"SearchAction\",\"target\":{\"@type\":\"EntryPoint\",\"urlTemplate\":\"https:\/\/challengeseconomiques.com\/?s={search_term_string}\"},\"query-input\":{\"@type\":\"PropertyValueSpecification\",\"valueRequired\":true,\"valueName\":\"search_term_string\"}}],\"inLanguage\":\"fr-FR\"},{\"@type\":\"Person\",\"@id\":\"https:\/\/challengeseconomiques.com\/#\/schema\/person\/b4568c9afebc5a9238a771873801e349\",\"name\":\"admin\",\"image\":{\"@type\":\"ImageObject\",\"inLanguage\":\"fr-FR\",\"@id\":\"https:\/\/challengeseconomiques.com\/#\/schema\/person\/image\/\",\"url\":\"https:\/\/secure.gravatar.com\/avatar\/099e42240b5eea11acdb72751fcce0dd918603f0749d24974b7984ea47ed9fd9?s=96&d=mm&r=g\",\"contentUrl\":\"https:\/\/secure.gravatar.com\/avatar\/099e42240b5eea11acdb72751fcce0dd918603f0749d24974b7984ea47ed9fd9?s=96&d=mm&r=g\",\"caption\":\"admin\"},\"sameAs\":[\"https:\/\/challengeseconomiques.com\"],\"url\":\"https:\/\/challengeseconomiques.com\/?author=1\"}]}<\/script>\n<!-- \/ Yoast SEO plugin. -->","yoast_head_json":{"title":"Mohammed VI conditionne les partenariats et engagements juridiques du Maroc au respect de son int\u00e9grit\u00e9 territoriale - challenges economiques","robots":{"index":"index","follow":"follow","max-snippet":"max-snippet:-1","max-image-preview":"max-image-preview:large","max-video-preview":"max-video-preview:-1"},"canonical":"https:\/\/challengeseconomiques.com\/?p=7322","og_locale":"fr_FR","og_type":"article","og_title":"Mohammed VI conditionne les partenariats et engagements juridiques du Maroc au respect de son int\u00e9grit\u00e9 territoriale - challenges economiques","og_description":"Le roi Mohammed VI a \u00e9cart\u00e9 mercredi tout \u00e9tablissement de partenariat ou d\u2019engagements juridiques du Maroc en dehors de la reconnaissance de son unit\u00e9 nationale...","og_url":"https:\/\/challengeseconomiques.com\/?p=7322","og_site_name":"challenges economiques","article_published_time":"2024-11-08T11:28:34+00:00","article_modified_time":"2024-11-08T11:29:22+00:00","og_image":[{"width":1124,"height":749,"url":"https:\/\/challengeseconomiques.com\/wp-content\/uploads\/2020\/12\/MOUHAMED6.png","type":"image\/png"}],"author":"admin","twitter_card":"summary_large_image","twitter_misc":{"\u00c9crit par":"admin","Dur\u00e9e de lecture estim\u00e9e":"2 minutes"},"schema":{"@context":"https:\/\/schema.org","@graph":[{"@type":"Article","@id":"https:\/\/challengeseconomiques.com\/?p=7322#article","isPartOf":{"@id":"https:\/\/challengeseconomiques.com\/?p=7322"},"author":{"name":"admin","@id":"https:\/\/challengeseconomiques.com\/#\/schema\/person\/b4568c9afebc5a9238a771873801e349"},"headline":"Mohammed VI conditionne les partenariats et engagements juridiques du Maroc au respect de son int\u00e9grit\u00e9 territoriale","datePublished":"2024-11-08T11:28:34+00:00","dateModified":"2024-11-08T11:29:22+00:00","mainEntityOfPage":{"@id":"https:\/\/challengeseconomiques.com\/?p=7322"},"wordCount":392,"image":{"@id":"https:\/\/challengeseconomiques.com\/?p=7322#primaryimage"},"thumbnailUrl":"https:\/\/challengeseconomiques.com\/wp-content\/uploads\/2020\/12\/MOUHAMED6.png","articleSection":["A la une","Actualit\u00e9 \u00e9conomique"],"inLanguage":"fr-FR"},{"@type":"WebPage","@id":"https:\/\/challengeseconomiques.com\/?p=7322","url":"https:\/\/challengeseconomiques.com\/?p=7322","name":"Mohammed VI conditionne les partenariats et engagements juridiques du Maroc au respect de son int\u00e9grit\u00e9 territoriale - challenges economiques","isPartOf":{"@id":"https:\/\/challengeseconomiques.com\/#website"},"primaryImageOfPage":{"@id":"https:\/\/challengeseconomiques.com\/?p=7322#primaryimage"},"image":{"@id":"https:\/\/challengeseconomiques.com\/?p=7322#primaryimage"},"thumbnailUrl":"https:\/\/challengeseconomiques.com\/wp-content\/uploads\/2020\/12\/MOUHAMED6.png","datePublished":"2024-11-08T11:28:34+00:00","dateModified":"2024-11-08T11:29:22+00:00","author":{"@id":"https:\/\/challengeseconomiques.com\/#\/schema\/person\/b4568c9afebc5a9238a771873801e349"},"breadcrumb":{"@id":"https:\/\/challengeseconomiques.com\/?p=7322#breadcrumb"},"inLanguage":"fr-FR","potentialAction":[{"@type":"ReadAction","target":["https:\/\/challengeseconomiques.com\/?p=7322"]}]},{"@type":"ImageObject","inLanguage":"fr-FR","@id":"https:\/\/challengeseconomiques.com\/?p=7322#primaryimage","url":"https:\/\/challengeseconomiques.com\/wp-content\/uploads\/2020\/12\/MOUHAMED6.png","contentUrl":"https:\/\/challengeseconomiques.com\/wp-content\/uploads\/2020\/12\/MOUHAMED6.png","width":1124,"height":749},{"@type":"BreadcrumbList","@id":"https:\/\/challengeseconomiques.com\/?p=7322#breadcrumb","itemListElement":[{"@type":"ListItem","position":1,"name":"Home","item":"https:\/\/challengeseconomiques.com\/"},{"@type":"ListItem","position":2,"name":"Mohammed VI conditionne les partenariats et engagements juridiques du Maroc au respect de son int\u00e9grit\u00e9 territoriale"}]},{"@type":"WebSite","@id":"https:\/\/challengeseconomiques.com\/#website","url":"https:\/\/challengeseconomiques.com\/","name":"challenges economiques","description":"","potentialAction":[{"@type":"SearchAction","target":{"@type":"EntryPoint","urlTemplate":"https:\/\/challengeseconomiques.com\/?s={search_term_string}"},"query-input":{"@type":"PropertyValueSpecification","valueRequired":true,"valueName":"search_term_string"}}],"inLanguage":"fr-FR"},{"@type":"Person","@id":"https:\/\/challengeseconomiques.com\/#\/schema\/person\/b4568c9afebc5a9238a771873801e349","name":"admin","image":{"@type":"ImageObject","inLanguage":"fr-FR","@id":"https:\/\/challengeseconomiques.com\/#\/schema\/person\/image\/","url":"https:\/\/secure.gravatar.com\/avatar\/099e42240b5eea11acdb72751fcce0dd918603f0749d24974b7984ea47ed9fd9?s=96&d=mm&r=g","contentUrl":"https:\/\/secure.gravatar.com\/avatar\/099e42240b5eea11acdb72751fcce0dd918603f0749d24974b7984ea47ed9fd9?s=96&d=mm&r=g","caption":"admin"},"sameAs":["https:\/\/challengeseconomiques.com"],"url":"https:\/\/challengeseconomiques.com\/?author=1"}]}},"jetpack_featured_media_url":"https:\/\/challengeseconomiques.com\/wp-content\/uploads\/2020\/12\/MOUHAMED6.png","jetpack_sharing_enabled":true,"_links":{"self":[{"href":"https:\/\/challengeseconomiques.com\/index.php?rest_route=\/wp\/v2\/posts\/7322","targetHints":{"allow":["GET"]}}],"collection":[{"href":"https:\/\/challengeseconomiques.com\/index.php?rest_route=\/wp\/v2\/posts"}],"about":[{"href":"https:\/\/challengeseconomiques.com\/index.php?rest_route=\/wp\/v2\/types\/post"}],"author":[{"embeddable":true,"href":"https:\/\/challengeseconomiques.com\/index.php?rest_route=\/wp\/v2\/users\/1"}],"replies":[{"embeddable":true,"href":"https:\/\/challengeseconomiques.com\/index.php?rest_route=%2Fwp%2Fv2%2Fcomments&post=7322"}],"version-history":[{"count":1,"href":"https:\/\/challengeseconomiques.com\/index.php?rest_route=\/wp\/v2\/posts\/7322\/revisions"}],"predecessor-version":[{"id":7323,"href":"https:\/\/challengeseconomiques.com\/index.php?rest_route=\/wp\/v2\/posts\/7322\/revisions\/7323"}],"wp:featuredmedia":[{"embeddable":true,"href":"https:\/\/challengeseconomiques.com\/index.php?rest_route=\/wp\/v2\/media\/451"}],"wp:attachment":[{"href":"https:\/\/challengeseconomiques.com\/index.php?rest_route=%2Fwp%2Fv2%2Fmedia&parent=7322"}],"wp:term":[{"taxonomy":"category","embeddable":true,"href":"https:\/\/challengeseconomiques.com\/index.php?rest_route=%2Fwp%2Fv2%2Fcategories&post=7322"},{"taxonomy":"post_tag","embeddable":true,"href":"https:\/\/challengeseconomiques.com\/index.php?rest_route=%2Fwp%2Fv2%2Ftags&post=7322"}],"curies":[{"name":"wp","href":"https:\/\/api.w.org\/{rel}","templated":true}]}}