{"id":7314,"date":"2024-11-06T13:15:46","date_gmt":"2024-11-06T13:15:46","guid":{"rendered":"https:\/\/challengeseconomiques.com\/?p=7314"},"modified":"2024-11-06T12:18:58","modified_gmt":"2024-11-06T12:18:58","slug":"opportunites-dinvestissements-zoom-sur-les-potentialites-de-souss-massa-et-du-senegal","status":"publish","type":"post","link":"https:\/\/challengeseconomiques.com\/?p=7314","title":{"rendered":"Opportunit\u00e9s d\u2019investissements : Zoom sur les potentialit\u00e9s de Souss Massa et du S\u00e9n\u00e9gal"},"content":{"rendered":"<p><strong>La mission \u00e9conomique men\u00e9e par la Chambre de Commerce, d\u2019Industrie et des Services de Souss Massa (Maroc) au S\u00e9n\u00e9gal a permis de pr\u00e9senter les potentialit\u00e9s \u00e9conomiques de cette r\u00e9gion. En collaboration avec la Chambre de Commerce, d\u2019Industrie et d\u2019Agriculture de Dakar (CCIAD), elle a organis\u00e9, le mardi 05 novembre 2024, un forum d\u2019affaires entre les secteurs priv\u00e9s s\u00e9n\u00e9galais et de la r\u00e9gion de Souss Massa pour explorer les opportunit\u00e9s d\u2019investissement de part et d\u2019autre.<\/strong><\/p>\n<p>Avec une d\u00e9l\u00e9gation d\u2019environ 34 membres, la Chambre de Commerce, d\u2019Industrie et des Services de Souss Massa a ratiss\u00e9 large pour toucher les plus grands secteurs \u00e9conomiques de la r\u00e9gion. Des acteurs \u00e9voluant dans le BTP, l\u2019agriculture, l\u2019immobilier, le tourisme et la p\u00eache ont particip\u00e9 au forum \u00e9conomique organis\u00e9 \u00e0 la CCIAD.<br \/>\nSelon Abderrahim Ramy, Directeur de la Chambre de Commerce, d\u2019Industrie et des Services de Souss Massa, la r\u00e9gion occupe la sixi\u00e8me place en termes de cr\u00e9ation de richesse \u00e0 l\u2019\u00e9chelle nationale, contribuant \u00e0 hauteur de 6,7 % au PIB du Maroc. Avec une population de 2,8 millions d\u2019habitants et 180 km de c\u00f4tes, Souss Massa est la premi\u00e8re r\u00e9gion du pays pour la production de produits halieutiques.<br \/>\nOutre la p\u00eache, les principaux secteurs \u00e9conomiques de Souss Massa sont l\u2019agriculture, le tourisme et les mines. Elle constitue par ailleurs, la premi\u00e8re destination baln\u00e9aire du Royaume, selon M. Ramy. Cette expertise sectorielle fait de Souss Massa un partenaire potentiel de premier plan pour les op\u00e9rateurs \u00e9conomiques s\u00e9n\u00e9galais d\u00e9sireux de d\u00e9velopper des collaborations dans ces domaines.<\/p>\n<p><strong>Un climat propice \u00e0 l\u2019investissement \u00e9tranger<\/strong><\/p>\n<p>De son c\u00f4t\u00e9, Mme Gueye de l\u2019Agence Nationale charg\u00e9e de la Promotion de l\u2019Investissement et des Grands Travaux (APIX-S.A.) a mis en avant les nombreux atouts du S\u00e9n\u00e9gal en mati\u00e8re d\u2019investissements. Elle a notamment \u00e9voqu\u00e9 les r\u00e9formes mises en \u0153uvre par l\u2019\u00c9tat du S\u00e9n\u00e9gal pour encourager les investissements \u00e9trangers, telles que les zones \u00e9conomiques sp\u00e9ciales (ZES), qui offrent des incitations fiscales attractives pour le d\u00e9veloppement d\u2019entreprises.<br \/>\nLa stabilit\u00e9 \u00e9conomique et politique, ainsi que la position g\u00e9ographique strat\u00e9gique du S\u00e9n\u00e9gal, font du pays une destination privil\u00e9gi\u00e9e pour la cr\u00e9ation d\u2019entreprises. En outre, le nouveau cadre des politiques publiques, inscrit dans la Strat\u00e9gie S\u00e9n\u00e9gal 2050, accorde une place de choix au secteur priv\u00e9 local. Pour jouer pleinement son r\u00f4le, ce dernier doit pouvoir \u00e9tablir des partenariats avec des entreprises et investisseurs \u00e9trangers, afin d\u2019accro\u00eetre son savoir-faire et ses capacit\u00e9s, d\u2019o\u00f9 l\u2019importance de ce forum d\u2019affaires entre les secteurs priv\u00e9s des deux pays.<\/p>\n<p><strong>BIE<br \/>\n<\/strong><\/p>\n","protected":false},"excerpt":{"rendered":"<p>La mission \u00e9conomique men\u00e9e par la Chambre de Commerce, d\u2019Industrie et des Services de Souss Massa (Maroc) au S\u00e9n\u00e9gal a permis de pr\u00e9senter les potentialit\u00e9s&#8230;<\/p>\n","protected":false},"author":1,"featured_media":7315,"comment_status":"closed","ping_status":"open","sticky":false,"template":"","format":"standard","meta":{"_jetpack_memberships_contains_paid_content":false,"footnotes":""},"categories":[23,8],"tags":[],"class_list":["post-7314","post","type-post","status-publish","format-standard","has-post-thumbnail","hentry","category-a-la-une","category-actualite-economique","wpcat-23-id","wpcat-8-id"],"yoast_head":"<!-- This site is optimized with the Yoast SEO plugin v27.1.1 - https:\/\/yoast.com\/product\/yoast-seo-wordpress\/ -->\n<title>Opportunit\u00e9s d\u2019investissements : Zoom sur les potentialit\u00e9s de Souss Massa et du S\u00e9n\u00e9gal - challenges economiques<\/title>\n<meta name=\"robots\" content=\"index, follow, max-snippet:-1, max-image-preview:large, max-video-preview:-1\" \/>\n<link rel=\"canonical\" href=\"https:\/\/challengeseconomiques.com\/?p=7314\" \/>\n<meta property=\"og:locale\" content=\"fr_FR\" \/>\n<meta property=\"og:type\" content=\"article\" \/>\n<meta property=\"og:title\" content=\"Opportunit\u00e9s d\u2019investissements : Zoom sur les potentialit\u00e9s de Souss Massa et du S\u00e9n\u00e9gal - challenges economiques\" \/>\n<meta property=\"og:description\" content=\"La mission \u00e9conomique men\u00e9e par la Chambre de Commerce, d\u2019Industrie et des Services de Souss Massa (Maroc) au S\u00e9n\u00e9gal a permis de pr\u00e9senter les potentialit\u00e9s...\" \/>\n<meta property=\"og:url\" content=\"https:\/\/challengeseconomiques.com\/?p=7314\" \/>\n<meta property=\"og:site_name\" content=\"challenges economiques\" \/>\n<meta property=\"article:published_time\" content=\"2024-11-06T13:15:46+00:00\" \/>\n<meta property=\"og:image\" content=\"https:\/\/challengeseconomiques.com\/wp-content\/uploads\/2024\/11\/SOUSMASSA.jpeg\" \/>\n\t<meta property=\"og:image:width\" content=\"1536\" \/>\n\t<meta property=\"og:image:height\" content=\"1024\" \/>\n\t<meta property=\"og:image:type\" content=\"image\/jpeg\" \/>\n<meta name=\"author\" content=\"admin\" \/>\n<meta name=\"twitter:card\" content=\"summary_large_image\" \/>\n<meta name=\"twitter:label1\" content=\"\u00c9crit par\" \/>\n\t<meta name=\"twitter:data1\" content=\"admin\" \/>\n\t<meta name=\"twitter:label2\" content=\"Dur\u00e9e de lecture estim\u00e9e\" \/>\n\t<meta name=\"twitter:data2\" content=\"2 minutes\" \/>\n<script type=\"application\/ld+json\" class=\"yoast-schema-graph\">{\"@context\":\"https:\/\/schema.org\",\"@graph\":[{\"@type\":\"Article\",\"@id\":\"https:\/\/challengeseconomiques.com\/?p=7314#article\",\"isPartOf\":{\"@id\":\"https:\/\/challengeseconomiques.com\/?p=7314\"},\"author\":{\"name\":\"admin\",\"@id\":\"https:\/\/challengeseconomiques.com\/#\/schema\/person\/b4568c9afebc5a9238a771873801e349\"},\"headline\":\"Opportunit\u00e9s d\u2019investissements : Zoom sur les potentialit\u00e9s de Souss Massa et du S\u00e9n\u00e9gal\",\"datePublished\":\"2024-11-06T13:15:46+00:00\",\"mainEntityOfPage\":{\"@id\":\"https:\/\/challengeseconomiques.com\/?p=7314\"},\"wordCount\":490,\"image\":{\"@id\":\"https:\/\/challengeseconomiques.com\/?p=7314#primaryimage\"},\"thumbnailUrl\":\"https:\/\/challengeseconomiques.com\/wp-content\/uploads\/2024\/11\/SOUSMASSA.jpeg\",\"articleSection\":[\"A la une\",\"Actualit\u00e9 \u00e9conomique\"],\"inLanguage\":\"fr-FR\"},{\"@type\":\"WebPage\",\"@id\":\"https:\/\/challengeseconomiques.com\/?p=7314\",\"url\":\"https:\/\/challengeseconomiques.com\/?p=7314\",\"name\":\"Opportunit\u00e9s d\u2019investissements : Zoom sur les potentialit\u00e9s de Souss Massa et du S\u00e9n\u00e9gal - challenges economiques\",\"isPartOf\":{\"@id\":\"https:\/\/challengeseconomiques.com\/#website\"},\"primaryImageOfPage\":{\"@id\":\"https:\/\/challengeseconomiques.com\/?p=7314#primaryimage\"},\"image\":{\"@id\":\"https:\/\/challengeseconomiques.com\/?p=7314#primaryimage\"},\"thumbnailUrl\":\"https:\/\/challengeseconomiques.com\/wp-content\/uploads\/2024\/11\/SOUSMASSA.jpeg\",\"datePublished\":\"2024-11-06T13:15:46+00:00\",\"author\":{\"@id\":\"https:\/\/challengeseconomiques.com\/#\/schema\/person\/b4568c9afebc5a9238a771873801e349\"},\"breadcrumb\":{\"@id\":\"https:\/\/challengeseconomiques.com\/?p=7314#breadcrumb\"},\"inLanguage\":\"fr-FR\",\"potentialAction\":[{\"@type\":\"ReadAction\",\"target\":[\"https:\/\/challengeseconomiques.com\/?p=7314\"]}]},{\"@type\":\"ImageObject\",\"inLanguage\":\"fr-FR\",\"@id\":\"https:\/\/challengeseconomiques.com\/?p=7314#primaryimage\",\"url\":\"https:\/\/challengeseconomiques.com\/wp-content\/uploads\/2024\/11\/SOUSMASSA.jpeg\",\"contentUrl\":\"https:\/\/challengeseconomiques.com\/wp-content\/uploads\/2024\/11\/SOUSMASSA.jpeg\",\"width\":1536,\"height\":1024},{\"@type\":\"BreadcrumbList\",\"@id\":\"https:\/\/challengeseconomiques.com\/?p=7314#breadcrumb\",\"itemListElement\":[{\"@type\":\"ListItem\",\"position\":1,\"name\":\"Home\",\"item\":\"https:\/\/challengeseconomiques.com\/\"},{\"@type\":\"ListItem\",\"position\":2,\"name\":\"Opportunit\u00e9s d\u2019investissements : Zoom sur les potentialit\u00e9s de Souss Massa et du S\u00e9n\u00e9gal\"}]},{\"@type\":\"WebSite\",\"@id\":\"https:\/\/challengeseconomiques.com\/#website\",\"url\":\"https:\/\/challengeseconomiques.com\/\",\"name\":\"challenges economiques\",\"description\":\"\",\"potentialAction\":[{\"@type\":\"SearchAction\",\"target\":{\"@type\":\"EntryPoint\",\"urlTemplate\":\"https:\/\/challengeseconomiques.com\/?s={search_term_string}\"},\"query-input\":{\"@type\":\"PropertyValueSpecification\",\"valueRequired\":true,\"valueName\":\"search_term_string\"}}],\"inLanguage\":\"fr-FR\"},{\"@type\":\"Person\",\"@id\":\"https:\/\/challengeseconomiques.com\/#\/schema\/person\/b4568c9afebc5a9238a771873801e349\",\"name\":\"admin\",\"image\":{\"@type\":\"ImageObject\",\"inLanguage\":\"fr-FR\",\"@id\":\"https:\/\/challengeseconomiques.com\/#\/schema\/person\/image\/\",\"url\":\"https:\/\/secure.gravatar.com\/avatar\/099e42240b5eea11acdb72751fcce0dd918603f0749d24974b7984ea47ed9fd9?s=96&d=mm&r=g\",\"contentUrl\":\"https:\/\/secure.gravatar.com\/avatar\/099e42240b5eea11acdb72751fcce0dd918603f0749d24974b7984ea47ed9fd9?s=96&d=mm&r=g\",\"caption\":\"admin\"},\"sameAs\":[\"https:\/\/challengeseconomiques.com\"],\"url\":\"https:\/\/challengeseconomiques.com\/?author=1\"}]}<\/script>\n<!-- \/ Yoast SEO plugin. -->","yoast_head_json":{"title":"Opportunit\u00e9s d\u2019investissements : Zoom sur les potentialit\u00e9s de Souss Massa et du S\u00e9n\u00e9gal - challenges economiques","robots":{"index":"index","follow":"follow","max-snippet":"max-snippet:-1","max-image-preview":"max-image-preview:large","max-video-preview":"max-video-preview:-1"},"canonical":"https:\/\/challengeseconomiques.com\/?p=7314","og_locale":"fr_FR","og_type":"article","og_title":"Opportunit\u00e9s d\u2019investissements : Zoom sur les potentialit\u00e9s de Souss Massa et du S\u00e9n\u00e9gal - challenges economiques","og_description":"La mission \u00e9conomique men\u00e9e par la Chambre de Commerce, d\u2019Industrie et des Services de Souss Massa (Maroc) au S\u00e9n\u00e9gal a permis de pr\u00e9senter les potentialit\u00e9s...","og_url":"https:\/\/challengeseconomiques.com\/?p=7314","og_site_name":"challenges economiques","article_published_time":"2024-11-06T13:15:46+00:00","og_image":[{"width":1536,"height":1024,"url":"https:\/\/challengeseconomiques.com\/wp-content\/uploads\/2024\/11\/SOUSMASSA.jpeg","type":"image\/jpeg"}],"author":"admin","twitter_card":"summary_large_image","twitter_misc":{"\u00c9crit par":"admin","Dur\u00e9e de lecture estim\u00e9e":"2 minutes"},"schema":{"@context":"https:\/\/schema.org","@graph":[{"@type":"Article","@id":"https:\/\/challengeseconomiques.com\/?p=7314#article","isPartOf":{"@id":"https:\/\/challengeseconomiques.com\/?p=7314"},"author":{"name":"admin","@id":"https:\/\/challengeseconomiques.com\/#\/schema\/person\/b4568c9afebc5a9238a771873801e349"},"headline":"Opportunit\u00e9s d\u2019investissements : Zoom sur les potentialit\u00e9s de Souss Massa et du S\u00e9n\u00e9gal","datePublished":"2024-11-06T13:15:46+00:00","mainEntityOfPage":{"@id":"https:\/\/challengeseconomiques.com\/?p=7314"},"wordCount":490,"image":{"@id":"https:\/\/challengeseconomiques.com\/?p=7314#primaryimage"},"thumbnailUrl":"https:\/\/challengeseconomiques.com\/wp-content\/uploads\/2024\/11\/SOUSMASSA.jpeg","articleSection":["A la une","Actualit\u00e9 \u00e9conomique"],"inLanguage":"fr-FR"},{"@type":"WebPage","@id":"https:\/\/challengeseconomiques.com\/?p=7314","url":"https:\/\/challengeseconomiques.com\/?p=7314","name":"Opportunit\u00e9s d\u2019investissements : Zoom sur les potentialit\u00e9s de Souss Massa et du S\u00e9n\u00e9gal - challenges economiques","isPartOf":{"@id":"https:\/\/challengeseconomiques.com\/#website"},"primaryImageOfPage":{"@id":"https:\/\/challengeseconomiques.com\/?p=7314#primaryimage"},"image":{"@id":"https:\/\/challengeseconomiques.com\/?p=7314#primaryimage"},"thumbnailUrl":"https:\/\/challengeseconomiques.com\/wp-content\/uploads\/2024\/11\/SOUSMASSA.jpeg","datePublished":"2024-11-06T13:15:46+00:00","author":{"@id":"https:\/\/challengeseconomiques.com\/#\/schema\/person\/b4568c9afebc5a9238a771873801e349"},"breadcrumb":{"@id":"https:\/\/challengeseconomiques.com\/?p=7314#breadcrumb"},"inLanguage":"fr-FR","potentialAction":[{"@type":"ReadAction","target":["https:\/\/challengeseconomiques.com\/?p=7314"]}]},{"@type":"ImageObject","inLanguage":"fr-FR","@id":"https:\/\/challengeseconomiques.com\/?p=7314#primaryimage","url":"https:\/\/challengeseconomiques.com\/wp-content\/uploads\/2024\/11\/SOUSMASSA.jpeg","contentUrl":"https:\/\/challengeseconomiques.com\/wp-content\/uploads\/2024\/11\/SOUSMASSA.jpeg","width":1536,"height":1024},{"@type":"BreadcrumbList","@id":"https:\/\/challengeseconomiques.com\/?p=7314#breadcrumb","itemListElement":[{"@type":"ListItem","position":1,"name":"Home","item":"https:\/\/challengeseconomiques.com\/"},{"@type":"ListItem","position":2,"name":"Opportunit\u00e9s d\u2019investissements : Zoom sur les potentialit\u00e9s de Souss Massa et du S\u00e9n\u00e9gal"}]},{"@type":"WebSite","@id":"https:\/\/challengeseconomiques.com\/#website","url":"https:\/\/challengeseconomiques.com\/","name":"challenges economiques","description":"","potentialAction":[{"@type":"SearchAction","target":{"@type":"EntryPoint","urlTemplate":"https:\/\/challengeseconomiques.com\/?s={search_term_string}"},"query-input":{"@type":"PropertyValueSpecification","valueRequired":true,"valueName":"search_term_string"}}],"inLanguage":"fr-FR"},{"@type":"Person","@id":"https:\/\/challengeseconomiques.com\/#\/schema\/person\/b4568c9afebc5a9238a771873801e349","name":"admin","image":{"@type":"ImageObject","inLanguage":"fr-FR","@id":"https:\/\/challengeseconomiques.com\/#\/schema\/person\/image\/","url":"https:\/\/secure.gravatar.com\/avatar\/099e42240b5eea11acdb72751fcce0dd918603f0749d24974b7984ea47ed9fd9?s=96&d=mm&r=g","contentUrl":"https:\/\/secure.gravatar.com\/avatar\/099e42240b5eea11acdb72751fcce0dd918603f0749d24974b7984ea47ed9fd9?s=96&d=mm&r=g","caption":"admin"},"sameAs":["https:\/\/challengeseconomiques.com"],"url":"https:\/\/challengeseconomiques.com\/?author=1"}]}},"jetpack_featured_media_url":"https:\/\/challengeseconomiques.com\/wp-content\/uploads\/2024\/11\/SOUSMASSA.jpeg","jetpack_sharing_enabled":true,"_links":{"self":[{"href":"https:\/\/challengeseconomiques.com\/index.php?rest_route=\/wp\/v2\/posts\/7314","targetHints":{"allow":["GET"]}}],"collection":[{"href":"https:\/\/challengeseconomiques.com\/index.php?rest_route=\/wp\/v2\/posts"}],"about":[{"href":"https:\/\/challengeseconomiques.com\/index.php?rest_route=\/wp\/v2\/types\/post"}],"author":[{"embeddable":true,"href":"https:\/\/challengeseconomiques.com\/index.php?rest_route=\/wp\/v2\/users\/1"}],"replies":[{"embeddable":true,"href":"https:\/\/challengeseconomiques.com\/index.php?rest_route=%2Fwp%2Fv2%2Fcomments&post=7314"}],"version-history":[{"count":1,"href":"https:\/\/challengeseconomiques.com\/index.php?rest_route=\/wp\/v2\/posts\/7314\/revisions"}],"predecessor-version":[{"id":7316,"href":"https:\/\/challengeseconomiques.com\/index.php?rest_route=\/wp\/v2\/posts\/7314\/revisions\/7316"}],"wp:featuredmedia":[{"embeddable":true,"href":"https:\/\/challengeseconomiques.com\/index.php?rest_route=\/wp\/v2\/media\/7315"}],"wp:attachment":[{"href":"https:\/\/challengeseconomiques.com\/index.php?rest_route=%2Fwp%2Fv2%2Fmedia&parent=7314"}],"wp:term":[{"taxonomy":"category","embeddable":true,"href":"https:\/\/challengeseconomiques.com\/index.php?rest_route=%2Fwp%2Fv2%2Fcategories&post=7314"},{"taxonomy":"post_tag","embeddable":true,"href":"https:\/\/challengeseconomiques.com\/index.php?rest_route=%2Fwp%2Fv2%2Ftags&post=7314"}],"curies":[{"name":"wp","href":"https:\/\/api.w.org\/{rel}","templated":true}]}}