{"id":7309,"date":"2024-11-06T12:11:12","date_gmt":"2024-11-06T12:11:12","guid":{"rendered":"https:\/\/challengeseconomiques.com\/?p=7309"},"modified":"2024-11-06T12:12:39","modified_gmt":"2024-11-06T12:12:39","slug":"senegal-turquie-cooperation-lapix-et-le-deik-sengagent-a-renforcer-la-cooperation-entre-les-entreprises-senegalaises-et-turques","status":"publish","type":"post","link":"https:\/\/challengeseconomiques.com\/?p=7309","title":{"rendered":"SENEGAL-TURQUIE-COOPERATION \/ L\u2019APIX et le DEIK s\u2019engagent \u00e0 renforcer la coop\u00e9ration entre les entreprises s\u00e9n\u00e9galaises et turques"},"content":{"rendered":"<p>L\u2019Agence pour la promotion des investissements et des grands travaux (APIX) et le Conseil des relations \u00e9conomiques \u00e9trang\u00e8res (DEIK) de la Turquie ont sign\u00e9 un protocole d\u2019accord visant \u00e0 renforcer le volume des \u00e9changes commerciaux et la coop\u00e9ration entre les entreprises s\u00e9n\u00e9galaises et turques d\u2019ici \u00e0 l\u2019horizon 2030.<\/p>\n<p>Le partenariat a \u00e9t\u00e9 scell\u00e9 en marge de la visite du pr\u00e9sident de la R\u00e9publique s\u00e9n\u00e9galais, Bassirou Diomaye Faye en Turquie (31 octobre-2 novembre), sur invitation de son homologue turc Recep Tayyib Erdogan, a t-on appris de l\u2019APS dans un communiqu\u00e9.<\/p>\n<p>Cet engagement r\u00e9pond de la volont\u00e9 des chefs d\u2019Etats turc Recep Tayyip Erdogan et s\u00e9n\u00e9galais Bassirou Diomaye Faye \u2018\u2019de porter les \u00e9changes commerciaux entre les deux pays de 445 millions de dollars, environ 276 milliards de francs CFA \u00e0 1 milliard de dollars, environ 620 milliards de francs CFA, d\u2019ici 2030 t\u00e9moignant la solidit\u00e9 de ce partenariat bilat\u00e9ral\u2019\u2019, souligne la m\u00eame source.<\/p>\n<p>Elle rappelle que le pr\u00e9sident Faye a particip\u00e9, en marge de cette visite, au Forum d\u2019investissement Turquie-S\u00e9n\u00e9gal (1-2 novembre) auquel ont pris part plus de \u2018\u2019500 participants dont 218 repr\u00e9sentants s\u00e9n\u00e9galais de secteurs strat\u00e9giques tels que l\u2019agrobusiness, les transports, la construction, l\u2019immobilier et l\u2019\u00e9nergie\u2019\u2019.<\/p>\n<p>Le Directeur g\u00e9n\u00e9ral de l\u2019APIX Bakary S\u00e9ga Bathily et le ministre de l\u2019Int\u00e9gration africaine et des Affaires \u00e9trang\u00e8res, Yassine Fall ont \u00e9galement particip\u00e9 \u00e0 l\u2019\u00e9v\u00e8nement.<\/p>\n<p>A travers ce partenariat, l\u2019APIX veut \u2018\u2019confirmer son engagement \u00e0 soutenir des partenariats durables et \u00e0 renforcer l\u2019attractivit\u00e9 du S\u00e9n\u00e9gal pour les investisseurs nationaux et internationaux\u2019\u2019, mais aussi \u2018\u2019 r\u00e9affirmer son r\u00f4le catalyseur de la promotion des investissements et des relations \u00e9conomiques entre le S\u00e9n\u00e9gal et la Turquie\u2019\u2019.<\/p>\n<p><strong>\u2018\u2019Le programme S\u00e9n\u00e9gal 2050 sera pr\u00e9sent\u00e9 au Word Investment Conf\u00e9rence 2024 \u00e0 Riyad\u2019\u2019\u2019\u2019<\/strong><\/p>\n<p>Avant sa visite officielle en Turquie, Bassirou Diomaye Faye a s\u00e9journ\u00e9 en Arabie Saoudite (27-31 octobre), o\u00f9 il a particip\u00e9 au Future Investment Initiative (FII), un \u00e9v\u00e8nement mondial r\u00e9unissant des leaders politiques et \u00e9conomiques.<\/p>\n<p>En marge de cet \u00e9v\u00e8nement, le DG de l\u2019APIX et le ministre saoudien de l\u2019Investissement, Khalid Al-Falih, se sont entretenus sur \u2018\u2019les opportunit\u00e9s d\u2019investissements dans l\u2019\u00e9nergie, l\u2019agro-industrie, les infrastructures et les technologies innovantes\u2019\u2019, au S\u00e9n\u00e9gal.<\/p>\n<p>\u2018\u2019Nous accueillons favorablement l\u2019invitation du ministre saoudien de l\u2019Investissement \u00e0 pr\u00e9senter le portefeuille de projets de l\u2019Agenda national de transformation syst\u00e9mique S\u00e9n\u00e9gal 2050 au Word Investment Conf\u00e9rence pr\u00e9vue les 25-27 novembre \u00e0 Riyad\u2019\u2019, a soutenu M. Bathily cit\u00e9 dans le communiqu\u00e9.<\/p>\n<p>Selon lui, \u2018\u2019ces discussions ouvrent la voie \u00e0 des investissements concrets, notamment avec une nouvelle offre formul\u00e9e par la soci\u00e9t\u00e9 Acwa Power, -engag\u00e9e dans le d\u00e9veloppement, l\u2019investissement, l\u2019exploitation et la maintenance de la production d\u2019\u00e9lectricit\u00e9 et du dessalement de l\u2019eau-, renfor\u00e7ant le positionnement du S\u00e9n\u00e9gal comme un hub \u00e9conomique attractif et en pleine croissance\u2019\u2019.<\/p>\n<p>Cette mission, a poursuivi le DG de l\u2019APIX, a \u00e9t\u00e9 l\u2019occasion \u2018\u2019de mettre en lumi\u00e8re le leadership \u00e9clair\u00e9 du pr\u00e9sident Bassirou Diomaye Faye, son engagement envers la bonne gouvernance, la paix et l\u2019unit\u00e9 nationale et sa pr\u00e9sentation rigoureuse des finances publiques du S\u00e9n\u00e9gal qui ont renforc\u00e9 la confiance des partenaires internationaux et consolid\u00e9 la position du S\u00e9n\u00e9gal comme une destination d\u2019investissement majeure et sure en Afrique de l\u2019Ouest\u201d.<\/p>\n<p><strong>(APS)<\/strong><\/p>\n","protected":false},"excerpt":{"rendered":"<p>L\u2019Agence pour la promotion des investissements et des grands travaux (APIX) et le Conseil des relations \u00e9conomiques \u00e9trang\u00e8res (DEIK) de la Turquie ont sign\u00e9 un&#8230;<\/p>\n","protected":false},"author":1,"featured_media":7310,"comment_status":"closed","ping_status":"open","sticky":false,"template":"","format":"standard","meta":{"_jetpack_memberships_contains_paid_content":false,"footnotes":""},"categories":[8,10],"tags":[],"class_list":["post-7309","post","type-post","status-publish","format-standard","has-post-thumbnail","hentry","category-actualite-economique","category-infos-eco","wpcat-8-id","wpcat-10-id"],"yoast_head":"<!-- This site is optimized with the Yoast SEO plugin v27.1.1 - https:\/\/yoast.com\/product\/yoast-seo-wordpress\/ -->\n<title>SENEGAL-TURQUIE-COOPERATION \/ L\u2019APIX et le DEIK s\u2019engagent \u00e0 renforcer la coop\u00e9ration entre les entreprises s\u00e9n\u00e9galaises et turques - challenges economiques<\/title>\n<meta name=\"robots\" content=\"index, follow, max-snippet:-1, max-image-preview:large, max-video-preview:-1\" \/>\n<link rel=\"canonical\" href=\"https:\/\/challengeseconomiques.com\/?p=7309\" \/>\n<meta property=\"og:locale\" content=\"fr_FR\" \/>\n<meta property=\"og:type\" content=\"article\" \/>\n<meta property=\"og:title\" content=\"SENEGAL-TURQUIE-COOPERATION \/ L\u2019APIX et le DEIK s\u2019engagent \u00e0 renforcer la coop\u00e9ration entre les entreprises s\u00e9n\u00e9galaises et turques - challenges economiques\" \/>\n<meta property=\"og:description\" content=\"L\u2019Agence pour la promotion des investissements et des grands travaux (APIX) et le Conseil des relations \u00e9conomiques \u00e9trang\u00e8res (DEIK) de la Turquie ont sign\u00e9 un...\" \/>\n<meta property=\"og:url\" content=\"https:\/\/challengeseconomiques.com\/?p=7309\" \/>\n<meta property=\"og:site_name\" content=\"challenges economiques\" \/>\n<meta property=\"article:published_time\" content=\"2024-11-06T12:11:12+00:00\" \/>\n<meta property=\"article:modified_time\" content=\"2024-11-06T12:12:39+00:00\" \/>\n<meta property=\"og:image\" content=\"https:\/\/challengeseconomiques.com\/wp-content\/uploads\/2024\/11\/Erdogandiomaye.jpg\" \/>\n\t<meta property=\"og:image:width\" content=\"1080\" \/>\n\t<meta property=\"og:image:height\" content=\"750\" \/>\n\t<meta property=\"og:image:type\" content=\"image\/jpeg\" \/>\n<meta name=\"author\" content=\"admin\" \/>\n<meta name=\"twitter:card\" content=\"summary_large_image\" \/>\n<meta name=\"twitter:label1\" content=\"\u00c9crit par\" \/>\n\t<meta name=\"twitter:data1\" content=\"admin\" \/>\n\t<meta name=\"twitter:label2\" content=\"Dur\u00e9e de lecture estim\u00e9e\" \/>\n\t<meta name=\"twitter:data2\" content=\"3 minutes\" \/>\n<script type=\"application\/ld+json\" class=\"yoast-schema-graph\">{\"@context\":\"https:\/\/schema.org\",\"@graph\":[{\"@type\":\"Article\",\"@id\":\"https:\/\/challengeseconomiques.com\/?p=7309#article\",\"isPartOf\":{\"@id\":\"https:\/\/challengeseconomiques.com\/?p=7309\"},\"author\":{\"name\":\"admin\",\"@id\":\"https:\/\/challengeseconomiques.com\/#\/schema\/person\/b4568c9afebc5a9238a771873801e349\"},\"headline\":\"SENEGAL-TURQUIE-COOPERATION \/ L\u2019APIX et le DEIK s\u2019engagent \u00e0 renforcer la coop\u00e9ration entre les entreprises s\u00e9n\u00e9galaises et turques\",\"datePublished\":\"2024-11-06T12:11:12+00:00\",\"dateModified\":\"2024-11-06T12:12:39+00:00\",\"mainEntityOfPage\":{\"@id\":\"https:\/\/challengeseconomiques.com\/?p=7309\"},\"wordCount\":608,\"image\":{\"@id\":\"https:\/\/challengeseconomiques.com\/?p=7309#primaryimage\"},\"thumbnailUrl\":\"https:\/\/challengeseconomiques.com\/wp-content\/uploads\/2024\/11\/Erdogandiomaye.jpg\",\"articleSection\":[\"Actualit\u00e9 \u00e9conomique\",\"Infos \u00e9co\"],\"inLanguage\":\"fr-FR\"},{\"@type\":\"WebPage\",\"@id\":\"https:\/\/challengeseconomiques.com\/?p=7309\",\"url\":\"https:\/\/challengeseconomiques.com\/?p=7309\",\"name\":\"SENEGAL-TURQUIE-COOPERATION \/ L\u2019APIX et le DEIK s\u2019engagent \u00e0 renforcer la coop\u00e9ration entre les entreprises s\u00e9n\u00e9galaises et turques - challenges economiques\",\"isPartOf\":{\"@id\":\"https:\/\/challengeseconomiques.com\/#website\"},\"primaryImageOfPage\":{\"@id\":\"https:\/\/challengeseconomiques.com\/?p=7309#primaryimage\"},\"image\":{\"@id\":\"https:\/\/challengeseconomiques.com\/?p=7309#primaryimage\"},\"thumbnailUrl\":\"https:\/\/challengeseconomiques.com\/wp-content\/uploads\/2024\/11\/Erdogandiomaye.jpg\",\"datePublished\":\"2024-11-06T12:11:12+00:00\",\"dateModified\":\"2024-11-06T12:12:39+00:00\",\"author\":{\"@id\":\"https:\/\/challengeseconomiques.com\/#\/schema\/person\/b4568c9afebc5a9238a771873801e349\"},\"breadcrumb\":{\"@id\":\"https:\/\/challengeseconomiques.com\/?p=7309#breadcrumb\"},\"inLanguage\":\"fr-FR\",\"potentialAction\":[{\"@type\":\"ReadAction\",\"target\":[\"https:\/\/challengeseconomiques.com\/?p=7309\"]}]},{\"@type\":\"ImageObject\",\"inLanguage\":\"fr-FR\",\"@id\":\"https:\/\/challengeseconomiques.com\/?p=7309#primaryimage\",\"url\":\"https:\/\/challengeseconomiques.com\/wp-content\/uploads\/2024\/11\/Erdogandiomaye.jpg\",\"contentUrl\":\"https:\/\/challengeseconomiques.com\/wp-content\/uploads\/2024\/11\/Erdogandiomaye.jpg\",\"width\":1080,\"height\":750},{\"@type\":\"BreadcrumbList\",\"@id\":\"https:\/\/challengeseconomiques.com\/?p=7309#breadcrumb\",\"itemListElement\":[{\"@type\":\"ListItem\",\"position\":1,\"name\":\"Home\",\"item\":\"https:\/\/challengeseconomiques.com\/\"},{\"@type\":\"ListItem\",\"position\":2,\"name\":\"SENEGAL-TURQUIE-COOPERATION \/ L\u2019APIX et le DEIK s\u2019engagent \u00e0 renforcer la coop\u00e9ration entre les entreprises s\u00e9n\u00e9galaises et turques\"}]},{\"@type\":\"WebSite\",\"@id\":\"https:\/\/challengeseconomiques.com\/#website\",\"url\":\"https:\/\/challengeseconomiques.com\/\",\"name\":\"challenges economiques\",\"description\":\"\",\"potentialAction\":[{\"@type\":\"SearchAction\",\"target\":{\"@type\":\"EntryPoint\",\"urlTemplate\":\"https:\/\/challengeseconomiques.com\/?s={search_term_string}\"},\"query-input\":{\"@type\":\"PropertyValueSpecification\",\"valueRequired\":true,\"valueName\":\"search_term_string\"}}],\"inLanguage\":\"fr-FR\"},{\"@type\":\"Person\",\"@id\":\"https:\/\/challengeseconomiques.com\/#\/schema\/person\/b4568c9afebc5a9238a771873801e349\",\"name\":\"admin\",\"image\":{\"@type\":\"ImageObject\",\"inLanguage\":\"fr-FR\",\"@id\":\"https:\/\/challengeseconomiques.com\/#\/schema\/person\/image\/\",\"url\":\"https:\/\/secure.gravatar.com\/avatar\/099e42240b5eea11acdb72751fcce0dd918603f0749d24974b7984ea47ed9fd9?s=96&d=mm&r=g\",\"contentUrl\":\"https:\/\/secure.gravatar.com\/avatar\/099e42240b5eea11acdb72751fcce0dd918603f0749d24974b7984ea47ed9fd9?s=96&d=mm&r=g\",\"caption\":\"admin\"},\"sameAs\":[\"https:\/\/challengeseconomiques.com\"],\"url\":\"https:\/\/challengeseconomiques.com\/?author=1\"}]}<\/script>\n<!-- \/ Yoast SEO plugin. -->","yoast_head_json":{"title":"SENEGAL-TURQUIE-COOPERATION \/ L\u2019APIX et le DEIK s\u2019engagent \u00e0 renforcer la coop\u00e9ration entre les entreprises s\u00e9n\u00e9galaises et turques - challenges economiques","robots":{"index":"index","follow":"follow","max-snippet":"max-snippet:-1","max-image-preview":"max-image-preview:large","max-video-preview":"max-video-preview:-1"},"canonical":"https:\/\/challengeseconomiques.com\/?p=7309","og_locale":"fr_FR","og_type":"article","og_title":"SENEGAL-TURQUIE-COOPERATION \/ L\u2019APIX et le DEIK s\u2019engagent \u00e0 renforcer la coop\u00e9ration entre les entreprises s\u00e9n\u00e9galaises et turques - challenges economiques","og_description":"L\u2019Agence pour la promotion des investissements et des grands travaux (APIX) et le Conseil des relations \u00e9conomiques \u00e9trang\u00e8res (DEIK) de la Turquie ont sign\u00e9 un...","og_url":"https:\/\/challengeseconomiques.com\/?p=7309","og_site_name":"challenges economiques","article_published_time":"2024-11-06T12:11:12+00:00","article_modified_time":"2024-11-06T12:12:39+00:00","og_image":[{"width":1080,"height":750,"url":"https:\/\/challengeseconomiques.com\/wp-content\/uploads\/2024\/11\/Erdogandiomaye.jpg","type":"image\/jpeg"}],"author":"admin","twitter_card":"summary_large_image","twitter_misc":{"\u00c9crit par":"admin","Dur\u00e9e de lecture estim\u00e9e":"3 minutes"},"schema":{"@context":"https:\/\/schema.org","@graph":[{"@type":"Article","@id":"https:\/\/challengeseconomiques.com\/?p=7309#article","isPartOf":{"@id":"https:\/\/challengeseconomiques.com\/?p=7309"},"author":{"name":"admin","@id":"https:\/\/challengeseconomiques.com\/#\/schema\/person\/b4568c9afebc5a9238a771873801e349"},"headline":"SENEGAL-TURQUIE-COOPERATION \/ L\u2019APIX et le DEIK s\u2019engagent \u00e0 renforcer la coop\u00e9ration entre les entreprises s\u00e9n\u00e9galaises et turques","datePublished":"2024-11-06T12:11:12+00:00","dateModified":"2024-11-06T12:12:39+00:00","mainEntityOfPage":{"@id":"https:\/\/challengeseconomiques.com\/?p=7309"},"wordCount":608,"image":{"@id":"https:\/\/challengeseconomiques.com\/?p=7309#primaryimage"},"thumbnailUrl":"https:\/\/challengeseconomiques.com\/wp-content\/uploads\/2024\/11\/Erdogandiomaye.jpg","articleSection":["Actualit\u00e9 \u00e9conomique","Infos \u00e9co"],"inLanguage":"fr-FR"},{"@type":"WebPage","@id":"https:\/\/challengeseconomiques.com\/?p=7309","url":"https:\/\/challengeseconomiques.com\/?p=7309","name":"SENEGAL-TURQUIE-COOPERATION \/ L\u2019APIX et le DEIK s\u2019engagent \u00e0 renforcer la coop\u00e9ration entre les entreprises s\u00e9n\u00e9galaises et turques - challenges economiques","isPartOf":{"@id":"https:\/\/challengeseconomiques.com\/#website"},"primaryImageOfPage":{"@id":"https:\/\/challengeseconomiques.com\/?p=7309#primaryimage"},"image":{"@id":"https:\/\/challengeseconomiques.com\/?p=7309#primaryimage"},"thumbnailUrl":"https:\/\/challengeseconomiques.com\/wp-content\/uploads\/2024\/11\/Erdogandiomaye.jpg","datePublished":"2024-11-06T12:11:12+00:00","dateModified":"2024-11-06T12:12:39+00:00","author":{"@id":"https:\/\/challengeseconomiques.com\/#\/schema\/person\/b4568c9afebc5a9238a771873801e349"},"breadcrumb":{"@id":"https:\/\/challengeseconomiques.com\/?p=7309#breadcrumb"},"inLanguage":"fr-FR","potentialAction":[{"@type":"ReadAction","target":["https:\/\/challengeseconomiques.com\/?p=7309"]}]},{"@type":"ImageObject","inLanguage":"fr-FR","@id":"https:\/\/challengeseconomiques.com\/?p=7309#primaryimage","url":"https:\/\/challengeseconomiques.com\/wp-content\/uploads\/2024\/11\/Erdogandiomaye.jpg","contentUrl":"https:\/\/challengeseconomiques.com\/wp-content\/uploads\/2024\/11\/Erdogandiomaye.jpg","width":1080,"height":750},{"@type":"BreadcrumbList","@id":"https:\/\/challengeseconomiques.com\/?p=7309#breadcrumb","itemListElement":[{"@type":"ListItem","position":1,"name":"Home","item":"https:\/\/challengeseconomiques.com\/"},{"@type":"ListItem","position":2,"name":"SENEGAL-TURQUIE-COOPERATION \/ L\u2019APIX et le DEIK s\u2019engagent \u00e0 renforcer la coop\u00e9ration entre les entreprises s\u00e9n\u00e9galaises et turques"}]},{"@type":"WebSite","@id":"https:\/\/challengeseconomiques.com\/#website","url":"https:\/\/challengeseconomiques.com\/","name":"challenges economiques","description":"","potentialAction":[{"@type":"SearchAction","target":{"@type":"EntryPoint","urlTemplate":"https:\/\/challengeseconomiques.com\/?s={search_term_string}"},"query-input":{"@type":"PropertyValueSpecification","valueRequired":true,"valueName":"search_term_string"}}],"inLanguage":"fr-FR"},{"@type":"Person","@id":"https:\/\/challengeseconomiques.com\/#\/schema\/person\/b4568c9afebc5a9238a771873801e349","name":"admin","image":{"@type":"ImageObject","inLanguage":"fr-FR","@id":"https:\/\/challengeseconomiques.com\/#\/schema\/person\/image\/","url":"https:\/\/secure.gravatar.com\/avatar\/099e42240b5eea11acdb72751fcce0dd918603f0749d24974b7984ea47ed9fd9?s=96&d=mm&r=g","contentUrl":"https:\/\/secure.gravatar.com\/avatar\/099e42240b5eea11acdb72751fcce0dd918603f0749d24974b7984ea47ed9fd9?s=96&d=mm&r=g","caption":"admin"},"sameAs":["https:\/\/challengeseconomiques.com"],"url":"https:\/\/challengeseconomiques.com\/?author=1"}]}},"jetpack_featured_media_url":"https:\/\/challengeseconomiques.com\/wp-content\/uploads\/2024\/11\/Erdogandiomaye.jpg","jetpack_sharing_enabled":true,"_links":{"self":[{"href":"https:\/\/challengeseconomiques.com\/index.php?rest_route=\/wp\/v2\/posts\/7309","targetHints":{"allow":["GET"]}}],"collection":[{"href":"https:\/\/challengeseconomiques.com\/index.php?rest_route=\/wp\/v2\/posts"}],"about":[{"href":"https:\/\/challengeseconomiques.com\/index.php?rest_route=\/wp\/v2\/types\/post"}],"author":[{"embeddable":true,"href":"https:\/\/challengeseconomiques.com\/index.php?rest_route=\/wp\/v2\/users\/1"}],"replies":[{"embeddable":true,"href":"https:\/\/challengeseconomiques.com\/index.php?rest_route=%2Fwp%2Fv2%2Fcomments&post=7309"}],"version-history":[{"count":2,"href":"https:\/\/challengeseconomiques.com\/index.php?rest_route=\/wp\/v2\/posts\/7309\/revisions"}],"predecessor-version":[{"id":7313,"href":"https:\/\/challengeseconomiques.com\/index.php?rest_route=\/wp\/v2\/posts\/7309\/revisions\/7313"}],"wp:featuredmedia":[{"embeddable":true,"href":"https:\/\/challengeseconomiques.com\/index.php?rest_route=\/wp\/v2\/media\/7310"}],"wp:attachment":[{"href":"https:\/\/challengeseconomiques.com\/index.php?rest_route=%2Fwp%2Fv2%2Fmedia&parent=7309"}],"wp:term":[{"taxonomy":"category","embeddable":true,"href":"https:\/\/challengeseconomiques.com\/index.php?rest_route=%2Fwp%2Fv2%2Fcategories&post=7309"},{"taxonomy":"post_tag","embeddable":true,"href":"https:\/\/challengeseconomiques.com\/index.php?rest_route=%2Fwp%2Fv2%2Ftags&post=7309"}],"curies":[{"name":"wp","href":"https:\/\/api.w.org\/{rel}","templated":true}]}}