{"id":7304,"date":"2024-11-06T11:34:00","date_gmt":"2024-11-06T11:34:00","guid":{"rendered":"https:\/\/challengeseconomiques.com\/?p=7304"},"modified":"2024-11-06T11:34:00","modified_gmt":"2024-11-06T11:34:00","slug":"plaidoyer-du-president-de-la-cciad-pour-des-echanges-commerciaux-plus-equilibres-entre-le-senegal-et-le-maroc","status":"publish","type":"post","link":"https:\/\/challengeseconomiques.com\/?p=7304","title":{"rendered":"Plaidoyer du pr\u00e9sident de la CCIAD pour des \u00e9changes commerciaux plus \u00e9quilibr\u00e9s entre le S\u00e9n\u00e9gal et le Maroc"},"content":{"rendered":"<p>Abdoulaye Sow, le pr\u00e9sident de la chambre de commerce, d&rsquo;industries et d&rsquo;agriculture de Dakar (Dakar) a plaid\u00e9 pour des \u00e9changes commerciaux plus \u00e9quilibr\u00e9s entre le S\u00e9n\u00e9gal et le Maroc. En effet, il a affirm\u00e9 que la balance commerciale entre les deux pays reste tr\u00e8s d\u00e9ficitaire et gagnerait \u00e0 \u00eatre r\u00e9\u00e9quilibr\u00e9.<\/p>\n<p>Le pr\u00e9sident de la CCIAD, qui intervenait \u00e0 l&rsquo;occasion d&rsquo;une mission \u00e9conomique de la d\u00e9l\u00e9gation de la chambre de commerce, d&rsquo;industries et de services (CCIS) de Souss-Massa a dans son plaidoyer soutenu que les importations du Maroc vers le S\u00e9n\u00e9gal sont estim\u00e9es \u00e0 123\u00a0362\u00a0425\u00a0838 de francs CFA contre 19\u00a0549\u00a0564\u00a0283 de francs CFA pour les exportations du S\u00e9n\u00e9gal vers le Maroc.<\/p>\n<p>\u00ab\u00a0Les entreprises marocaines sont tr\u00e8s pr\u00e9sentes au S\u00e9n\u00e9gal\u00a0 dans le secteur des services, des banques, du BTP etc. Les d\u00e9l\u00e9gations de chefs d\u2019entreprise se multiplient et pas moins de 70 camions transportent tous les jours au S\u00e9n\u00e9gal des fruits et l\u00e9gumes, du poisson, de la pomme de terre etc.\u00a0\u00bb, a relev\u00e9 Abdoulaye Sow.<\/p>\n<p>Il a not\u00e9 cependant que la balance commerciale reste tr\u00e8s d\u00e9ficitaire et ce partenariat gagnerait \u00e0 \u00eatre r\u00e9\u00e9quilibr\u00e9.<\/p>\n<p>Il s&rsquo;est parall\u00e8lement f\u00e9licit\u00e9 du mod\u00e8le de coop\u00e9ration selon lui, exceptionnel entre le S\u00e9n\u00e9gal et le Maroc, lequel transcende les temps, pour inscrire aujourd\u2019hui son action dans la nouvelle vision de son Excellence, Bassirou Diomaye Faye et sa majest\u00e9 le Roi Mouhamed VI.<\/p>\n<p>Il a aussi indiqu\u00e9 que l\u2019\u00e9change d\u2019expertise, l\u2019exportation des produits locaux sur ces camions qui repartent vides, l\u2019installation d\u2019unit\u00e9s de production en partenariat avec les entreprises s\u00e9n\u00e9galaises, entre autres initiatives, pourraient constituer un d\u00e9but de solution \u00e0 ce d\u00e9s\u00e9quilibre.<\/p>\n<p>Le pr\u00e9sident de la CCIAD avait auparavant fait remarquer que la visite de la mission \u00e9conomique de la d\u00e9l\u00e9gation de la chambre de commerce, d&rsquo;industries et de services de Souss-Massa co\u00efncide avec l\u2019adoption d\u2019un nouveau r\u00e9f\u00e9rentiel \u00e9conomique \u00ab\u00a0S\u00e9n\u00e9gal 2050\u00a0\u00bb.<\/p>\n<p>\u00ab\u00a0Ce nouveau paradigme de d\u00e9veloppement \u00e9conomique qui s\u2019adresse autant aux s\u00e9n\u00e9galais d\u2019aujourd\u2019hui qu\u2019aux g\u00e9n\u00e9rations futures, pr\u00e9voit une transformation dans plusieurs segments de l\u2019\u00e9conomie nationale\u00a0\u00bb, a expliqu\u00e9 M. Sow.<\/p>\n<p>Il a mentionn\u00e9 que l\u2019Agenda 2050, permettra ainsi d\u2019acc\u00e9l\u00e9rer le rythme de cr\u00e9ation de valeur \u00e0 un niveau encore jamais enregistr\u00e9, via une croissance de 6,5% de l\u2019\u00e9conomie globale et de 3,7% de la richesse nationale par habitant, de mani\u00e8re continue sur une p\u00e9riode de 25 ans.<\/p>\n<p>Said Dor, le pr\u00e9sident de la CCIS de Souss Massa a de son c\u00f4t\u00e9 d\u00e9clar\u00e9 que la mission de sa structure sera l&rsquo;occasion de conclure des partenariats solides et fructueux qui contribueront \u00e0 renforcer davantage les relations bilat\u00e9rales entre le S\u00e9n\u00e9gal et le Maroc.<\/p>\n<p>\u00ab\u00a0L&rsquo;histoire des relations entre nos deux pays est\u00a0 ancienne et riche. Elle repose sur des valeurs partag\u00e9es\u00a0 de fraternit\u00e9, de respect mutuel et de coop\u00e9ration. Nos deux pays ont toujours su maintenir un dialogue sinc\u00e8re\u00a0 et constructif, soutenu par des liens culturels profonds\u00a0 et une solidarit\u00e9 historique\u00a0\u00bb, a fait savoir M. Dor.<\/p>\n<p>Pour le pr\u00e9sident de la CCIS de Souss Massa, la mission \u00e9conomique qui r\u00e9unit les deux chambres de commerce\u00a0 rev\u00eat une importance strat\u00e9gique.<\/p>\n<p>\u00ab\u00a0Cette mission ne repr\u00e9sente pas\u00a0 seulement une opportunit\u00e9 pour les entrepreneurs et\u00a0 les investisseurs de d\u00e9couvrir de nouveaux horizons, mais aussi une chance de b\u00e2tir des partenariats durables et\u00a0 de promouvoir le co-d\u00e9veloppement de nos \u00e9conomies respectives\u00a0\u00bb, a-t-il fait observer.<\/p>\n","protected":false},"excerpt":{"rendered":"<p>Abdoulaye Sow, le pr\u00e9sident de la chambre de commerce, d&rsquo;industries et d&rsquo;agriculture de Dakar (Dakar) a plaid\u00e9 pour des \u00e9changes commerciaux plus \u00e9quilibr\u00e9s entre le&#8230;<\/p>\n","protected":false},"author":3,"featured_media":7305,"comment_status":"closed","ping_status":"open","sticky":false,"template":"","format":"standard","meta":{"_jetpack_memberships_contains_paid_content":false,"footnotes":""},"categories":[23,8],"tags":[],"class_list":["post-7304","post","type-post","status-publish","format-standard","has-post-thumbnail","hentry","category-a-la-une","category-actualite-economique","wpcat-23-id","wpcat-8-id"],"yoast_head":"<!-- This site is optimized with the Yoast SEO plugin v27.1.1 - https:\/\/yoast.com\/product\/yoast-seo-wordpress\/ -->\n<title>Plaidoyer du pr\u00e9sident de la CCIAD pour des \u00e9changes commerciaux plus \u00e9quilibr\u00e9s entre le S\u00e9n\u00e9gal et le Maroc - challenges economiques<\/title>\n<meta name=\"robots\" content=\"index, follow, max-snippet:-1, max-image-preview:large, max-video-preview:-1\" \/>\n<link rel=\"canonical\" href=\"https:\/\/challengeseconomiques.com\/?p=7304\" \/>\n<meta property=\"og:locale\" content=\"fr_FR\" \/>\n<meta property=\"og:type\" content=\"article\" \/>\n<meta property=\"og:title\" content=\"Plaidoyer du pr\u00e9sident de la CCIAD pour des \u00e9changes commerciaux plus \u00e9quilibr\u00e9s entre le S\u00e9n\u00e9gal et le Maroc - challenges economiques\" \/>\n<meta property=\"og:description\" content=\"Abdoulaye Sow, le pr\u00e9sident de la chambre de commerce, d&rsquo;industries et d&rsquo;agriculture de Dakar (Dakar) a plaid\u00e9 pour des \u00e9changes commerciaux plus \u00e9quilibr\u00e9s entre le...\" \/>\n<meta property=\"og:url\" content=\"https:\/\/challengeseconomiques.com\/?p=7304\" \/>\n<meta property=\"og:site_name\" content=\"challenges economiques\" \/>\n<meta property=\"article:published_time\" content=\"2024-11-06T11:34:00+00:00\" \/>\n<meta property=\"og:image\" content=\"https:\/\/challengeseconomiques.com\/wp-content\/uploads\/2024\/11\/Forum_Maroc_Senegal_CCIAD_4-1536x1024-1.jpeg\" \/>\n\t<meta property=\"og:image:width\" content=\"1536\" \/>\n\t<meta property=\"og:image:height\" content=\"1024\" \/>\n\t<meta property=\"og:image:type\" content=\"image\/jpeg\" \/>\n<meta name=\"author\" content=\"aliou kane ndiaye\" \/>\n<meta name=\"twitter:card\" content=\"summary_large_image\" \/>\n<meta name=\"twitter:label1\" content=\"\u00c9crit par\" \/>\n\t<meta name=\"twitter:data1\" content=\"aliou kane ndiaye\" \/>\n\t<meta name=\"twitter:label2\" content=\"Dur\u00e9e de lecture estim\u00e9e\" \/>\n\t<meta name=\"twitter:data2\" content=\"3 minutes\" \/>\n<script type=\"application\/ld+json\" class=\"yoast-schema-graph\">{\"@context\":\"https:\/\/schema.org\",\"@graph\":[{\"@type\":\"Article\",\"@id\":\"https:\/\/challengeseconomiques.com\/?p=7304#article\",\"isPartOf\":{\"@id\":\"https:\/\/challengeseconomiques.com\/?p=7304\"},\"author\":{\"name\":\"aliou kane ndiaye\",\"@id\":\"https:\/\/challengeseconomiques.com\/#\/schema\/person\/2f70a31e102db1741c1a1c00c2bbd8a6\"},\"headline\":\"Plaidoyer du pr\u00e9sident de la CCIAD pour des \u00e9changes commerciaux plus \u00e9quilibr\u00e9s entre le S\u00e9n\u00e9gal et le Maroc\",\"datePublished\":\"2024-11-06T11:34:00+00:00\",\"mainEntityOfPage\":{\"@id\":\"https:\/\/challengeseconomiques.com\/?p=7304\"},\"wordCount\":644,\"image\":{\"@id\":\"https:\/\/challengeseconomiques.com\/?p=7304#primaryimage\"},\"thumbnailUrl\":\"https:\/\/challengeseconomiques.com\/wp-content\/uploads\/2024\/11\/Forum_Maroc_Senegal_CCIAD_4-1536x1024-1.jpeg\",\"articleSection\":[\"A la une\",\"Actualit\u00e9 \u00e9conomique\"],\"inLanguage\":\"fr-FR\"},{\"@type\":\"WebPage\",\"@id\":\"https:\/\/challengeseconomiques.com\/?p=7304\",\"url\":\"https:\/\/challengeseconomiques.com\/?p=7304\",\"name\":\"Plaidoyer du pr\u00e9sident de la CCIAD pour des \u00e9changes commerciaux plus \u00e9quilibr\u00e9s entre le S\u00e9n\u00e9gal et le Maroc - challenges economiques\",\"isPartOf\":{\"@id\":\"https:\/\/challengeseconomiques.com\/#website\"},\"primaryImageOfPage\":{\"@id\":\"https:\/\/challengeseconomiques.com\/?p=7304#primaryimage\"},\"image\":{\"@id\":\"https:\/\/challengeseconomiques.com\/?p=7304#primaryimage\"},\"thumbnailUrl\":\"https:\/\/challengeseconomiques.com\/wp-content\/uploads\/2024\/11\/Forum_Maroc_Senegal_CCIAD_4-1536x1024-1.jpeg\",\"datePublished\":\"2024-11-06T11:34:00+00:00\",\"author\":{\"@id\":\"https:\/\/challengeseconomiques.com\/#\/schema\/person\/2f70a31e102db1741c1a1c00c2bbd8a6\"},\"breadcrumb\":{\"@id\":\"https:\/\/challengeseconomiques.com\/?p=7304#breadcrumb\"},\"inLanguage\":\"fr-FR\",\"potentialAction\":[{\"@type\":\"ReadAction\",\"target\":[\"https:\/\/challengeseconomiques.com\/?p=7304\"]}]},{\"@type\":\"ImageObject\",\"inLanguage\":\"fr-FR\",\"@id\":\"https:\/\/challengeseconomiques.com\/?p=7304#primaryimage\",\"url\":\"https:\/\/challengeseconomiques.com\/wp-content\/uploads\/2024\/11\/Forum_Maroc_Senegal_CCIAD_4-1536x1024-1.jpeg\",\"contentUrl\":\"https:\/\/challengeseconomiques.com\/wp-content\/uploads\/2024\/11\/Forum_Maroc_Senegal_CCIAD_4-1536x1024-1.jpeg\",\"width\":1536,\"height\":1024},{\"@type\":\"BreadcrumbList\",\"@id\":\"https:\/\/challengeseconomiques.com\/?p=7304#breadcrumb\",\"itemListElement\":[{\"@type\":\"ListItem\",\"position\":1,\"name\":\"Home\",\"item\":\"https:\/\/challengeseconomiques.com\/\"},{\"@type\":\"ListItem\",\"position\":2,\"name\":\"Plaidoyer du pr\u00e9sident de la CCIAD pour des \u00e9changes commerciaux plus \u00e9quilibr\u00e9s entre le S\u00e9n\u00e9gal et le Maroc\"}]},{\"@type\":\"WebSite\",\"@id\":\"https:\/\/challengeseconomiques.com\/#website\",\"url\":\"https:\/\/challengeseconomiques.com\/\",\"name\":\"challenges economiques\",\"description\":\"\",\"potentialAction\":[{\"@type\":\"SearchAction\",\"target\":{\"@type\":\"EntryPoint\",\"urlTemplate\":\"https:\/\/challengeseconomiques.com\/?s={search_term_string}\"},\"query-input\":{\"@type\":\"PropertyValueSpecification\",\"valueRequired\":true,\"valueName\":\"search_term_string\"}}],\"inLanguage\":\"fr-FR\"},{\"@type\":\"Person\",\"@id\":\"https:\/\/challengeseconomiques.com\/#\/schema\/person\/2f70a31e102db1741c1a1c00c2bbd8a6\",\"name\":\"aliou kane ndiaye\",\"image\":{\"@type\":\"ImageObject\",\"inLanguage\":\"fr-FR\",\"@id\":\"https:\/\/challengeseconomiques.com\/#\/schema\/person\/image\/\",\"url\":\"https:\/\/secure.gravatar.com\/avatar\/df942321e58711a9f1fee838e446766660477bacd4b42fa20400d2c7cf4da7ca?s=96&d=mm&r=g\",\"contentUrl\":\"https:\/\/secure.gravatar.com\/avatar\/df942321e58711a9f1fee838e446766660477bacd4b42fa20400d2c7cf4da7ca?s=96&d=mm&r=g\",\"caption\":\"aliou kane ndiaye\"},\"sameAs\":[\"http:\/\/www.challengeseconomiques.com\"],\"url\":\"https:\/\/challengeseconomiques.com\/?author=3\"}]}<\/script>\n<!-- \/ Yoast SEO plugin. -->","yoast_head_json":{"title":"Plaidoyer du pr\u00e9sident de la CCIAD pour des \u00e9changes commerciaux plus \u00e9quilibr\u00e9s entre le S\u00e9n\u00e9gal et le Maroc - challenges economiques","robots":{"index":"index","follow":"follow","max-snippet":"max-snippet:-1","max-image-preview":"max-image-preview:large","max-video-preview":"max-video-preview:-1"},"canonical":"https:\/\/challengeseconomiques.com\/?p=7304","og_locale":"fr_FR","og_type":"article","og_title":"Plaidoyer du pr\u00e9sident de la CCIAD pour des \u00e9changes commerciaux plus \u00e9quilibr\u00e9s entre le S\u00e9n\u00e9gal et le Maroc - challenges economiques","og_description":"Abdoulaye Sow, le pr\u00e9sident de la chambre de commerce, d&rsquo;industries et d&rsquo;agriculture de Dakar (Dakar) a plaid\u00e9 pour des \u00e9changes commerciaux plus \u00e9quilibr\u00e9s entre le...","og_url":"https:\/\/challengeseconomiques.com\/?p=7304","og_site_name":"challenges economiques","article_published_time":"2024-11-06T11:34:00+00:00","og_image":[{"width":1536,"height":1024,"url":"https:\/\/challengeseconomiques.com\/wp-content\/uploads\/2024\/11\/Forum_Maroc_Senegal_CCIAD_4-1536x1024-1.jpeg","type":"image\/jpeg"}],"author":"aliou kane ndiaye","twitter_card":"summary_large_image","twitter_misc":{"\u00c9crit par":"aliou kane ndiaye","Dur\u00e9e de lecture estim\u00e9e":"3 minutes"},"schema":{"@context":"https:\/\/schema.org","@graph":[{"@type":"Article","@id":"https:\/\/challengeseconomiques.com\/?p=7304#article","isPartOf":{"@id":"https:\/\/challengeseconomiques.com\/?p=7304"},"author":{"name":"aliou kane ndiaye","@id":"https:\/\/challengeseconomiques.com\/#\/schema\/person\/2f70a31e102db1741c1a1c00c2bbd8a6"},"headline":"Plaidoyer du pr\u00e9sident de la CCIAD pour des \u00e9changes commerciaux plus \u00e9quilibr\u00e9s entre le S\u00e9n\u00e9gal et le Maroc","datePublished":"2024-11-06T11:34:00+00:00","mainEntityOfPage":{"@id":"https:\/\/challengeseconomiques.com\/?p=7304"},"wordCount":644,"image":{"@id":"https:\/\/challengeseconomiques.com\/?p=7304#primaryimage"},"thumbnailUrl":"https:\/\/challengeseconomiques.com\/wp-content\/uploads\/2024\/11\/Forum_Maroc_Senegal_CCIAD_4-1536x1024-1.jpeg","articleSection":["A la une","Actualit\u00e9 \u00e9conomique"],"inLanguage":"fr-FR"},{"@type":"WebPage","@id":"https:\/\/challengeseconomiques.com\/?p=7304","url":"https:\/\/challengeseconomiques.com\/?p=7304","name":"Plaidoyer du pr\u00e9sident de la CCIAD pour des \u00e9changes commerciaux plus \u00e9quilibr\u00e9s entre le S\u00e9n\u00e9gal et le Maroc - challenges economiques","isPartOf":{"@id":"https:\/\/challengeseconomiques.com\/#website"},"primaryImageOfPage":{"@id":"https:\/\/challengeseconomiques.com\/?p=7304#primaryimage"},"image":{"@id":"https:\/\/challengeseconomiques.com\/?p=7304#primaryimage"},"thumbnailUrl":"https:\/\/challengeseconomiques.com\/wp-content\/uploads\/2024\/11\/Forum_Maroc_Senegal_CCIAD_4-1536x1024-1.jpeg","datePublished":"2024-11-06T11:34:00+00:00","author":{"@id":"https:\/\/challengeseconomiques.com\/#\/schema\/person\/2f70a31e102db1741c1a1c00c2bbd8a6"},"breadcrumb":{"@id":"https:\/\/challengeseconomiques.com\/?p=7304#breadcrumb"},"inLanguage":"fr-FR","potentialAction":[{"@type":"ReadAction","target":["https:\/\/challengeseconomiques.com\/?p=7304"]}]},{"@type":"ImageObject","inLanguage":"fr-FR","@id":"https:\/\/challengeseconomiques.com\/?p=7304#primaryimage","url":"https:\/\/challengeseconomiques.com\/wp-content\/uploads\/2024\/11\/Forum_Maroc_Senegal_CCIAD_4-1536x1024-1.jpeg","contentUrl":"https:\/\/challengeseconomiques.com\/wp-content\/uploads\/2024\/11\/Forum_Maroc_Senegal_CCIAD_4-1536x1024-1.jpeg","width":1536,"height":1024},{"@type":"BreadcrumbList","@id":"https:\/\/challengeseconomiques.com\/?p=7304#breadcrumb","itemListElement":[{"@type":"ListItem","position":1,"name":"Home","item":"https:\/\/challengeseconomiques.com\/"},{"@type":"ListItem","position":2,"name":"Plaidoyer du pr\u00e9sident de la CCIAD pour des \u00e9changes commerciaux plus \u00e9quilibr\u00e9s entre le S\u00e9n\u00e9gal et le Maroc"}]},{"@type":"WebSite","@id":"https:\/\/challengeseconomiques.com\/#website","url":"https:\/\/challengeseconomiques.com\/","name":"challenges economiques","description":"","potentialAction":[{"@type":"SearchAction","target":{"@type":"EntryPoint","urlTemplate":"https:\/\/challengeseconomiques.com\/?s={search_term_string}"},"query-input":{"@type":"PropertyValueSpecification","valueRequired":true,"valueName":"search_term_string"}}],"inLanguage":"fr-FR"},{"@type":"Person","@id":"https:\/\/challengeseconomiques.com\/#\/schema\/person\/2f70a31e102db1741c1a1c00c2bbd8a6","name":"aliou kane ndiaye","image":{"@type":"ImageObject","inLanguage":"fr-FR","@id":"https:\/\/challengeseconomiques.com\/#\/schema\/person\/image\/","url":"https:\/\/secure.gravatar.com\/avatar\/df942321e58711a9f1fee838e446766660477bacd4b42fa20400d2c7cf4da7ca?s=96&d=mm&r=g","contentUrl":"https:\/\/secure.gravatar.com\/avatar\/df942321e58711a9f1fee838e446766660477bacd4b42fa20400d2c7cf4da7ca?s=96&d=mm&r=g","caption":"aliou kane ndiaye"},"sameAs":["http:\/\/www.challengeseconomiques.com"],"url":"https:\/\/challengeseconomiques.com\/?author=3"}]}},"jetpack_featured_media_url":"https:\/\/challengeseconomiques.com\/wp-content\/uploads\/2024\/11\/Forum_Maroc_Senegal_CCIAD_4-1536x1024-1.jpeg","jetpack_sharing_enabled":true,"_links":{"self":[{"href":"https:\/\/challengeseconomiques.com\/index.php?rest_route=\/wp\/v2\/posts\/7304","targetHints":{"allow":["GET"]}}],"collection":[{"href":"https:\/\/challengeseconomiques.com\/index.php?rest_route=\/wp\/v2\/posts"}],"about":[{"href":"https:\/\/challengeseconomiques.com\/index.php?rest_route=\/wp\/v2\/types\/post"}],"author":[{"embeddable":true,"href":"https:\/\/challengeseconomiques.com\/index.php?rest_route=\/wp\/v2\/users\/3"}],"replies":[{"embeddable":true,"href":"https:\/\/challengeseconomiques.com\/index.php?rest_route=%2Fwp%2Fv2%2Fcomments&post=7304"}],"version-history":[{"count":1,"href":"https:\/\/challengeseconomiques.com\/index.php?rest_route=\/wp\/v2\/posts\/7304\/revisions"}],"predecessor-version":[{"id":7306,"href":"https:\/\/challengeseconomiques.com\/index.php?rest_route=\/wp\/v2\/posts\/7304\/revisions\/7306"}],"wp:featuredmedia":[{"embeddable":true,"href":"https:\/\/challengeseconomiques.com\/index.php?rest_route=\/wp\/v2\/media\/7305"}],"wp:attachment":[{"href":"https:\/\/challengeseconomiques.com\/index.php?rest_route=%2Fwp%2Fv2%2Fmedia&parent=7304"}],"wp:term":[{"taxonomy":"category","embeddable":true,"href":"https:\/\/challengeseconomiques.com\/index.php?rest_route=%2Fwp%2Fv2%2Fcategories&post=7304"},{"taxonomy":"post_tag","embeddable":true,"href":"https:\/\/challengeseconomiques.com\/index.php?rest_route=%2Fwp%2Fv2%2Ftags&post=7304"}],"curies":[{"name":"wp","href":"https:\/\/api.w.org\/{rel}","templated":true}]}}