{"id":7287,"date":"2024-10-30T17:20:13","date_gmt":"2024-10-30T17:20:13","guid":{"rendered":"https:\/\/challengeseconomiques.com\/?p=7287"},"modified":"2024-10-30T17:20:53","modified_gmt":"2024-10-30T17:20:53","slug":"le-senegal-mobilise-181-milliards-fcfa-sur-le-marche-financier-international","status":"publish","type":"post","link":"https:\/\/challengeseconomiques.com\/?p=7287","title":{"rendered":"Le S\u00e9n\u00e9gal mobilise 181 milliards FCFA sur le march\u00e9 financier international"},"content":{"rendered":"<p><strong>Cheikh DIBA, le ministre des finances et du budget du S\u00e9n\u00e9gal<\/strong><\/p>\n<p>Le gouvernement du S\u00e9n\u00e9gal a lev\u00e9 181 milliards FCFA (300 millions de dollars am\u00e9ricains), ce mercredi 30 octobre 2024, sur le march\u00e9 financier international. Ce choix s\u2019explique selon le communiqu\u00e9 de presse annon\u00e7ant la nouvelle \u00a0par le fait de la baisse de la liquidit\u00e9 dans le march\u00e9 domestique en fin d\u2019ann\u00e9e et poursuit ce communiqu\u00e9 \u00a0le volume des ressources recherch\u00e9es ont justifi\u00e9 le choix de recourir au march\u00e9 financier international.<\/p>\n<p>Cette op\u00e9ration est la seconde sortie\u00a0 qu\u2019effectue le nouveau \u00a0gouvernement, dirig\u00e9 par le Premier ministre Ousmane Sonko, sur le march\u00e9 financier international. Elle sera \u00e9galement la derni\u00e8re \u00e9mission de titres du S\u00e9n\u00e9gal sur le march\u00e9 financier international pour l\u2019ann\u00e9e 2024.<\/p>\n<p>L\u2019op\u00e9ration, ex\u00e9cut\u00e9e sous forme de r\u00e9ouverture des titres obligataires du S\u00e9n\u00e9gal \u00e9mis en juin 2024 sous forme de placement priv\u00e9 et arrivant \u00e0 \u00e9ch\u00e9ance en 2031, a \u00e9t\u00e9 enti\u00e8rement souscrite par la banque am\u00e9ricaine JP Morgan\u00a0d\u2019apr\u00e8s le communiqu\u00e9. Lequel pr\u00e9cise qu\u2019elle a \u00e9t\u00e9 assortie d\u2019une op\u00e9ration de couverture contre le risque de change (fluctuation du dollar) permettant d\u2019obtenir un coupon (taux d\u2019int\u00e9r\u00eat) de 6,33% ainsi qu\u2019une maitrise du service de la dette compte tenu de la parit\u00e9 fixe entre le franc CFA et l\u2019Euro.<\/p>\n<p>Cette \u00a0op\u00e9ration r\u00e9pond selon le communiqu\u00e9 \u00e0 une n\u00e9cessit\u00e9 de consolidation du financement en raison du report des d\u00e9caissements initialement pr\u00e9vus du Fonds Mon\u00e9taire International (FMI) \u00e0 la suite de l\u2019audit pr\u00e9liminaire des finances publiques ordonn\u00e9 par les nouvelles autorit\u00e9s.<\/p>\n<p>&nbsp;<\/p>\n","protected":false},"excerpt":{"rendered":"<p>Cheikh DIBA, le ministre des finances et du budget du S\u00e9n\u00e9gal Le gouvernement du S\u00e9n\u00e9gal a lev\u00e9 181 milliards FCFA (300 millions de dollars am\u00e9ricains),&#8230;<\/p>\n","protected":false},"author":1,"featured_media":7288,"comment_status":"closed","ping_status":"open","sticky":false,"template":"","format":"standard","meta":{"_jetpack_memberships_contains_paid_content":false,"footnotes":""},"categories":[23,8,10],"tags":[],"class_list":["post-7287","post","type-post","status-publish","format-standard","has-post-thumbnail","hentry","category-a-la-une","category-actualite-economique","category-infos-eco","wpcat-23-id","wpcat-8-id","wpcat-10-id"],"yoast_head":"<!-- This site is optimized with the Yoast SEO plugin v27.1.1 - https:\/\/yoast.com\/product\/yoast-seo-wordpress\/ -->\n<title>Le S\u00e9n\u00e9gal mobilise 181 milliards FCFA sur le march\u00e9 financier international - challenges economiques<\/title>\n<meta name=\"robots\" content=\"index, follow, max-snippet:-1, max-image-preview:large, max-video-preview:-1\" \/>\n<link rel=\"canonical\" href=\"https:\/\/challengeseconomiques.com\/?p=7287\" \/>\n<meta property=\"og:locale\" content=\"fr_FR\" \/>\n<meta property=\"og:type\" content=\"article\" \/>\n<meta property=\"og:title\" content=\"Le S\u00e9n\u00e9gal mobilise 181 milliards FCFA sur le march\u00e9 financier international - challenges economiques\" \/>\n<meta property=\"og:description\" content=\"Cheikh DIBA, le ministre des finances et du budget du S\u00e9n\u00e9gal Le gouvernement du S\u00e9n\u00e9gal a lev\u00e9 181 milliards FCFA (300 millions de dollars am\u00e9ricains),...\" \/>\n<meta property=\"og:url\" content=\"https:\/\/challengeseconomiques.com\/?p=7287\" \/>\n<meta property=\"og:site_name\" content=\"challenges economiques\" \/>\n<meta property=\"article:published_time\" content=\"2024-10-30T17:20:13+00:00\" \/>\n<meta property=\"article:modified_time\" content=\"2024-10-30T17:20:53+00:00\" \/>\n<meta property=\"og:image\" content=\"https:\/\/challengeseconomiques.com\/wp-content\/uploads\/2024\/10\/diba2.jpg\" \/>\n\t<meta property=\"og:image:width\" content=\"860\" \/>\n\t<meta property=\"og:image:height\" content=\"603\" \/>\n\t<meta property=\"og:image:type\" content=\"image\/jpeg\" \/>\n<meta name=\"author\" content=\"admin\" \/>\n<meta name=\"twitter:card\" content=\"summary_large_image\" \/>\n<meta name=\"twitter:label1\" content=\"\u00c9crit par\" \/>\n\t<meta name=\"twitter:data1\" content=\"admin\" \/>\n\t<meta name=\"twitter:label2\" content=\"Dur\u00e9e de lecture estim\u00e9e\" \/>\n\t<meta name=\"twitter:data2\" content=\"1 minute\" \/>\n<script type=\"application\/ld+json\" class=\"yoast-schema-graph\">{\"@context\":\"https:\/\/schema.org\",\"@graph\":[{\"@type\":\"Article\",\"@id\":\"https:\/\/challengeseconomiques.com\/?p=7287#article\",\"isPartOf\":{\"@id\":\"https:\/\/challengeseconomiques.com\/?p=7287\"},\"author\":{\"name\":\"admin\",\"@id\":\"https:\/\/challengeseconomiques.com\/#\/schema\/person\/b4568c9afebc5a9238a771873801e349\"},\"headline\":\"Le S\u00e9n\u00e9gal mobilise 181 milliards FCFA sur le march\u00e9 financier international\",\"datePublished\":\"2024-10-30T17:20:13+00:00\",\"dateModified\":\"2024-10-30T17:20:53+00:00\",\"mainEntityOfPage\":{\"@id\":\"https:\/\/challengeseconomiques.com\/?p=7287\"},\"wordCount\":296,\"image\":{\"@id\":\"https:\/\/challengeseconomiques.com\/?p=7287#primaryimage\"},\"thumbnailUrl\":\"https:\/\/challengeseconomiques.com\/wp-content\/uploads\/2024\/10\/diba2.jpg\",\"articleSection\":[\"A la une\",\"Actualit\u00e9 \u00e9conomique\",\"Infos \u00e9co\"],\"inLanguage\":\"fr-FR\"},{\"@type\":\"WebPage\",\"@id\":\"https:\/\/challengeseconomiques.com\/?p=7287\",\"url\":\"https:\/\/challengeseconomiques.com\/?p=7287\",\"name\":\"Le S\u00e9n\u00e9gal mobilise 181 milliards FCFA sur le march\u00e9 financier international - challenges economiques\",\"isPartOf\":{\"@id\":\"https:\/\/challengeseconomiques.com\/#website\"},\"primaryImageOfPage\":{\"@id\":\"https:\/\/challengeseconomiques.com\/?p=7287#primaryimage\"},\"image\":{\"@id\":\"https:\/\/challengeseconomiques.com\/?p=7287#primaryimage\"},\"thumbnailUrl\":\"https:\/\/challengeseconomiques.com\/wp-content\/uploads\/2024\/10\/diba2.jpg\",\"datePublished\":\"2024-10-30T17:20:13+00:00\",\"dateModified\":\"2024-10-30T17:20:53+00:00\",\"author\":{\"@id\":\"https:\/\/challengeseconomiques.com\/#\/schema\/person\/b4568c9afebc5a9238a771873801e349\"},\"breadcrumb\":{\"@id\":\"https:\/\/challengeseconomiques.com\/?p=7287#breadcrumb\"},\"inLanguage\":\"fr-FR\",\"potentialAction\":[{\"@type\":\"ReadAction\",\"target\":[\"https:\/\/challengeseconomiques.com\/?p=7287\"]}]},{\"@type\":\"ImageObject\",\"inLanguage\":\"fr-FR\",\"@id\":\"https:\/\/challengeseconomiques.com\/?p=7287#primaryimage\",\"url\":\"https:\/\/challengeseconomiques.com\/wp-content\/uploads\/2024\/10\/diba2.jpg\",\"contentUrl\":\"https:\/\/challengeseconomiques.com\/wp-content\/uploads\/2024\/10\/diba2.jpg\",\"width\":860,\"height\":603},{\"@type\":\"BreadcrumbList\",\"@id\":\"https:\/\/challengeseconomiques.com\/?p=7287#breadcrumb\",\"itemListElement\":[{\"@type\":\"ListItem\",\"position\":1,\"name\":\"Home\",\"item\":\"https:\/\/challengeseconomiques.com\/\"},{\"@type\":\"ListItem\",\"position\":2,\"name\":\"Le S\u00e9n\u00e9gal mobilise 181 milliards FCFA sur le march\u00e9 financier international\"}]},{\"@type\":\"WebSite\",\"@id\":\"https:\/\/challengeseconomiques.com\/#website\",\"url\":\"https:\/\/challengeseconomiques.com\/\",\"name\":\"challenges economiques\",\"description\":\"\",\"potentialAction\":[{\"@type\":\"SearchAction\",\"target\":{\"@type\":\"EntryPoint\",\"urlTemplate\":\"https:\/\/challengeseconomiques.com\/?s={search_term_string}\"},\"query-input\":{\"@type\":\"PropertyValueSpecification\",\"valueRequired\":true,\"valueName\":\"search_term_string\"}}],\"inLanguage\":\"fr-FR\"},{\"@type\":\"Person\",\"@id\":\"https:\/\/challengeseconomiques.com\/#\/schema\/person\/b4568c9afebc5a9238a771873801e349\",\"name\":\"admin\",\"image\":{\"@type\":\"ImageObject\",\"inLanguage\":\"fr-FR\",\"@id\":\"https:\/\/challengeseconomiques.com\/#\/schema\/person\/image\/\",\"url\":\"https:\/\/secure.gravatar.com\/avatar\/099e42240b5eea11acdb72751fcce0dd918603f0749d24974b7984ea47ed9fd9?s=96&d=mm&r=g\",\"contentUrl\":\"https:\/\/secure.gravatar.com\/avatar\/099e42240b5eea11acdb72751fcce0dd918603f0749d24974b7984ea47ed9fd9?s=96&d=mm&r=g\",\"caption\":\"admin\"},\"sameAs\":[\"https:\/\/challengeseconomiques.com\"],\"url\":\"https:\/\/challengeseconomiques.com\/?author=1\"}]}<\/script>\n<!-- \/ Yoast SEO plugin. -->","yoast_head_json":{"title":"Le S\u00e9n\u00e9gal mobilise 181 milliards FCFA sur le march\u00e9 financier international - challenges economiques","robots":{"index":"index","follow":"follow","max-snippet":"max-snippet:-1","max-image-preview":"max-image-preview:large","max-video-preview":"max-video-preview:-1"},"canonical":"https:\/\/challengeseconomiques.com\/?p=7287","og_locale":"fr_FR","og_type":"article","og_title":"Le S\u00e9n\u00e9gal mobilise 181 milliards FCFA sur le march\u00e9 financier international - challenges economiques","og_description":"Cheikh DIBA, le ministre des finances et du budget du S\u00e9n\u00e9gal Le gouvernement du S\u00e9n\u00e9gal a lev\u00e9 181 milliards FCFA (300 millions de dollars am\u00e9ricains),...","og_url":"https:\/\/challengeseconomiques.com\/?p=7287","og_site_name":"challenges economiques","article_published_time":"2024-10-30T17:20:13+00:00","article_modified_time":"2024-10-30T17:20:53+00:00","og_image":[{"width":860,"height":603,"url":"https:\/\/challengeseconomiques.com\/wp-content\/uploads\/2024\/10\/diba2.jpg","type":"image\/jpeg"}],"author":"admin","twitter_card":"summary_large_image","twitter_misc":{"\u00c9crit par":"admin","Dur\u00e9e de lecture estim\u00e9e":"1 minute"},"schema":{"@context":"https:\/\/schema.org","@graph":[{"@type":"Article","@id":"https:\/\/challengeseconomiques.com\/?p=7287#article","isPartOf":{"@id":"https:\/\/challengeseconomiques.com\/?p=7287"},"author":{"name":"admin","@id":"https:\/\/challengeseconomiques.com\/#\/schema\/person\/b4568c9afebc5a9238a771873801e349"},"headline":"Le S\u00e9n\u00e9gal mobilise 181 milliards FCFA sur le march\u00e9 financier international","datePublished":"2024-10-30T17:20:13+00:00","dateModified":"2024-10-30T17:20:53+00:00","mainEntityOfPage":{"@id":"https:\/\/challengeseconomiques.com\/?p=7287"},"wordCount":296,"image":{"@id":"https:\/\/challengeseconomiques.com\/?p=7287#primaryimage"},"thumbnailUrl":"https:\/\/challengeseconomiques.com\/wp-content\/uploads\/2024\/10\/diba2.jpg","articleSection":["A la une","Actualit\u00e9 \u00e9conomique","Infos \u00e9co"],"inLanguage":"fr-FR"},{"@type":"WebPage","@id":"https:\/\/challengeseconomiques.com\/?p=7287","url":"https:\/\/challengeseconomiques.com\/?p=7287","name":"Le S\u00e9n\u00e9gal mobilise 181 milliards FCFA sur le march\u00e9 financier international - challenges economiques","isPartOf":{"@id":"https:\/\/challengeseconomiques.com\/#website"},"primaryImageOfPage":{"@id":"https:\/\/challengeseconomiques.com\/?p=7287#primaryimage"},"image":{"@id":"https:\/\/challengeseconomiques.com\/?p=7287#primaryimage"},"thumbnailUrl":"https:\/\/challengeseconomiques.com\/wp-content\/uploads\/2024\/10\/diba2.jpg","datePublished":"2024-10-30T17:20:13+00:00","dateModified":"2024-10-30T17:20:53+00:00","author":{"@id":"https:\/\/challengeseconomiques.com\/#\/schema\/person\/b4568c9afebc5a9238a771873801e349"},"breadcrumb":{"@id":"https:\/\/challengeseconomiques.com\/?p=7287#breadcrumb"},"inLanguage":"fr-FR","potentialAction":[{"@type":"ReadAction","target":["https:\/\/challengeseconomiques.com\/?p=7287"]}]},{"@type":"ImageObject","inLanguage":"fr-FR","@id":"https:\/\/challengeseconomiques.com\/?p=7287#primaryimage","url":"https:\/\/challengeseconomiques.com\/wp-content\/uploads\/2024\/10\/diba2.jpg","contentUrl":"https:\/\/challengeseconomiques.com\/wp-content\/uploads\/2024\/10\/diba2.jpg","width":860,"height":603},{"@type":"BreadcrumbList","@id":"https:\/\/challengeseconomiques.com\/?p=7287#breadcrumb","itemListElement":[{"@type":"ListItem","position":1,"name":"Home","item":"https:\/\/challengeseconomiques.com\/"},{"@type":"ListItem","position":2,"name":"Le S\u00e9n\u00e9gal mobilise 181 milliards FCFA sur le march\u00e9 financier international"}]},{"@type":"WebSite","@id":"https:\/\/challengeseconomiques.com\/#website","url":"https:\/\/challengeseconomiques.com\/","name":"challenges economiques","description":"","potentialAction":[{"@type":"SearchAction","target":{"@type":"EntryPoint","urlTemplate":"https:\/\/challengeseconomiques.com\/?s={search_term_string}"},"query-input":{"@type":"PropertyValueSpecification","valueRequired":true,"valueName":"search_term_string"}}],"inLanguage":"fr-FR"},{"@type":"Person","@id":"https:\/\/challengeseconomiques.com\/#\/schema\/person\/b4568c9afebc5a9238a771873801e349","name":"admin","image":{"@type":"ImageObject","inLanguage":"fr-FR","@id":"https:\/\/challengeseconomiques.com\/#\/schema\/person\/image\/","url":"https:\/\/secure.gravatar.com\/avatar\/099e42240b5eea11acdb72751fcce0dd918603f0749d24974b7984ea47ed9fd9?s=96&d=mm&r=g","contentUrl":"https:\/\/secure.gravatar.com\/avatar\/099e42240b5eea11acdb72751fcce0dd918603f0749d24974b7984ea47ed9fd9?s=96&d=mm&r=g","caption":"admin"},"sameAs":["https:\/\/challengeseconomiques.com"],"url":"https:\/\/challengeseconomiques.com\/?author=1"}]}},"jetpack_featured_media_url":"https:\/\/challengeseconomiques.com\/wp-content\/uploads\/2024\/10\/diba2.jpg","jetpack_sharing_enabled":true,"_links":{"self":[{"href":"https:\/\/challengeseconomiques.com\/index.php?rest_route=\/wp\/v2\/posts\/7287","targetHints":{"allow":["GET"]}}],"collection":[{"href":"https:\/\/challengeseconomiques.com\/index.php?rest_route=\/wp\/v2\/posts"}],"about":[{"href":"https:\/\/challengeseconomiques.com\/index.php?rest_route=\/wp\/v2\/types\/post"}],"author":[{"embeddable":true,"href":"https:\/\/challengeseconomiques.com\/index.php?rest_route=\/wp\/v2\/users\/1"}],"replies":[{"embeddable":true,"href":"https:\/\/challengeseconomiques.com\/index.php?rest_route=%2Fwp%2Fv2%2Fcomments&post=7287"}],"version-history":[{"count":1,"href":"https:\/\/challengeseconomiques.com\/index.php?rest_route=\/wp\/v2\/posts\/7287\/revisions"}],"predecessor-version":[{"id":7289,"href":"https:\/\/challengeseconomiques.com\/index.php?rest_route=\/wp\/v2\/posts\/7287\/revisions\/7289"}],"wp:featuredmedia":[{"embeddable":true,"href":"https:\/\/challengeseconomiques.com\/index.php?rest_route=\/wp\/v2\/media\/7288"}],"wp:attachment":[{"href":"https:\/\/challengeseconomiques.com\/index.php?rest_route=%2Fwp%2Fv2%2Fmedia&parent=7287"}],"wp:term":[{"taxonomy":"category","embeddable":true,"href":"https:\/\/challengeseconomiques.com\/index.php?rest_route=%2Fwp%2Fv2%2Fcategories&post=7287"},{"taxonomy":"post_tag","embeddable":true,"href":"https:\/\/challengeseconomiques.com\/index.php?rest_route=%2Fwp%2Fv2%2Ftags&post=7287"}],"curies":[{"name":"wp","href":"https:\/\/api.w.org\/{rel}","templated":true}]}}