{"id":7263,"date":"2024-10-28T11:22:57","date_gmt":"2024-10-28T11:22:57","guid":{"rendered":"https:\/\/challengeseconomiques.com\/?p=7263"},"modified":"2024-10-28T12:08:53","modified_gmt":"2024-10-28T12:08:53","slug":"le-senegal-emprunte-295-milliards-fcfa-sur-le-marche-des-titres-publics-de-lumoa","status":"publish","type":"post","link":"https:\/\/challengeseconomiques.com\/?p=7263","title":{"rendered":"Le S\u00e9n\u00e9gal emprunte 29,5 milliards FCFA sur le march\u00e9 des titres publics de l\u2019UMOA"},"content":{"rendered":"<p>Quelques jours apr\u00e8s avoir lev\u00e9 90 milliards F CFA, le Tr\u00e9sor public du S\u00e9n\u00e9gal s\u2019est rendu de nouveau, le vendredi 25 octobre 2024, sur le march\u00e9 des titres publics de l\u2019UMOA \u00a0pour cette fois-ci emprunter 30 milliards FCFA aupr\u00e8s des investisseurs de la sous- r\u00e9gion. L\u2019op\u00e9ration consistait en une \u00e9mission simultan\u00e9e de bons et obligations assimilables du tr\u00e9sor. Le S\u00e9n\u00e9gal proposait aux investisseurs des obligations assimilables du tr\u00e9sor de 3 et 5 ans de maturit\u00e9\u00a0 et des bons assimilables du tr\u00e9sor de maturit\u00e9 364 jours.<\/p>\n<p>Les investisseurs ont propos\u00e9 31,52 milliards F CFA, au S\u00e9n\u00e9gal,soit 1,52 milliards F CFA de plus que le montant recherch\u00e9.\u00a0 Finalement, le S\u00e9n\u00e9gal a pris la d\u00e9cision de ne retenir que 29,53 milliards F CFA, ce qui \u00e9quivaut \u00e0 un taux d\u2019absorption \u00a0de 93,65%.<\/p>\n<p>Il faut remarquer que les offres propos\u00e9es provenaient toutes d\u2019investisseurs s\u00e9n\u00e9galais.<\/p>\n","protected":false},"excerpt":{"rendered":"<p>Quelques jours apr\u00e8s avoir lev\u00e9 90 milliards F CFA, le Tr\u00e9sor public du S\u00e9n\u00e9gal s\u2019est rendu de nouveau, le vendredi 25 octobre 2024, sur le&#8230;<\/p>\n","protected":false},"author":1,"featured_media":7264,"comment_status":"closed","ping_status":"open","sticky":false,"template":"","format":"standard","meta":{"_jetpack_memberships_contains_paid_content":false,"footnotes":""},"categories":[23],"tags":[],"class_list":["post-7263","post","type-post","status-publish","format-standard","has-post-thumbnail","hentry","category-a-la-une","wpcat-23-id"],"yoast_head":"<!-- This site is optimized with the Yoast SEO plugin v27.1.1 - https:\/\/yoast.com\/product\/yoast-seo-wordpress\/ -->\n<title>Le S\u00e9n\u00e9gal emprunte 29,5 milliards FCFA sur le march\u00e9 des titres publics de l\u2019UMOA - challenges economiques<\/title>\n<meta name=\"robots\" content=\"index, follow, max-snippet:-1, max-image-preview:large, max-video-preview:-1\" \/>\n<link rel=\"canonical\" href=\"https:\/\/challengeseconomiques.com\/?p=7263\" \/>\n<meta property=\"og:locale\" content=\"fr_FR\" \/>\n<meta property=\"og:type\" content=\"article\" \/>\n<meta property=\"og:title\" content=\"Le S\u00e9n\u00e9gal emprunte 29,5 milliards FCFA sur le march\u00e9 des titres publics de l\u2019UMOA - challenges economiques\" \/>\n<meta property=\"og:description\" content=\"Quelques jours apr\u00e8s avoir lev\u00e9 90 milliards F CFA, le Tr\u00e9sor public du S\u00e9n\u00e9gal s\u2019est rendu de nouveau, le vendredi 25 octobre 2024, sur le...\" \/>\n<meta property=\"og:url\" content=\"https:\/\/challengeseconomiques.com\/?p=7263\" \/>\n<meta property=\"og:site_name\" content=\"challenges economiques\" \/>\n<meta property=\"article:published_time\" content=\"2024-10-28T11:22:57+00:00\" \/>\n<meta property=\"article:modified_time\" content=\"2024-10-28T12:08:53+00:00\" \/>\n<meta property=\"og:image\" content=\"https:\/\/challengeseconomiques.com\/wp-content\/uploads\/2024\/10\/dakar23.jpg\" \/>\n\t<meta property=\"og:image:width\" content=\"526\" \/>\n\t<meta property=\"og:image:height\" content=\"526\" \/>\n\t<meta property=\"og:image:type\" content=\"image\/jpeg\" \/>\n<meta name=\"author\" content=\"admin\" \/>\n<meta name=\"twitter:card\" content=\"summary_large_image\" \/>\n<meta name=\"twitter:label1\" content=\"\u00c9crit par\" \/>\n\t<meta name=\"twitter:data1\" content=\"admin\" \/>\n\t<meta name=\"twitter:label2\" content=\"Dur\u00e9e de lecture estim\u00e9e\" \/>\n\t<meta name=\"twitter:data2\" content=\"1 minute\" \/>\n<script type=\"application\/ld+json\" class=\"yoast-schema-graph\">{\"@context\":\"https:\/\/schema.org\",\"@graph\":[{\"@type\":\"Article\",\"@id\":\"https:\/\/challengeseconomiques.com\/?p=7263#article\",\"isPartOf\":{\"@id\":\"https:\/\/challengeseconomiques.com\/?p=7263\"},\"author\":{\"name\":\"admin\",\"@id\":\"https:\/\/challengeseconomiques.com\/#\/schema\/person\/b4568c9afebc5a9238a771873801e349\"},\"headline\":\"Le S\u00e9n\u00e9gal emprunte 29,5 milliards FCFA sur le march\u00e9 des titres publics de l\u2019UMOA\",\"datePublished\":\"2024-10-28T11:22:57+00:00\",\"dateModified\":\"2024-10-28T12:08:53+00:00\",\"mainEntityOfPage\":{\"@id\":\"https:\/\/challengeseconomiques.com\/?p=7263\"},\"wordCount\":171,\"image\":{\"@id\":\"https:\/\/challengeseconomiques.com\/?p=7263#primaryimage\"},\"thumbnailUrl\":\"https:\/\/challengeseconomiques.com\/wp-content\/uploads\/2024\/10\/dakar23.jpg\",\"articleSection\":[\"A la une\"],\"inLanguage\":\"fr-FR\"},{\"@type\":\"WebPage\",\"@id\":\"https:\/\/challengeseconomiques.com\/?p=7263\",\"url\":\"https:\/\/challengeseconomiques.com\/?p=7263\",\"name\":\"Le S\u00e9n\u00e9gal emprunte 29,5 milliards FCFA sur le march\u00e9 des titres publics de l\u2019UMOA - challenges economiques\",\"isPartOf\":{\"@id\":\"https:\/\/challengeseconomiques.com\/#website\"},\"primaryImageOfPage\":{\"@id\":\"https:\/\/challengeseconomiques.com\/?p=7263#primaryimage\"},\"image\":{\"@id\":\"https:\/\/challengeseconomiques.com\/?p=7263#primaryimage\"},\"thumbnailUrl\":\"https:\/\/challengeseconomiques.com\/wp-content\/uploads\/2024\/10\/dakar23.jpg\",\"datePublished\":\"2024-10-28T11:22:57+00:00\",\"dateModified\":\"2024-10-28T12:08:53+00:00\",\"author\":{\"@id\":\"https:\/\/challengeseconomiques.com\/#\/schema\/person\/b4568c9afebc5a9238a771873801e349\"},\"breadcrumb\":{\"@id\":\"https:\/\/challengeseconomiques.com\/?p=7263#breadcrumb\"},\"inLanguage\":\"fr-FR\",\"potentialAction\":[{\"@type\":\"ReadAction\",\"target\":[\"https:\/\/challengeseconomiques.com\/?p=7263\"]}]},{\"@type\":\"ImageObject\",\"inLanguage\":\"fr-FR\",\"@id\":\"https:\/\/challengeseconomiques.com\/?p=7263#primaryimage\",\"url\":\"https:\/\/challengeseconomiques.com\/wp-content\/uploads\/2024\/10\/dakar23.jpg\",\"contentUrl\":\"https:\/\/challengeseconomiques.com\/wp-content\/uploads\/2024\/10\/dakar23.jpg\",\"width\":526,\"height\":526},{\"@type\":\"BreadcrumbList\",\"@id\":\"https:\/\/challengeseconomiques.com\/?p=7263#breadcrumb\",\"itemListElement\":[{\"@type\":\"ListItem\",\"position\":1,\"name\":\"Home\",\"item\":\"https:\/\/challengeseconomiques.com\/\"},{\"@type\":\"ListItem\",\"position\":2,\"name\":\"Le S\u00e9n\u00e9gal emprunte 29,5 milliards FCFA sur le march\u00e9 des titres publics de l\u2019UMOA\"}]},{\"@type\":\"WebSite\",\"@id\":\"https:\/\/challengeseconomiques.com\/#website\",\"url\":\"https:\/\/challengeseconomiques.com\/\",\"name\":\"challenges economiques\",\"description\":\"\",\"potentialAction\":[{\"@type\":\"SearchAction\",\"target\":{\"@type\":\"EntryPoint\",\"urlTemplate\":\"https:\/\/challengeseconomiques.com\/?s={search_term_string}\"},\"query-input\":{\"@type\":\"PropertyValueSpecification\",\"valueRequired\":true,\"valueName\":\"search_term_string\"}}],\"inLanguage\":\"fr-FR\"},{\"@type\":\"Person\",\"@id\":\"https:\/\/challengeseconomiques.com\/#\/schema\/person\/b4568c9afebc5a9238a771873801e349\",\"name\":\"admin\",\"image\":{\"@type\":\"ImageObject\",\"inLanguage\":\"fr-FR\",\"@id\":\"https:\/\/challengeseconomiques.com\/#\/schema\/person\/image\/\",\"url\":\"https:\/\/secure.gravatar.com\/avatar\/099e42240b5eea11acdb72751fcce0dd918603f0749d24974b7984ea47ed9fd9?s=96&d=mm&r=g\",\"contentUrl\":\"https:\/\/secure.gravatar.com\/avatar\/099e42240b5eea11acdb72751fcce0dd918603f0749d24974b7984ea47ed9fd9?s=96&d=mm&r=g\",\"caption\":\"admin\"},\"sameAs\":[\"https:\/\/challengeseconomiques.com\"],\"url\":\"https:\/\/challengeseconomiques.com\/?author=1\"}]}<\/script>\n<!-- \/ Yoast SEO plugin. -->","yoast_head_json":{"title":"Le S\u00e9n\u00e9gal emprunte 29,5 milliards FCFA sur le march\u00e9 des titres publics de l\u2019UMOA - challenges economiques","robots":{"index":"index","follow":"follow","max-snippet":"max-snippet:-1","max-image-preview":"max-image-preview:large","max-video-preview":"max-video-preview:-1"},"canonical":"https:\/\/challengeseconomiques.com\/?p=7263","og_locale":"fr_FR","og_type":"article","og_title":"Le S\u00e9n\u00e9gal emprunte 29,5 milliards FCFA sur le march\u00e9 des titres publics de l\u2019UMOA - challenges economiques","og_description":"Quelques jours apr\u00e8s avoir lev\u00e9 90 milliards F CFA, le Tr\u00e9sor public du S\u00e9n\u00e9gal s\u2019est rendu de nouveau, le vendredi 25 octobre 2024, sur le...","og_url":"https:\/\/challengeseconomiques.com\/?p=7263","og_site_name":"challenges economiques","article_published_time":"2024-10-28T11:22:57+00:00","article_modified_time":"2024-10-28T12:08:53+00:00","og_image":[{"width":526,"height":526,"url":"https:\/\/challengeseconomiques.com\/wp-content\/uploads\/2024\/10\/dakar23.jpg","type":"image\/jpeg"}],"author":"admin","twitter_card":"summary_large_image","twitter_misc":{"\u00c9crit par":"admin","Dur\u00e9e de lecture estim\u00e9e":"1 minute"},"schema":{"@context":"https:\/\/schema.org","@graph":[{"@type":"Article","@id":"https:\/\/challengeseconomiques.com\/?p=7263#article","isPartOf":{"@id":"https:\/\/challengeseconomiques.com\/?p=7263"},"author":{"name":"admin","@id":"https:\/\/challengeseconomiques.com\/#\/schema\/person\/b4568c9afebc5a9238a771873801e349"},"headline":"Le S\u00e9n\u00e9gal emprunte 29,5 milliards FCFA sur le march\u00e9 des titres publics de l\u2019UMOA","datePublished":"2024-10-28T11:22:57+00:00","dateModified":"2024-10-28T12:08:53+00:00","mainEntityOfPage":{"@id":"https:\/\/challengeseconomiques.com\/?p=7263"},"wordCount":171,"image":{"@id":"https:\/\/challengeseconomiques.com\/?p=7263#primaryimage"},"thumbnailUrl":"https:\/\/challengeseconomiques.com\/wp-content\/uploads\/2024\/10\/dakar23.jpg","articleSection":["A la une"],"inLanguage":"fr-FR"},{"@type":"WebPage","@id":"https:\/\/challengeseconomiques.com\/?p=7263","url":"https:\/\/challengeseconomiques.com\/?p=7263","name":"Le S\u00e9n\u00e9gal emprunte 29,5 milliards FCFA sur le march\u00e9 des titres publics de l\u2019UMOA - challenges economiques","isPartOf":{"@id":"https:\/\/challengeseconomiques.com\/#website"},"primaryImageOfPage":{"@id":"https:\/\/challengeseconomiques.com\/?p=7263#primaryimage"},"image":{"@id":"https:\/\/challengeseconomiques.com\/?p=7263#primaryimage"},"thumbnailUrl":"https:\/\/challengeseconomiques.com\/wp-content\/uploads\/2024\/10\/dakar23.jpg","datePublished":"2024-10-28T11:22:57+00:00","dateModified":"2024-10-28T12:08:53+00:00","author":{"@id":"https:\/\/challengeseconomiques.com\/#\/schema\/person\/b4568c9afebc5a9238a771873801e349"},"breadcrumb":{"@id":"https:\/\/challengeseconomiques.com\/?p=7263#breadcrumb"},"inLanguage":"fr-FR","potentialAction":[{"@type":"ReadAction","target":["https:\/\/challengeseconomiques.com\/?p=7263"]}]},{"@type":"ImageObject","inLanguage":"fr-FR","@id":"https:\/\/challengeseconomiques.com\/?p=7263#primaryimage","url":"https:\/\/challengeseconomiques.com\/wp-content\/uploads\/2024\/10\/dakar23.jpg","contentUrl":"https:\/\/challengeseconomiques.com\/wp-content\/uploads\/2024\/10\/dakar23.jpg","width":526,"height":526},{"@type":"BreadcrumbList","@id":"https:\/\/challengeseconomiques.com\/?p=7263#breadcrumb","itemListElement":[{"@type":"ListItem","position":1,"name":"Home","item":"https:\/\/challengeseconomiques.com\/"},{"@type":"ListItem","position":2,"name":"Le S\u00e9n\u00e9gal emprunte 29,5 milliards FCFA sur le march\u00e9 des titres publics de l\u2019UMOA"}]},{"@type":"WebSite","@id":"https:\/\/challengeseconomiques.com\/#website","url":"https:\/\/challengeseconomiques.com\/","name":"challenges economiques","description":"","potentialAction":[{"@type":"SearchAction","target":{"@type":"EntryPoint","urlTemplate":"https:\/\/challengeseconomiques.com\/?s={search_term_string}"},"query-input":{"@type":"PropertyValueSpecification","valueRequired":true,"valueName":"search_term_string"}}],"inLanguage":"fr-FR"},{"@type":"Person","@id":"https:\/\/challengeseconomiques.com\/#\/schema\/person\/b4568c9afebc5a9238a771873801e349","name":"admin","image":{"@type":"ImageObject","inLanguage":"fr-FR","@id":"https:\/\/challengeseconomiques.com\/#\/schema\/person\/image\/","url":"https:\/\/secure.gravatar.com\/avatar\/099e42240b5eea11acdb72751fcce0dd918603f0749d24974b7984ea47ed9fd9?s=96&d=mm&r=g","contentUrl":"https:\/\/secure.gravatar.com\/avatar\/099e42240b5eea11acdb72751fcce0dd918603f0749d24974b7984ea47ed9fd9?s=96&d=mm&r=g","caption":"admin"},"sameAs":["https:\/\/challengeseconomiques.com"],"url":"https:\/\/challengeseconomiques.com\/?author=1"}]}},"jetpack_featured_media_url":"https:\/\/challengeseconomiques.com\/wp-content\/uploads\/2024\/10\/dakar23.jpg","jetpack_sharing_enabled":true,"_links":{"self":[{"href":"https:\/\/challengeseconomiques.com\/index.php?rest_route=\/wp\/v2\/posts\/7263","targetHints":{"allow":["GET"]}}],"collection":[{"href":"https:\/\/challengeseconomiques.com\/index.php?rest_route=\/wp\/v2\/posts"}],"about":[{"href":"https:\/\/challengeseconomiques.com\/index.php?rest_route=\/wp\/v2\/types\/post"}],"author":[{"embeddable":true,"href":"https:\/\/challengeseconomiques.com\/index.php?rest_route=\/wp\/v2\/users\/1"}],"replies":[{"embeddable":true,"href":"https:\/\/challengeseconomiques.com\/index.php?rest_route=%2Fwp%2Fv2%2Fcomments&post=7263"}],"version-history":[{"count":1,"href":"https:\/\/challengeseconomiques.com\/index.php?rest_route=\/wp\/v2\/posts\/7263\/revisions"}],"predecessor-version":[{"id":7265,"href":"https:\/\/challengeseconomiques.com\/index.php?rest_route=\/wp\/v2\/posts\/7263\/revisions\/7265"}],"wp:featuredmedia":[{"embeddable":true,"href":"https:\/\/challengeseconomiques.com\/index.php?rest_route=\/wp\/v2\/media\/7264"}],"wp:attachment":[{"href":"https:\/\/challengeseconomiques.com\/index.php?rest_route=%2Fwp%2Fv2%2Fmedia&parent=7263"}],"wp:term":[{"taxonomy":"category","embeddable":true,"href":"https:\/\/challengeseconomiques.com\/index.php?rest_route=%2Fwp%2Fv2%2Fcategories&post=7263"},{"taxonomy":"post_tag","embeddable":true,"href":"https:\/\/challengeseconomiques.com\/index.php?rest_route=%2Fwp%2Fv2%2Ftags&post=7263"}],"curies":[{"name":"wp","href":"https:\/\/api.w.org\/{rel}","templated":true}]}}