{"id":7249,"date":"2024-10-25T23:27:09","date_gmt":"2024-10-25T23:27:09","guid":{"rendered":"https:\/\/challengeseconomiques.com\/?p=7249"},"modified":"2024-10-25T23:28:07","modified_gmt":"2024-10-25T23:28:07","slug":"le-gafi-retire-le-senegal-de-la-liste-grise","status":"publish","type":"post","link":"https:\/\/challengeseconomiques.com\/?p=7249","title":{"rendered":"Le GAFI retire le S\u00e9n\u00e9gal de la liste grise"},"content":{"rendered":"<div>\n<div>Le S\u00e9n\u00e9gal a \u00e9t\u00e9 retir\u00e9 de la liste grise par le \u00a0Groupe d&rsquo;Action Financi\u00e8re (GAFI), le vendredi 25 octobre 2024, \u00e0 l&rsquo;issue de la r\u00e9union de l&rsquo;Institution \u00a0tenue \u00e0 Paris. D&rsquo;apr\u00e8s le Minist\u00e8re des Finances et du Budget, cette liste aussi appel\u00e9e \u00a0\u00ab\u00a0liste des juridictions sous surveillance renforc\u00e9e\u00a0\u00bb cible les pays dont le r\u00e9gime de lutte contre le blanchiment de capitaux, le financement du terrorisme et la prolif\u00e9ration des armes de destruction massive (LBC\/FT\/FP) pr\u00e9sente des d\u00e9ficiences strat\u00e9giques.<\/div>\n<div>Notre pays avait \u00e9t\u00e9 inscrit sur cette liste en f\u00e9vrier 2021. Les autorit\u00e9s s&rsquo;\u00e9taient engag\u00e9es \u00e0 rem\u00e9dier aux insuffisances identifi\u00e9es par l&rsquo;adoption d&rsquo;un plan de vingt-neuf (29) actions d\u00e9clin\u00e9es en quarante-neuf mesures.<\/div>\n<div>Dans le cadre de la mise en \u0153uvre de ce plan, neuf (9) rapports et un rapport de synth\u00e8se ont \u00e9t\u00e9 pr\u00e9sent\u00e9s. Des experts du GAFI ont s\u00e9journ\u00e9 \u00e0 Dakar du 12 au 14 ao\u00fbt 2024.<\/div>\n<div>Le communiqu\u00e9 pr\u00e9cise que le retrait du S\u00e9n\u00e9gal de la liste grise est l&rsquo;aboutissement d&rsquo;un travail collaboratif impliquant l&rsquo;engagement des plus hautes autorit\u00e9s. Cette d\u00e9cision impacte positivement l&rsquo;image institutionnelle du pays et traduit aux yeux des investisseurs, l&rsquo;attractivit\u00e9 de l&rsquo;\u00e9conomie s\u00e9n\u00e9galaise.<\/div>\n<\/div>\n<div id=\"yiv8451963797ms-outlook-mobile-signature\">\n<div><\/div>\n<\/div>\n","protected":false},"excerpt":{"rendered":"<p>Le S\u00e9n\u00e9gal a \u00e9t\u00e9 retir\u00e9 de la liste grise par le \u00a0Groupe d&rsquo;Action Financi\u00e8re (GAFI), le vendredi 25 octobre 2024, \u00e0 l&rsquo;issue de la r\u00e9union&#8230;<\/p>\n","protected":false},"author":1,"featured_media":7250,"comment_status":"closed","ping_status":"open","sticky":false,"template":"","format":"standard","meta":{"_jetpack_memberships_contains_paid_content":false,"footnotes":""},"categories":[23],"tags":[],"class_list":["post-7249","post","type-post","status-publish","format-standard","has-post-thumbnail","hentry","category-a-la-une","wpcat-23-id"],"yoast_head":"<!-- This site is optimized with the Yoast SEO plugin v27.1.1 - https:\/\/yoast.com\/product\/yoast-seo-wordpress\/ -->\n<title>Le GAFI retire le S\u00e9n\u00e9gal de la liste grise - challenges economiques<\/title>\n<meta name=\"robots\" content=\"index, follow, max-snippet:-1, max-image-preview:large, max-video-preview:-1\" \/>\n<link rel=\"canonical\" href=\"https:\/\/challengeseconomiques.com\/?p=7249\" \/>\n<meta property=\"og:locale\" content=\"fr_FR\" \/>\n<meta property=\"og:type\" content=\"article\" \/>\n<meta property=\"og:title\" content=\"Le GAFI retire le S\u00e9n\u00e9gal de la liste grise - challenges economiques\" \/>\n<meta property=\"og:description\" content=\"Le S\u00e9n\u00e9gal a \u00e9t\u00e9 retir\u00e9 de la liste grise par le \u00a0Groupe d&rsquo;Action Financi\u00e8re (GAFI), le vendredi 25 octobre 2024, \u00e0 l&rsquo;issue de la r\u00e9union...\" \/>\n<meta property=\"og:url\" content=\"https:\/\/challengeseconomiques.com\/?p=7249\" \/>\n<meta property=\"og:site_name\" content=\"challenges economiques\" \/>\n<meta property=\"article:published_time\" content=\"2024-10-25T23:27:09+00:00\" \/>\n<meta property=\"article:modified_time\" content=\"2024-10-25T23:28:07+00:00\" \/>\n<meta property=\"og:image\" content=\"https:\/\/challengeseconomiques.com\/wp-content\/uploads\/2024\/10\/mfb2.jpg\" \/>\n\t<meta property=\"og:image:width\" content=\"720\" \/>\n\t<meta property=\"og:image:height\" content=\"502\" \/>\n\t<meta property=\"og:image:type\" content=\"image\/jpeg\" \/>\n<meta name=\"author\" content=\"admin\" \/>\n<meta name=\"twitter:card\" content=\"summary_large_image\" \/>\n<meta name=\"twitter:label1\" content=\"\u00c9crit par\" \/>\n\t<meta name=\"twitter:data1\" content=\"admin\" \/>\n\t<meta name=\"twitter:label2\" content=\"Dur\u00e9e de lecture estim\u00e9e\" \/>\n\t<meta name=\"twitter:data2\" content=\"1 minute\" \/>\n<script type=\"application\/ld+json\" class=\"yoast-schema-graph\">{\"@context\":\"https:\/\/schema.org\",\"@graph\":[{\"@type\":\"Article\",\"@id\":\"https:\/\/challengeseconomiques.com\/?p=7249#article\",\"isPartOf\":{\"@id\":\"https:\/\/challengeseconomiques.com\/?p=7249\"},\"author\":{\"name\":\"admin\",\"@id\":\"https:\/\/challengeseconomiques.com\/#\/schema\/person\/b4568c9afebc5a9238a771873801e349\"},\"headline\":\"Le GAFI retire le S\u00e9n\u00e9gal de la liste grise\",\"datePublished\":\"2024-10-25T23:27:09+00:00\",\"dateModified\":\"2024-10-25T23:28:07+00:00\",\"mainEntityOfPage\":{\"@id\":\"https:\/\/challengeseconomiques.com\/?p=7249\"},\"wordCount\":233,\"image\":{\"@id\":\"https:\/\/challengeseconomiques.com\/?p=7249#primaryimage\"},\"thumbnailUrl\":\"https:\/\/challengeseconomiques.com\/wp-content\/uploads\/2024\/10\/mfb2.jpg\",\"articleSection\":[\"A la une\"],\"inLanguage\":\"fr-FR\"},{\"@type\":\"WebPage\",\"@id\":\"https:\/\/challengeseconomiques.com\/?p=7249\",\"url\":\"https:\/\/challengeseconomiques.com\/?p=7249\",\"name\":\"Le GAFI retire le S\u00e9n\u00e9gal de la liste grise - challenges economiques\",\"isPartOf\":{\"@id\":\"https:\/\/challengeseconomiques.com\/#website\"},\"primaryImageOfPage\":{\"@id\":\"https:\/\/challengeseconomiques.com\/?p=7249#primaryimage\"},\"image\":{\"@id\":\"https:\/\/challengeseconomiques.com\/?p=7249#primaryimage\"},\"thumbnailUrl\":\"https:\/\/challengeseconomiques.com\/wp-content\/uploads\/2024\/10\/mfb2.jpg\",\"datePublished\":\"2024-10-25T23:27:09+00:00\",\"dateModified\":\"2024-10-25T23:28:07+00:00\",\"author\":{\"@id\":\"https:\/\/challengeseconomiques.com\/#\/schema\/person\/b4568c9afebc5a9238a771873801e349\"},\"breadcrumb\":{\"@id\":\"https:\/\/challengeseconomiques.com\/?p=7249#breadcrumb\"},\"inLanguage\":\"fr-FR\",\"potentialAction\":[{\"@type\":\"ReadAction\",\"target\":[\"https:\/\/challengeseconomiques.com\/?p=7249\"]}]},{\"@type\":\"ImageObject\",\"inLanguage\":\"fr-FR\",\"@id\":\"https:\/\/challengeseconomiques.com\/?p=7249#primaryimage\",\"url\":\"https:\/\/challengeseconomiques.com\/wp-content\/uploads\/2024\/10\/mfb2.jpg\",\"contentUrl\":\"https:\/\/challengeseconomiques.com\/wp-content\/uploads\/2024\/10\/mfb2.jpg\",\"width\":720,\"height\":502},{\"@type\":\"BreadcrumbList\",\"@id\":\"https:\/\/challengeseconomiques.com\/?p=7249#breadcrumb\",\"itemListElement\":[{\"@type\":\"ListItem\",\"position\":1,\"name\":\"Home\",\"item\":\"https:\/\/challengeseconomiques.com\/\"},{\"@type\":\"ListItem\",\"position\":2,\"name\":\"Le GAFI retire le S\u00e9n\u00e9gal de la liste grise\"}]},{\"@type\":\"WebSite\",\"@id\":\"https:\/\/challengeseconomiques.com\/#website\",\"url\":\"https:\/\/challengeseconomiques.com\/\",\"name\":\"challenges economiques\",\"description\":\"\",\"potentialAction\":[{\"@type\":\"SearchAction\",\"target\":{\"@type\":\"EntryPoint\",\"urlTemplate\":\"https:\/\/challengeseconomiques.com\/?s={search_term_string}\"},\"query-input\":{\"@type\":\"PropertyValueSpecification\",\"valueRequired\":true,\"valueName\":\"search_term_string\"}}],\"inLanguage\":\"fr-FR\"},{\"@type\":\"Person\",\"@id\":\"https:\/\/challengeseconomiques.com\/#\/schema\/person\/b4568c9afebc5a9238a771873801e349\",\"name\":\"admin\",\"image\":{\"@type\":\"ImageObject\",\"inLanguage\":\"fr-FR\",\"@id\":\"https:\/\/challengeseconomiques.com\/#\/schema\/person\/image\/\",\"url\":\"https:\/\/secure.gravatar.com\/avatar\/099e42240b5eea11acdb72751fcce0dd918603f0749d24974b7984ea47ed9fd9?s=96&d=mm&r=g\",\"contentUrl\":\"https:\/\/secure.gravatar.com\/avatar\/099e42240b5eea11acdb72751fcce0dd918603f0749d24974b7984ea47ed9fd9?s=96&d=mm&r=g\",\"caption\":\"admin\"},\"sameAs\":[\"https:\/\/challengeseconomiques.com\"],\"url\":\"https:\/\/challengeseconomiques.com\/?author=1\"}]}<\/script>\n<!-- \/ Yoast SEO plugin. -->","yoast_head_json":{"title":"Le GAFI retire le S\u00e9n\u00e9gal de la liste grise - challenges economiques","robots":{"index":"index","follow":"follow","max-snippet":"max-snippet:-1","max-image-preview":"max-image-preview:large","max-video-preview":"max-video-preview:-1"},"canonical":"https:\/\/challengeseconomiques.com\/?p=7249","og_locale":"fr_FR","og_type":"article","og_title":"Le GAFI retire le S\u00e9n\u00e9gal de la liste grise - challenges economiques","og_description":"Le S\u00e9n\u00e9gal a \u00e9t\u00e9 retir\u00e9 de la liste grise par le \u00a0Groupe d&rsquo;Action Financi\u00e8re (GAFI), le vendredi 25 octobre 2024, \u00e0 l&rsquo;issue de la r\u00e9union...","og_url":"https:\/\/challengeseconomiques.com\/?p=7249","og_site_name":"challenges economiques","article_published_time":"2024-10-25T23:27:09+00:00","article_modified_time":"2024-10-25T23:28:07+00:00","og_image":[{"width":720,"height":502,"url":"https:\/\/challengeseconomiques.com\/wp-content\/uploads\/2024\/10\/mfb2.jpg","type":"image\/jpeg"}],"author":"admin","twitter_card":"summary_large_image","twitter_misc":{"\u00c9crit par":"admin","Dur\u00e9e de lecture estim\u00e9e":"1 minute"},"schema":{"@context":"https:\/\/schema.org","@graph":[{"@type":"Article","@id":"https:\/\/challengeseconomiques.com\/?p=7249#article","isPartOf":{"@id":"https:\/\/challengeseconomiques.com\/?p=7249"},"author":{"name":"admin","@id":"https:\/\/challengeseconomiques.com\/#\/schema\/person\/b4568c9afebc5a9238a771873801e349"},"headline":"Le GAFI retire le S\u00e9n\u00e9gal de la liste grise","datePublished":"2024-10-25T23:27:09+00:00","dateModified":"2024-10-25T23:28:07+00:00","mainEntityOfPage":{"@id":"https:\/\/challengeseconomiques.com\/?p=7249"},"wordCount":233,"image":{"@id":"https:\/\/challengeseconomiques.com\/?p=7249#primaryimage"},"thumbnailUrl":"https:\/\/challengeseconomiques.com\/wp-content\/uploads\/2024\/10\/mfb2.jpg","articleSection":["A la une"],"inLanguage":"fr-FR"},{"@type":"WebPage","@id":"https:\/\/challengeseconomiques.com\/?p=7249","url":"https:\/\/challengeseconomiques.com\/?p=7249","name":"Le GAFI retire le S\u00e9n\u00e9gal de la liste grise - challenges economiques","isPartOf":{"@id":"https:\/\/challengeseconomiques.com\/#website"},"primaryImageOfPage":{"@id":"https:\/\/challengeseconomiques.com\/?p=7249#primaryimage"},"image":{"@id":"https:\/\/challengeseconomiques.com\/?p=7249#primaryimage"},"thumbnailUrl":"https:\/\/challengeseconomiques.com\/wp-content\/uploads\/2024\/10\/mfb2.jpg","datePublished":"2024-10-25T23:27:09+00:00","dateModified":"2024-10-25T23:28:07+00:00","author":{"@id":"https:\/\/challengeseconomiques.com\/#\/schema\/person\/b4568c9afebc5a9238a771873801e349"},"breadcrumb":{"@id":"https:\/\/challengeseconomiques.com\/?p=7249#breadcrumb"},"inLanguage":"fr-FR","potentialAction":[{"@type":"ReadAction","target":["https:\/\/challengeseconomiques.com\/?p=7249"]}]},{"@type":"ImageObject","inLanguage":"fr-FR","@id":"https:\/\/challengeseconomiques.com\/?p=7249#primaryimage","url":"https:\/\/challengeseconomiques.com\/wp-content\/uploads\/2024\/10\/mfb2.jpg","contentUrl":"https:\/\/challengeseconomiques.com\/wp-content\/uploads\/2024\/10\/mfb2.jpg","width":720,"height":502},{"@type":"BreadcrumbList","@id":"https:\/\/challengeseconomiques.com\/?p=7249#breadcrumb","itemListElement":[{"@type":"ListItem","position":1,"name":"Home","item":"https:\/\/challengeseconomiques.com\/"},{"@type":"ListItem","position":2,"name":"Le GAFI retire le S\u00e9n\u00e9gal de la liste grise"}]},{"@type":"WebSite","@id":"https:\/\/challengeseconomiques.com\/#website","url":"https:\/\/challengeseconomiques.com\/","name":"challenges economiques","description":"","potentialAction":[{"@type":"SearchAction","target":{"@type":"EntryPoint","urlTemplate":"https:\/\/challengeseconomiques.com\/?s={search_term_string}"},"query-input":{"@type":"PropertyValueSpecification","valueRequired":true,"valueName":"search_term_string"}}],"inLanguage":"fr-FR"},{"@type":"Person","@id":"https:\/\/challengeseconomiques.com\/#\/schema\/person\/b4568c9afebc5a9238a771873801e349","name":"admin","image":{"@type":"ImageObject","inLanguage":"fr-FR","@id":"https:\/\/challengeseconomiques.com\/#\/schema\/person\/image\/","url":"https:\/\/secure.gravatar.com\/avatar\/099e42240b5eea11acdb72751fcce0dd918603f0749d24974b7984ea47ed9fd9?s=96&d=mm&r=g","contentUrl":"https:\/\/secure.gravatar.com\/avatar\/099e42240b5eea11acdb72751fcce0dd918603f0749d24974b7984ea47ed9fd9?s=96&d=mm&r=g","caption":"admin"},"sameAs":["https:\/\/challengeseconomiques.com"],"url":"https:\/\/challengeseconomiques.com\/?author=1"}]}},"jetpack_featured_media_url":"https:\/\/challengeseconomiques.com\/wp-content\/uploads\/2024\/10\/mfb2.jpg","jetpack_sharing_enabled":true,"_links":{"self":[{"href":"https:\/\/challengeseconomiques.com\/index.php?rest_route=\/wp\/v2\/posts\/7249","targetHints":{"allow":["GET"]}}],"collection":[{"href":"https:\/\/challengeseconomiques.com\/index.php?rest_route=\/wp\/v2\/posts"}],"about":[{"href":"https:\/\/challengeseconomiques.com\/index.php?rest_route=\/wp\/v2\/types\/post"}],"author":[{"embeddable":true,"href":"https:\/\/challengeseconomiques.com\/index.php?rest_route=\/wp\/v2\/users\/1"}],"replies":[{"embeddable":true,"href":"https:\/\/challengeseconomiques.com\/index.php?rest_route=%2Fwp%2Fv2%2Fcomments&post=7249"}],"version-history":[{"count":1,"href":"https:\/\/challengeseconomiques.com\/index.php?rest_route=\/wp\/v2\/posts\/7249\/revisions"}],"predecessor-version":[{"id":7251,"href":"https:\/\/challengeseconomiques.com\/index.php?rest_route=\/wp\/v2\/posts\/7249\/revisions\/7251"}],"wp:featuredmedia":[{"embeddable":true,"href":"https:\/\/challengeseconomiques.com\/index.php?rest_route=\/wp\/v2\/media\/7250"}],"wp:attachment":[{"href":"https:\/\/challengeseconomiques.com\/index.php?rest_route=%2Fwp%2Fv2%2Fmedia&parent=7249"}],"wp:term":[{"taxonomy":"category","embeddable":true,"href":"https:\/\/challengeseconomiques.com\/index.php?rest_route=%2Fwp%2Fv2%2Fcategories&post=7249"},{"taxonomy":"post_tag","embeddable":true,"href":"https:\/\/challengeseconomiques.com\/index.php?rest_route=%2Fwp%2Fv2%2Ftags&post=7249"}],"curies":[{"name":"wp","href":"https:\/\/api.w.org\/{rel}","templated":true}]}}