{"id":7240,"date":"2024-10-24T15:52:30","date_gmt":"2024-10-24T15:52:30","guid":{"rendered":"https:\/\/challengeseconomiques.com\/?p=7240"},"modified":"2024-10-24T15:54:47","modified_gmt":"2024-10-24T15:54:47","slug":"rencontre-de-lunccias-a-kolda-les-poles-economiques-au-menu-des-echanges","status":"publish","type":"post","link":"https:\/\/challengeseconomiques.com\/?p=7240","title":{"rendered":"Rencontre de l\u2019UNCCIAS \u00e0 KOLDA : Les p\u00f4les \u00e9conomiques au menu des \u00e9changes"},"content":{"rendered":"<p><strong>Pour sa troisi\u00e8me r\u00e9union de Bureau, l\u2019Union Nationale des Chambres de Commerce, d\u2019Industrie et d\u2019Agriculture du S\u00e9n\u00e9gal (UNCCIAS), a choisi Kolda, la Capitale du Fouladou, terroir de Moussa Molo, pour \u00e9changer entre autres, sur le nouveau r\u00e9f\u00e9rentiel \u00e9conomique \u00ab S\u00e9n\u00e9gal 2050, Agenda national de transformation \u00bb.<\/strong><\/p>\n<p>Une premi\u00e8re pour Kolda, en ce mercredi 24 novembre 2024. En effet, la Capitale du Fouladou a accueilli les pr\u00e9sidents de l\u2019UNCCIAS des CCIA de Saint-Louis, Kaffrine, Tambacounda, Louga, Dakar et Ziguinchor pour se pencher sur le nouveau r\u00e9f\u00e9rentiel \u00e9conomique et social d\u00e9nomm\u00e9 \u00ab S\u00e9n\u00e9gal 2050, Agenda national de transformation \u00bb. Pour le pr\u00e9sident de l\u2019UNCCIAS, Abdoulaye Sow, le nouveau r\u00e9f\u00e9rentiel du r\u00e9gime de son Excellence, le Pr\u00e9sident de la R\u00e9publique,\u00a0 Bassirou Diomaye Diakhar Faye, \u00ab est d\u2019abord un projet de souverainet\u00e9, ainsi que notre feuille de route pour les 25 prochaines ann\u00e9es \u00bb. Il estime en outre, que \u00ab la mise en place de p\u00f4les \u00e9conomiques viables, un cadre attractif\u00a0 des affaires, ainsi que l\u2019industrialisation ambitieuse du S\u00e9n\u00e9gal, permettront de transformer nos richesses sur place \u00bb.<br \/>\nSelon le Pr\u00e9sident de l\u2019UNCCIAS, Abdoulaye Sow, par ailleurs pr\u00e9sident de la CCIAD, cette d\u00e9marche place au premier plan le secteur priv\u00e9 national. Dans cette optique, le pr\u00e9sident de l\u2019UNCCIAS invite ses coll\u00e8gues, \u00ab\u00a0\u00e0 se mobiliser autour de ce document strat\u00e9gique pour porter le plaidoyer aupr\u00e8s des ressortissants consulaires, afin qu\u2019ils puissent s\u2019en approprier\u00a0\u00bb.<\/p>\n<p><strong>Adoption d\u2019un manuel de proc\u00e9dure &amp; signature d\u2019une Convention entre l\u2019Acad\u00e9mie Consulaire et les Chambres de commerce r\u00e9gionales<\/strong><\/p>\n<p>Ce conclave des membres de l\u2019UNCCIAS \u00e0 Kolda est l\u2019occasion d\u2019\u00e9voquer d\u2019autres points pour les institutions consulaires. Le pr\u00e9sident Abdoulaye Sow annonce le partage et l\u2019adoption d\u2019un manuel de proc\u00e9dures unique applicable \u00e0 toutes les Chambres. D\u2019apr\u00e8s le pr\u00e9sident de l\u2019UNCCIAS, le \u00ab\u00a0manuel de proc\u00e9dures\u00a0\u00bb est une \u00ab\u00a0exigence du d\u00e9cret 2003-827 du 10 octobre\u00a0 2003, fixant les r\u00e8gles d\u2019organisation des CCIAS, en son article 55, dernier alin\u00e9a\u00a0\u00bb.<br \/>\nComme autre point, une signature de convention entre l\u2019Acad\u00e9mie Consulaire de Dakar et les Chambres de Commerce r\u00e9gionales sera finalis\u00e9e. Dans le d\u00e9tail, le pr\u00e9sident de l\u2019UNCCIAS soutient que la \u00ab formation professionnelle est le c\u0153ur de m\u00e9tier des institutions consulaires et n\u2019a pas toujours la place qu\u2019elle m\u00e9rite dans la politique globale des chambres r\u00e9gionales \u00bb. Il estime que cette convention \u00ab prendra en charge les pr\u00e9occupations des uns et des autres pour un d\u00e9marrage effectif de l\u2019ensemble des centres de formation consulaires \u00bb. Les travaux de cette 3<sup>\u00e8me<\/sup> r\u00e9union d\u00e9centralis\u00e9e du Bureau l\u2019UNCCIAS ont d\u00e9marr\u00e9 par une visite de courtoisie aupr\u00e8s du gouverneur de Kolda, Moustapha Ndiaye et seront cl\u00f4tur\u00e9s par une rencontre entre le secteur priv\u00e9 local de Kolda et les membres de l\u2019UNCCIAS \u00bb.<\/p>\n<p><strong>BIE<br \/>\n<\/strong><\/p>\n","protected":false},"excerpt":{"rendered":"<p>Pour sa troisi\u00e8me r\u00e9union de Bureau, l\u2019Union Nationale des Chambres de Commerce, d\u2019Industrie et d\u2019Agriculture du S\u00e9n\u00e9gal (UNCCIAS), a choisi Kolda, la Capitale du Fouladou,&#8230;<\/p>\n","protected":false},"author":3,"featured_media":7241,"comment_status":"closed","ping_status":"open","sticky":false,"template":"","format":"standard","meta":{"_jetpack_memberships_contains_paid_content":false,"footnotes":""},"categories":[23,8],"tags":[],"class_list":["post-7240","post","type-post","status-publish","format-standard","has-post-thumbnail","hentry","category-a-la-une","category-actualite-economique","wpcat-23-id","wpcat-8-id"],"yoast_head":"<!-- This site is optimized with the Yoast SEO plugin v27.1.1 - https:\/\/yoast.com\/product\/yoast-seo-wordpress\/ -->\n<title>Rencontre de l\u2019UNCCIAS \u00e0 KOLDA : Les p\u00f4les \u00e9conomiques au menu des \u00e9changes - challenges economiques<\/title>\n<meta name=\"robots\" content=\"index, follow, max-snippet:-1, max-image-preview:large, max-video-preview:-1\" \/>\n<link rel=\"canonical\" href=\"https:\/\/challengeseconomiques.com\/?p=7240\" \/>\n<meta property=\"og:locale\" content=\"fr_FR\" \/>\n<meta property=\"og:type\" content=\"article\" \/>\n<meta property=\"og:title\" content=\"Rencontre de l\u2019UNCCIAS \u00e0 KOLDA : Les p\u00f4les \u00e9conomiques au menu des \u00e9changes - challenges economiques\" \/>\n<meta property=\"og:description\" content=\"Pour sa troisi\u00e8me r\u00e9union de Bureau, l\u2019Union Nationale des Chambres de Commerce, d\u2019Industrie et d\u2019Agriculture du S\u00e9n\u00e9gal (UNCCIAS), a choisi Kolda, la Capitale du Fouladou,...\" \/>\n<meta property=\"og:url\" content=\"https:\/\/challengeseconomiques.com\/?p=7240\" \/>\n<meta property=\"og:site_name\" content=\"challenges economiques\" \/>\n<meta property=\"article:published_time\" content=\"2024-10-24T15:52:30+00:00\" \/>\n<meta property=\"article:modified_time\" content=\"2024-10-24T15:54:47+00:00\" \/>\n<meta property=\"og:image\" content=\"https:\/\/challengeseconomiques.com\/wp-content\/uploads\/2024\/10\/kolda.jpeg\" \/>\n\t<meta property=\"og:image:width\" content=\"1080\" \/>\n\t<meta property=\"og:image:height\" content=\"720\" \/>\n\t<meta property=\"og:image:type\" content=\"image\/jpeg\" \/>\n<meta name=\"author\" content=\"aliou kane ndiaye\" \/>\n<meta name=\"twitter:card\" content=\"summary_large_image\" \/>\n<meta name=\"twitter:label1\" content=\"\u00c9crit par\" \/>\n\t<meta name=\"twitter:data1\" content=\"aliou kane ndiaye\" \/>\n\t<meta name=\"twitter:label2\" content=\"Dur\u00e9e de lecture estim\u00e9e\" \/>\n\t<meta name=\"twitter:data2\" content=\"3 minutes\" \/>\n<script type=\"application\/ld+json\" class=\"yoast-schema-graph\">{\"@context\":\"https:\/\/schema.org\",\"@graph\":[{\"@type\":\"Article\",\"@id\":\"https:\/\/challengeseconomiques.com\/?p=7240#article\",\"isPartOf\":{\"@id\":\"https:\/\/challengeseconomiques.com\/?p=7240\"},\"author\":{\"name\":\"aliou kane ndiaye\",\"@id\":\"https:\/\/challengeseconomiques.com\/#\/schema\/person\/2f70a31e102db1741c1a1c00c2bbd8a6\"},\"headline\":\"Rencontre de l\u2019UNCCIAS \u00e0 KOLDA : Les p\u00f4les \u00e9conomiques au menu des \u00e9changes\",\"datePublished\":\"2024-10-24T15:52:30+00:00\",\"dateModified\":\"2024-10-24T15:54:47+00:00\",\"mainEntityOfPage\":{\"@id\":\"https:\/\/challengeseconomiques.com\/?p=7240\"},\"wordCount\":521,\"image\":{\"@id\":\"https:\/\/challengeseconomiques.com\/?p=7240#primaryimage\"},\"thumbnailUrl\":\"https:\/\/challengeseconomiques.com\/wp-content\/uploads\/2024\/10\/kolda.jpeg\",\"articleSection\":[\"A la une\",\"Actualit\u00e9 \u00e9conomique\"],\"inLanguage\":\"fr-FR\"},{\"@type\":\"WebPage\",\"@id\":\"https:\/\/challengeseconomiques.com\/?p=7240\",\"url\":\"https:\/\/challengeseconomiques.com\/?p=7240\",\"name\":\"Rencontre de l\u2019UNCCIAS \u00e0 KOLDA : Les p\u00f4les \u00e9conomiques au menu des \u00e9changes - challenges economiques\",\"isPartOf\":{\"@id\":\"https:\/\/challengeseconomiques.com\/#website\"},\"primaryImageOfPage\":{\"@id\":\"https:\/\/challengeseconomiques.com\/?p=7240#primaryimage\"},\"image\":{\"@id\":\"https:\/\/challengeseconomiques.com\/?p=7240#primaryimage\"},\"thumbnailUrl\":\"https:\/\/challengeseconomiques.com\/wp-content\/uploads\/2024\/10\/kolda.jpeg\",\"datePublished\":\"2024-10-24T15:52:30+00:00\",\"dateModified\":\"2024-10-24T15:54:47+00:00\",\"author\":{\"@id\":\"https:\/\/challengeseconomiques.com\/#\/schema\/person\/2f70a31e102db1741c1a1c00c2bbd8a6\"},\"breadcrumb\":{\"@id\":\"https:\/\/challengeseconomiques.com\/?p=7240#breadcrumb\"},\"inLanguage\":\"fr-FR\",\"potentialAction\":[{\"@type\":\"ReadAction\",\"target\":[\"https:\/\/challengeseconomiques.com\/?p=7240\"]}]},{\"@type\":\"ImageObject\",\"inLanguage\":\"fr-FR\",\"@id\":\"https:\/\/challengeseconomiques.com\/?p=7240#primaryimage\",\"url\":\"https:\/\/challengeseconomiques.com\/wp-content\/uploads\/2024\/10\/kolda.jpeg\",\"contentUrl\":\"https:\/\/challengeseconomiques.com\/wp-content\/uploads\/2024\/10\/kolda.jpeg\",\"width\":1080,\"height\":720},{\"@type\":\"BreadcrumbList\",\"@id\":\"https:\/\/challengeseconomiques.com\/?p=7240#breadcrumb\",\"itemListElement\":[{\"@type\":\"ListItem\",\"position\":1,\"name\":\"Home\",\"item\":\"https:\/\/challengeseconomiques.com\/\"},{\"@type\":\"ListItem\",\"position\":2,\"name\":\"Rencontre de l\u2019UNCCIAS \u00e0 KOLDA : Les p\u00f4les \u00e9conomiques au menu des \u00e9changes\"}]},{\"@type\":\"WebSite\",\"@id\":\"https:\/\/challengeseconomiques.com\/#website\",\"url\":\"https:\/\/challengeseconomiques.com\/\",\"name\":\"challenges economiques\",\"description\":\"\",\"potentialAction\":[{\"@type\":\"SearchAction\",\"target\":{\"@type\":\"EntryPoint\",\"urlTemplate\":\"https:\/\/challengeseconomiques.com\/?s={search_term_string}\"},\"query-input\":{\"@type\":\"PropertyValueSpecification\",\"valueRequired\":true,\"valueName\":\"search_term_string\"}}],\"inLanguage\":\"fr-FR\"},{\"@type\":\"Person\",\"@id\":\"https:\/\/challengeseconomiques.com\/#\/schema\/person\/2f70a31e102db1741c1a1c00c2bbd8a6\",\"name\":\"aliou kane ndiaye\",\"image\":{\"@type\":\"ImageObject\",\"inLanguage\":\"fr-FR\",\"@id\":\"https:\/\/challengeseconomiques.com\/#\/schema\/person\/image\/\",\"url\":\"https:\/\/secure.gravatar.com\/avatar\/df942321e58711a9f1fee838e446766660477bacd4b42fa20400d2c7cf4da7ca?s=96&d=mm&r=g\",\"contentUrl\":\"https:\/\/secure.gravatar.com\/avatar\/df942321e58711a9f1fee838e446766660477bacd4b42fa20400d2c7cf4da7ca?s=96&d=mm&r=g\",\"caption\":\"aliou kane ndiaye\"},\"sameAs\":[\"http:\/\/www.challengeseconomiques.com\"],\"url\":\"https:\/\/challengeseconomiques.com\/?author=3\"}]}<\/script>\n<!-- \/ Yoast SEO plugin. -->","yoast_head_json":{"title":"Rencontre de l\u2019UNCCIAS \u00e0 KOLDA : Les p\u00f4les \u00e9conomiques au menu des \u00e9changes - challenges economiques","robots":{"index":"index","follow":"follow","max-snippet":"max-snippet:-1","max-image-preview":"max-image-preview:large","max-video-preview":"max-video-preview:-1"},"canonical":"https:\/\/challengeseconomiques.com\/?p=7240","og_locale":"fr_FR","og_type":"article","og_title":"Rencontre de l\u2019UNCCIAS \u00e0 KOLDA : Les p\u00f4les \u00e9conomiques au menu des \u00e9changes - challenges economiques","og_description":"Pour sa troisi\u00e8me r\u00e9union de Bureau, l\u2019Union Nationale des Chambres de Commerce, d\u2019Industrie et d\u2019Agriculture du S\u00e9n\u00e9gal (UNCCIAS), a choisi Kolda, la Capitale du Fouladou,...","og_url":"https:\/\/challengeseconomiques.com\/?p=7240","og_site_name":"challenges economiques","article_published_time":"2024-10-24T15:52:30+00:00","article_modified_time":"2024-10-24T15:54:47+00:00","og_image":[{"width":1080,"height":720,"url":"https:\/\/challengeseconomiques.com\/wp-content\/uploads\/2024\/10\/kolda.jpeg","type":"image\/jpeg"}],"author":"aliou kane ndiaye","twitter_card":"summary_large_image","twitter_misc":{"\u00c9crit par":"aliou kane ndiaye","Dur\u00e9e de lecture estim\u00e9e":"3 minutes"},"schema":{"@context":"https:\/\/schema.org","@graph":[{"@type":"Article","@id":"https:\/\/challengeseconomiques.com\/?p=7240#article","isPartOf":{"@id":"https:\/\/challengeseconomiques.com\/?p=7240"},"author":{"name":"aliou kane ndiaye","@id":"https:\/\/challengeseconomiques.com\/#\/schema\/person\/2f70a31e102db1741c1a1c00c2bbd8a6"},"headline":"Rencontre de l\u2019UNCCIAS \u00e0 KOLDA : Les p\u00f4les \u00e9conomiques au menu des \u00e9changes","datePublished":"2024-10-24T15:52:30+00:00","dateModified":"2024-10-24T15:54:47+00:00","mainEntityOfPage":{"@id":"https:\/\/challengeseconomiques.com\/?p=7240"},"wordCount":521,"image":{"@id":"https:\/\/challengeseconomiques.com\/?p=7240#primaryimage"},"thumbnailUrl":"https:\/\/challengeseconomiques.com\/wp-content\/uploads\/2024\/10\/kolda.jpeg","articleSection":["A la une","Actualit\u00e9 \u00e9conomique"],"inLanguage":"fr-FR"},{"@type":"WebPage","@id":"https:\/\/challengeseconomiques.com\/?p=7240","url":"https:\/\/challengeseconomiques.com\/?p=7240","name":"Rencontre de l\u2019UNCCIAS \u00e0 KOLDA : Les p\u00f4les \u00e9conomiques au menu des \u00e9changes - challenges economiques","isPartOf":{"@id":"https:\/\/challengeseconomiques.com\/#website"},"primaryImageOfPage":{"@id":"https:\/\/challengeseconomiques.com\/?p=7240#primaryimage"},"image":{"@id":"https:\/\/challengeseconomiques.com\/?p=7240#primaryimage"},"thumbnailUrl":"https:\/\/challengeseconomiques.com\/wp-content\/uploads\/2024\/10\/kolda.jpeg","datePublished":"2024-10-24T15:52:30+00:00","dateModified":"2024-10-24T15:54:47+00:00","author":{"@id":"https:\/\/challengeseconomiques.com\/#\/schema\/person\/2f70a31e102db1741c1a1c00c2bbd8a6"},"breadcrumb":{"@id":"https:\/\/challengeseconomiques.com\/?p=7240#breadcrumb"},"inLanguage":"fr-FR","potentialAction":[{"@type":"ReadAction","target":["https:\/\/challengeseconomiques.com\/?p=7240"]}]},{"@type":"ImageObject","inLanguage":"fr-FR","@id":"https:\/\/challengeseconomiques.com\/?p=7240#primaryimage","url":"https:\/\/challengeseconomiques.com\/wp-content\/uploads\/2024\/10\/kolda.jpeg","contentUrl":"https:\/\/challengeseconomiques.com\/wp-content\/uploads\/2024\/10\/kolda.jpeg","width":1080,"height":720},{"@type":"BreadcrumbList","@id":"https:\/\/challengeseconomiques.com\/?p=7240#breadcrumb","itemListElement":[{"@type":"ListItem","position":1,"name":"Home","item":"https:\/\/challengeseconomiques.com\/"},{"@type":"ListItem","position":2,"name":"Rencontre de l\u2019UNCCIAS \u00e0 KOLDA : Les p\u00f4les \u00e9conomiques au menu des \u00e9changes"}]},{"@type":"WebSite","@id":"https:\/\/challengeseconomiques.com\/#website","url":"https:\/\/challengeseconomiques.com\/","name":"challenges economiques","description":"","potentialAction":[{"@type":"SearchAction","target":{"@type":"EntryPoint","urlTemplate":"https:\/\/challengeseconomiques.com\/?s={search_term_string}"},"query-input":{"@type":"PropertyValueSpecification","valueRequired":true,"valueName":"search_term_string"}}],"inLanguage":"fr-FR"},{"@type":"Person","@id":"https:\/\/challengeseconomiques.com\/#\/schema\/person\/2f70a31e102db1741c1a1c00c2bbd8a6","name":"aliou kane ndiaye","image":{"@type":"ImageObject","inLanguage":"fr-FR","@id":"https:\/\/challengeseconomiques.com\/#\/schema\/person\/image\/","url":"https:\/\/secure.gravatar.com\/avatar\/df942321e58711a9f1fee838e446766660477bacd4b42fa20400d2c7cf4da7ca?s=96&d=mm&r=g","contentUrl":"https:\/\/secure.gravatar.com\/avatar\/df942321e58711a9f1fee838e446766660477bacd4b42fa20400d2c7cf4da7ca?s=96&d=mm&r=g","caption":"aliou kane ndiaye"},"sameAs":["http:\/\/www.challengeseconomiques.com"],"url":"https:\/\/challengeseconomiques.com\/?author=3"}]}},"jetpack_featured_media_url":"https:\/\/challengeseconomiques.com\/wp-content\/uploads\/2024\/10\/kolda.jpeg","jetpack_sharing_enabled":true,"_links":{"self":[{"href":"https:\/\/challengeseconomiques.com\/index.php?rest_route=\/wp\/v2\/posts\/7240","targetHints":{"allow":["GET"]}}],"collection":[{"href":"https:\/\/challengeseconomiques.com\/index.php?rest_route=\/wp\/v2\/posts"}],"about":[{"href":"https:\/\/challengeseconomiques.com\/index.php?rest_route=\/wp\/v2\/types\/post"}],"author":[{"embeddable":true,"href":"https:\/\/challengeseconomiques.com\/index.php?rest_route=\/wp\/v2\/users\/3"}],"replies":[{"embeddable":true,"href":"https:\/\/challengeseconomiques.com\/index.php?rest_route=%2Fwp%2Fv2%2Fcomments&post=7240"}],"version-history":[{"count":1,"href":"https:\/\/challengeseconomiques.com\/index.php?rest_route=\/wp\/v2\/posts\/7240\/revisions"}],"predecessor-version":[{"id":7242,"href":"https:\/\/challengeseconomiques.com\/index.php?rest_route=\/wp\/v2\/posts\/7240\/revisions\/7242"}],"wp:featuredmedia":[{"embeddable":true,"href":"https:\/\/challengeseconomiques.com\/index.php?rest_route=\/wp\/v2\/media\/7241"}],"wp:attachment":[{"href":"https:\/\/challengeseconomiques.com\/index.php?rest_route=%2Fwp%2Fv2%2Fmedia&parent=7240"}],"wp:term":[{"taxonomy":"category","embeddable":true,"href":"https:\/\/challengeseconomiques.com\/index.php?rest_route=%2Fwp%2Fv2%2Fcategories&post=7240"},{"taxonomy":"post_tag","embeddable":true,"href":"https:\/\/challengeseconomiques.com\/index.php?rest_route=%2Fwp%2Fv2%2Ftags&post=7240"}],"curies":[{"name":"wp","href":"https:\/\/api.w.org\/{rel}","templated":true}]}}