{"id":7236,"date":"2024-10-22T15:39:56","date_gmt":"2024-10-22T15:39:56","guid":{"rendered":"https:\/\/challengeseconomiques.com\/?p=7236"},"modified":"2024-10-22T15:43:31","modified_gmt":"2024-10-22T15:43:31","slug":"baisse-de-la-notation-du-senegal-par-sp-global-ratings","status":"publish","type":"post","link":"https:\/\/challengeseconomiques.com\/?p=7236","title":{"rendered":"Baisse de la notation du S\u00e9n\u00e9gal par S&amp;P Global Ratings"},"content":{"rendered":"<p>L\u2019agence de notation financi\u00e8re S&amp;P Global Ratings (Standard &amp; Poor\u2019s) a r\u00e9vis\u00e9 ses perspectives sur la dette souveraine du S\u00e9n\u00e9gal, le vendredi 18 octobre 2024. Celles-ci sont pass\u00e9es de stables \u00e0 n\u00e9gatives. La notation du pays \u00e0 court et long terme \u00ab B+\/B \u00bb\u00a0 a \u00e9t\u00e9 confirm\u00e9.<\/p>\n<p>La notation s\u2019inscrit dans la m\u00eame lanc\u00e9e que celle de Moody\u2019s. Fitch Ratings, l\u2019autre agence de notation de r\u00e9f\u00e9rence devrait, dans les jours \u00e0 venir, leur emboiter le pas. Ces conclusions conf\u00e8rent au Tr\u00e9sor s\u00e9n\u00e9galais une prime de risque plus \u00e9lev\u00e9 et des conditions d\u2019emprunt plus on\u00e9reuses.<\/p>\n<p>Les analystes de S&amp;P Global Ratings trouvent que les perspectives n\u00e9gatives refl\u00e8tent leur point de vue selon lequel le d\u00e9rapage budg\u00e9taire du S\u00e9n\u00e9gal attendu cette ann\u00e9e et les r\u00e9visions importantes potentielles des indicateurs de d\u00e9ficit et de dette pour 2019-2023 mettent \u00e0 mal la cr\u00e9dibilit\u00e9 institutionnelle du pays. Les faits ont \u00e9t\u00e9 r\u00e9v\u00e9l\u00e9s par l\u2019audit des finances publiques et rendus public par le nouveau gouvernement, le 26 septembre dernier.<\/p>\n<p>Toutefois, l\u2019agence souligne qu\u2019avant m\u00eame les r\u00e9sultats de cet audit, la situation budg\u00e9taire du S\u00e9n\u00e9gal s\u2019\u00e9tait consid\u00e9rablement d\u00e9t\u00e9rior\u00e9e. D\u2019apr\u00e8s les pr\u00e9visions de Standard &amp; Poor\u2019s, le d\u00e9ficit budg\u00e9taire atteindra 7,5 % du PIB cette ann\u00e9e, soit 2,7 points de plus que les pr\u00e9c\u00e9dentes projections.<\/p>\n<p>Parall\u00e8lement, du fait du ralentissement g\u00e9n\u00e9ralis\u00e9 de l\u2019activit\u00e9 \u00e9conomique, l\u2019agence a r\u00e9vis\u00e9 ses pr\u00e9visions de croissance du PIB r\u00e9el \u00e0 6 % en 2024 et projet\u00e9 un d\u00e9ficit budg\u00e9taire moyen de 5,5 % du PIB sur la p\u00e9riode 2024-2026, contre 3,9 % du PIB dans ses pr\u00e9visions pr\u00e9c\u00e9dentes.<\/p>\n<p>La prochaine publication de la notation souveraine du S\u00e9n\u00e9gal par S&amp;P Global Ratings aura lieu le 29 novembre. La baisse d\u2019un cran la note souveraine du pays est probable.<\/p>\n<p>&nbsp;<\/p>\n<p>&nbsp;<\/p>\n\n\n<p><\/p>\n","protected":false},"excerpt":{"rendered":"<p>L\u2019agence de notation financi\u00e8re S&amp;P Global Ratings (Standard &amp; Poor\u2019s) a r\u00e9vis\u00e9 ses perspectives sur la dette souveraine du S\u00e9n\u00e9gal, le vendredi 18 octobre 2024&#8230;.<\/p>\n","protected":false},"author":1,"featured_media":5252,"comment_status":"closed","ping_status":"open","sticky":false,"template":"","format":"standard","meta":{"_jetpack_memberships_contains_paid_content":false,"footnotes":""},"categories":[8],"tags":[],"class_list":["post-7236","post","type-post","status-publish","format-standard","has-post-thumbnail","hentry","category-actualite-economique","wpcat-8-id"],"yoast_head":"<!-- This site is optimized with the Yoast SEO plugin v27.1.1 - https:\/\/yoast.com\/product\/yoast-seo-wordpress\/ -->\n<title>Baisse de la notation du S\u00e9n\u00e9gal par S&amp;P Global Ratings - challenges economiques<\/title>\n<meta name=\"robots\" content=\"index, follow, max-snippet:-1, max-image-preview:large, max-video-preview:-1\" \/>\n<link rel=\"canonical\" href=\"https:\/\/challengeseconomiques.com\/?p=7236\" \/>\n<meta property=\"og:locale\" content=\"fr_FR\" \/>\n<meta property=\"og:type\" content=\"article\" \/>\n<meta property=\"og:title\" content=\"Baisse de la notation du S\u00e9n\u00e9gal par S&amp;P Global Ratings - challenges economiques\" \/>\n<meta property=\"og:description\" content=\"L\u2019agence de notation financi\u00e8re S&amp;P Global Ratings (Standard &amp; Poor\u2019s) a r\u00e9vis\u00e9 ses perspectives sur la dette souveraine du S\u00e9n\u00e9gal, le vendredi 18 octobre 2024....\" \/>\n<meta property=\"og:url\" content=\"https:\/\/challengeseconomiques.com\/?p=7236\" \/>\n<meta property=\"og:site_name\" content=\"challenges economiques\" \/>\n<meta property=\"article:published_time\" content=\"2024-10-22T15:39:56+00:00\" \/>\n<meta property=\"article:modified_time\" content=\"2024-10-22T15:43:31+00:00\" \/>\n<meta property=\"og:image\" content=\"https:\/\/challengeseconomiques.com\/wp-content\/uploads\/2023\/09\/notation_financiere.jpeg\" \/>\n\t<meta property=\"og:image:width\" content=\"900\" \/>\n\t<meta property=\"og:image:height\" content=\"600\" \/>\n\t<meta property=\"og:image:type\" content=\"image\/jpeg\" \/>\n<meta name=\"author\" content=\"admin\" \/>\n<meta name=\"twitter:card\" content=\"summary_large_image\" \/>\n<meta name=\"twitter:label1\" content=\"\u00c9crit par\" \/>\n\t<meta name=\"twitter:data1\" content=\"admin\" \/>\n\t<meta name=\"twitter:label2\" content=\"Dur\u00e9e de lecture estim\u00e9e\" \/>\n\t<meta name=\"twitter:data2\" content=\"2 minutes\" \/>\n<script type=\"application\/ld+json\" class=\"yoast-schema-graph\">{\"@context\":\"https:\/\/schema.org\",\"@graph\":[{\"@type\":\"Article\",\"@id\":\"https:\/\/challengeseconomiques.com\/?p=7236#article\",\"isPartOf\":{\"@id\":\"https:\/\/challengeseconomiques.com\/?p=7236\"},\"author\":{\"name\":\"admin\",\"@id\":\"https:\/\/challengeseconomiques.com\/#\/schema\/person\/b4568c9afebc5a9238a771873801e349\"},\"headline\":\"Baisse de la notation du S\u00e9n\u00e9gal par S&amp;P Global Ratings\",\"datePublished\":\"2024-10-22T15:39:56+00:00\",\"dateModified\":\"2024-10-22T15:43:31+00:00\",\"mainEntityOfPage\":{\"@id\":\"https:\/\/challengeseconomiques.com\/?p=7236\"},\"wordCount\":359,\"image\":{\"@id\":\"https:\/\/challengeseconomiques.com\/?p=7236#primaryimage\"},\"thumbnailUrl\":\"https:\/\/challengeseconomiques.com\/wp-content\/uploads\/2023\/09\/notation_financiere.jpeg\",\"articleSection\":[\"Actualit\u00e9 \u00e9conomique\"],\"inLanguage\":\"fr-FR\"},{\"@type\":\"WebPage\",\"@id\":\"https:\/\/challengeseconomiques.com\/?p=7236\",\"url\":\"https:\/\/challengeseconomiques.com\/?p=7236\",\"name\":\"Baisse de la notation du S\u00e9n\u00e9gal par S&amp;P Global Ratings - challenges economiques\",\"isPartOf\":{\"@id\":\"https:\/\/challengeseconomiques.com\/#website\"},\"primaryImageOfPage\":{\"@id\":\"https:\/\/challengeseconomiques.com\/?p=7236#primaryimage\"},\"image\":{\"@id\":\"https:\/\/challengeseconomiques.com\/?p=7236#primaryimage\"},\"thumbnailUrl\":\"https:\/\/challengeseconomiques.com\/wp-content\/uploads\/2023\/09\/notation_financiere.jpeg\",\"datePublished\":\"2024-10-22T15:39:56+00:00\",\"dateModified\":\"2024-10-22T15:43:31+00:00\",\"author\":{\"@id\":\"https:\/\/challengeseconomiques.com\/#\/schema\/person\/b4568c9afebc5a9238a771873801e349\"},\"breadcrumb\":{\"@id\":\"https:\/\/challengeseconomiques.com\/?p=7236#breadcrumb\"},\"inLanguage\":\"fr-FR\",\"potentialAction\":[{\"@type\":\"ReadAction\",\"target\":[\"https:\/\/challengeseconomiques.com\/?p=7236\"]}]},{\"@type\":\"ImageObject\",\"inLanguage\":\"fr-FR\",\"@id\":\"https:\/\/challengeseconomiques.com\/?p=7236#primaryimage\",\"url\":\"https:\/\/challengeseconomiques.com\/wp-content\/uploads\/2023\/09\/notation_financiere.jpeg\",\"contentUrl\":\"https:\/\/challengeseconomiques.com\/wp-content\/uploads\/2023\/09\/notation_financiere.jpeg\",\"width\":900,\"height\":600},{\"@type\":\"BreadcrumbList\",\"@id\":\"https:\/\/challengeseconomiques.com\/?p=7236#breadcrumb\",\"itemListElement\":[{\"@type\":\"ListItem\",\"position\":1,\"name\":\"Home\",\"item\":\"https:\/\/challengeseconomiques.com\/\"},{\"@type\":\"ListItem\",\"position\":2,\"name\":\"Baisse de la notation du S\u00e9n\u00e9gal par S&amp;P Global Ratings\"}]},{\"@type\":\"WebSite\",\"@id\":\"https:\/\/challengeseconomiques.com\/#website\",\"url\":\"https:\/\/challengeseconomiques.com\/\",\"name\":\"challenges economiques\",\"description\":\"\",\"potentialAction\":[{\"@type\":\"SearchAction\",\"target\":{\"@type\":\"EntryPoint\",\"urlTemplate\":\"https:\/\/challengeseconomiques.com\/?s={search_term_string}\"},\"query-input\":{\"@type\":\"PropertyValueSpecification\",\"valueRequired\":true,\"valueName\":\"search_term_string\"}}],\"inLanguage\":\"fr-FR\"},{\"@type\":\"Person\",\"@id\":\"https:\/\/challengeseconomiques.com\/#\/schema\/person\/b4568c9afebc5a9238a771873801e349\",\"name\":\"admin\",\"image\":{\"@type\":\"ImageObject\",\"inLanguage\":\"fr-FR\",\"@id\":\"https:\/\/challengeseconomiques.com\/#\/schema\/person\/image\/\",\"url\":\"https:\/\/secure.gravatar.com\/avatar\/099e42240b5eea11acdb72751fcce0dd918603f0749d24974b7984ea47ed9fd9?s=96&d=mm&r=g\",\"contentUrl\":\"https:\/\/secure.gravatar.com\/avatar\/099e42240b5eea11acdb72751fcce0dd918603f0749d24974b7984ea47ed9fd9?s=96&d=mm&r=g\",\"caption\":\"admin\"},\"sameAs\":[\"https:\/\/challengeseconomiques.com\"],\"url\":\"https:\/\/challengeseconomiques.com\/?author=1\"}]}<\/script>\n<!-- \/ Yoast SEO plugin. -->","yoast_head_json":{"title":"Baisse de la notation du S\u00e9n\u00e9gal par S&amp;P Global Ratings - challenges economiques","robots":{"index":"index","follow":"follow","max-snippet":"max-snippet:-1","max-image-preview":"max-image-preview:large","max-video-preview":"max-video-preview:-1"},"canonical":"https:\/\/challengeseconomiques.com\/?p=7236","og_locale":"fr_FR","og_type":"article","og_title":"Baisse de la notation du S\u00e9n\u00e9gal par S&amp;P Global Ratings - challenges economiques","og_description":"L\u2019agence de notation financi\u00e8re S&amp;P Global Ratings (Standard &amp; Poor\u2019s) a r\u00e9vis\u00e9 ses perspectives sur la dette souveraine du S\u00e9n\u00e9gal, le vendredi 18 octobre 2024....","og_url":"https:\/\/challengeseconomiques.com\/?p=7236","og_site_name":"challenges economiques","article_published_time":"2024-10-22T15:39:56+00:00","article_modified_time":"2024-10-22T15:43:31+00:00","og_image":[{"width":900,"height":600,"url":"https:\/\/challengeseconomiques.com\/wp-content\/uploads\/2023\/09\/notation_financiere.jpeg","type":"image\/jpeg"}],"author":"admin","twitter_card":"summary_large_image","twitter_misc":{"\u00c9crit par":"admin","Dur\u00e9e de lecture estim\u00e9e":"2 minutes"},"schema":{"@context":"https:\/\/schema.org","@graph":[{"@type":"Article","@id":"https:\/\/challengeseconomiques.com\/?p=7236#article","isPartOf":{"@id":"https:\/\/challengeseconomiques.com\/?p=7236"},"author":{"name":"admin","@id":"https:\/\/challengeseconomiques.com\/#\/schema\/person\/b4568c9afebc5a9238a771873801e349"},"headline":"Baisse de la notation du S\u00e9n\u00e9gal par S&amp;P Global Ratings","datePublished":"2024-10-22T15:39:56+00:00","dateModified":"2024-10-22T15:43:31+00:00","mainEntityOfPage":{"@id":"https:\/\/challengeseconomiques.com\/?p=7236"},"wordCount":359,"image":{"@id":"https:\/\/challengeseconomiques.com\/?p=7236#primaryimage"},"thumbnailUrl":"https:\/\/challengeseconomiques.com\/wp-content\/uploads\/2023\/09\/notation_financiere.jpeg","articleSection":["Actualit\u00e9 \u00e9conomique"],"inLanguage":"fr-FR"},{"@type":"WebPage","@id":"https:\/\/challengeseconomiques.com\/?p=7236","url":"https:\/\/challengeseconomiques.com\/?p=7236","name":"Baisse de la notation du S\u00e9n\u00e9gal par S&amp;P Global Ratings - challenges economiques","isPartOf":{"@id":"https:\/\/challengeseconomiques.com\/#website"},"primaryImageOfPage":{"@id":"https:\/\/challengeseconomiques.com\/?p=7236#primaryimage"},"image":{"@id":"https:\/\/challengeseconomiques.com\/?p=7236#primaryimage"},"thumbnailUrl":"https:\/\/challengeseconomiques.com\/wp-content\/uploads\/2023\/09\/notation_financiere.jpeg","datePublished":"2024-10-22T15:39:56+00:00","dateModified":"2024-10-22T15:43:31+00:00","author":{"@id":"https:\/\/challengeseconomiques.com\/#\/schema\/person\/b4568c9afebc5a9238a771873801e349"},"breadcrumb":{"@id":"https:\/\/challengeseconomiques.com\/?p=7236#breadcrumb"},"inLanguage":"fr-FR","potentialAction":[{"@type":"ReadAction","target":["https:\/\/challengeseconomiques.com\/?p=7236"]}]},{"@type":"ImageObject","inLanguage":"fr-FR","@id":"https:\/\/challengeseconomiques.com\/?p=7236#primaryimage","url":"https:\/\/challengeseconomiques.com\/wp-content\/uploads\/2023\/09\/notation_financiere.jpeg","contentUrl":"https:\/\/challengeseconomiques.com\/wp-content\/uploads\/2023\/09\/notation_financiere.jpeg","width":900,"height":600},{"@type":"BreadcrumbList","@id":"https:\/\/challengeseconomiques.com\/?p=7236#breadcrumb","itemListElement":[{"@type":"ListItem","position":1,"name":"Home","item":"https:\/\/challengeseconomiques.com\/"},{"@type":"ListItem","position":2,"name":"Baisse de la notation du S\u00e9n\u00e9gal par S&amp;P Global Ratings"}]},{"@type":"WebSite","@id":"https:\/\/challengeseconomiques.com\/#website","url":"https:\/\/challengeseconomiques.com\/","name":"challenges economiques","description":"","potentialAction":[{"@type":"SearchAction","target":{"@type":"EntryPoint","urlTemplate":"https:\/\/challengeseconomiques.com\/?s={search_term_string}"},"query-input":{"@type":"PropertyValueSpecification","valueRequired":true,"valueName":"search_term_string"}}],"inLanguage":"fr-FR"},{"@type":"Person","@id":"https:\/\/challengeseconomiques.com\/#\/schema\/person\/b4568c9afebc5a9238a771873801e349","name":"admin","image":{"@type":"ImageObject","inLanguage":"fr-FR","@id":"https:\/\/challengeseconomiques.com\/#\/schema\/person\/image\/","url":"https:\/\/secure.gravatar.com\/avatar\/099e42240b5eea11acdb72751fcce0dd918603f0749d24974b7984ea47ed9fd9?s=96&d=mm&r=g","contentUrl":"https:\/\/secure.gravatar.com\/avatar\/099e42240b5eea11acdb72751fcce0dd918603f0749d24974b7984ea47ed9fd9?s=96&d=mm&r=g","caption":"admin"},"sameAs":["https:\/\/challengeseconomiques.com"],"url":"https:\/\/challengeseconomiques.com\/?author=1"}]}},"jetpack_featured_media_url":"https:\/\/challengeseconomiques.com\/wp-content\/uploads\/2023\/09\/notation_financiere.jpeg","jetpack_sharing_enabled":true,"_links":{"self":[{"href":"https:\/\/challengeseconomiques.com\/index.php?rest_route=\/wp\/v2\/posts\/7236","targetHints":{"allow":["GET"]}}],"collection":[{"href":"https:\/\/challengeseconomiques.com\/index.php?rest_route=\/wp\/v2\/posts"}],"about":[{"href":"https:\/\/challengeseconomiques.com\/index.php?rest_route=\/wp\/v2\/types\/post"}],"author":[{"embeddable":true,"href":"https:\/\/challengeseconomiques.com\/index.php?rest_route=\/wp\/v2\/users\/1"}],"replies":[{"embeddable":true,"href":"https:\/\/challengeseconomiques.com\/index.php?rest_route=%2Fwp%2Fv2%2Fcomments&post=7236"}],"version-history":[{"count":2,"href":"https:\/\/challengeseconomiques.com\/index.php?rest_route=\/wp\/v2\/posts\/7236\/revisions"}],"predecessor-version":[{"id":7239,"href":"https:\/\/challengeseconomiques.com\/index.php?rest_route=\/wp\/v2\/posts\/7236\/revisions\/7239"}],"wp:featuredmedia":[{"embeddable":true,"href":"https:\/\/challengeseconomiques.com\/index.php?rest_route=\/wp\/v2\/media\/5252"}],"wp:attachment":[{"href":"https:\/\/challengeseconomiques.com\/index.php?rest_route=%2Fwp%2Fv2%2Fmedia&parent=7236"}],"wp:term":[{"taxonomy":"category","embeddable":true,"href":"https:\/\/challengeseconomiques.com\/index.php?rest_route=%2Fwp%2Fv2%2Fcategories&post=7236"},{"taxonomy":"post_tag","embeddable":true,"href":"https:\/\/challengeseconomiques.com\/index.php?rest_route=%2Fwp%2Fv2%2Ftags&post=7236"}],"curies":[{"name":"wp","href":"https:\/\/api.w.org\/{rel}","templated":true}]}}