{"id":7224,"date":"2024-10-21T10:17:12","date_gmt":"2024-10-21T10:17:12","guid":{"rendered":"https:\/\/challengeseconomiques.com\/?p=7224"},"modified":"2024-10-21T10:17:49","modified_gmt":"2024-10-21T10:17:49","slug":"etats-generaux-de-lindustrie-du-commerce-et-des-pme-pmi-la-concertation-pour-jeter-les-bases-de-lindustrialisation","status":"publish","type":"post","link":"https:\/\/challengeseconomiques.com\/?p=7224","title":{"rendered":"\u00c9tats g\u00e9n\u00e9raux de l\u2019Industrie, du Commerce et des PME\/PMI : La concertation pour jeter les bases de l\u2019industrialisation"},"content":{"rendered":"<p><strong>Le Minist\u00e8re de l\u2019Industrie et du Commerce a lanc\u00e9 les \u00e9tats g\u00e9n\u00e9raux de l\u2019Industrie, du Commerce et des PME\/PMI, le jeudi 17 octobre 2024 au Centre Internationale de Conf\u00e9rence Abdou Diouf (CICAD) de Diamniadio. Le lancement officiel va durer deux jours et permettra de poser les jalons d\u2019une nouvelle \u00e8re pour l\u2019industrialisation de notre pays. Le marathon ainsi lanc\u00e9 prendra fin le 10 d\u00e9cembre avec la tenue d\u2019un Forum de financements. En plus du ministre de tutelle, d\u2019autres membres du gouvernement ont pris part \u00e0 la c\u00e9r\u00e9monie attestant de la dimension plurisectorielle de la probl\u00e9matique et de la d\u00e9marche inclusive adopt\u00e9e. <\/strong><\/p>\n<p>Le ministre de l\u2019Industrie et du Commerce, Dr Serigne Gu\u00e8ye Diop a d\u00e9sign\u00e9 quatre (4) moteurs \u00e0 savoir les industries extractives, les industries agroalimentaires, les industries manufacturi\u00e8res et les services \u00e0 valeur ajout\u00e9e (tourisme, industries cr\u00e9atives, num\u00e9rique, etc.). L\u2019Industrie, le Commerce et les PME\/PMI constituent, selon lui, des piliers centraux de notre \u00e9conomie. L\u2019enjeu, d\u2019apr\u00e8s le ministre, est de tirer profit des ressources naturelles et de la position strat\u00e9gique de notre pays. Apr\u00e8s avoir mis en exergue le r\u00f4le de la diaspora dans l\u2019atteinte des objectifs, Dr Serigne Gu\u00e8ye Diop fixe le cap vers une croissance inclusive et respectueuse de l\u2019environnement port\u00e9e par des entreprises comp\u00e9titives.<\/p>\n<p><strong>La formation professionnelle comme levier<\/strong><\/p>\n<p>Par ailleurs, le ministre donne le signal d\u2019un processus intensif devant d\u00e9boucher sur des r\u00e9formes structurelles profondes. La premi\u00e8re \u00e9tape concerne onsultations. Il s\u2019en suivra des rencontres dans les Chambres de Commerce, d\u2019Industrie et d\u2019Agriculture du pays. A l\u2019issue de ces phases, les acteurs vont remettre un livre blanc au pr\u00e9sident de la R\u00e9publique. L\u2019apoth\u00e9ose va \u00eatre la tenue du Forum de financements, les 9 et 10 d\u00e9cembre 2024. Dr Serigne Gu\u00e8ye Diop compte sur la mobilisation des financements nationaux et internationaux. Au pr\u00e9alable, il propose de structurer un cadre financier flexible et performant.<br \/>\nVenu repr\u00e9senter le pr\u00e9sident de la R\u00e9publique, le ministre de la Formation Professionnelle, porte-parole du gouvernement, Amadou Moustapha Ndieck Sarr\u00e9 consid\u00e8re l\u2019\u00e9v\u00e9nement comme l\u2019occasion de faire l\u2019\u00e9tat des lieux sans complaisance. Il trouve que le cadre permettra de r\u00e9fl\u00e9chir sur comment donner corps aux recommandations du nouveau r\u00e9f\u00e9rentiel \u00e9conomique. L\u2019objectif est d\u2019amorcer l\u2019industrialisation de notre pays. Le ministre consid\u00e8re que la formation professionnelle est le moyen de mettre notre jeunesse \u00e0 la disposition de l\u2019industrialisation. Il a soulign\u00e9 l\u2019importance d\u2019avoir une \u00e9conomie structur\u00e9e.<br \/>\nS\u2019exprimant au nom du secteur priv\u00e9, le pr\u00e9sident du Conseil National du Patronat (CNP), Ba\u00efdy Agne a qualifi\u00e9 la rencontre d\u2019un maillon ouvrant une nouvelle \u00e8re pour un S\u00e9n\u00e9gal souverain, juste et prosp\u00e8re. Il estime que le secteur priv\u00e9 a bien not\u00e9 les nouvelles directives exprim\u00e9es dans la Vision S\u00e9n\u00e9gal 2050. M. Agne a salu\u00e9 le nouveau cadre d\u2019\u00e9changes entre le secteur priv\u00e9 et l\u2019Etat en vue de cr\u00e9er plus de valeur ajout\u00e9e et de parvenir \u00e0 une meilleure redistribution des revenus aux populations. Il a magnifi\u00e9 l\u2019engagement des nouvelles autorit\u00e9s aupr\u00e8s des industriels comme en t\u00e9moigne la tenue de l\u2019\u00e9v\u00e9nement, une premi\u00e8re du genre.<\/p>\n<p><strong>Miser sur les partenariats<\/strong><\/p>\n<p>Le pr\u00e9sident du CNP esp\u00e8re qu\u2019au sortir des \u00e9tats g\u00e9n\u00e9raux, il sera possible de rendre attractif l\u2019investissement et de renforcer la comp\u00e9titivit\u00e9 des entreprises. M. Agne attend des autorit\u00e9s, la protection du tissu industriel et l\u2019\u00e9laboration de la strat\u00e9gie d\u2019exportation dans un contexte de la Zone de Libre \u00c9change Continentale Africaine (ZLECAF). Il a \u00e9galement soulign\u00e9 la n\u00e9cessit\u00e9 de revoir la r\u00e9glementation en mati\u00e8re fiscale et de respect des normes environnementales. Le repr\u00e9sentant du patronat souhaite une r\u00e9ponse nationale au d\u00e9savantage comparatif de notre pays.<br \/>\nDans la m\u00eame veine, le pr\u00e9sident du Club des Investisseurs S\u00e9n\u00e9galais (CIS), Pierre Goudiaby At\u00e9pa pr\u00f4ne une d\u00e9marche globale. Il propose de f\u00e9d\u00e9rer les ressources des pays environnants pour d\u00e9velopper le continent. Pour lui, il est impossible de vivre en autarcie d\u2019o\u00f9 la pertinence des partenariats internationaux. Ainsi, les pays associ\u00e9s pourront capter des financements cons\u00e9quents destin\u00e9s \u00e0 des projets d\u2019envergure.<br \/>\nM. At\u00e9pa est particuli\u00e8rement int\u00e9ress\u00e9 par la transformation des minerais des pays de la r\u00e9gion pour b\u00e2tir la Nouvelle Alliance Africaine du Fer et de l\u2019Aluminium. Il est convaincu que la grande strat\u00e9gie qui va permettre \u00e0 nos pays de sortir de la pauvret\u00e9 est entre nos mains. Toutefois, le pr\u00e9sident du CIS estime qu\u2019il est impossible de pr\u00e9tendre au d\u00e9veloppement avec le co\u00fbt actuel de l\u2019\u00e9nergie sous nos cieux. En outre, Pierre Goudiaby At\u00e9pa a signal\u00e9 la n\u00e9cessit\u00e9 de renforcer la formation aux m\u00e9tiers industriels. Il assure que le secteur priv\u00e9 est pr\u00eat \u00e0 accompagner le gouvernement dans le domaine. Le repr\u00e9sentant des investisseurs a m\u00eame \u00e9mis l\u2019id\u00e9e de la cr\u00e9ation d\u2019une universit\u00e9 des m\u00e9tiers au Lyc\u00e9e Maurice Delafosse.<\/p>\n<p><strong>(BIE)<br \/>\n<\/strong><\/p>\n","protected":false},"excerpt":{"rendered":"<p>Le Minist\u00e8re de l\u2019Industrie et du Commerce a lanc\u00e9 les \u00e9tats g\u00e9n\u00e9raux de l\u2019Industrie, du Commerce et des PME\/PMI, le jeudi 17 octobre 2024 au&#8230;<\/p>\n","protected":false},"author":1,"featured_media":7225,"comment_status":"closed","ping_status":"open","sticky":false,"template":"","format":"standard","meta":{"_jetpack_memberships_contains_paid_content":false,"footnotes":""},"categories":[23],"tags":[],"class_list":["post-7224","post","type-post","status-publish","format-standard","has-post-thumbnail","hentry","category-a-la-une","wpcat-23-id"],"yoast_head":"<!-- This site is optimized with the Yoast SEO plugin v27.1.1 - https:\/\/yoast.com\/product\/yoast-seo-wordpress\/ -->\n<title>\u00c9tats g\u00e9n\u00e9raux de l\u2019Industrie, du Commerce et des PME\/PMI : La concertation pour jeter les bases de l\u2019industrialisation - challenges economiques<\/title>\n<meta name=\"robots\" content=\"index, follow, max-snippet:-1, max-image-preview:large, max-video-preview:-1\" \/>\n<link rel=\"canonical\" href=\"https:\/\/challengeseconomiques.com\/?p=7224\" \/>\n<meta property=\"og:locale\" content=\"fr_FR\" \/>\n<meta property=\"og:type\" content=\"article\" \/>\n<meta property=\"og:title\" content=\"\u00c9tats g\u00e9n\u00e9raux de l\u2019Industrie, du Commerce et des PME\/PMI : La concertation pour jeter les bases de l\u2019industrialisation - challenges economiques\" \/>\n<meta property=\"og:description\" content=\"Le Minist\u00e8re de l\u2019Industrie et du Commerce a lanc\u00e9 les \u00e9tats g\u00e9n\u00e9raux de l\u2019Industrie, du Commerce et des PME\/PMI, le jeudi 17 octobre 2024 au...\" \/>\n<meta property=\"og:url\" content=\"https:\/\/challengeseconomiques.com\/?p=7224\" \/>\n<meta property=\"og:site_name\" content=\"challenges economiques\" \/>\n<meta property=\"article:published_time\" content=\"2024-10-21T10:17:12+00:00\" \/>\n<meta property=\"article:modified_time\" content=\"2024-10-21T10:17:49+00:00\" \/>\n<meta property=\"og:image\" content=\"https:\/\/challengeseconomiques.com\/wp-content\/uploads\/2024\/10\/Etats-Generaux.jpeg\" \/>\n\t<meta property=\"og:image:width\" content=\"1179\" \/>\n\t<meta property=\"og:image:height\" content=\"786\" \/>\n\t<meta property=\"og:image:type\" content=\"image\/jpeg\" \/>\n<meta name=\"author\" content=\"admin\" \/>\n<meta name=\"twitter:card\" content=\"summary_large_image\" \/>\n<meta name=\"twitter:label1\" content=\"\u00c9crit par\" \/>\n\t<meta name=\"twitter:data1\" content=\"admin\" \/>\n\t<meta name=\"twitter:label2\" content=\"Dur\u00e9e de lecture estim\u00e9e\" \/>\n\t<meta name=\"twitter:data2\" content=\"4 minutes\" \/>\n<script type=\"application\/ld+json\" class=\"yoast-schema-graph\">{\"@context\":\"https:\/\/schema.org\",\"@graph\":[{\"@type\":\"Article\",\"@id\":\"https:\/\/challengeseconomiques.com\/?p=7224#article\",\"isPartOf\":{\"@id\":\"https:\/\/challengeseconomiques.com\/?p=7224\"},\"author\":{\"name\":\"admin\",\"@id\":\"https:\/\/challengeseconomiques.com\/#\/schema\/person\/b4568c9afebc5a9238a771873801e349\"},\"headline\":\"\u00c9tats g\u00e9n\u00e9raux de l\u2019Industrie, du Commerce et des PME\/PMI : La concertation pour jeter les bases de l\u2019industrialisation\",\"datePublished\":\"2024-10-21T10:17:12+00:00\",\"dateModified\":\"2024-10-21T10:17:49+00:00\",\"mainEntityOfPage\":{\"@id\":\"https:\/\/challengeseconomiques.com\/?p=7224\"},\"wordCount\":921,\"image\":{\"@id\":\"https:\/\/challengeseconomiques.com\/?p=7224#primaryimage\"},\"thumbnailUrl\":\"https:\/\/challengeseconomiques.com\/wp-content\/uploads\/2024\/10\/Etats-Generaux.jpeg\",\"articleSection\":[\"A la une\"],\"inLanguage\":\"fr-FR\"},{\"@type\":\"WebPage\",\"@id\":\"https:\/\/challengeseconomiques.com\/?p=7224\",\"url\":\"https:\/\/challengeseconomiques.com\/?p=7224\",\"name\":\"\u00c9tats g\u00e9n\u00e9raux de l\u2019Industrie, du Commerce et des PME\/PMI : La concertation pour jeter les bases de l\u2019industrialisation - challenges economiques\",\"isPartOf\":{\"@id\":\"https:\/\/challengeseconomiques.com\/#website\"},\"primaryImageOfPage\":{\"@id\":\"https:\/\/challengeseconomiques.com\/?p=7224#primaryimage\"},\"image\":{\"@id\":\"https:\/\/challengeseconomiques.com\/?p=7224#primaryimage\"},\"thumbnailUrl\":\"https:\/\/challengeseconomiques.com\/wp-content\/uploads\/2024\/10\/Etats-Generaux.jpeg\",\"datePublished\":\"2024-10-21T10:17:12+00:00\",\"dateModified\":\"2024-10-21T10:17:49+00:00\",\"author\":{\"@id\":\"https:\/\/challengeseconomiques.com\/#\/schema\/person\/b4568c9afebc5a9238a771873801e349\"},\"breadcrumb\":{\"@id\":\"https:\/\/challengeseconomiques.com\/?p=7224#breadcrumb\"},\"inLanguage\":\"fr-FR\",\"potentialAction\":[{\"@type\":\"ReadAction\",\"target\":[\"https:\/\/challengeseconomiques.com\/?p=7224\"]}]},{\"@type\":\"ImageObject\",\"inLanguage\":\"fr-FR\",\"@id\":\"https:\/\/challengeseconomiques.com\/?p=7224#primaryimage\",\"url\":\"https:\/\/challengeseconomiques.com\/wp-content\/uploads\/2024\/10\/Etats-Generaux.jpeg\",\"contentUrl\":\"https:\/\/challengeseconomiques.com\/wp-content\/uploads\/2024\/10\/Etats-Generaux.jpeg\",\"width\":1179,\"height\":786},{\"@type\":\"BreadcrumbList\",\"@id\":\"https:\/\/challengeseconomiques.com\/?p=7224#breadcrumb\",\"itemListElement\":[{\"@type\":\"ListItem\",\"position\":1,\"name\":\"Home\",\"item\":\"https:\/\/challengeseconomiques.com\/\"},{\"@type\":\"ListItem\",\"position\":2,\"name\":\"\u00c9tats g\u00e9n\u00e9raux de l\u2019Industrie, du Commerce et des PME\/PMI : La concertation pour jeter les bases de l\u2019industrialisation\"}]},{\"@type\":\"WebSite\",\"@id\":\"https:\/\/challengeseconomiques.com\/#website\",\"url\":\"https:\/\/challengeseconomiques.com\/\",\"name\":\"challenges economiques\",\"description\":\"\",\"potentialAction\":[{\"@type\":\"SearchAction\",\"target\":{\"@type\":\"EntryPoint\",\"urlTemplate\":\"https:\/\/challengeseconomiques.com\/?s={search_term_string}\"},\"query-input\":{\"@type\":\"PropertyValueSpecification\",\"valueRequired\":true,\"valueName\":\"search_term_string\"}}],\"inLanguage\":\"fr-FR\"},{\"@type\":\"Person\",\"@id\":\"https:\/\/challengeseconomiques.com\/#\/schema\/person\/b4568c9afebc5a9238a771873801e349\",\"name\":\"admin\",\"image\":{\"@type\":\"ImageObject\",\"inLanguage\":\"fr-FR\",\"@id\":\"https:\/\/challengeseconomiques.com\/#\/schema\/person\/image\/\",\"url\":\"https:\/\/secure.gravatar.com\/avatar\/099e42240b5eea11acdb72751fcce0dd918603f0749d24974b7984ea47ed9fd9?s=96&d=mm&r=g\",\"contentUrl\":\"https:\/\/secure.gravatar.com\/avatar\/099e42240b5eea11acdb72751fcce0dd918603f0749d24974b7984ea47ed9fd9?s=96&d=mm&r=g\",\"caption\":\"admin\"},\"sameAs\":[\"https:\/\/challengeseconomiques.com\"],\"url\":\"https:\/\/challengeseconomiques.com\/?author=1\"}]}<\/script>\n<!-- \/ Yoast SEO plugin. -->","yoast_head_json":{"title":"\u00c9tats g\u00e9n\u00e9raux de l\u2019Industrie, du Commerce et des PME\/PMI : La concertation pour jeter les bases de l\u2019industrialisation - challenges economiques","robots":{"index":"index","follow":"follow","max-snippet":"max-snippet:-1","max-image-preview":"max-image-preview:large","max-video-preview":"max-video-preview:-1"},"canonical":"https:\/\/challengeseconomiques.com\/?p=7224","og_locale":"fr_FR","og_type":"article","og_title":"\u00c9tats g\u00e9n\u00e9raux de l\u2019Industrie, du Commerce et des PME\/PMI : La concertation pour jeter les bases de l\u2019industrialisation - challenges economiques","og_description":"Le Minist\u00e8re de l\u2019Industrie et du Commerce a lanc\u00e9 les \u00e9tats g\u00e9n\u00e9raux de l\u2019Industrie, du Commerce et des PME\/PMI, le jeudi 17 octobre 2024 au...","og_url":"https:\/\/challengeseconomiques.com\/?p=7224","og_site_name":"challenges economiques","article_published_time":"2024-10-21T10:17:12+00:00","article_modified_time":"2024-10-21T10:17:49+00:00","og_image":[{"width":1179,"height":786,"url":"https:\/\/challengeseconomiques.com\/wp-content\/uploads\/2024\/10\/Etats-Generaux.jpeg","type":"image\/jpeg"}],"author":"admin","twitter_card":"summary_large_image","twitter_misc":{"\u00c9crit par":"admin","Dur\u00e9e de lecture estim\u00e9e":"4 minutes"},"schema":{"@context":"https:\/\/schema.org","@graph":[{"@type":"Article","@id":"https:\/\/challengeseconomiques.com\/?p=7224#article","isPartOf":{"@id":"https:\/\/challengeseconomiques.com\/?p=7224"},"author":{"name":"admin","@id":"https:\/\/challengeseconomiques.com\/#\/schema\/person\/b4568c9afebc5a9238a771873801e349"},"headline":"\u00c9tats g\u00e9n\u00e9raux de l\u2019Industrie, du Commerce et des PME\/PMI : La concertation pour jeter les bases de l\u2019industrialisation","datePublished":"2024-10-21T10:17:12+00:00","dateModified":"2024-10-21T10:17:49+00:00","mainEntityOfPage":{"@id":"https:\/\/challengeseconomiques.com\/?p=7224"},"wordCount":921,"image":{"@id":"https:\/\/challengeseconomiques.com\/?p=7224#primaryimage"},"thumbnailUrl":"https:\/\/challengeseconomiques.com\/wp-content\/uploads\/2024\/10\/Etats-Generaux.jpeg","articleSection":["A la une"],"inLanguage":"fr-FR"},{"@type":"WebPage","@id":"https:\/\/challengeseconomiques.com\/?p=7224","url":"https:\/\/challengeseconomiques.com\/?p=7224","name":"\u00c9tats g\u00e9n\u00e9raux de l\u2019Industrie, du Commerce et des PME\/PMI : La concertation pour jeter les bases de l\u2019industrialisation - challenges economiques","isPartOf":{"@id":"https:\/\/challengeseconomiques.com\/#website"},"primaryImageOfPage":{"@id":"https:\/\/challengeseconomiques.com\/?p=7224#primaryimage"},"image":{"@id":"https:\/\/challengeseconomiques.com\/?p=7224#primaryimage"},"thumbnailUrl":"https:\/\/challengeseconomiques.com\/wp-content\/uploads\/2024\/10\/Etats-Generaux.jpeg","datePublished":"2024-10-21T10:17:12+00:00","dateModified":"2024-10-21T10:17:49+00:00","author":{"@id":"https:\/\/challengeseconomiques.com\/#\/schema\/person\/b4568c9afebc5a9238a771873801e349"},"breadcrumb":{"@id":"https:\/\/challengeseconomiques.com\/?p=7224#breadcrumb"},"inLanguage":"fr-FR","potentialAction":[{"@type":"ReadAction","target":["https:\/\/challengeseconomiques.com\/?p=7224"]}]},{"@type":"ImageObject","inLanguage":"fr-FR","@id":"https:\/\/challengeseconomiques.com\/?p=7224#primaryimage","url":"https:\/\/challengeseconomiques.com\/wp-content\/uploads\/2024\/10\/Etats-Generaux.jpeg","contentUrl":"https:\/\/challengeseconomiques.com\/wp-content\/uploads\/2024\/10\/Etats-Generaux.jpeg","width":1179,"height":786},{"@type":"BreadcrumbList","@id":"https:\/\/challengeseconomiques.com\/?p=7224#breadcrumb","itemListElement":[{"@type":"ListItem","position":1,"name":"Home","item":"https:\/\/challengeseconomiques.com\/"},{"@type":"ListItem","position":2,"name":"\u00c9tats g\u00e9n\u00e9raux de l\u2019Industrie, du Commerce et des PME\/PMI : La concertation pour jeter les bases de l\u2019industrialisation"}]},{"@type":"WebSite","@id":"https:\/\/challengeseconomiques.com\/#website","url":"https:\/\/challengeseconomiques.com\/","name":"challenges economiques","description":"","potentialAction":[{"@type":"SearchAction","target":{"@type":"EntryPoint","urlTemplate":"https:\/\/challengeseconomiques.com\/?s={search_term_string}"},"query-input":{"@type":"PropertyValueSpecification","valueRequired":true,"valueName":"search_term_string"}}],"inLanguage":"fr-FR"},{"@type":"Person","@id":"https:\/\/challengeseconomiques.com\/#\/schema\/person\/b4568c9afebc5a9238a771873801e349","name":"admin","image":{"@type":"ImageObject","inLanguage":"fr-FR","@id":"https:\/\/challengeseconomiques.com\/#\/schema\/person\/image\/","url":"https:\/\/secure.gravatar.com\/avatar\/099e42240b5eea11acdb72751fcce0dd918603f0749d24974b7984ea47ed9fd9?s=96&d=mm&r=g","contentUrl":"https:\/\/secure.gravatar.com\/avatar\/099e42240b5eea11acdb72751fcce0dd918603f0749d24974b7984ea47ed9fd9?s=96&d=mm&r=g","caption":"admin"},"sameAs":["https:\/\/challengeseconomiques.com"],"url":"https:\/\/challengeseconomiques.com\/?author=1"}]}},"jetpack_featured_media_url":"https:\/\/challengeseconomiques.com\/wp-content\/uploads\/2024\/10\/Etats-Generaux.jpeg","jetpack_sharing_enabled":true,"_links":{"self":[{"href":"https:\/\/challengeseconomiques.com\/index.php?rest_route=\/wp\/v2\/posts\/7224","targetHints":{"allow":["GET"]}}],"collection":[{"href":"https:\/\/challengeseconomiques.com\/index.php?rest_route=\/wp\/v2\/posts"}],"about":[{"href":"https:\/\/challengeseconomiques.com\/index.php?rest_route=\/wp\/v2\/types\/post"}],"author":[{"embeddable":true,"href":"https:\/\/challengeseconomiques.com\/index.php?rest_route=\/wp\/v2\/users\/1"}],"replies":[{"embeddable":true,"href":"https:\/\/challengeseconomiques.com\/index.php?rest_route=%2Fwp%2Fv2%2Fcomments&post=7224"}],"version-history":[{"count":1,"href":"https:\/\/challengeseconomiques.com\/index.php?rest_route=\/wp\/v2\/posts\/7224\/revisions"}],"predecessor-version":[{"id":7226,"href":"https:\/\/challengeseconomiques.com\/index.php?rest_route=\/wp\/v2\/posts\/7224\/revisions\/7226"}],"wp:featuredmedia":[{"embeddable":true,"href":"https:\/\/challengeseconomiques.com\/index.php?rest_route=\/wp\/v2\/media\/7225"}],"wp:attachment":[{"href":"https:\/\/challengeseconomiques.com\/index.php?rest_route=%2Fwp%2Fv2%2Fmedia&parent=7224"}],"wp:term":[{"taxonomy":"category","embeddable":true,"href":"https:\/\/challengeseconomiques.com\/index.php?rest_route=%2Fwp%2Fv2%2Fcategories&post=7224"},{"taxonomy":"post_tag","embeddable":true,"href":"https:\/\/challengeseconomiques.com\/index.php?rest_route=%2Fwp%2Fv2%2Ftags&post=7224"}],"curies":[{"name":"wp","href":"https:\/\/api.w.org\/{rel}","templated":true}]}}