{"id":7214,"date":"2024-10-17T14:57:33","date_gmt":"2024-10-17T14:57:33","guid":{"rendered":"https:\/\/challengeseconomiques.com\/?p=7214"},"modified":"2024-10-17T14:58:17","modified_gmt":"2024-10-17T14:58:17","slug":"le-president-de-la-republique-veut-une-meilleure-valorisation-des-filieres-et-secteurs-fortement-createurs-demplois","status":"publish","type":"post","link":"https:\/\/challengeseconomiques.com\/?p=7214","title":{"rendered":"Le Pr\u00e9sident de la R\u00e9publique veut une meilleure valorisation des fili\u00e8res et secteurs fortement cr\u00e9ateurs d\u2019emplois."},"content":{"rendered":"<p><strong>Le Pr\u00e9sident de la R\u00e9publique du S\u00e9n\u00e9gal, Bassirou Diomaye Diakhar\u00a0 Faye a exhort\u00e9 mercredi 16\u00a0 octobre 2024, le gouvernement \u00e0 davantage valoriser les fili\u00e8res et secteurs fortement cr\u00e9ateurs d\u2019emplois, informe le communiqu\u00e9 du conseil des ministres<\/strong>.<\/p>\n<p>Ainsi, a-t-il demand\u00e9 \u00e0 ses ministres de proposer une politique nationale de l\u2019emploi conforme aux objectifs de la Vision S\u00e9n\u00e9gal 2050 d\u00e9clin\u00e9e et de veiller au suivi permanent des entreprises publiques et priv\u00e9es en difficult\u00e9, afin de pr\u00e9server le tissu \u00e9conomique et l\u2019emploi.<\/p>\n<p>Signalons qu&rsquo;il avait auparavant soulign\u00e9 l\u2019importance d\u2019un Etat performant dans ses missions, m\u00e9thodes et modes d\u2019intervention, afin de soutenir la mont\u00e9e en puissance des p\u00f4les-territoires identifi\u00e9s.<\/p>\n<p>\u00ab\u00a0Ces p\u00f4les doivent s\u2019\u00e9riger en v\u00e9ritables bassins de l\u2019industrialisation du S\u00e9n\u00e9gal int\u00e9grant des fili\u00e8res strat\u00e9giques moteurs de croissance, de d\u00e9veloppement durable \u00e9quitable et de cr\u00e9ation d\u2019emplois\u00a0\u00bb, avait-il d\u00e9clar\u00e9.<\/p>\n<p>Dans la dynamique de changement de paradigme dans la gouvernance publique, cons\u00e9quence de la mise en \u0153uvre du R\u00e9f\u00e9rentiel S\u00e9n\u00e9gal 2050, le Chef de l\u2019Etat a appel\u00e9 \u00e0 une responsabilisation plus soutenue du secteur priv\u00e9 national.<\/p>\n<p>Il a aussi soulign\u00e9 l\u2019imp\u00e9ratif pour le gouvernement d\u2019accentuer l\u2019am\u00e9lioration incitative de l\u2019environnement des affaires notamment en termes d\u2019attractivit\u00e9 et de comp\u00e9titivit\u00e9, le renforcement du dialogue Etat-secteur priv\u00e9, la digitalisation des administrations, la promotion de \u00ab champions nationaux \u00bb dans tous les secteurs porteurs et dans toutes les fili\u00e8res strat\u00e9giques<\/p>\n<p>Il a en outre insist\u00e9 sur la transformation de l\u2019\u00e9conomie informelle, fortement ancr\u00e9e dans la soci\u00e9t\u00e9 s\u00e9n\u00e9galaise, pour en faire un levier de croissance et de cr\u00e9ation d\u2019emplois d\u00e9cents.<\/p>\n<p>Parall\u00e8lement, il a relev\u00e9 la priorit\u00e9 qu\u2019il accorde \u00e0 la maitrise du secteur extractif, de l\u2019agriculture et du num\u00e9rique. Il a appel\u00e9 \u00e0 la relance du secteur sp\u00e9cial du tourisme pour lequel notre pays d\u00e9tient des avantages comparatifs notables.<\/p>\n<p>Dans cette perspective de promotion d\u2019une \u00e9conomie endog\u00e8ne et ouverte au reste du monde, il a not\u00e9 l\u2019importance d\u2019asseoir une politique portuaire et maritime innovante, qui soutient la modernisation et la comp\u00e9titivit\u00e9 indispensable des ports publics, notamment le port autonome de Dakar.<\/p>\n<p><strong>Idrissa GUEYE<\/strong><\/p>\n","protected":false},"excerpt":{"rendered":"<p>Le Pr\u00e9sident de la R\u00e9publique du S\u00e9n\u00e9gal, Bassirou Diomaye Diakhar\u00a0 Faye a exhort\u00e9 mercredi 16\u00a0 octobre 2024, le gouvernement \u00e0 davantage valoriser les fili\u00e8res et&#8230;<\/p>\n","protected":false},"author":1,"featured_media":6632,"comment_status":"closed","ping_status":"open","sticky":false,"template":"","format":"standard","meta":{"_jetpack_memberships_contains_paid_content":false,"footnotes":""},"categories":[23,8],"tags":[],"class_list":["post-7214","post","type-post","status-publish","format-standard","has-post-thumbnail","hentry","category-a-la-une","category-actualite-economique","wpcat-23-id","wpcat-8-id"],"yoast_head":"<!-- This site is optimized with the Yoast SEO plugin v27.1.1 - https:\/\/yoast.com\/product\/yoast-seo-wordpress\/ -->\n<title>Le Pr\u00e9sident de la R\u00e9publique veut une meilleure valorisation des fili\u00e8res et secteurs fortement cr\u00e9ateurs d\u2019emplois. - challenges economiques<\/title>\n<meta name=\"robots\" content=\"index, follow, max-snippet:-1, max-image-preview:large, max-video-preview:-1\" \/>\n<link rel=\"canonical\" href=\"https:\/\/challengeseconomiques.com\/?p=7214\" \/>\n<meta property=\"og:locale\" content=\"fr_FR\" \/>\n<meta property=\"og:type\" content=\"article\" \/>\n<meta property=\"og:title\" content=\"Le Pr\u00e9sident de la R\u00e9publique veut une meilleure valorisation des fili\u00e8res et secteurs fortement cr\u00e9ateurs d\u2019emplois. - challenges economiques\" \/>\n<meta property=\"og:description\" content=\"Le Pr\u00e9sident de la R\u00e9publique du S\u00e9n\u00e9gal, Bassirou Diomaye Diakhar\u00a0 Faye a exhort\u00e9 mercredi 16\u00a0 octobre 2024, le gouvernement \u00e0 davantage valoriser les fili\u00e8res et...\" \/>\n<meta property=\"og:url\" content=\"https:\/\/challengeseconomiques.com\/?p=7214\" \/>\n<meta property=\"og:site_name\" content=\"challenges economiques\" \/>\n<meta property=\"article:published_time\" content=\"2024-10-17T14:57:33+00:00\" \/>\n<meta property=\"article:modified_time\" content=\"2024-10-17T14:58:17+00:00\" \/>\n<meta property=\"og:image\" content=\"https:\/\/challengeseconomiques.com\/wp-content\/uploads\/2024\/06\/diomayefayePR.jpg\" \/>\n\t<meta property=\"og:image:width\" content=\"1024\" \/>\n\t<meta property=\"og:image:height\" content=\"768\" \/>\n\t<meta property=\"og:image:type\" content=\"image\/jpeg\" \/>\n<meta name=\"author\" content=\"admin\" \/>\n<meta name=\"twitter:card\" content=\"summary_large_image\" \/>\n<meta name=\"twitter:label1\" content=\"\u00c9crit par\" \/>\n\t<meta name=\"twitter:data1\" content=\"admin\" \/>\n\t<meta name=\"twitter:label2\" content=\"Dur\u00e9e de lecture estim\u00e9e\" \/>\n\t<meta name=\"twitter:data2\" content=\"2 minutes\" \/>\n<script type=\"application\/ld+json\" class=\"yoast-schema-graph\">{\"@context\":\"https:\/\/schema.org\",\"@graph\":[{\"@type\":\"Article\",\"@id\":\"https:\/\/challengeseconomiques.com\/?p=7214#article\",\"isPartOf\":{\"@id\":\"https:\/\/challengeseconomiques.com\/?p=7214\"},\"author\":{\"name\":\"admin\",\"@id\":\"https:\/\/challengeseconomiques.com\/#\/schema\/person\/b4568c9afebc5a9238a771873801e349\"},\"headline\":\"Le Pr\u00e9sident de la R\u00e9publique veut une meilleure valorisation des fili\u00e8res et secteurs fortement cr\u00e9ateurs d\u2019emplois.\",\"datePublished\":\"2024-10-17T14:57:33+00:00\",\"dateModified\":\"2024-10-17T14:58:17+00:00\",\"mainEntityOfPage\":{\"@id\":\"https:\/\/challengeseconomiques.com\/?p=7214\"},\"wordCount\":412,\"image\":{\"@id\":\"https:\/\/challengeseconomiques.com\/?p=7214#primaryimage\"},\"thumbnailUrl\":\"https:\/\/challengeseconomiques.com\/wp-content\/uploads\/2024\/06\/diomayefayePR.jpg\",\"articleSection\":[\"A la une\",\"Actualit\u00e9 \u00e9conomique\"],\"inLanguage\":\"fr-FR\"},{\"@type\":\"WebPage\",\"@id\":\"https:\/\/challengeseconomiques.com\/?p=7214\",\"url\":\"https:\/\/challengeseconomiques.com\/?p=7214\",\"name\":\"Le Pr\u00e9sident de la R\u00e9publique veut une meilleure valorisation des fili\u00e8res et secteurs fortement cr\u00e9ateurs d\u2019emplois. - challenges economiques\",\"isPartOf\":{\"@id\":\"https:\/\/challengeseconomiques.com\/#website\"},\"primaryImageOfPage\":{\"@id\":\"https:\/\/challengeseconomiques.com\/?p=7214#primaryimage\"},\"image\":{\"@id\":\"https:\/\/challengeseconomiques.com\/?p=7214#primaryimage\"},\"thumbnailUrl\":\"https:\/\/challengeseconomiques.com\/wp-content\/uploads\/2024\/06\/diomayefayePR.jpg\",\"datePublished\":\"2024-10-17T14:57:33+00:00\",\"dateModified\":\"2024-10-17T14:58:17+00:00\",\"author\":{\"@id\":\"https:\/\/challengeseconomiques.com\/#\/schema\/person\/b4568c9afebc5a9238a771873801e349\"},\"breadcrumb\":{\"@id\":\"https:\/\/challengeseconomiques.com\/?p=7214#breadcrumb\"},\"inLanguage\":\"fr-FR\",\"potentialAction\":[{\"@type\":\"ReadAction\",\"target\":[\"https:\/\/challengeseconomiques.com\/?p=7214\"]}]},{\"@type\":\"ImageObject\",\"inLanguage\":\"fr-FR\",\"@id\":\"https:\/\/challengeseconomiques.com\/?p=7214#primaryimage\",\"url\":\"https:\/\/challengeseconomiques.com\/wp-content\/uploads\/2024\/06\/diomayefayePR.jpg\",\"contentUrl\":\"https:\/\/challengeseconomiques.com\/wp-content\/uploads\/2024\/06\/diomayefayePR.jpg\",\"width\":1024,\"height\":768},{\"@type\":\"BreadcrumbList\",\"@id\":\"https:\/\/challengeseconomiques.com\/?p=7214#breadcrumb\",\"itemListElement\":[{\"@type\":\"ListItem\",\"position\":1,\"name\":\"Home\",\"item\":\"https:\/\/challengeseconomiques.com\/\"},{\"@type\":\"ListItem\",\"position\":2,\"name\":\"Le Pr\u00e9sident de la R\u00e9publique veut une meilleure valorisation des fili\u00e8res et secteurs fortement cr\u00e9ateurs d\u2019emplois.\"}]},{\"@type\":\"WebSite\",\"@id\":\"https:\/\/challengeseconomiques.com\/#website\",\"url\":\"https:\/\/challengeseconomiques.com\/\",\"name\":\"challenges economiques\",\"description\":\"\",\"potentialAction\":[{\"@type\":\"SearchAction\",\"target\":{\"@type\":\"EntryPoint\",\"urlTemplate\":\"https:\/\/challengeseconomiques.com\/?s={search_term_string}\"},\"query-input\":{\"@type\":\"PropertyValueSpecification\",\"valueRequired\":true,\"valueName\":\"search_term_string\"}}],\"inLanguage\":\"fr-FR\"},{\"@type\":\"Person\",\"@id\":\"https:\/\/challengeseconomiques.com\/#\/schema\/person\/b4568c9afebc5a9238a771873801e349\",\"name\":\"admin\",\"image\":{\"@type\":\"ImageObject\",\"inLanguage\":\"fr-FR\",\"@id\":\"https:\/\/challengeseconomiques.com\/#\/schema\/person\/image\/\",\"url\":\"https:\/\/secure.gravatar.com\/avatar\/099e42240b5eea11acdb72751fcce0dd918603f0749d24974b7984ea47ed9fd9?s=96&d=mm&r=g\",\"contentUrl\":\"https:\/\/secure.gravatar.com\/avatar\/099e42240b5eea11acdb72751fcce0dd918603f0749d24974b7984ea47ed9fd9?s=96&d=mm&r=g\",\"caption\":\"admin\"},\"sameAs\":[\"https:\/\/challengeseconomiques.com\"],\"url\":\"https:\/\/challengeseconomiques.com\/?author=1\"}]}<\/script>\n<!-- \/ Yoast SEO plugin. -->","yoast_head_json":{"title":"Le Pr\u00e9sident de la R\u00e9publique veut une meilleure valorisation des fili\u00e8res et secteurs fortement cr\u00e9ateurs d\u2019emplois. - challenges economiques","robots":{"index":"index","follow":"follow","max-snippet":"max-snippet:-1","max-image-preview":"max-image-preview:large","max-video-preview":"max-video-preview:-1"},"canonical":"https:\/\/challengeseconomiques.com\/?p=7214","og_locale":"fr_FR","og_type":"article","og_title":"Le Pr\u00e9sident de la R\u00e9publique veut une meilleure valorisation des fili\u00e8res et secteurs fortement cr\u00e9ateurs d\u2019emplois. - challenges economiques","og_description":"Le Pr\u00e9sident de la R\u00e9publique du S\u00e9n\u00e9gal, Bassirou Diomaye Diakhar\u00a0 Faye a exhort\u00e9 mercredi 16\u00a0 octobre 2024, le gouvernement \u00e0 davantage valoriser les fili\u00e8res et...","og_url":"https:\/\/challengeseconomiques.com\/?p=7214","og_site_name":"challenges economiques","article_published_time":"2024-10-17T14:57:33+00:00","article_modified_time":"2024-10-17T14:58:17+00:00","og_image":[{"width":1024,"height":768,"url":"https:\/\/challengeseconomiques.com\/wp-content\/uploads\/2024\/06\/diomayefayePR.jpg","type":"image\/jpeg"}],"author":"admin","twitter_card":"summary_large_image","twitter_misc":{"\u00c9crit par":"admin","Dur\u00e9e de lecture estim\u00e9e":"2 minutes"},"schema":{"@context":"https:\/\/schema.org","@graph":[{"@type":"Article","@id":"https:\/\/challengeseconomiques.com\/?p=7214#article","isPartOf":{"@id":"https:\/\/challengeseconomiques.com\/?p=7214"},"author":{"name":"admin","@id":"https:\/\/challengeseconomiques.com\/#\/schema\/person\/b4568c9afebc5a9238a771873801e349"},"headline":"Le Pr\u00e9sident de la R\u00e9publique veut une meilleure valorisation des fili\u00e8res et secteurs fortement cr\u00e9ateurs d\u2019emplois.","datePublished":"2024-10-17T14:57:33+00:00","dateModified":"2024-10-17T14:58:17+00:00","mainEntityOfPage":{"@id":"https:\/\/challengeseconomiques.com\/?p=7214"},"wordCount":412,"image":{"@id":"https:\/\/challengeseconomiques.com\/?p=7214#primaryimage"},"thumbnailUrl":"https:\/\/challengeseconomiques.com\/wp-content\/uploads\/2024\/06\/diomayefayePR.jpg","articleSection":["A la une","Actualit\u00e9 \u00e9conomique"],"inLanguage":"fr-FR"},{"@type":"WebPage","@id":"https:\/\/challengeseconomiques.com\/?p=7214","url":"https:\/\/challengeseconomiques.com\/?p=7214","name":"Le Pr\u00e9sident de la R\u00e9publique veut une meilleure valorisation des fili\u00e8res et secteurs fortement cr\u00e9ateurs d\u2019emplois. - challenges economiques","isPartOf":{"@id":"https:\/\/challengeseconomiques.com\/#website"},"primaryImageOfPage":{"@id":"https:\/\/challengeseconomiques.com\/?p=7214#primaryimage"},"image":{"@id":"https:\/\/challengeseconomiques.com\/?p=7214#primaryimage"},"thumbnailUrl":"https:\/\/challengeseconomiques.com\/wp-content\/uploads\/2024\/06\/diomayefayePR.jpg","datePublished":"2024-10-17T14:57:33+00:00","dateModified":"2024-10-17T14:58:17+00:00","author":{"@id":"https:\/\/challengeseconomiques.com\/#\/schema\/person\/b4568c9afebc5a9238a771873801e349"},"breadcrumb":{"@id":"https:\/\/challengeseconomiques.com\/?p=7214#breadcrumb"},"inLanguage":"fr-FR","potentialAction":[{"@type":"ReadAction","target":["https:\/\/challengeseconomiques.com\/?p=7214"]}]},{"@type":"ImageObject","inLanguage":"fr-FR","@id":"https:\/\/challengeseconomiques.com\/?p=7214#primaryimage","url":"https:\/\/challengeseconomiques.com\/wp-content\/uploads\/2024\/06\/diomayefayePR.jpg","contentUrl":"https:\/\/challengeseconomiques.com\/wp-content\/uploads\/2024\/06\/diomayefayePR.jpg","width":1024,"height":768},{"@type":"BreadcrumbList","@id":"https:\/\/challengeseconomiques.com\/?p=7214#breadcrumb","itemListElement":[{"@type":"ListItem","position":1,"name":"Home","item":"https:\/\/challengeseconomiques.com\/"},{"@type":"ListItem","position":2,"name":"Le Pr\u00e9sident de la R\u00e9publique veut une meilleure valorisation des fili\u00e8res et secteurs fortement cr\u00e9ateurs d\u2019emplois."}]},{"@type":"WebSite","@id":"https:\/\/challengeseconomiques.com\/#website","url":"https:\/\/challengeseconomiques.com\/","name":"challenges economiques","description":"","potentialAction":[{"@type":"SearchAction","target":{"@type":"EntryPoint","urlTemplate":"https:\/\/challengeseconomiques.com\/?s={search_term_string}"},"query-input":{"@type":"PropertyValueSpecification","valueRequired":true,"valueName":"search_term_string"}}],"inLanguage":"fr-FR"},{"@type":"Person","@id":"https:\/\/challengeseconomiques.com\/#\/schema\/person\/b4568c9afebc5a9238a771873801e349","name":"admin","image":{"@type":"ImageObject","inLanguage":"fr-FR","@id":"https:\/\/challengeseconomiques.com\/#\/schema\/person\/image\/","url":"https:\/\/secure.gravatar.com\/avatar\/099e42240b5eea11acdb72751fcce0dd918603f0749d24974b7984ea47ed9fd9?s=96&d=mm&r=g","contentUrl":"https:\/\/secure.gravatar.com\/avatar\/099e42240b5eea11acdb72751fcce0dd918603f0749d24974b7984ea47ed9fd9?s=96&d=mm&r=g","caption":"admin"},"sameAs":["https:\/\/challengeseconomiques.com"],"url":"https:\/\/challengeseconomiques.com\/?author=1"}]}},"jetpack_featured_media_url":"https:\/\/challengeseconomiques.com\/wp-content\/uploads\/2024\/06\/diomayefayePR.jpg","jetpack_sharing_enabled":true,"_links":{"self":[{"href":"https:\/\/challengeseconomiques.com\/index.php?rest_route=\/wp\/v2\/posts\/7214","targetHints":{"allow":["GET"]}}],"collection":[{"href":"https:\/\/challengeseconomiques.com\/index.php?rest_route=\/wp\/v2\/posts"}],"about":[{"href":"https:\/\/challengeseconomiques.com\/index.php?rest_route=\/wp\/v2\/types\/post"}],"author":[{"embeddable":true,"href":"https:\/\/challengeseconomiques.com\/index.php?rest_route=\/wp\/v2\/users\/1"}],"replies":[{"embeddable":true,"href":"https:\/\/challengeseconomiques.com\/index.php?rest_route=%2Fwp%2Fv2%2Fcomments&post=7214"}],"version-history":[{"count":1,"href":"https:\/\/challengeseconomiques.com\/index.php?rest_route=\/wp\/v2\/posts\/7214\/revisions"}],"predecessor-version":[{"id":7215,"href":"https:\/\/challengeseconomiques.com\/index.php?rest_route=\/wp\/v2\/posts\/7214\/revisions\/7215"}],"wp:featuredmedia":[{"embeddable":true,"href":"https:\/\/challengeseconomiques.com\/index.php?rest_route=\/wp\/v2\/media\/6632"}],"wp:attachment":[{"href":"https:\/\/challengeseconomiques.com\/index.php?rest_route=%2Fwp%2Fv2%2Fmedia&parent=7214"}],"wp:term":[{"taxonomy":"category","embeddable":true,"href":"https:\/\/challengeseconomiques.com\/index.php?rest_route=%2Fwp%2Fv2%2Fcategories&post=7214"},{"taxonomy":"post_tag","embeddable":true,"href":"https:\/\/challengeseconomiques.com\/index.php?rest_route=%2Fwp%2Fv2%2Ftags&post=7214"}],"curies":[{"name":"wp","href":"https:\/\/api.w.org\/{rel}","templated":true}]}}