{"id":7207,"date":"2024-10-17T11:08:04","date_gmt":"2024-10-17T11:08:04","guid":{"rendered":"https:\/\/challengeseconomiques.com\/?p=7207"},"modified":"2024-10-17T11:08:43","modified_gmt":"2024-10-17T11:08:43","slug":"visite-dune-equipe-du-fmi-au-senegal-les-constats-et-recommandations","status":"publish","type":"post","link":"https:\/\/challengeseconomiques.com\/?p=7207","title":{"rendered":"Visite d\u2019une \u00e9quipe du FMI au S\u00e9n\u00e9gal : les constats et recommandations"},"content":{"rendered":"<p><strong>Une \u00e9quipe du Fonds Mon\u00e9taire International (FMI), dirig\u00e9e par M. Edward Gemayel, a s\u00e9journ\u00e9 au S\u00e9n\u00e9gal du 9 au 16 octobre 2024 afin de discuter des conclusions pr\u00e9liminaires du rapport de l&rsquo;Inspection G\u00e9n\u00e9rale des Finances (IGF) sur les finances publiques couvrant la p\u00e9riode 2019-2024 . Les perspectives budg\u00e9taires pour le reste de l&rsquo;ann\u00e9e ont \u00e9galement \u00e9t\u00e9 au menu des discussions<\/strong>.<\/p>\n<p>La mission a permis de d\u00e9marrer l&rsquo;\u00e9valuation des implications li\u00e9es aux r\u00e9visions des donn\u00e9es r\u00e9sultant de ce rapport pour les programmes soutenus par le FMI dans le pass\u00e9, et le programme en cours soutenu par les accords de la Facilit\u00e9 \u00e9largie de cr\u00e9dit (FEC), du M\u00e9canisme \u00e9largi de cr\u00e9dit (MEDC), et de la Facilit\u00e9 pour la r\u00e9silience et la durabilit\u00e9 (FRD), et approuv\u00e9 par le Conseil d\u2019administration du FMI le 26 juin 2023. Dans ce cadre, une s\u00e9rie de rencontres a eu lieu avec le Premier ministre, Ousmane Sonko,\u00a0 le ministre de l&rsquo;\u00c9conomie, du Plan et de la Coop\u00e9ration, Abdourahmane Sarr,\u00a0 le ministre des Finances et du Budget\u00a0 M. Cheikh Diba, le ministre, Secr\u00e9taire g\u00e9n\u00e9ral du Gouvernement, Ahmadou Al Aminou Lo et\u00a0 d\u2019autres hauts responsables gouvernementaux. Les partenaires au d\u00e9veloppement ont eux-aussi \u00e9t\u00e9 rencontr\u00e9s.<\/p>\n<p>A l&rsquo;issue de la visite, M. Gemayel a exprim\u00e9 la satisfaction de la mission du FMI concernant le rapport de l&rsquo;IGF sur les finances publiques et l&rsquo;engagement du gouvernement en faveur d&rsquo;une gouvernance solide et de la transparence budg\u00e9taire. Il a soulign\u00e9 les r\u00e9visions substantielles des donn\u00e9es d&rsquo;ex\u00e9cution budg\u00e9taire pour la p\u00e9riode 2019-2023. Ces r\u00e9visions r\u00e9sultent, selon lui, des investissements financ\u00e9s par des emprunts ext\u00e9rieurs et des pr\u00eats contract\u00e9s aupr\u00e8s des banques locales. Par cons\u00e9quent, le d\u00e9ficit budg\u00e9taire et la dette publique pour cette p\u00e9riode sont d\u00e9sormais estim\u00e9s significativement plus \u00e9lev\u00e9s que les chiffres pr\u00e9c\u00e9demment rapport\u00e9s dans les lois de finances et de r\u00e8glement.<\/p>\n<p>Par ailleurs, le chef de la d\u00e9l\u00e9gation assure que durant le processus de certification des conclusions de l&rsquo;IGF par la Cour des comptes, le personnel du FMI continuera \u00e0 travailler en \u00e9troite collaboration avec les autorit\u00e9s dans les semaines \u00e0 venir pour \u00e9valuer l&rsquo;impact macro\u00e9conomique. Cette p\u00e9riode sera \u00e9galement mise \u00e0 profit pour d\u00e9finir les prochaines \u00e9tapes, notamment l&rsquo;\u00e9valuation d\u2019\u00e9ventuelles erreurs de d\u00e9claration dans les programmes pass\u00e9s et en cours soutenus par le FMI<\/p>\n<p>Gemayel trouve que le S\u00e9n\u00e9gal continue de faire face \u00e0 un environnement difficile, avec des signes de tensions accrues dans l&rsquo;ex\u00e9cution du budget. Le manque \u00e0 gagner en termes de recettes, identifi\u00e9 lors de la derni\u00e8re visite des services, a \u00e9t\u00e9 confirm\u00e9 \u00e0 fin septembre.<\/p>\n<p>En outre, l&rsquo;absence de mesures d\u00e9cisives sur les d\u00e9penses, le d\u00e9ficit budg\u00e9taire devrait s&rsquo;aggraver cette ann\u00e9e, d\u00e9passant l&rsquo;estimation pr\u00e9c\u00e9dente de 7,5 % du PIB.<\/p>\n<p>L&rsquo;\u00e9quipe du FMI invite les autorit\u00e9s \u00e0 mettre en \u0153uvre des mesures audacieuses et rapides pour assurer la viabilit\u00e9 des finances publiques et placer la dette publique sur une trajectoire d\u00e9croissante. Elle consid\u00e8re que la Loi de finances 2025 repr\u00e9sente une occasion cruciale pour le gouvernement de r\u00e9affirmer son engagement en faveur des r\u00e9formes essentielles et de r\u00e9pondre aux d\u00e9fis structurels de longue date.<\/p>\n<p>Le FMI recommande \u00e0 l&rsquo;Etat du S\u00e9n\u00e9gal des actions strat\u00e9giques pour renforcer la mobilisation des recettes domestiques \u00e0 travers la rationalisation des exon\u00e9rations fiscales. Il encourage des efforts pour \u00e9liminer progressivement les subventions \u00e9nerg\u00e9tiques et les transferts non essentiels. A terme, cette option permettra de favoriser la discipline budg\u00e9taire et de renforcer la confiance dans la gouvernance publique, jetant ainsi les bases d\u2019un mod\u00e8le de croissance plus inclusif, tir\u00e9 par le secteur priv\u00e9.<\/p>\n<p>L\u2019\u00e9quipe du FMI a exprim\u00e9 sa sinc\u00e8re gratitude aux autorit\u00e9s et \u00e0 tous les interlocuteurs pour leur excellente coop\u00e9ration et pour la franchise et le caract\u00e8re constructif des discussions tenues au cours de la mission.<\/p>\n<p><strong>Ousmane MBENGUE<\/strong><\/p>\n","protected":false},"excerpt":{"rendered":"<p>Une \u00e9quipe du Fonds Mon\u00e9taire International (FMI), dirig\u00e9e par M. Edward Gemayel, a s\u00e9journ\u00e9 au S\u00e9n\u00e9gal du 9 au 16 octobre 2024 afin de discuter&#8230;<\/p>\n","protected":false},"author":3,"featured_media":6584,"comment_status":"closed","ping_status":"open","sticky":false,"template":"","format":"standard","meta":{"_jetpack_memberships_contains_paid_content":false,"footnotes":""},"categories":[23],"tags":[],"class_list":["post-7207","post","type-post","status-publish","format-standard","has-post-thumbnail","hentry","category-a-la-une","wpcat-23-id"],"yoast_head":"<!-- This site is optimized with the Yoast SEO plugin v27.1.1 - https:\/\/yoast.com\/product\/yoast-seo-wordpress\/ -->\n<title>Visite d\u2019une \u00e9quipe du FMI au S\u00e9n\u00e9gal : les constats et recommandations - challenges economiques<\/title>\n<meta name=\"robots\" content=\"index, follow, max-snippet:-1, max-image-preview:large, max-video-preview:-1\" \/>\n<link rel=\"canonical\" href=\"https:\/\/challengeseconomiques.com\/?p=7207\" \/>\n<meta property=\"og:locale\" content=\"fr_FR\" \/>\n<meta property=\"og:type\" content=\"article\" \/>\n<meta property=\"og:title\" content=\"Visite d\u2019une \u00e9quipe du FMI au S\u00e9n\u00e9gal : les constats et recommandations - challenges economiques\" \/>\n<meta property=\"og:description\" content=\"Une \u00e9quipe du Fonds Mon\u00e9taire International (FMI), dirig\u00e9e par M. Edward Gemayel, a s\u00e9journ\u00e9 au S\u00e9n\u00e9gal du 9 au 16 octobre 2024 afin de discuter...\" \/>\n<meta property=\"og:url\" content=\"https:\/\/challengeseconomiques.com\/?p=7207\" \/>\n<meta property=\"og:site_name\" content=\"challenges economiques\" \/>\n<meta property=\"article:published_time\" content=\"2024-10-17T11:08:04+00:00\" \/>\n<meta property=\"article:modified_time\" content=\"2024-10-17T11:08:43+00:00\" \/>\n<meta property=\"og:image\" content=\"https:\/\/challengeseconomiques.com\/wp-content\/uploads\/2024\/06\/Edward-Gemayelfmi.jpeg\" \/>\n\t<meta property=\"og:image:width\" content=\"1280\" \/>\n\t<meta property=\"og:image:height\" content=\"853\" \/>\n\t<meta property=\"og:image:type\" content=\"image\/jpeg\" \/>\n<meta name=\"author\" content=\"aliou kane ndiaye\" \/>\n<meta name=\"twitter:card\" content=\"summary_large_image\" \/>\n<meta name=\"twitter:label1\" content=\"\u00c9crit par\" \/>\n\t<meta name=\"twitter:data1\" content=\"aliou kane ndiaye\" \/>\n\t<meta name=\"twitter:label2\" content=\"Dur\u00e9e de lecture estim\u00e9e\" \/>\n\t<meta name=\"twitter:data2\" content=\"3 minutes\" \/>\n<script type=\"application\/ld+json\" class=\"yoast-schema-graph\">{\"@context\":\"https:\/\/schema.org\",\"@graph\":[{\"@type\":\"Article\",\"@id\":\"https:\/\/challengeseconomiques.com\/?p=7207#article\",\"isPartOf\":{\"@id\":\"https:\/\/challengeseconomiques.com\/?p=7207\"},\"author\":{\"name\":\"aliou kane ndiaye\",\"@id\":\"https:\/\/challengeseconomiques.com\/#\/schema\/person\/2f70a31e102db1741c1a1c00c2bbd8a6\"},\"headline\":\"Visite d\u2019une \u00e9quipe du FMI au S\u00e9n\u00e9gal : les constats et recommandations\",\"datePublished\":\"2024-10-17T11:08:04+00:00\",\"dateModified\":\"2024-10-17T11:08:43+00:00\",\"mainEntityOfPage\":{\"@id\":\"https:\/\/challengeseconomiques.com\/?p=7207\"},\"wordCount\":723,\"image\":{\"@id\":\"https:\/\/challengeseconomiques.com\/?p=7207#primaryimage\"},\"thumbnailUrl\":\"https:\/\/challengeseconomiques.com\/wp-content\/uploads\/2024\/06\/Edward-Gemayelfmi.jpeg\",\"articleSection\":[\"A la une\"],\"inLanguage\":\"fr-FR\"},{\"@type\":\"WebPage\",\"@id\":\"https:\/\/challengeseconomiques.com\/?p=7207\",\"url\":\"https:\/\/challengeseconomiques.com\/?p=7207\",\"name\":\"Visite d\u2019une \u00e9quipe du FMI au S\u00e9n\u00e9gal : les constats et recommandations - challenges economiques\",\"isPartOf\":{\"@id\":\"https:\/\/challengeseconomiques.com\/#website\"},\"primaryImageOfPage\":{\"@id\":\"https:\/\/challengeseconomiques.com\/?p=7207#primaryimage\"},\"image\":{\"@id\":\"https:\/\/challengeseconomiques.com\/?p=7207#primaryimage\"},\"thumbnailUrl\":\"https:\/\/challengeseconomiques.com\/wp-content\/uploads\/2024\/06\/Edward-Gemayelfmi.jpeg\",\"datePublished\":\"2024-10-17T11:08:04+00:00\",\"dateModified\":\"2024-10-17T11:08:43+00:00\",\"author\":{\"@id\":\"https:\/\/challengeseconomiques.com\/#\/schema\/person\/2f70a31e102db1741c1a1c00c2bbd8a6\"},\"breadcrumb\":{\"@id\":\"https:\/\/challengeseconomiques.com\/?p=7207#breadcrumb\"},\"inLanguage\":\"fr-FR\",\"potentialAction\":[{\"@type\":\"ReadAction\",\"target\":[\"https:\/\/challengeseconomiques.com\/?p=7207\"]}]},{\"@type\":\"ImageObject\",\"inLanguage\":\"fr-FR\",\"@id\":\"https:\/\/challengeseconomiques.com\/?p=7207#primaryimage\",\"url\":\"https:\/\/challengeseconomiques.com\/wp-content\/uploads\/2024\/06\/Edward-Gemayelfmi.jpeg\",\"contentUrl\":\"https:\/\/challengeseconomiques.com\/wp-content\/uploads\/2024\/06\/Edward-Gemayelfmi.jpeg\",\"width\":1280,\"height\":853},{\"@type\":\"BreadcrumbList\",\"@id\":\"https:\/\/challengeseconomiques.com\/?p=7207#breadcrumb\",\"itemListElement\":[{\"@type\":\"ListItem\",\"position\":1,\"name\":\"Home\",\"item\":\"https:\/\/challengeseconomiques.com\/\"},{\"@type\":\"ListItem\",\"position\":2,\"name\":\"Visite d\u2019une \u00e9quipe du FMI au S\u00e9n\u00e9gal : les constats et recommandations\"}]},{\"@type\":\"WebSite\",\"@id\":\"https:\/\/challengeseconomiques.com\/#website\",\"url\":\"https:\/\/challengeseconomiques.com\/\",\"name\":\"challenges economiques\",\"description\":\"\",\"potentialAction\":[{\"@type\":\"SearchAction\",\"target\":{\"@type\":\"EntryPoint\",\"urlTemplate\":\"https:\/\/challengeseconomiques.com\/?s={search_term_string}\"},\"query-input\":{\"@type\":\"PropertyValueSpecification\",\"valueRequired\":true,\"valueName\":\"search_term_string\"}}],\"inLanguage\":\"fr-FR\"},{\"@type\":\"Person\",\"@id\":\"https:\/\/challengeseconomiques.com\/#\/schema\/person\/2f70a31e102db1741c1a1c00c2bbd8a6\",\"name\":\"aliou kane ndiaye\",\"image\":{\"@type\":\"ImageObject\",\"inLanguage\":\"fr-FR\",\"@id\":\"https:\/\/challengeseconomiques.com\/#\/schema\/person\/image\/\",\"url\":\"https:\/\/secure.gravatar.com\/avatar\/df942321e58711a9f1fee838e446766660477bacd4b42fa20400d2c7cf4da7ca?s=96&d=mm&r=g\",\"contentUrl\":\"https:\/\/secure.gravatar.com\/avatar\/df942321e58711a9f1fee838e446766660477bacd4b42fa20400d2c7cf4da7ca?s=96&d=mm&r=g\",\"caption\":\"aliou kane ndiaye\"},\"sameAs\":[\"http:\/\/www.challengeseconomiques.com\"],\"url\":\"https:\/\/challengeseconomiques.com\/?author=3\"}]}<\/script>\n<!-- \/ Yoast SEO plugin. -->","yoast_head_json":{"title":"Visite d\u2019une \u00e9quipe du FMI au S\u00e9n\u00e9gal : les constats et recommandations - challenges economiques","robots":{"index":"index","follow":"follow","max-snippet":"max-snippet:-1","max-image-preview":"max-image-preview:large","max-video-preview":"max-video-preview:-1"},"canonical":"https:\/\/challengeseconomiques.com\/?p=7207","og_locale":"fr_FR","og_type":"article","og_title":"Visite d\u2019une \u00e9quipe du FMI au S\u00e9n\u00e9gal : les constats et recommandations - challenges economiques","og_description":"Une \u00e9quipe du Fonds Mon\u00e9taire International (FMI), dirig\u00e9e par M. Edward Gemayel, a s\u00e9journ\u00e9 au S\u00e9n\u00e9gal du 9 au 16 octobre 2024 afin de discuter...","og_url":"https:\/\/challengeseconomiques.com\/?p=7207","og_site_name":"challenges economiques","article_published_time":"2024-10-17T11:08:04+00:00","article_modified_time":"2024-10-17T11:08:43+00:00","og_image":[{"width":1280,"height":853,"url":"https:\/\/challengeseconomiques.com\/wp-content\/uploads\/2024\/06\/Edward-Gemayelfmi.jpeg","type":"image\/jpeg"}],"author":"aliou kane ndiaye","twitter_card":"summary_large_image","twitter_misc":{"\u00c9crit par":"aliou kane ndiaye","Dur\u00e9e de lecture estim\u00e9e":"3 minutes"},"schema":{"@context":"https:\/\/schema.org","@graph":[{"@type":"Article","@id":"https:\/\/challengeseconomiques.com\/?p=7207#article","isPartOf":{"@id":"https:\/\/challengeseconomiques.com\/?p=7207"},"author":{"name":"aliou kane ndiaye","@id":"https:\/\/challengeseconomiques.com\/#\/schema\/person\/2f70a31e102db1741c1a1c00c2bbd8a6"},"headline":"Visite d\u2019une \u00e9quipe du FMI au S\u00e9n\u00e9gal : les constats et recommandations","datePublished":"2024-10-17T11:08:04+00:00","dateModified":"2024-10-17T11:08:43+00:00","mainEntityOfPage":{"@id":"https:\/\/challengeseconomiques.com\/?p=7207"},"wordCount":723,"image":{"@id":"https:\/\/challengeseconomiques.com\/?p=7207#primaryimage"},"thumbnailUrl":"https:\/\/challengeseconomiques.com\/wp-content\/uploads\/2024\/06\/Edward-Gemayelfmi.jpeg","articleSection":["A la une"],"inLanguage":"fr-FR"},{"@type":"WebPage","@id":"https:\/\/challengeseconomiques.com\/?p=7207","url":"https:\/\/challengeseconomiques.com\/?p=7207","name":"Visite d\u2019une \u00e9quipe du FMI au S\u00e9n\u00e9gal : les constats et recommandations - challenges economiques","isPartOf":{"@id":"https:\/\/challengeseconomiques.com\/#website"},"primaryImageOfPage":{"@id":"https:\/\/challengeseconomiques.com\/?p=7207#primaryimage"},"image":{"@id":"https:\/\/challengeseconomiques.com\/?p=7207#primaryimage"},"thumbnailUrl":"https:\/\/challengeseconomiques.com\/wp-content\/uploads\/2024\/06\/Edward-Gemayelfmi.jpeg","datePublished":"2024-10-17T11:08:04+00:00","dateModified":"2024-10-17T11:08:43+00:00","author":{"@id":"https:\/\/challengeseconomiques.com\/#\/schema\/person\/2f70a31e102db1741c1a1c00c2bbd8a6"},"breadcrumb":{"@id":"https:\/\/challengeseconomiques.com\/?p=7207#breadcrumb"},"inLanguage":"fr-FR","potentialAction":[{"@type":"ReadAction","target":["https:\/\/challengeseconomiques.com\/?p=7207"]}]},{"@type":"ImageObject","inLanguage":"fr-FR","@id":"https:\/\/challengeseconomiques.com\/?p=7207#primaryimage","url":"https:\/\/challengeseconomiques.com\/wp-content\/uploads\/2024\/06\/Edward-Gemayelfmi.jpeg","contentUrl":"https:\/\/challengeseconomiques.com\/wp-content\/uploads\/2024\/06\/Edward-Gemayelfmi.jpeg","width":1280,"height":853},{"@type":"BreadcrumbList","@id":"https:\/\/challengeseconomiques.com\/?p=7207#breadcrumb","itemListElement":[{"@type":"ListItem","position":1,"name":"Home","item":"https:\/\/challengeseconomiques.com\/"},{"@type":"ListItem","position":2,"name":"Visite d\u2019une \u00e9quipe du FMI au S\u00e9n\u00e9gal : les constats et recommandations"}]},{"@type":"WebSite","@id":"https:\/\/challengeseconomiques.com\/#website","url":"https:\/\/challengeseconomiques.com\/","name":"challenges economiques","description":"","potentialAction":[{"@type":"SearchAction","target":{"@type":"EntryPoint","urlTemplate":"https:\/\/challengeseconomiques.com\/?s={search_term_string}"},"query-input":{"@type":"PropertyValueSpecification","valueRequired":true,"valueName":"search_term_string"}}],"inLanguage":"fr-FR"},{"@type":"Person","@id":"https:\/\/challengeseconomiques.com\/#\/schema\/person\/2f70a31e102db1741c1a1c00c2bbd8a6","name":"aliou kane ndiaye","image":{"@type":"ImageObject","inLanguage":"fr-FR","@id":"https:\/\/challengeseconomiques.com\/#\/schema\/person\/image\/","url":"https:\/\/secure.gravatar.com\/avatar\/df942321e58711a9f1fee838e446766660477bacd4b42fa20400d2c7cf4da7ca?s=96&d=mm&r=g","contentUrl":"https:\/\/secure.gravatar.com\/avatar\/df942321e58711a9f1fee838e446766660477bacd4b42fa20400d2c7cf4da7ca?s=96&d=mm&r=g","caption":"aliou kane ndiaye"},"sameAs":["http:\/\/www.challengeseconomiques.com"],"url":"https:\/\/challengeseconomiques.com\/?author=3"}]}},"jetpack_featured_media_url":"https:\/\/challengeseconomiques.com\/wp-content\/uploads\/2024\/06\/Edward-Gemayelfmi.jpeg","jetpack_sharing_enabled":true,"_links":{"self":[{"href":"https:\/\/challengeseconomiques.com\/index.php?rest_route=\/wp\/v2\/posts\/7207","targetHints":{"allow":["GET"]}}],"collection":[{"href":"https:\/\/challengeseconomiques.com\/index.php?rest_route=\/wp\/v2\/posts"}],"about":[{"href":"https:\/\/challengeseconomiques.com\/index.php?rest_route=\/wp\/v2\/types\/post"}],"author":[{"embeddable":true,"href":"https:\/\/challengeseconomiques.com\/index.php?rest_route=\/wp\/v2\/users\/3"}],"replies":[{"embeddable":true,"href":"https:\/\/challengeseconomiques.com\/index.php?rest_route=%2Fwp%2Fv2%2Fcomments&post=7207"}],"version-history":[{"count":1,"href":"https:\/\/challengeseconomiques.com\/index.php?rest_route=\/wp\/v2\/posts\/7207\/revisions"}],"predecessor-version":[{"id":7208,"href":"https:\/\/challengeseconomiques.com\/index.php?rest_route=\/wp\/v2\/posts\/7207\/revisions\/7208"}],"wp:featuredmedia":[{"embeddable":true,"href":"https:\/\/challengeseconomiques.com\/index.php?rest_route=\/wp\/v2\/media\/6584"}],"wp:attachment":[{"href":"https:\/\/challengeseconomiques.com\/index.php?rest_route=%2Fwp%2Fv2%2Fmedia&parent=7207"}],"wp:term":[{"taxonomy":"category","embeddable":true,"href":"https:\/\/challengeseconomiques.com\/index.php?rest_route=%2Fwp%2Fv2%2Fcategories&post=7207"},{"taxonomy":"post_tag","embeddable":true,"href":"https:\/\/challengeseconomiques.com\/index.php?rest_route=%2Fwp%2Fv2%2Ftags&post=7207"}],"curies":[{"name":"wp","href":"https:\/\/api.w.org\/{rel}","templated":true}]}}