{"id":7202,"date":"2024-10-15T13:31:27","date_gmt":"2024-10-15T13:31:27","guid":{"rendered":"https:\/\/challengeseconomiques.com\/?p=7202"},"modified":"2024-10-15T13:32:39","modified_gmt":"2024-10-15T13:32:39","slug":"la-vision-senegal-2050-se-deroulera-en-trois-etapes","status":"publish","type":"post","link":"https:\/\/challengeseconomiques.com\/?p=7202","title":{"rendered":"La mise en oeuvre de la vision S\u00e9n\u00e9gal 2050 se d\u00e9roulera en trois \u00e9tapes"},"content":{"rendered":"<p>La mise en oeuvre de la vision S\u00e9n\u00e9gal 2050 pr\u00e9sent\u00e9 hier mercredi 14 octobre 2024, par le gouvernement du S\u00e9n\u00e9gal, se fera selon un agenda national de transformation qui se d\u00e9roulera en trois \u00e9tapes. Il s\u2019agira dans un premier temps de proc\u00e9der \u00e0 un redressement. Cet action permettra\u00a0 \u00ab\u00a0de mobiliser les citoyens derri\u00e8re la Vision, les acteurs \u00e9conomiques derri\u00e8re les strat\u00e9gies fili\u00e8res et de poser les premi\u00e8res bases de la transformation, notamment les grandes r\u00e9formes (R\u00e9forme des Institutions, r\u00e9forme budg\u00e9taire, r\u00e9forme fiscale, r\u00e9forme fonci\u00e8re)\u00a0\u00bb\u00a0 selon le document dans lequel cette vision est expliqu\u00e9e. Ensuite dans une seconde phase, il s\u2019agira d\u2019\u00a0\u00ab\u00a0impulser\u00a0\u00bb. D\u2019apr\u00e8s ce document, cet action permettra de d\u00e9velopper les leviers d\u2019amor\u00e7age de la transformation : Energie, Num\u00e9rique, Logistique ; Formation professionnelle duale, Sant\u00e9, gestion durable de territoire et de d\u00e9marrer l\u2019op\u00e9rationnalisation des strat\u00e9gies fili\u00e8res. Et enfin dans une troisi\u00e8me phase, ce sera l\u2019acc\u00e9l\u00e9ration du d\u00e9veloppement des fili\u00e8res strat\u00e9giques et de p\u00f4les r\u00e9gionaux comp\u00e9titifs.<\/p>\n","protected":false},"excerpt":{"rendered":"<p>La mise en oeuvre de la vision S\u00e9n\u00e9gal 2050 pr\u00e9sent\u00e9 hier mercredi 14 octobre 2024, par le gouvernement du S\u00e9n\u00e9gal, se fera selon un agenda&#8230;<\/p>\n","protected":false},"author":1,"featured_media":7203,"comment_status":"closed","ping_status":"open","sticky":false,"template":"","format":"standard","meta":{"_jetpack_memberships_contains_paid_content":false,"footnotes":""},"categories":[8,10],"tags":[],"class_list":["post-7202","post","type-post","status-publish","format-standard","has-post-thumbnail","hentry","category-actualite-economique","category-infos-eco","wpcat-8-id","wpcat-10-id"],"yoast_head":"<!-- This site is optimized with the Yoast SEO plugin v27.1.1 - https:\/\/yoast.com\/product\/yoast-seo-wordpress\/ -->\n<title>La mise en oeuvre de la vision S\u00e9n\u00e9gal 2050 se d\u00e9roulera en trois \u00e9tapes - challenges economiques<\/title>\n<meta name=\"robots\" content=\"index, follow, max-snippet:-1, max-image-preview:large, max-video-preview:-1\" \/>\n<link rel=\"canonical\" href=\"https:\/\/challengeseconomiques.com\/?p=7202\" \/>\n<meta property=\"og:locale\" content=\"fr_FR\" \/>\n<meta property=\"og:type\" content=\"article\" \/>\n<meta property=\"og:title\" content=\"La mise en oeuvre de la vision S\u00e9n\u00e9gal 2050 se d\u00e9roulera en trois \u00e9tapes - challenges economiques\" \/>\n<meta property=\"og:description\" content=\"La mise en oeuvre de la vision S\u00e9n\u00e9gal 2050 pr\u00e9sent\u00e9 hier mercredi 14 octobre 2024, par le gouvernement du S\u00e9n\u00e9gal, se fera selon un agenda...\" \/>\n<meta property=\"og:url\" content=\"https:\/\/challengeseconomiques.com\/?p=7202\" \/>\n<meta property=\"og:site_name\" content=\"challenges economiques\" \/>\n<meta property=\"article:published_time\" content=\"2024-10-15T13:31:27+00:00\" \/>\n<meta property=\"article:modified_time\" content=\"2024-10-15T13:32:39+00:00\" \/>\n<meta property=\"og:image\" content=\"https:\/\/challengeseconomiques.com\/wp-content\/uploads\/2024\/10\/sondio.jpg\" \/>\n\t<meta property=\"og:image:width\" content=\"1099\" \/>\n\t<meta property=\"og:image:height\" content=\"497\" \/>\n\t<meta property=\"og:image:type\" content=\"image\/jpeg\" \/>\n<meta name=\"author\" content=\"admin\" \/>\n<meta name=\"twitter:card\" content=\"summary_large_image\" \/>\n<meta name=\"twitter:label1\" content=\"\u00c9crit par\" \/>\n\t<meta name=\"twitter:data1\" content=\"admin\" \/>\n\t<meta name=\"twitter:label2\" content=\"Dur\u00e9e de lecture estim\u00e9e\" \/>\n\t<meta name=\"twitter:data2\" content=\"1 minute\" \/>\n<script type=\"application\/ld+json\" class=\"yoast-schema-graph\">{\"@context\":\"https:\/\/schema.org\",\"@graph\":[{\"@type\":\"Article\",\"@id\":\"https:\/\/challengeseconomiques.com\/?p=7202#article\",\"isPartOf\":{\"@id\":\"https:\/\/challengeseconomiques.com\/?p=7202\"},\"author\":{\"name\":\"admin\",\"@id\":\"https:\/\/challengeseconomiques.com\/#\/schema\/person\/b4568c9afebc5a9238a771873801e349\"},\"headline\":\"La mise en oeuvre de la vision S\u00e9n\u00e9gal 2050 se d\u00e9roulera en trois \u00e9tapes\",\"datePublished\":\"2024-10-15T13:31:27+00:00\",\"dateModified\":\"2024-10-15T13:32:39+00:00\",\"mainEntityOfPage\":{\"@id\":\"https:\/\/challengeseconomiques.com\/?p=7202\"},\"wordCount\":208,\"image\":{\"@id\":\"https:\/\/challengeseconomiques.com\/?p=7202#primaryimage\"},\"thumbnailUrl\":\"https:\/\/challengeseconomiques.com\/wp-content\/uploads\/2024\/10\/sondio.jpg\",\"articleSection\":[\"Actualit\u00e9 \u00e9conomique\",\"Infos \u00e9co\"],\"inLanguage\":\"fr-FR\"},{\"@type\":\"WebPage\",\"@id\":\"https:\/\/challengeseconomiques.com\/?p=7202\",\"url\":\"https:\/\/challengeseconomiques.com\/?p=7202\",\"name\":\"La mise en oeuvre de la vision S\u00e9n\u00e9gal 2050 se d\u00e9roulera en trois \u00e9tapes - challenges economiques\",\"isPartOf\":{\"@id\":\"https:\/\/challengeseconomiques.com\/#website\"},\"primaryImageOfPage\":{\"@id\":\"https:\/\/challengeseconomiques.com\/?p=7202#primaryimage\"},\"image\":{\"@id\":\"https:\/\/challengeseconomiques.com\/?p=7202#primaryimage\"},\"thumbnailUrl\":\"https:\/\/challengeseconomiques.com\/wp-content\/uploads\/2024\/10\/sondio.jpg\",\"datePublished\":\"2024-10-15T13:31:27+00:00\",\"dateModified\":\"2024-10-15T13:32:39+00:00\",\"author\":{\"@id\":\"https:\/\/challengeseconomiques.com\/#\/schema\/person\/b4568c9afebc5a9238a771873801e349\"},\"breadcrumb\":{\"@id\":\"https:\/\/challengeseconomiques.com\/?p=7202#breadcrumb\"},\"inLanguage\":\"fr-FR\",\"potentialAction\":[{\"@type\":\"ReadAction\",\"target\":[\"https:\/\/challengeseconomiques.com\/?p=7202\"]}]},{\"@type\":\"ImageObject\",\"inLanguage\":\"fr-FR\",\"@id\":\"https:\/\/challengeseconomiques.com\/?p=7202#primaryimage\",\"url\":\"https:\/\/challengeseconomiques.com\/wp-content\/uploads\/2024\/10\/sondio.jpg\",\"contentUrl\":\"https:\/\/challengeseconomiques.com\/wp-content\/uploads\/2024\/10\/sondio.jpg\",\"width\":1099,\"height\":497},{\"@type\":\"BreadcrumbList\",\"@id\":\"https:\/\/challengeseconomiques.com\/?p=7202#breadcrumb\",\"itemListElement\":[{\"@type\":\"ListItem\",\"position\":1,\"name\":\"Home\",\"item\":\"https:\/\/challengeseconomiques.com\/\"},{\"@type\":\"ListItem\",\"position\":2,\"name\":\"La mise en oeuvre de la vision S\u00e9n\u00e9gal 2050 se d\u00e9roulera en trois \u00e9tapes\"}]},{\"@type\":\"WebSite\",\"@id\":\"https:\/\/challengeseconomiques.com\/#website\",\"url\":\"https:\/\/challengeseconomiques.com\/\",\"name\":\"challenges economiques\",\"description\":\"\",\"potentialAction\":[{\"@type\":\"SearchAction\",\"target\":{\"@type\":\"EntryPoint\",\"urlTemplate\":\"https:\/\/challengeseconomiques.com\/?s={search_term_string}\"},\"query-input\":{\"@type\":\"PropertyValueSpecification\",\"valueRequired\":true,\"valueName\":\"search_term_string\"}}],\"inLanguage\":\"fr-FR\"},{\"@type\":\"Person\",\"@id\":\"https:\/\/challengeseconomiques.com\/#\/schema\/person\/b4568c9afebc5a9238a771873801e349\",\"name\":\"admin\",\"image\":{\"@type\":\"ImageObject\",\"inLanguage\":\"fr-FR\",\"@id\":\"https:\/\/challengeseconomiques.com\/#\/schema\/person\/image\/\",\"url\":\"https:\/\/secure.gravatar.com\/avatar\/099e42240b5eea11acdb72751fcce0dd918603f0749d24974b7984ea47ed9fd9?s=96&d=mm&r=g\",\"contentUrl\":\"https:\/\/secure.gravatar.com\/avatar\/099e42240b5eea11acdb72751fcce0dd918603f0749d24974b7984ea47ed9fd9?s=96&d=mm&r=g\",\"caption\":\"admin\"},\"sameAs\":[\"https:\/\/challengeseconomiques.com\"],\"url\":\"https:\/\/challengeseconomiques.com\/?author=1\"}]}<\/script>\n<!-- \/ Yoast SEO plugin. -->","yoast_head_json":{"title":"La mise en oeuvre de la vision S\u00e9n\u00e9gal 2050 se d\u00e9roulera en trois \u00e9tapes - challenges economiques","robots":{"index":"index","follow":"follow","max-snippet":"max-snippet:-1","max-image-preview":"max-image-preview:large","max-video-preview":"max-video-preview:-1"},"canonical":"https:\/\/challengeseconomiques.com\/?p=7202","og_locale":"fr_FR","og_type":"article","og_title":"La mise en oeuvre de la vision S\u00e9n\u00e9gal 2050 se d\u00e9roulera en trois \u00e9tapes - challenges economiques","og_description":"La mise en oeuvre de la vision S\u00e9n\u00e9gal 2050 pr\u00e9sent\u00e9 hier mercredi 14 octobre 2024, par le gouvernement du S\u00e9n\u00e9gal, se fera selon un agenda...","og_url":"https:\/\/challengeseconomiques.com\/?p=7202","og_site_name":"challenges economiques","article_published_time":"2024-10-15T13:31:27+00:00","article_modified_time":"2024-10-15T13:32:39+00:00","og_image":[{"width":1099,"height":497,"url":"https:\/\/challengeseconomiques.com\/wp-content\/uploads\/2024\/10\/sondio.jpg","type":"image\/jpeg"}],"author":"admin","twitter_card":"summary_large_image","twitter_misc":{"\u00c9crit par":"admin","Dur\u00e9e de lecture estim\u00e9e":"1 minute"},"schema":{"@context":"https:\/\/schema.org","@graph":[{"@type":"Article","@id":"https:\/\/challengeseconomiques.com\/?p=7202#article","isPartOf":{"@id":"https:\/\/challengeseconomiques.com\/?p=7202"},"author":{"name":"admin","@id":"https:\/\/challengeseconomiques.com\/#\/schema\/person\/b4568c9afebc5a9238a771873801e349"},"headline":"La mise en oeuvre de la vision S\u00e9n\u00e9gal 2050 se d\u00e9roulera en trois \u00e9tapes","datePublished":"2024-10-15T13:31:27+00:00","dateModified":"2024-10-15T13:32:39+00:00","mainEntityOfPage":{"@id":"https:\/\/challengeseconomiques.com\/?p=7202"},"wordCount":208,"image":{"@id":"https:\/\/challengeseconomiques.com\/?p=7202#primaryimage"},"thumbnailUrl":"https:\/\/challengeseconomiques.com\/wp-content\/uploads\/2024\/10\/sondio.jpg","articleSection":["Actualit\u00e9 \u00e9conomique","Infos \u00e9co"],"inLanguage":"fr-FR"},{"@type":"WebPage","@id":"https:\/\/challengeseconomiques.com\/?p=7202","url":"https:\/\/challengeseconomiques.com\/?p=7202","name":"La mise en oeuvre de la vision S\u00e9n\u00e9gal 2050 se d\u00e9roulera en trois \u00e9tapes - challenges economiques","isPartOf":{"@id":"https:\/\/challengeseconomiques.com\/#website"},"primaryImageOfPage":{"@id":"https:\/\/challengeseconomiques.com\/?p=7202#primaryimage"},"image":{"@id":"https:\/\/challengeseconomiques.com\/?p=7202#primaryimage"},"thumbnailUrl":"https:\/\/challengeseconomiques.com\/wp-content\/uploads\/2024\/10\/sondio.jpg","datePublished":"2024-10-15T13:31:27+00:00","dateModified":"2024-10-15T13:32:39+00:00","author":{"@id":"https:\/\/challengeseconomiques.com\/#\/schema\/person\/b4568c9afebc5a9238a771873801e349"},"breadcrumb":{"@id":"https:\/\/challengeseconomiques.com\/?p=7202#breadcrumb"},"inLanguage":"fr-FR","potentialAction":[{"@type":"ReadAction","target":["https:\/\/challengeseconomiques.com\/?p=7202"]}]},{"@type":"ImageObject","inLanguage":"fr-FR","@id":"https:\/\/challengeseconomiques.com\/?p=7202#primaryimage","url":"https:\/\/challengeseconomiques.com\/wp-content\/uploads\/2024\/10\/sondio.jpg","contentUrl":"https:\/\/challengeseconomiques.com\/wp-content\/uploads\/2024\/10\/sondio.jpg","width":1099,"height":497},{"@type":"BreadcrumbList","@id":"https:\/\/challengeseconomiques.com\/?p=7202#breadcrumb","itemListElement":[{"@type":"ListItem","position":1,"name":"Home","item":"https:\/\/challengeseconomiques.com\/"},{"@type":"ListItem","position":2,"name":"La mise en oeuvre de la vision S\u00e9n\u00e9gal 2050 se d\u00e9roulera en trois \u00e9tapes"}]},{"@type":"WebSite","@id":"https:\/\/challengeseconomiques.com\/#website","url":"https:\/\/challengeseconomiques.com\/","name":"challenges economiques","description":"","potentialAction":[{"@type":"SearchAction","target":{"@type":"EntryPoint","urlTemplate":"https:\/\/challengeseconomiques.com\/?s={search_term_string}"},"query-input":{"@type":"PropertyValueSpecification","valueRequired":true,"valueName":"search_term_string"}}],"inLanguage":"fr-FR"},{"@type":"Person","@id":"https:\/\/challengeseconomiques.com\/#\/schema\/person\/b4568c9afebc5a9238a771873801e349","name":"admin","image":{"@type":"ImageObject","inLanguage":"fr-FR","@id":"https:\/\/challengeseconomiques.com\/#\/schema\/person\/image\/","url":"https:\/\/secure.gravatar.com\/avatar\/099e42240b5eea11acdb72751fcce0dd918603f0749d24974b7984ea47ed9fd9?s=96&d=mm&r=g","contentUrl":"https:\/\/secure.gravatar.com\/avatar\/099e42240b5eea11acdb72751fcce0dd918603f0749d24974b7984ea47ed9fd9?s=96&d=mm&r=g","caption":"admin"},"sameAs":["https:\/\/challengeseconomiques.com"],"url":"https:\/\/challengeseconomiques.com\/?author=1"}]}},"jetpack_featured_media_url":"https:\/\/challengeseconomiques.com\/wp-content\/uploads\/2024\/10\/sondio.jpg","jetpack_sharing_enabled":true,"_links":{"self":[{"href":"https:\/\/challengeseconomiques.com\/index.php?rest_route=\/wp\/v2\/posts\/7202","targetHints":{"allow":["GET"]}}],"collection":[{"href":"https:\/\/challengeseconomiques.com\/index.php?rest_route=\/wp\/v2\/posts"}],"about":[{"href":"https:\/\/challengeseconomiques.com\/index.php?rest_route=\/wp\/v2\/types\/post"}],"author":[{"embeddable":true,"href":"https:\/\/challengeseconomiques.com\/index.php?rest_route=\/wp\/v2\/users\/1"}],"replies":[{"embeddable":true,"href":"https:\/\/challengeseconomiques.com\/index.php?rest_route=%2Fwp%2Fv2%2Fcomments&post=7202"}],"version-history":[{"count":2,"href":"https:\/\/challengeseconomiques.com\/index.php?rest_route=\/wp\/v2\/posts\/7202\/revisions"}],"predecessor-version":[{"id":7205,"href":"https:\/\/challengeseconomiques.com\/index.php?rest_route=\/wp\/v2\/posts\/7202\/revisions\/7205"}],"wp:featuredmedia":[{"embeddable":true,"href":"https:\/\/challengeseconomiques.com\/index.php?rest_route=\/wp\/v2\/media\/7203"}],"wp:attachment":[{"href":"https:\/\/challengeseconomiques.com\/index.php?rest_route=%2Fwp%2Fv2%2Fmedia&parent=7202"}],"wp:term":[{"taxonomy":"category","embeddable":true,"href":"https:\/\/challengeseconomiques.com\/index.php?rest_route=%2Fwp%2Fv2%2Fcategories&post=7202"},{"taxonomy":"post_tag","embeddable":true,"href":"https:\/\/challengeseconomiques.com\/index.php?rest_route=%2Fwp%2Fv2%2Ftags&post=7202"}],"curies":[{"name":"wp","href":"https:\/\/api.w.org\/{rel}","templated":true}]}}