{"id":7196,"date":"2024-10-15T11:13:51","date_gmt":"2024-10-15T11:13:51","guid":{"rendered":"https:\/\/challengeseconomiques.com\/?p=7196"},"modified":"2024-10-15T11:14:34","modified_gmt":"2024-10-15T11:14:34","slug":"le-senegal-a-besoin-de-pres-de-18-500-milliards-de-francs-cfa-pour-financer-son-plan-economique-2025-2029","status":"publish","type":"post","link":"https:\/\/challengeseconomiques.com\/?p=7196","title":{"rendered":"Le S\u00e9n\u00e9gal a besoin de pr\u00e8s de 18.500 milliards de francs CFA pour financer son plan \u00e9conomique 2025-2029"},"content":{"rendered":"<p>Les autorit\u00e9s s\u00e9n\u00e9galaises ont besoin de pr\u00e8s de 18.500 milliards de francs CFA pour financer leur plan quinquennal de d\u00e9veloppement 2025-2029 bas\u00e9 sur quatre axes, l\u2019\u2018\u2019\u00e9conomie comp\u00e9titive\u2019\u2019, le capital humain et l\u2019\u00e9quit\u00e9 sociale, l\u2019am\u00e9nagement et le d\u00e9veloppement durable, la bonne gouvernance et l\u2019\u2018\u2019engagement africain\u2019\u2019, a annonc\u00e9, lundi, \u00e0 Diamniadio (ouest), le directeur g\u00e9n\u00e9ral de la planification et des politiques \u00e9conomiques, Souleymane Diallo.<\/p>\n<p>\u2018\u2019Le plan quinquennal 2025-2029 va s\u2019articuler autour de quatre axes strat\u00e9giques d\u00e9finis dans le nouveau r\u00e9f\u00e9rentiel\u00a0: l\u2019\u00e9conomie comp\u00e9titive, le capital humain de qualit\u00e9 et l\u2019\u00e9quit\u00e9 sociale, l\u2019am\u00e9nagement et le\u00a0d\u00e9veloppement durable, la bonne gouvernance et l\u2019engagement africain\u2019\u2019, a dit M. Diallo.<\/p>\n<p>Il intervenait \u00e0 la c\u00e9r\u00e9monie de pr\u00e9sentation du nouveau document de politique nationale de d\u00e9veloppement \u2018\u2019S\u00e9n\u00e9gal 2050\u2019\u2019, en pr\u00e9sence du pr\u00e9sident de la R\u00e9publique, Bassirou Diomaye Faye, et du Premier ministre, Ousmane Sonko.<\/p>\n<p>Ce plan \u00e0 mettre en \u0153uvre \u00e0 partir de l\u2019ann\u00e9e prochaine, \u00e0 l\u2019aide du nouveau document de politique publique, doit \u00eatre financ\u00e9 avec 18.496 milliards 83 mille francs CFA, a indiqu\u00e9 le fonctionnaire du minist\u00e8re de l\u2019\u00c9conomie, du Plan et de la Coop\u00e9ration.<\/p>\n<p>Concernant le capital humain, le gouvernement veut faire en sorte que la population soit \u2018\u2019bien \u00e9duqu\u00e9e et bien nourrie\u2019\u2019, a-t-il dit.<\/p>\n<p>Les pouvoirs publics vont promouvoir un mod\u00e8le de d\u00e9veloppement endog\u00e8ne, \u00e0 partir des p\u00f4les territoires, lesquels vont reposer sur les potentialit\u00e9s de chaque partie du pays, selon Souleymane Diallo.<\/p>\n<p>Il signale que la stabilit\u00e9 du pays et l\u2019int\u00e9gration r\u00e9gionale font partie des priorit\u00e9s d\u00e9finies par les autorit\u00e9s s\u00e9n\u00e9galaises en vertu de \u2018\u2019l\u2019engagement africain\u2019\u2019 qu\u2019elles pr\u00f4nent en mati\u00e8re de politique \u00e9trang\u00e8re.<\/p>\n<p>La bonne gouvernance, le renforcement de la confiance des citoyens envers les institutions et la promotion de l\u2019innovation scientifique et technologique figurent parmi les priorit\u00e9s, selon M. Diallo.<\/p>\n<p>Il ajoute que la promotion d\u2019une \u2018\u2019\u00e9conomie comp\u00e9titive\u2019\u2019 va consister \u00e0 d\u00e9velopper des moteurs de croissance dans les p\u00f4les territoires et \u00e0 doter le S\u00e9n\u00e9gal d\u2019un cadre \u00e9conomique soutenable.<\/p>\n<p><strong>Un \u2018\u2019reprofilage\u2019\u2019 de la dette publique<\/strong><\/p>\n<p>Le pays va recourir au \u2018\u2019financement domestique\u2019\u2019 pour construire ses infrastructures, a poursuivi le fonctionnaire du minist\u00e8re de l\u2019\u00c9conomie, du Plan et de la Coop\u00e9ration, assurant que l\u2019attractivit\u00e9 de l\u2019environnement des affaires et le d\u00e9veloppement du secteur priv\u00e9 restent des priorit\u00e9s.<\/p>\n<p>M. Diallo affirme que la contribution des S\u00e9n\u00e9galais vivant \u00e0 l\u2019\u00e9tranger \u00e0 \u2018\u2019l\u2019agenda national de transformation\u2019\u2019 du pays est l\u2019une des priorit\u00e9s des nouvelles autorit\u00e9s.<\/p>\n<p>Le plan quinquennal pr\u00e9voit la construction d\u2019un syst\u00e8me de sant\u00e9 performant et accessible \u00e0 tous, a-t-il ajout\u00e9, consid\u00e9rant qu\u2019il est urgent d\u2019\u00e9riger un syst\u00e8me de protection sociale inclusif et efficient au cours des prochaines ann\u00e9es.<\/p>\n<p>Concernant l\u2019am\u00e9nagement et le d\u00e9veloppement durable, le troisi\u00e8me axe du plan quinquennal, le gouvernement s\u2019engage \u00e0 promouvoir \u2018\u2019une urbanisation organis\u00e9e\u2019\u2019 et une gestion durable des \u00e9cosyst\u00e8mes naturels.<\/p>\n<p>De m\u00eame va-t-il conduire une transition \u00e9nerg\u00e9tique juste et \u00e9quitable, selon le directeur g\u00e9n\u00e9ral de la planification et des r\u00e9formes \u00e9conomiques.<\/p>\n<p>La consolidation de l\u2019\u00c9tat de droit est l\u2019une des priorit\u00e9s de l\u2019\u00c9tat, de m\u00eame que la r\u00e9forme des institutions nationales et de l\u2019Administration publique, concernant le quatri\u00e8me axe du plan 2025-2029.<\/p>\n<p>Selon Souleymane Diallo, les autorit\u00e9s misent sur une croissance \u00e9conomique moyenne de 6,5 \u00e0 7 %, entre 2025 et 2029.<\/p>\n<p>Durant la m\u00eame p\u00e9riode, l\u2019inflation doit rester autour de 2 %, en dessous du seuil de 3 % fix\u00e9 par l\u2019Union \u00e9conomique et mon\u00e9taire ouest-africaine, a-t-il dit.<\/p>\n<p>Selon M. Diallo, le plan 2025-2029 pr\u00e9voit en m\u00eame temps un \u2018\u2019reprofilage\u2019\u2019 de la dette publique, dans le but de la r\u00e9duire de 84 % \u00e0 70 % du PIB.<\/p>\n<p>La d\u00e9centralisation, la r\u00e9forme des finances publiques, de la gestion des terres et de la justice font partie des chantiers de l\u2019\u00c9tat, a-t-il poursuivi.<\/p>\n<p><strong>(APS) \u2013<\/strong><\/p>\n","protected":false},"excerpt":{"rendered":"<p>Les autorit\u00e9s s\u00e9n\u00e9galaises ont besoin de pr\u00e8s de 18.500 milliards de francs CFA pour financer leur plan quinquennal de d\u00e9veloppement 2025-2029 bas\u00e9 sur quatre axes,&#8230;<\/p>\n","protected":false},"author":1,"featured_media":7200,"comment_status":"closed","ping_status":"open","sticky":false,"template":"","format":"standard","meta":{"_jetpack_memberships_contains_paid_content":false,"footnotes":""},"categories":[23],"tags":[],"class_list":["post-7196","post","type-post","status-publish","format-standard","has-post-thumbnail","hentry","category-a-la-une","wpcat-23-id"],"yoast_head":"<!-- This site is optimized with the Yoast SEO plugin v27.1.1 - https:\/\/yoast.com\/product\/yoast-seo-wordpress\/ -->\n<title>Le S\u00e9n\u00e9gal a besoin de pr\u00e8s de 18.500 milliards de francs CFA pour financer son plan \u00e9conomique 2025-2029 - challenges economiques<\/title>\n<meta name=\"robots\" content=\"index, follow, max-snippet:-1, max-image-preview:large, max-video-preview:-1\" \/>\n<link rel=\"canonical\" href=\"https:\/\/challengeseconomiques.com\/?p=7196\" \/>\n<meta property=\"og:locale\" content=\"fr_FR\" \/>\n<meta property=\"og:type\" content=\"article\" \/>\n<meta property=\"og:title\" content=\"Le S\u00e9n\u00e9gal a besoin de pr\u00e8s de 18.500 milliards de francs CFA pour financer son plan \u00e9conomique 2025-2029 - challenges economiques\" \/>\n<meta property=\"og:description\" content=\"Les autorit\u00e9s s\u00e9n\u00e9galaises ont besoin de pr\u00e8s de 18.500 milliards de francs CFA pour financer leur plan quinquennal de d\u00e9veloppement 2025-2029 bas\u00e9 sur quatre axes,...\" \/>\n<meta property=\"og:url\" content=\"https:\/\/challengeseconomiques.com\/?p=7196\" \/>\n<meta property=\"og:site_name\" content=\"challenges economiques\" \/>\n<meta property=\"article:published_time\" content=\"2024-10-15T11:13:51+00:00\" \/>\n<meta property=\"article:modified_time\" content=\"2024-10-15T11:14:34+00:00\" \/>\n<meta property=\"og:image\" content=\"https:\/\/challengeseconomiques.com\/wp-content\/uploads\/2024\/10\/diallodgppe.jpg\" \/>\n\t<meta property=\"og:image:width\" content=\"800\" \/>\n\t<meta property=\"og:image:height\" content=\"445\" \/>\n\t<meta property=\"og:image:type\" content=\"image\/jpeg\" \/>\n<meta name=\"author\" content=\"admin\" \/>\n<meta name=\"twitter:card\" content=\"summary_large_image\" \/>\n<meta name=\"twitter:label1\" content=\"\u00c9crit par\" \/>\n\t<meta name=\"twitter:data1\" content=\"admin\" \/>\n\t<meta name=\"twitter:label2\" content=\"Dur\u00e9e de lecture estim\u00e9e\" \/>\n\t<meta name=\"twitter:data2\" content=\"3 minutes\" \/>\n<script type=\"application\/ld+json\" class=\"yoast-schema-graph\">{\"@context\":\"https:\/\/schema.org\",\"@graph\":[{\"@type\":\"Article\",\"@id\":\"https:\/\/challengeseconomiques.com\/?p=7196#article\",\"isPartOf\":{\"@id\":\"https:\/\/challengeseconomiques.com\/?p=7196\"},\"author\":{\"name\":\"admin\",\"@id\":\"https:\/\/challengeseconomiques.com\/#\/schema\/person\/b4568c9afebc5a9238a771873801e349\"},\"headline\":\"Le S\u00e9n\u00e9gal a besoin de pr\u00e8s de 18.500 milliards de francs CFA pour financer son plan \u00e9conomique 2025-2029\",\"datePublished\":\"2024-10-15T11:13:51+00:00\",\"dateModified\":\"2024-10-15T11:14:34+00:00\",\"mainEntityOfPage\":{\"@id\":\"https:\/\/challengeseconomiques.com\/?p=7196\"},\"wordCount\":717,\"image\":{\"@id\":\"https:\/\/challengeseconomiques.com\/?p=7196#primaryimage\"},\"thumbnailUrl\":\"https:\/\/challengeseconomiques.com\/wp-content\/uploads\/2024\/10\/diallodgppe.jpg\",\"articleSection\":[\"A la une\"],\"inLanguage\":\"fr-FR\"},{\"@type\":\"WebPage\",\"@id\":\"https:\/\/challengeseconomiques.com\/?p=7196\",\"url\":\"https:\/\/challengeseconomiques.com\/?p=7196\",\"name\":\"Le S\u00e9n\u00e9gal a besoin de pr\u00e8s de 18.500 milliards de francs CFA pour financer son plan \u00e9conomique 2025-2029 - challenges economiques\",\"isPartOf\":{\"@id\":\"https:\/\/challengeseconomiques.com\/#website\"},\"primaryImageOfPage\":{\"@id\":\"https:\/\/challengeseconomiques.com\/?p=7196#primaryimage\"},\"image\":{\"@id\":\"https:\/\/challengeseconomiques.com\/?p=7196#primaryimage\"},\"thumbnailUrl\":\"https:\/\/challengeseconomiques.com\/wp-content\/uploads\/2024\/10\/diallodgppe.jpg\",\"datePublished\":\"2024-10-15T11:13:51+00:00\",\"dateModified\":\"2024-10-15T11:14:34+00:00\",\"author\":{\"@id\":\"https:\/\/challengeseconomiques.com\/#\/schema\/person\/b4568c9afebc5a9238a771873801e349\"},\"breadcrumb\":{\"@id\":\"https:\/\/challengeseconomiques.com\/?p=7196#breadcrumb\"},\"inLanguage\":\"fr-FR\",\"potentialAction\":[{\"@type\":\"ReadAction\",\"target\":[\"https:\/\/challengeseconomiques.com\/?p=7196\"]}]},{\"@type\":\"ImageObject\",\"inLanguage\":\"fr-FR\",\"@id\":\"https:\/\/challengeseconomiques.com\/?p=7196#primaryimage\",\"url\":\"https:\/\/challengeseconomiques.com\/wp-content\/uploads\/2024\/10\/diallodgppe.jpg\",\"contentUrl\":\"https:\/\/challengeseconomiques.com\/wp-content\/uploads\/2024\/10\/diallodgppe.jpg\",\"width\":800,\"height\":445},{\"@type\":\"BreadcrumbList\",\"@id\":\"https:\/\/challengeseconomiques.com\/?p=7196#breadcrumb\",\"itemListElement\":[{\"@type\":\"ListItem\",\"position\":1,\"name\":\"Home\",\"item\":\"https:\/\/challengeseconomiques.com\/\"},{\"@type\":\"ListItem\",\"position\":2,\"name\":\"Le S\u00e9n\u00e9gal a besoin de pr\u00e8s de 18.500 milliards de francs CFA pour financer son plan \u00e9conomique 2025-2029\"}]},{\"@type\":\"WebSite\",\"@id\":\"https:\/\/challengeseconomiques.com\/#website\",\"url\":\"https:\/\/challengeseconomiques.com\/\",\"name\":\"challenges economiques\",\"description\":\"\",\"potentialAction\":[{\"@type\":\"SearchAction\",\"target\":{\"@type\":\"EntryPoint\",\"urlTemplate\":\"https:\/\/challengeseconomiques.com\/?s={search_term_string}\"},\"query-input\":{\"@type\":\"PropertyValueSpecification\",\"valueRequired\":true,\"valueName\":\"search_term_string\"}}],\"inLanguage\":\"fr-FR\"},{\"@type\":\"Person\",\"@id\":\"https:\/\/challengeseconomiques.com\/#\/schema\/person\/b4568c9afebc5a9238a771873801e349\",\"name\":\"admin\",\"image\":{\"@type\":\"ImageObject\",\"inLanguage\":\"fr-FR\",\"@id\":\"https:\/\/challengeseconomiques.com\/#\/schema\/person\/image\/\",\"url\":\"https:\/\/secure.gravatar.com\/avatar\/099e42240b5eea11acdb72751fcce0dd918603f0749d24974b7984ea47ed9fd9?s=96&d=mm&r=g\",\"contentUrl\":\"https:\/\/secure.gravatar.com\/avatar\/099e42240b5eea11acdb72751fcce0dd918603f0749d24974b7984ea47ed9fd9?s=96&d=mm&r=g\",\"caption\":\"admin\"},\"sameAs\":[\"https:\/\/challengeseconomiques.com\"],\"url\":\"https:\/\/challengeseconomiques.com\/?author=1\"}]}<\/script>\n<!-- \/ Yoast SEO plugin. -->","yoast_head_json":{"title":"Le S\u00e9n\u00e9gal a besoin de pr\u00e8s de 18.500 milliards de francs CFA pour financer son plan \u00e9conomique 2025-2029 - challenges economiques","robots":{"index":"index","follow":"follow","max-snippet":"max-snippet:-1","max-image-preview":"max-image-preview:large","max-video-preview":"max-video-preview:-1"},"canonical":"https:\/\/challengeseconomiques.com\/?p=7196","og_locale":"fr_FR","og_type":"article","og_title":"Le S\u00e9n\u00e9gal a besoin de pr\u00e8s de 18.500 milliards de francs CFA pour financer son plan \u00e9conomique 2025-2029 - challenges economiques","og_description":"Les autorit\u00e9s s\u00e9n\u00e9galaises ont besoin de pr\u00e8s de 18.500 milliards de francs CFA pour financer leur plan quinquennal de d\u00e9veloppement 2025-2029 bas\u00e9 sur quatre axes,...","og_url":"https:\/\/challengeseconomiques.com\/?p=7196","og_site_name":"challenges economiques","article_published_time":"2024-10-15T11:13:51+00:00","article_modified_time":"2024-10-15T11:14:34+00:00","og_image":[{"width":800,"height":445,"url":"https:\/\/challengeseconomiques.com\/wp-content\/uploads\/2024\/10\/diallodgppe.jpg","type":"image\/jpeg"}],"author":"admin","twitter_card":"summary_large_image","twitter_misc":{"\u00c9crit par":"admin","Dur\u00e9e de lecture estim\u00e9e":"3 minutes"},"schema":{"@context":"https:\/\/schema.org","@graph":[{"@type":"Article","@id":"https:\/\/challengeseconomiques.com\/?p=7196#article","isPartOf":{"@id":"https:\/\/challengeseconomiques.com\/?p=7196"},"author":{"name":"admin","@id":"https:\/\/challengeseconomiques.com\/#\/schema\/person\/b4568c9afebc5a9238a771873801e349"},"headline":"Le S\u00e9n\u00e9gal a besoin de pr\u00e8s de 18.500 milliards de francs CFA pour financer son plan \u00e9conomique 2025-2029","datePublished":"2024-10-15T11:13:51+00:00","dateModified":"2024-10-15T11:14:34+00:00","mainEntityOfPage":{"@id":"https:\/\/challengeseconomiques.com\/?p=7196"},"wordCount":717,"image":{"@id":"https:\/\/challengeseconomiques.com\/?p=7196#primaryimage"},"thumbnailUrl":"https:\/\/challengeseconomiques.com\/wp-content\/uploads\/2024\/10\/diallodgppe.jpg","articleSection":["A la une"],"inLanguage":"fr-FR"},{"@type":"WebPage","@id":"https:\/\/challengeseconomiques.com\/?p=7196","url":"https:\/\/challengeseconomiques.com\/?p=7196","name":"Le S\u00e9n\u00e9gal a besoin de pr\u00e8s de 18.500 milliards de francs CFA pour financer son plan \u00e9conomique 2025-2029 - challenges economiques","isPartOf":{"@id":"https:\/\/challengeseconomiques.com\/#website"},"primaryImageOfPage":{"@id":"https:\/\/challengeseconomiques.com\/?p=7196#primaryimage"},"image":{"@id":"https:\/\/challengeseconomiques.com\/?p=7196#primaryimage"},"thumbnailUrl":"https:\/\/challengeseconomiques.com\/wp-content\/uploads\/2024\/10\/diallodgppe.jpg","datePublished":"2024-10-15T11:13:51+00:00","dateModified":"2024-10-15T11:14:34+00:00","author":{"@id":"https:\/\/challengeseconomiques.com\/#\/schema\/person\/b4568c9afebc5a9238a771873801e349"},"breadcrumb":{"@id":"https:\/\/challengeseconomiques.com\/?p=7196#breadcrumb"},"inLanguage":"fr-FR","potentialAction":[{"@type":"ReadAction","target":["https:\/\/challengeseconomiques.com\/?p=7196"]}]},{"@type":"ImageObject","inLanguage":"fr-FR","@id":"https:\/\/challengeseconomiques.com\/?p=7196#primaryimage","url":"https:\/\/challengeseconomiques.com\/wp-content\/uploads\/2024\/10\/diallodgppe.jpg","contentUrl":"https:\/\/challengeseconomiques.com\/wp-content\/uploads\/2024\/10\/diallodgppe.jpg","width":800,"height":445},{"@type":"BreadcrumbList","@id":"https:\/\/challengeseconomiques.com\/?p=7196#breadcrumb","itemListElement":[{"@type":"ListItem","position":1,"name":"Home","item":"https:\/\/challengeseconomiques.com\/"},{"@type":"ListItem","position":2,"name":"Le S\u00e9n\u00e9gal a besoin de pr\u00e8s de 18.500 milliards de francs CFA pour financer son plan \u00e9conomique 2025-2029"}]},{"@type":"WebSite","@id":"https:\/\/challengeseconomiques.com\/#website","url":"https:\/\/challengeseconomiques.com\/","name":"challenges economiques","description":"","potentialAction":[{"@type":"SearchAction","target":{"@type":"EntryPoint","urlTemplate":"https:\/\/challengeseconomiques.com\/?s={search_term_string}"},"query-input":{"@type":"PropertyValueSpecification","valueRequired":true,"valueName":"search_term_string"}}],"inLanguage":"fr-FR"},{"@type":"Person","@id":"https:\/\/challengeseconomiques.com\/#\/schema\/person\/b4568c9afebc5a9238a771873801e349","name":"admin","image":{"@type":"ImageObject","inLanguage":"fr-FR","@id":"https:\/\/challengeseconomiques.com\/#\/schema\/person\/image\/","url":"https:\/\/secure.gravatar.com\/avatar\/099e42240b5eea11acdb72751fcce0dd918603f0749d24974b7984ea47ed9fd9?s=96&d=mm&r=g","contentUrl":"https:\/\/secure.gravatar.com\/avatar\/099e42240b5eea11acdb72751fcce0dd918603f0749d24974b7984ea47ed9fd9?s=96&d=mm&r=g","caption":"admin"},"sameAs":["https:\/\/challengeseconomiques.com"],"url":"https:\/\/challengeseconomiques.com\/?author=1"}]}},"jetpack_featured_media_url":"https:\/\/challengeseconomiques.com\/wp-content\/uploads\/2024\/10\/diallodgppe.jpg","jetpack_sharing_enabled":true,"_links":{"self":[{"href":"https:\/\/challengeseconomiques.com\/index.php?rest_route=\/wp\/v2\/posts\/7196","targetHints":{"allow":["GET"]}}],"collection":[{"href":"https:\/\/challengeseconomiques.com\/index.php?rest_route=\/wp\/v2\/posts"}],"about":[{"href":"https:\/\/challengeseconomiques.com\/index.php?rest_route=\/wp\/v2\/types\/post"}],"author":[{"embeddable":true,"href":"https:\/\/challengeseconomiques.com\/index.php?rest_route=\/wp\/v2\/users\/1"}],"replies":[{"embeddable":true,"href":"https:\/\/challengeseconomiques.com\/index.php?rest_route=%2Fwp%2Fv2%2Fcomments&post=7196"}],"version-history":[{"count":1,"href":"https:\/\/challengeseconomiques.com\/index.php?rest_route=\/wp\/v2\/posts\/7196\/revisions"}],"predecessor-version":[{"id":7201,"href":"https:\/\/challengeseconomiques.com\/index.php?rest_route=\/wp\/v2\/posts\/7196\/revisions\/7201"}],"wp:featuredmedia":[{"embeddable":true,"href":"https:\/\/challengeseconomiques.com\/index.php?rest_route=\/wp\/v2\/media\/7200"}],"wp:attachment":[{"href":"https:\/\/challengeseconomiques.com\/index.php?rest_route=%2Fwp%2Fv2%2Fmedia&parent=7196"}],"wp:term":[{"taxonomy":"category","embeddable":true,"href":"https:\/\/challengeseconomiques.com\/index.php?rest_route=%2Fwp%2Fv2%2Fcategories&post=7196"},{"taxonomy":"post_tag","embeddable":true,"href":"https:\/\/challengeseconomiques.com\/index.php?rest_route=%2Fwp%2Fv2%2Ftags&post=7196"}],"curies":[{"name":"wp","href":"https:\/\/api.w.org\/{rel}","templated":true}]}}