{"id":7193,"date":"2024-10-14T21:33:08","date_gmt":"2024-10-14T21:33:08","guid":{"rendered":"https:\/\/challengeseconomiques.com\/?p=7193"},"modified":"2024-10-14T21:33:43","modified_gmt":"2024-10-14T21:33:43","slug":"le-referentiel-senegal-2050-veut-realiser-un-senegal-souverain-juste-et-prospere","status":"publish","type":"post","link":"https:\/\/challengeseconomiques.com\/?p=7193","title":{"rendered":"Le R\u00e9f\u00e9rentiel S\u00e9n\u00e9gal 2050 veut r\u00e9aliser un S\u00e9n\u00e9gal souverain, juste et prosp\u00e8re"},"content":{"rendered":"<p>Le Premier ministre du S\u00e9n\u00e9gal, Ousmane Sonko a indiqu\u00e9 que l&rsquo;objectif de son gouvernement \u00e0 travers Le R\u00e9f\u00e9rentiel S\u00e9n\u00e9gal 2050, le r\u00e9f\u00e9rentiel des politiques de d\u00e9veloppement public au S\u00e9n\u00e9gal, est de r\u00e9aliser un S\u00e9n\u00e9gal souverain, juste et prosp\u00e8re avec une approche reposant sur une transformation syst\u00e9mique incluant une plus grande responsabilisation de tous les S\u00e9n\u00e9galais.<\/p>\n<p>Ousmane Sonko, qui s&rsquo;exprimait \u00e0 l&rsquo;occasion de la c\u00e9r\u00e9monie de pr\u00e9sentation de ce document au centre international de conf\u00e9rences Abdou Diouf de Diamniadio , a affirm\u00e9 qu&rsquo;il n&rsquo;est plus possible de revenir en arri\u00e8re, mais, il est possible de prendre un nouveau d\u00e9part, en commen\u00e7ant \u00e0 partir de maintenant \u00e0 emprunter une toute nouvelle trajectoire librement choisie, partag\u00e9e et assum\u00e9e.<\/p>\n<p>\u00ab\u00a0\u00c0 l&rsquo;instar des \u00e9conomies, qui ont d\u00e9coll\u00e9, nous d\u00e9velopperons quelques solides moteurs de croissance sur lesquels, nous nous appuierons, pour cr\u00e9er une \u00e9conomie comp\u00e9titive, gage d&rsquo;un S\u00e9n\u00e9gal souverain, juste et prosp\u00e8re\u00a0\u00bb, a-t-il promis.<\/p>\n<p>Notons que la bonne gouvernance, l&rsquo;am\u00e9nagement optimal et le d\u00e9veloppement durable, un capital humain de qualit\u00e9, l&rsquo;\u00e9quit\u00e9 sociale et la mise en place d&rsquo;une \u00e9conomie comp\u00e9titive vont constituer les principaux socles de la mise en \u0153uvre du R\u00e9f\u00e9rentiel S\u00e9n\u00e9gal 2050.<\/p>\n<p>Rappelons que le R\u00e9f\u00e9rentiel S\u00e9n\u00e9gal 2050 est un document strat\u00e9gique, qui\u00a0 vise \u00e0 tracer la trajectoire de d\u00e9veloppement du S\u00e9n\u00e9gal pour les d\u00e9cennies \u00e0 venir, avec un accent particulier sur la jeunesse, les r\u00e9formes institutionnelles, la lutte contre la corruption et la coop\u00e9ration panafricaine.<\/p>\n<p>\u00ab\u00a0Pour y parvenir, nous ne ferons plus comme avant, c&rsquo;est \u00e0 dire courir d&rsquo;une r\u00e9forme \u00e0 une autre, d&rsquo;un projet \u00e0 un autre touchant \u00e0 tout, laissant souvent par ci par l\u00e0 un go\u00fbt d&rsquo;inachev\u00e9 et toujours dans la pr\u00e9cipitation \u00e9lectoraliste et le dictat du prochain mandat\u00a0\u00bb, a soulign\u00e9 Ousmane Sonko.<\/p>\n<p>Le Premier ministre a de ce point de vue soutenu que le gouvernement du S\u00e9n\u00e9gal a pris la d\u00e9cision d&rsquo;adopter un nouveau mod\u00e8le de d\u00e9veloppement sur le long terme reposant d&rsquo;une part sur un Etat strat\u00e8ge, qui favorisera grandement le d\u00e9veloppement de fili\u00e8res comp\u00e9titives, de p\u00f4les territoires viables avec des villes \u00e9picentres et un secteur priv\u00e9 national.<\/p>\n<p><strong>Idrissa GUEYE<\/strong><\/p>\n","protected":false},"excerpt":{"rendered":"<p>Le Premier ministre du S\u00e9n\u00e9gal, Ousmane Sonko a indiqu\u00e9 que l&rsquo;objectif de son gouvernement \u00e0 travers Le R\u00e9f\u00e9rentiel S\u00e9n\u00e9gal 2050, le r\u00e9f\u00e9rentiel des politiques de&#8230;<\/p>\n","protected":false},"author":1,"featured_media":7194,"comment_status":"closed","ping_status":"open","sticky":false,"template":"","format":"standard","meta":{"_jetpack_memberships_contains_paid_content":false,"footnotes":""},"categories":[23],"tags":[],"class_list":["post-7193","post","type-post","status-publish","format-standard","has-post-thumbnail","hentry","category-a-la-une","wpcat-23-id"],"yoast_head":"<!-- This site is optimized with the Yoast SEO plugin v27.1.1 - https:\/\/yoast.com\/product\/yoast-seo-wordpress\/ -->\n<title>Le R\u00e9f\u00e9rentiel S\u00e9n\u00e9gal 2050 veut r\u00e9aliser un S\u00e9n\u00e9gal souverain, juste et prosp\u00e8re - challenges economiques<\/title>\n<meta name=\"robots\" content=\"index, follow, max-snippet:-1, max-image-preview:large, max-video-preview:-1\" \/>\n<link rel=\"canonical\" href=\"https:\/\/challengeseconomiques.com\/?p=7193\" \/>\n<meta property=\"og:locale\" content=\"fr_FR\" \/>\n<meta property=\"og:type\" content=\"article\" \/>\n<meta property=\"og:title\" content=\"Le R\u00e9f\u00e9rentiel S\u00e9n\u00e9gal 2050 veut r\u00e9aliser un S\u00e9n\u00e9gal souverain, juste et prosp\u00e8re - challenges economiques\" \/>\n<meta property=\"og:description\" content=\"Le Premier ministre du S\u00e9n\u00e9gal, Ousmane Sonko a indiqu\u00e9 que l&rsquo;objectif de son gouvernement \u00e0 travers Le R\u00e9f\u00e9rentiel S\u00e9n\u00e9gal 2050, le r\u00e9f\u00e9rentiel des politiques de...\" \/>\n<meta property=\"og:url\" content=\"https:\/\/challengeseconomiques.com\/?p=7193\" \/>\n<meta property=\"og:site_name\" content=\"challenges economiques\" \/>\n<meta property=\"article:published_time\" content=\"2024-10-14T21:33:08+00:00\" \/>\n<meta property=\"article:modified_time\" content=\"2024-10-14T21:33:43+00:00\" \/>\n<meta property=\"og:image\" content=\"https:\/\/challengeseconomiques.com\/wp-content\/uploads\/2024\/10\/SONKO2.png\" \/>\n\t<meta property=\"og:image:width\" content=\"1140\" \/>\n\t<meta property=\"og:image:height\" content=\"570\" \/>\n\t<meta property=\"og:image:type\" content=\"image\/png\" \/>\n<meta name=\"author\" content=\"admin\" \/>\n<meta name=\"twitter:card\" content=\"summary_large_image\" \/>\n<meta name=\"twitter:label1\" content=\"\u00c9crit par\" \/>\n\t<meta name=\"twitter:data1\" content=\"admin\" \/>\n\t<meta name=\"twitter:label2\" content=\"Dur\u00e9e de lecture estim\u00e9e\" \/>\n\t<meta name=\"twitter:data2\" content=\"2 minutes\" \/>\n<script type=\"application\/ld+json\" class=\"yoast-schema-graph\">{\"@context\":\"https:\/\/schema.org\",\"@graph\":[{\"@type\":\"Article\",\"@id\":\"https:\/\/challengeseconomiques.com\/?p=7193#article\",\"isPartOf\":{\"@id\":\"https:\/\/challengeseconomiques.com\/?p=7193\"},\"author\":{\"name\":\"admin\",\"@id\":\"https:\/\/challengeseconomiques.com\/#\/schema\/person\/b4568c9afebc5a9238a771873801e349\"},\"headline\":\"Le R\u00e9f\u00e9rentiel S\u00e9n\u00e9gal 2050 veut r\u00e9aliser un S\u00e9n\u00e9gal souverain, juste et prosp\u00e8re\",\"datePublished\":\"2024-10-14T21:33:08+00:00\",\"dateModified\":\"2024-10-14T21:33:43+00:00\",\"mainEntityOfPage\":{\"@id\":\"https:\/\/challengeseconomiques.com\/?p=7193\"},\"wordCount\":427,\"image\":{\"@id\":\"https:\/\/challengeseconomiques.com\/?p=7193#primaryimage\"},\"thumbnailUrl\":\"https:\/\/challengeseconomiques.com\/wp-content\/uploads\/2024\/10\/SONKO2.png\",\"articleSection\":[\"A la une\"],\"inLanguage\":\"fr-FR\"},{\"@type\":\"WebPage\",\"@id\":\"https:\/\/challengeseconomiques.com\/?p=7193\",\"url\":\"https:\/\/challengeseconomiques.com\/?p=7193\",\"name\":\"Le R\u00e9f\u00e9rentiel S\u00e9n\u00e9gal 2050 veut r\u00e9aliser un S\u00e9n\u00e9gal souverain, juste et prosp\u00e8re - challenges economiques\",\"isPartOf\":{\"@id\":\"https:\/\/challengeseconomiques.com\/#website\"},\"primaryImageOfPage\":{\"@id\":\"https:\/\/challengeseconomiques.com\/?p=7193#primaryimage\"},\"image\":{\"@id\":\"https:\/\/challengeseconomiques.com\/?p=7193#primaryimage\"},\"thumbnailUrl\":\"https:\/\/challengeseconomiques.com\/wp-content\/uploads\/2024\/10\/SONKO2.png\",\"datePublished\":\"2024-10-14T21:33:08+00:00\",\"dateModified\":\"2024-10-14T21:33:43+00:00\",\"author\":{\"@id\":\"https:\/\/challengeseconomiques.com\/#\/schema\/person\/b4568c9afebc5a9238a771873801e349\"},\"breadcrumb\":{\"@id\":\"https:\/\/challengeseconomiques.com\/?p=7193#breadcrumb\"},\"inLanguage\":\"fr-FR\",\"potentialAction\":[{\"@type\":\"ReadAction\",\"target\":[\"https:\/\/challengeseconomiques.com\/?p=7193\"]}]},{\"@type\":\"ImageObject\",\"inLanguage\":\"fr-FR\",\"@id\":\"https:\/\/challengeseconomiques.com\/?p=7193#primaryimage\",\"url\":\"https:\/\/challengeseconomiques.com\/wp-content\/uploads\/2024\/10\/SONKO2.png\",\"contentUrl\":\"https:\/\/challengeseconomiques.com\/wp-content\/uploads\/2024\/10\/SONKO2.png\",\"width\":1140,\"height\":570},{\"@type\":\"BreadcrumbList\",\"@id\":\"https:\/\/challengeseconomiques.com\/?p=7193#breadcrumb\",\"itemListElement\":[{\"@type\":\"ListItem\",\"position\":1,\"name\":\"Home\",\"item\":\"https:\/\/challengeseconomiques.com\/\"},{\"@type\":\"ListItem\",\"position\":2,\"name\":\"Le R\u00e9f\u00e9rentiel S\u00e9n\u00e9gal 2050 veut r\u00e9aliser un S\u00e9n\u00e9gal souverain, juste et prosp\u00e8re\"}]},{\"@type\":\"WebSite\",\"@id\":\"https:\/\/challengeseconomiques.com\/#website\",\"url\":\"https:\/\/challengeseconomiques.com\/\",\"name\":\"challenges economiques\",\"description\":\"\",\"potentialAction\":[{\"@type\":\"SearchAction\",\"target\":{\"@type\":\"EntryPoint\",\"urlTemplate\":\"https:\/\/challengeseconomiques.com\/?s={search_term_string}\"},\"query-input\":{\"@type\":\"PropertyValueSpecification\",\"valueRequired\":true,\"valueName\":\"search_term_string\"}}],\"inLanguage\":\"fr-FR\"},{\"@type\":\"Person\",\"@id\":\"https:\/\/challengeseconomiques.com\/#\/schema\/person\/b4568c9afebc5a9238a771873801e349\",\"name\":\"admin\",\"image\":{\"@type\":\"ImageObject\",\"inLanguage\":\"fr-FR\",\"@id\":\"https:\/\/challengeseconomiques.com\/#\/schema\/person\/image\/\",\"url\":\"https:\/\/secure.gravatar.com\/avatar\/099e42240b5eea11acdb72751fcce0dd918603f0749d24974b7984ea47ed9fd9?s=96&d=mm&r=g\",\"contentUrl\":\"https:\/\/secure.gravatar.com\/avatar\/099e42240b5eea11acdb72751fcce0dd918603f0749d24974b7984ea47ed9fd9?s=96&d=mm&r=g\",\"caption\":\"admin\"},\"sameAs\":[\"https:\/\/challengeseconomiques.com\"],\"url\":\"https:\/\/challengeseconomiques.com\/?author=1\"}]}<\/script>\n<!-- \/ Yoast SEO plugin. -->","yoast_head_json":{"title":"Le R\u00e9f\u00e9rentiel S\u00e9n\u00e9gal 2050 veut r\u00e9aliser un S\u00e9n\u00e9gal souverain, juste et prosp\u00e8re - challenges economiques","robots":{"index":"index","follow":"follow","max-snippet":"max-snippet:-1","max-image-preview":"max-image-preview:large","max-video-preview":"max-video-preview:-1"},"canonical":"https:\/\/challengeseconomiques.com\/?p=7193","og_locale":"fr_FR","og_type":"article","og_title":"Le R\u00e9f\u00e9rentiel S\u00e9n\u00e9gal 2050 veut r\u00e9aliser un S\u00e9n\u00e9gal souverain, juste et prosp\u00e8re - challenges economiques","og_description":"Le Premier ministre du S\u00e9n\u00e9gal, Ousmane Sonko a indiqu\u00e9 que l&rsquo;objectif de son gouvernement \u00e0 travers Le R\u00e9f\u00e9rentiel S\u00e9n\u00e9gal 2050, le r\u00e9f\u00e9rentiel des politiques de...","og_url":"https:\/\/challengeseconomiques.com\/?p=7193","og_site_name":"challenges economiques","article_published_time":"2024-10-14T21:33:08+00:00","article_modified_time":"2024-10-14T21:33:43+00:00","og_image":[{"width":1140,"height":570,"url":"https:\/\/challengeseconomiques.com\/wp-content\/uploads\/2024\/10\/SONKO2.png","type":"image\/png"}],"author":"admin","twitter_card":"summary_large_image","twitter_misc":{"\u00c9crit par":"admin","Dur\u00e9e de lecture estim\u00e9e":"2 minutes"},"schema":{"@context":"https:\/\/schema.org","@graph":[{"@type":"Article","@id":"https:\/\/challengeseconomiques.com\/?p=7193#article","isPartOf":{"@id":"https:\/\/challengeseconomiques.com\/?p=7193"},"author":{"name":"admin","@id":"https:\/\/challengeseconomiques.com\/#\/schema\/person\/b4568c9afebc5a9238a771873801e349"},"headline":"Le R\u00e9f\u00e9rentiel S\u00e9n\u00e9gal 2050 veut r\u00e9aliser un S\u00e9n\u00e9gal souverain, juste et prosp\u00e8re","datePublished":"2024-10-14T21:33:08+00:00","dateModified":"2024-10-14T21:33:43+00:00","mainEntityOfPage":{"@id":"https:\/\/challengeseconomiques.com\/?p=7193"},"wordCount":427,"image":{"@id":"https:\/\/challengeseconomiques.com\/?p=7193#primaryimage"},"thumbnailUrl":"https:\/\/challengeseconomiques.com\/wp-content\/uploads\/2024\/10\/SONKO2.png","articleSection":["A la une"],"inLanguage":"fr-FR"},{"@type":"WebPage","@id":"https:\/\/challengeseconomiques.com\/?p=7193","url":"https:\/\/challengeseconomiques.com\/?p=7193","name":"Le R\u00e9f\u00e9rentiel S\u00e9n\u00e9gal 2050 veut r\u00e9aliser un S\u00e9n\u00e9gal souverain, juste et prosp\u00e8re - challenges economiques","isPartOf":{"@id":"https:\/\/challengeseconomiques.com\/#website"},"primaryImageOfPage":{"@id":"https:\/\/challengeseconomiques.com\/?p=7193#primaryimage"},"image":{"@id":"https:\/\/challengeseconomiques.com\/?p=7193#primaryimage"},"thumbnailUrl":"https:\/\/challengeseconomiques.com\/wp-content\/uploads\/2024\/10\/SONKO2.png","datePublished":"2024-10-14T21:33:08+00:00","dateModified":"2024-10-14T21:33:43+00:00","author":{"@id":"https:\/\/challengeseconomiques.com\/#\/schema\/person\/b4568c9afebc5a9238a771873801e349"},"breadcrumb":{"@id":"https:\/\/challengeseconomiques.com\/?p=7193#breadcrumb"},"inLanguage":"fr-FR","potentialAction":[{"@type":"ReadAction","target":["https:\/\/challengeseconomiques.com\/?p=7193"]}]},{"@type":"ImageObject","inLanguage":"fr-FR","@id":"https:\/\/challengeseconomiques.com\/?p=7193#primaryimage","url":"https:\/\/challengeseconomiques.com\/wp-content\/uploads\/2024\/10\/SONKO2.png","contentUrl":"https:\/\/challengeseconomiques.com\/wp-content\/uploads\/2024\/10\/SONKO2.png","width":1140,"height":570},{"@type":"BreadcrumbList","@id":"https:\/\/challengeseconomiques.com\/?p=7193#breadcrumb","itemListElement":[{"@type":"ListItem","position":1,"name":"Home","item":"https:\/\/challengeseconomiques.com\/"},{"@type":"ListItem","position":2,"name":"Le R\u00e9f\u00e9rentiel S\u00e9n\u00e9gal 2050 veut r\u00e9aliser un S\u00e9n\u00e9gal souverain, juste et prosp\u00e8re"}]},{"@type":"WebSite","@id":"https:\/\/challengeseconomiques.com\/#website","url":"https:\/\/challengeseconomiques.com\/","name":"challenges economiques","description":"","potentialAction":[{"@type":"SearchAction","target":{"@type":"EntryPoint","urlTemplate":"https:\/\/challengeseconomiques.com\/?s={search_term_string}"},"query-input":{"@type":"PropertyValueSpecification","valueRequired":true,"valueName":"search_term_string"}}],"inLanguage":"fr-FR"},{"@type":"Person","@id":"https:\/\/challengeseconomiques.com\/#\/schema\/person\/b4568c9afebc5a9238a771873801e349","name":"admin","image":{"@type":"ImageObject","inLanguage":"fr-FR","@id":"https:\/\/challengeseconomiques.com\/#\/schema\/person\/image\/","url":"https:\/\/secure.gravatar.com\/avatar\/099e42240b5eea11acdb72751fcce0dd918603f0749d24974b7984ea47ed9fd9?s=96&d=mm&r=g","contentUrl":"https:\/\/secure.gravatar.com\/avatar\/099e42240b5eea11acdb72751fcce0dd918603f0749d24974b7984ea47ed9fd9?s=96&d=mm&r=g","caption":"admin"},"sameAs":["https:\/\/challengeseconomiques.com"],"url":"https:\/\/challengeseconomiques.com\/?author=1"}]}},"jetpack_featured_media_url":"https:\/\/challengeseconomiques.com\/wp-content\/uploads\/2024\/10\/SONKO2.png","jetpack_sharing_enabled":true,"_links":{"self":[{"href":"https:\/\/challengeseconomiques.com\/index.php?rest_route=\/wp\/v2\/posts\/7193","targetHints":{"allow":["GET"]}}],"collection":[{"href":"https:\/\/challengeseconomiques.com\/index.php?rest_route=\/wp\/v2\/posts"}],"about":[{"href":"https:\/\/challengeseconomiques.com\/index.php?rest_route=\/wp\/v2\/types\/post"}],"author":[{"embeddable":true,"href":"https:\/\/challengeseconomiques.com\/index.php?rest_route=\/wp\/v2\/users\/1"}],"replies":[{"embeddable":true,"href":"https:\/\/challengeseconomiques.com\/index.php?rest_route=%2Fwp%2Fv2%2Fcomments&post=7193"}],"version-history":[{"count":1,"href":"https:\/\/challengeseconomiques.com\/index.php?rest_route=\/wp\/v2\/posts\/7193\/revisions"}],"predecessor-version":[{"id":7195,"href":"https:\/\/challengeseconomiques.com\/index.php?rest_route=\/wp\/v2\/posts\/7193\/revisions\/7195"}],"wp:featuredmedia":[{"embeddable":true,"href":"https:\/\/challengeseconomiques.com\/index.php?rest_route=\/wp\/v2\/media\/7194"}],"wp:attachment":[{"href":"https:\/\/challengeseconomiques.com\/index.php?rest_route=%2Fwp%2Fv2%2Fmedia&parent=7193"}],"wp:term":[{"taxonomy":"category","embeddable":true,"href":"https:\/\/challengeseconomiques.com\/index.php?rest_route=%2Fwp%2Fv2%2Fcategories&post=7193"},{"taxonomy":"post_tag","embeddable":true,"href":"https:\/\/challengeseconomiques.com\/index.php?rest_route=%2Fwp%2Fv2%2Ftags&post=7193"}],"curies":[{"name":"wp","href":"https:\/\/api.w.org\/{rel}","templated":true}]}}