{"id":7189,"date":"2024-10-14T16:58:58","date_gmt":"2024-10-14T16:58:58","guid":{"rendered":"https:\/\/challengeseconomiques.com\/?p=7189"},"modified":"2024-10-14T17:02:15","modified_gmt":"2024-10-14T17:02:15","slug":"rencontre-entre-le-cosec-et-lunccias-les-deux-structures-pretes-a-renforcer-leur-collaboration","status":"publish","type":"post","link":"https:\/\/challengeseconomiques.com\/?p=7189","title":{"rendered":"Rencontre entre le COSEC et l\u2019UNCCIAS : Les deux structures pr\u00eates \u00e0 renforcer leur collaboration"},"content":{"rendered":"<p><strong>Le renforcement des relations entre les Chambres de Commerce, d\u2019Industrie et d\u2019Agriculture du S\u00e9n\u00e9gal et le Conseil S\u00e9n\u00e9galais des Chargeurs (COSEC) \u00e9tait au centre des discussions lors de la rencontre entre les autorit\u00e9s des deux institutions, tenue le vendredi 11 octobre 2024 \u00e0 la Chambre de Commerce de Dakar. Les repr\u00e9sentants de l\u2019Union Nationale des Chambres de Commerce, d\u2019Industrie et d\u2019Agriculture du S\u00e9n\u00e9gal (UNCCIAS) ont sollicit\u00e9 un soutien accru de la part du COSEC, en particulier pour leurs projets d\u2019investissement.<\/strong><\/p>\n<p>Les Chambres de Commerce des r\u00e9gions de Dakar, Kaffrine, Kolda, Louga, Saint-Louis, Tambacounda et Ziguinchor, r\u00e9unies au sein de l\u2019UNCCIAS, ont \u00e9chang\u00e9 avec la nouvelle directrice g\u00e9n\u00e9rale du COSEC, Mme Ndeye Rokhaya Thiam, sur divers points.<br \/>\nLe pr\u00e9sident de l\u2019UNCCIAS, Abdoulaye Sow, a f\u00e9licit\u00e9 Mme Thiam pour sa nomination, exprimant l\u2019espoir des acteurs du secteur priv\u00e9 en sa capacit\u00e9 \u00e0 r\u00e9pondre aux attentes.<br \/>\nM. Sow a rappel\u00e9 les missions du COSEC, soulignant son r\u00f4le cl\u00e9 dans la d\u00e9finition de la politique de promotion et de protection des int\u00e9r\u00eats des importateurs et exportateurs du pays, ainsi que l\u2019assistance multiforme qu\u2019il apporte aux chargeurs, repr\u00e9sent\u00e9s par les Chambres de Commerce.<\/p>\n<p><strong>Les attentes des Chambres de Commerce<\/strong><\/p>\n<p>Abdoulaye Sow a \u00e9voqu\u00e9 plusieurs pr\u00e9occupations des Chambres de Commerce. Parmi elles, la n\u00e9cessit\u00e9 d\u2019installer des ponts-bascules dans chaque r\u00e9gion pour assurer la pes\u00e9e publique. Il a \u00e9galement soulign\u00e9 l\u2019importance de confier \u00e0 la Chambre de Commerce de Dakar la gestion des plateformes fixes de pes\u00e9e des v\u00e9hicules, en particulier sur le corridor Dakar-Bamako.<br \/>\nEn dehors des activit\u00e9s li\u00e9es au pesage, le pr\u00e9sident de l\u2019UNCCIAS a plaid\u00e9 pour un soutien plus fort du COSEC afin de permettre aux Chambres de Commerce de renforcer leur autonomie, notamment sur le plan budg\u00e9taire.<br \/>\nLes repr\u00e9sentants des Chambres \u00a0de commerce ont tour \u00e0 tour \u00e9num\u00e9r\u00e9 les besoins sp\u00e9cifiques de leurs structures, parmi lesquels l\u2019accompagnement pour des projets d\u2019investissement. Parmi ces projets, figurent la cr\u00e9ation d\u2019\u00e9coles de formation, la construction d\u2019un port sec \u00e0 Ziguinchor, la mise en place de magasins de stockage, ainsi que l\u2019acquisition de nouveaux bateaux pour le transport de personnes et de marchandises entre Dakar et Ziguinchor. Ces initiatives devraient permettre aux Chambres de Commerce d\u2019am\u00e9liorer leurs ressources pour mieux soutenir les acteurs \u00e9conomiques du S\u00e9n\u00e9gal.<\/p>\n<p><strong>Mise en place d\u2019un bureau de fret<\/strong><\/p>\n<p>La gestion du corridor Dakar-Bamako souffre d\u2019un manque de r\u00e9gulation, notamment en ce qui concerne les tarifs appliqu\u00e9s et les nombreuses tracasseries administratives. Ce point a \u00e9t\u00e9 soulev\u00e9 par Mbargou Badiane, pr\u00e9sident de la F\u00e9d\u00e9ration Nationale des Transporteurs du S\u00e9n\u00e9gal et vice-pr\u00e9sident de la Chambre de Commerce de Dakar (CCIAD). Il a recommand\u00e9 l\u2019adoption d\u2019une lettre de transport pour r\u00e9guler les contrats de transport et la cr\u00e9ation d\u2019un bureau de fret afin d\u2019harmoniser les tarifs.<br \/>\nLe pr\u00e9sident de l\u2019UNCCIAS, quant \u00e0 lui, est convaincu que ces mesures faciliteraient le renouvellement du parc des gros-porteurs et renforceraient la comp\u00e9titivit\u00e9 des transporteurs s\u00e9n\u00e9galais.<\/p>\n<p><strong>Les assurances du COSEC<\/strong><\/p>\n<p>Pour sa part, le COSEC reconna\u00eet le r\u00f4le central que jouent les Chambres de Commerce dans la mise en \u0153uvre de la nouvelle politique \u00e9conomique du S\u00e9n\u00e9gal. Mme Thiam a r\u00e9affirm\u00e9 sa volont\u00e9 d\u2019accompagner les institutions consulaires afin qu\u2019elles puissent mieux soutenir le secteur priv\u00e9. Toutes les dol\u00e9ances exprim\u00e9es lors de la rencontre ont \u00e9t\u00e9 prises en compte, a-t-elle assur\u00e9.<br \/>\nEn ce qui concerne la gestion du corridor Dakar-Bamako, Mme Thiam a mentionn\u00e9 que des r\u00e9formes majeures sont n\u00e9cessaires. Ces r\u00e9formes feront l\u2019objet de discussions avec les parties prenantes, dont les Chambres consulaires, le Port Autonome de Dakar et l\u2019Agence Nationale des Affaires Maritimes.<br \/>\nS\u2019agissant de la lettre de transport, Mme Thiam a indiqu\u00e9 que ce dossier est une priorit\u00e9 pour les nouvelles autorit\u00e9s et qu\u2019il sera discut\u00e9 lors des prochaines Assises du Transport. En ce qui concerne le transport maritime entre Dakar et Ziguinchor, Mme Thiam, \u00e9galement pr\u00e9sidente du conseil d\u2019administration du COSAMA, a \u00e9voqu\u00e9 le manque de moyens de la structure pour mener \u00e0 bien ses missions et a sollicit\u00e9 l\u2019appui des autorit\u00e9s pour redresser l\u2019entit\u00e9.<br \/>\nEnfin, elle a r\u00e9affirm\u00e9 son engagement \u00e0 collaborer davantage avec l\u2019UNCCIAS et a assur\u00e9 que les recommandations issues de cette rencontre seront examin\u00e9es avec une attention particuli\u00e8re.<\/p>\n<p><strong>Sanou BADIANE (BIE)<\/strong><\/p>\n","protected":false},"excerpt":{"rendered":"<p>Le renforcement des relations entre les Chambres de Commerce, d\u2019Industrie et d\u2019Agriculture du S\u00e9n\u00e9gal et le Conseil S\u00e9n\u00e9galais des Chargeurs (COSEC) \u00e9tait au centre des&#8230;<\/p>\n","protected":false},"author":1,"featured_media":7190,"comment_status":"closed","ping_status":"open","sticky":false,"template":"","format":"standard","meta":{"_jetpack_memberships_contains_paid_content":false,"footnotes":""},"categories":[8,10],"tags":[],"class_list":["post-7189","post","type-post","status-publish","format-standard","has-post-thumbnail","hentry","category-actualite-economique","category-infos-eco","wpcat-8-id","wpcat-10-id"],"yoast_head":"<!-- This site is optimized with the Yoast SEO plugin v27.1.1 - https:\/\/yoast.com\/product\/yoast-seo-wordpress\/ -->\n<title>Rencontre entre le COSEC et l\u2019UNCCIAS : Les deux structures pr\u00eates \u00e0 renforcer leur collaboration - challenges economiques<\/title>\n<meta name=\"robots\" content=\"index, follow, max-snippet:-1, max-image-preview:large, max-video-preview:-1\" \/>\n<link rel=\"canonical\" href=\"https:\/\/challengeseconomiques.com\/?p=7189\" \/>\n<meta property=\"og:locale\" content=\"fr_FR\" \/>\n<meta property=\"og:type\" content=\"article\" \/>\n<meta property=\"og:title\" content=\"Rencontre entre le COSEC et l\u2019UNCCIAS : Les deux structures pr\u00eates \u00e0 renforcer leur collaboration - challenges economiques\" \/>\n<meta property=\"og:description\" content=\"Le renforcement des relations entre les Chambres de Commerce, d\u2019Industrie et d\u2019Agriculture du S\u00e9n\u00e9gal et le Conseil S\u00e9n\u00e9galais des Chargeurs (COSEC) \u00e9tait au centre des...\" \/>\n<meta property=\"og:url\" content=\"https:\/\/challengeseconomiques.com\/?p=7189\" \/>\n<meta property=\"og:site_name\" content=\"challenges economiques\" \/>\n<meta property=\"article:published_time\" content=\"2024-10-14T16:58:58+00:00\" \/>\n<meta property=\"article:modified_time\" content=\"2024-10-14T17:02:15+00:00\" \/>\n<meta property=\"og:image\" content=\"https:\/\/challengeseconomiques.com\/wp-content\/uploads\/2024\/10\/cosecciad.jpeg\" \/>\n\t<meta property=\"og:image:width\" content=\"1080\" \/>\n\t<meta property=\"og:image:height\" content=\"720\" \/>\n\t<meta property=\"og:image:type\" content=\"image\/jpeg\" \/>\n<meta name=\"author\" content=\"admin\" \/>\n<meta name=\"twitter:card\" content=\"summary_large_image\" \/>\n<meta name=\"twitter:label1\" content=\"\u00c9crit par\" \/>\n\t<meta name=\"twitter:data1\" content=\"admin\" \/>\n\t<meta name=\"twitter:label2\" content=\"Dur\u00e9e de lecture estim\u00e9e\" \/>\n\t<meta name=\"twitter:data2\" content=\"4 minutes\" \/>\n<script type=\"application\/ld+json\" class=\"yoast-schema-graph\">{\"@context\":\"https:\/\/schema.org\",\"@graph\":[{\"@type\":\"Article\",\"@id\":\"https:\/\/challengeseconomiques.com\/?p=7189#article\",\"isPartOf\":{\"@id\":\"https:\/\/challengeseconomiques.com\/?p=7189\"},\"author\":{\"name\":\"admin\",\"@id\":\"https:\/\/challengeseconomiques.com\/#\/schema\/person\/b4568c9afebc5a9238a771873801e349\"},\"headline\":\"Rencontre entre le COSEC et l\u2019UNCCIAS : Les deux structures pr\u00eates \u00e0 renforcer leur collaboration\",\"datePublished\":\"2024-10-14T16:58:58+00:00\",\"dateModified\":\"2024-10-14T17:02:15+00:00\",\"mainEntityOfPage\":{\"@id\":\"https:\/\/challengeseconomiques.com\/?p=7189\"},\"wordCount\":799,\"image\":{\"@id\":\"https:\/\/challengeseconomiques.com\/?p=7189#primaryimage\"},\"thumbnailUrl\":\"https:\/\/challengeseconomiques.com\/wp-content\/uploads\/2024\/10\/cosecciad.jpeg\",\"articleSection\":[\"Actualit\u00e9 \u00e9conomique\",\"Infos \u00e9co\"],\"inLanguage\":\"fr-FR\"},{\"@type\":\"WebPage\",\"@id\":\"https:\/\/challengeseconomiques.com\/?p=7189\",\"url\":\"https:\/\/challengeseconomiques.com\/?p=7189\",\"name\":\"Rencontre entre le COSEC et l\u2019UNCCIAS : Les deux structures pr\u00eates \u00e0 renforcer leur collaboration - challenges economiques\",\"isPartOf\":{\"@id\":\"https:\/\/challengeseconomiques.com\/#website\"},\"primaryImageOfPage\":{\"@id\":\"https:\/\/challengeseconomiques.com\/?p=7189#primaryimage\"},\"image\":{\"@id\":\"https:\/\/challengeseconomiques.com\/?p=7189#primaryimage\"},\"thumbnailUrl\":\"https:\/\/challengeseconomiques.com\/wp-content\/uploads\/2024\/10\/cosecciad.jpeg\",\"datePublished\":\"2024-10-14T16:58:58+00:00\",\"dateModified\":\"2024-10-14T17:02:15+00:00\",\"author\":{\"@id\":\"https:\/\/challengeseconomiques.com\/#\/schema\/person\/b4568c9afebc5a9238a771873801e349\"},\"breadcrumb\":{\"@id\":\"https:\/\/challengeseconomiques.com\/?p=7189#breadcrumb\"},\"inLanguage\":\"fr-FR\",\"potentialAction\":[{\"@type\":\"ReadAction\",\"target\":[\"https:\/\/challengeseconomiques.com\/?p=7189\"]}]},{\"@type\":\"ImageObject\",\"inLanguage\":\"fr-FR\",\"@id\":\"https:\/\/challengeseconomiques.com\/?p=7189#primaryimage\",\"url\":\"https:\/\/challengeseconomiques.com\/wp-content\/uploads\/2024\/10\/cosecciad.jpeg\",\"contentUrl\":\"https:\/\/challengeseconomiques.com\/wp-content\/uploads\/2024\/10\/cosecciad.jpeg\",\"width\":1080,\"height\":720},{\"@type\":\"BreadcrumbList\",\"@id\":\"https:\/\/challengeseconomiques.com\/?p=7189#breadcrumb\",\"itemListElement\":[{\"@type\":\"ListItem\",\"position\":1,\"name\":\"Home\",\"item\":\"https:\/\/challengeseconomiques.com\/\"},{\"@type\":\"ListItem\",\"position\":2,\"name\":\"Rencontre entre le COSEC et l\u2019UNCCIAS : Les deux structures pr\u00eates \u00e0 renforcer leur collaboration\"}]},{\"@type\":\"WebSite\",\"@id\":\"https:\/\/challengeseconomiques.com\/#website\",\"url\":\"https:\/\/challengeseconomiques.com\/\",\"name\":\"challenges economiques\",\"description\":\"\",\"potentialAction\":[{\"@type\":\"SearchAction\",\"target\":{\"@type\":\"EntryPoint\",\"urlTemplate\":\"https:\/\/challengeseconomiques.com\/?s={search_term_string}\"},\"query-input\":{\"@type\":\"PropertyValueSpecification\",\"valueRequired\":true,\"valueName\":\"search_term_string\"}}],\"inLanguage\":\"fr-FR\"},{\"@type\":\"Person\",\"@id\":\"https:\/\/challengeseconomiques.com\/#\/schema\/person\/b4568c9afebc5a9238a771873801e349\",\"name\":\"admin\",\"image\":{\"@type\":\"ImageObject\",\"inLanguage\":\"fr-FR\",\"@id\":\"https:\/\/challengeseconomiques.com\/#\/schema\/person\/image\/\",\"url\":\"https:\/\/secure.gravatar.com\/avatar\/099e42240b5eea11acdb72751fcce0dd918603f0749d24974b7984ea47ed9fd9?s=96&d=mm&r=g\",\"contentUrl\":\"https:\/\/secure.gravatar.com\/avatar\/099e42240b5eea11acdb72751fcce0dd918603f0749d24974b7984ea47ed9fd9?s=96&d=mm&r=g\",\"caption\":\"admin\"},\"sameAs\":[\"https:\/\/challengeseconomiques.com\"],\"url\":\"https:\/\/challengeseconomiques.com\/?author=1\"}]}<\/script>\n<!-- \/ Yoast SEO plugin. -->","yoast_head_json":{"title":"Rencontre entre le COSEC et l\u2019UNCCIAS : Les deux structures pr\u00eates \u00e0 renforcer leur collaboration - challenges economiques","robots":{"index":"index","follow":"follow","max-snippet":"max-snippet:-1","max-image-preview":"max-image-preview:large","max-video-preview":"max-video-preview:-1"},"canonical":"https:\/\/challengeseconomiques.com\/?p=7189","og_locale":"fr_FR","og_type":"article","og_title":"Rencontre entre le COSEC et l\u2019UNCCIAS : Les deux structures pr\u00eates \u00e0 renforcer leur collaboration - challenges economiques","og_description":"Le renforcement des relations entre les Chambres de Commerce, d\u2019Industrie et d\u2019Agriculture du S\u00e9n\u00e9gal et le Conseil S\u00e9n\u00e9galais des Chargeurs (COSEC) \u00e9tait au centre des...","og_url":"https:\/\/challengeseconomiques.com\/?p=7189","og_site_name":"challenges economiques","article_published_time":"2024-10-14T16:58:58+00:00","article_modified_time":"2024-10-14T17:02:15+00:00","og_image":[{"width":1080,"height":720,"url":"https:\/\/challengeseconomiques.com\/wp-content\/uploads\/2024\/10\/cosecciad.jpeg","type":"image\/jpeg"}],"author":"admin","twitter_card":"summary_large_image","twitter_misc":{"\u00c9crit par":"admin","Dur\u00e9e de lecture estim\u00e9e":"4 minutes"},"schema":{"@context":"https:\/\/schema.org","@graph":[{"@type":"Article","@id":"https:\/\/challengeseconomiques.com\/?p=7189#article","isPartOf":{"@id":"https:\/\/challengeseconomiques.com\/?p=7189"},"author":{"name":"admin","@id":"https:\/\/challengeseconomiques.com\/#\/schema\/person\/b4568c9afebc5a9238a771873801e349"},"headline":"Rencontre entre le COSEC et l\u2019UNCCIAS : Les deux structures pr\u00eates \u00e0 renforcer leur collaboration","datePublished":"2024-10-14T16:58:58+00:00","dateModified":"2024-10-14T17:02:15+00:00","mainEntityOfPage":{"@id":"https:\/\/challengeseconomiques.com\/?p=7189"},"wordCount":799,"image":{"@id":"https:\/\/challengeseconomiques.com\/?p=7189#primaryimage"},"thumbnailUrl":"https:\/\/challengeseconomiques.com\/wp-content\/uploads\/2024\/10\/cosecciad.jpeg","articleSection":["Actualit\u00e9 \u00e9conomique","Infos \u00e9co"],"inLanguage":"fr-FR"},{"@type":"WebPage","@id":"https:\/\/challengeseconomiques.com\/?p=7189","url":"https:\/\/challengeseconomiques.com\/?p=7189","name":"Rencontre entre le COSEC et l\u2019UNCCIAS : Les deux structures pr\u00eates \u00e0 renforcer leur collaboration - challenges economiques","isPartOf":{"@id":"https:\/\/challengeseconomiques.com\/#website"},"primaryImageOfPage":{"@id":"https:\/\/challengeseconomiques.com\/?p=7189#primaryimage"},"image":{"@id":"https:\/\/challengeseconomiques.com\/?p=7189#primaryimage"},"thumbnailUrl":"https:\/\/challengeseconomiques.com\/wp-content\/uploads\/2024\/10\/cosecciad.jpeg","datePublished":"2024-10-14T16:58:58+00:00","dateModified":"2024-10-14T17:02:15+00:00","author":{"@id":"https:\/\/challengeseconomiques.com\/#\/schema\/person\/b4568c9afebc5a9238a771873801e349"},"breadcrumb":{"@id":"https:\/\/challengeseconomiques.com\/?p=7189#breadcrumb"},"inLanguage":"fr-FR","potentialAction":[{"@type":"ReadAction","target":["https:\/\/challengeseconomiques.com\/?p=7189"]}]},{"@type":"ImageObject","inLanguage":"fr-FR","@id":"https:\/\/challengeseconomiques.com\/?p=7189#primaryimage","url":"https:\/\/challengeseconomiques.com\/wp-content\/uploads\/2024\/10\/cosecciad.jpeg","contentUrl":"https:\/\/challengeseconomiques.com\/wp-content\/uploads\/2024\/10\/cosecciad.jpeg","width":1080,"height":720},{"@type":"BreadcrumbList","@id":"https:\/\/challengeseconomiques.com\/?p=7189#breadcrumb","itemListElement":[{"@type":"ListItem","position":1,"name":"Home","item":"https:\/\/challengeseconomiques.com\/"},{"@type":"ListItem","position":2,"name":"Rencontre entre le COSEC et l\u2019UNCCIAS : Les deux structures pr\u00eates \u00e0 renforcer leur collaboration"}]},{"@type":"WebSite","@id":"https:\/\/challengeseconomiques.com\/#website","url":"https:\/\/challengeseconomiques.com\/","name":"challenges economiques","description":"","potentialAction":[{"@type":"SearchAction","target":{"@type":"EntryPoint","urlTemplate":"https:\/\/challengeseconomiques.com\/?s={search_term_string}"},"query-input":{"@type":"PropertyValueSpecification","valueRequired":true,"valueName":"search_term_string"}}],"inLanguage":"fr-FR"},{"@type":"Person","@id":"https:\/\/challengeseconomiques.com\/#\/schema\/person\/b4568c9afebc5a9238a771873801e349","name":"admin","image":{"@type":"ImageObject","inLanguage":"fr-FR","@id":"https:\/\/challengeseconomiques.com\/#\/schema\/person\/image\/","url":"https:\/\/secure.gravatar.com\/avatar\/099e42240b5eea11acdb72751fcce0dd918603f0749d24974b7984ea47ed9fd9?s=96&d=mm&r=g","contentUrl":"https:\/\/secure.gravatar.com\/avatar\/099e42240b5eea11acdb72751fcce0dd918603f0749d24974b7984ea47ed9fd9?s=96&d=mm&r=g","caption":"admin"},"sameAs":["https:\/\/challengeseconomiques.com"],"url":"https:\/\/challengeseconomiques.com\/?author=1"}]}},"jetpack_featured_media_url":"https:\/\/challengeseconomiques.com\/wp-content\/uploads\/2024\/10\/cosecciad.jpeg","jetpack_sharing_enabled":true,"_links":{"self":[{"href":"https:\/\/challengeseconomiques.com\/index.php?rest_route=\/wp\/v2\/posts\/7189","targetHints":{"allow":["GET"]}}],"collection":[{"href":"https:\/\/challengeseconomiques.com\/index.php?rest_route=\/wp\/v2\/posts"}],"about":[{"href":"https:\/\/challengeseconomiques.com\/index.php?rest_route=\/wp\/v2\/types\/post"}],"author":[{"embeddable":true,"href":"https:\/\/challengeseconomiques.com\/index.php?rest_route=\/wp\/v2\/users\/1"}],"replies":[{"embeddable":true,"href":"https:\/\/challengeseconomiques.com\/index.php?rest_route=%2Fwp%2Fv2%2Fcomments&post=7189"}],"version-history":[{"count":2,"href":"https:\/\/challengeseconomiques.com\/index.php?rest_route=\/wp\/v2\/posts\/7189\/revisions"}],"predecessor-version":[{"id":7192,"href":"https:\/\/challengeseconomiques.com\/index.php?rest_route=\/wp\/v2\/posts\/7189\/revisions\/7192"}],"wp:featuredmedia":[{"embeddable":true,"href":"https:\/\/challengeseconomiques.com\/index.php?rest_route=\/wp\/v2\/media\/7190"}],"wp:attachment":[{"href":"https:\/\/challengeseconomiques.com\/index.php?rest_route=%2Fwp%2Fv2%2Fmedia&parent=7189"}],"wp:term":[{"taxonomy":"category","embeddable":true,"href":"https:\/\/challengeseconomiques.com\/index.php?rest_route=%2Fwp%2Fv2%2Fcategories&post=7189"},{"taxonomy":"post_tag","embeddable":true,"href":"https:\/\/challengeseconomiques.com\/index.php?rest_route=%2Fwp%2Fv2%2Ftags&post=7189"}],"curies":[{"name":"wp","href":"https:\/\/api.w.org\/{rel}","templated":true}]}}