{"id":7183,"date":"2024-10-14T11:43:24","date_gmt":"2024-10-14T11:43:24","guid":{"rendered":"https:\/\/challengeseconomiques.com\/?p=7183"},"modified":"2024-10-14T11:45:30","modified_gmt":"2024-10-14T11:45:30","slug":"une-rame-livree-a-lapix-pour-la-deuxieme-phase-du-ter","status":"publish","type":"post","link":"https:\/\/challengeseconomiques.com\/?p=7183","title":{"rendered":"Une rame livr\u00e9e \u00e0 l\u2019APIX pour la deuxi\u00e8me phase du TER"},"content":{"rendered":"<p>L\u2019APIX, l\u2019agence charg\u00e9e de la promotion des investissements et des grands travaux de l\u2019\u00c9tat, a r\u00e9ceptionn\u00e9, vendredi, \u00e0 Dakar, l\u2019une des sept rames command\u00e9es pour la deuxi\u00e8me phase du train express r\u00e9gional (TER), a constat\u00e9 l\u2019APS.<\/p>\n<p>Son directeur charg\u00e9 des grands travaux, Latyr Niang, a proc\u00e9d\u00e9 \u00e0 la r\u00e9ception de cet \u00e9quipement constitu\u00e9 de <span class=\"ddfn\">plusieurs wagons attel\u00e9s,<\/span> dans les locaux du Port autonome de Dakar.<\/p>\n<p>D\u2019autres rames seront livr\u00e9es \u00e0 l\u2019APIX d\u2019ici \u00e0 mars 2025, selon M. Niang.<\/p>\n<p>La construction de la deuxi\u00e8me phase du TER a d\u00e9marr\u00e9 en 2022. Elle consiste \u00e0 construire les ouvrages permettant \u00e0 cette infrastructure de transport de masse de desservir la commune de Diass (ouest), o\u00f9 se trouve l\u2019a\u00e9roport international Blaise-Diagne.<\/p>\n<p>&nbsp;<\/p>\n<p>Selon le directeur charg\u00e9 des grands travaux de l\u2019APIX, l\u2019exploitation de la deuxi\u00e8me phase du TER (19 kilom\u00e8tres) va d\u00e9marrer au cours du second semestre de l\u2019ann\u00e9e prochaine.<\/p>\n<p>Pour construire cette voie ferroviaire, l\u2019\u00c9tat du S\u00e9n\u00e9gal, sous la houlette du pr\u00e9sident de la R\u00e9publique de l\u2019\u00e9poque, Macky Sall, avait sollicit\u00e9 Alstom, une soci\u00e9t\u00e9 fran\u00e7aise sp\u00e9cialis\u00e9e dans les chemins de fer.<\/p>\n<p>Le train express r\u00e9gional, dont la premi\u00e8re phase a \u00e9t\u00e9 inaugur\u00e9e en d\u00e9cembre 2021, assure depuis lors, au quotidien, le transport de milliers de passagers entre Dakar et Diamniadio (ouest), soit une trentaine de kilom\u00e8tres.<\/p>\n<p><strong>(APS)<\/strong><\/p>\n","protected":false},"excerpt":{"rendered":"<p>L\u2019APIX, l\u2019agence charg\u00e9e de la promotion des investissements et des grands travaux de l\u2019\u00c9tat, a r\u00e9ceptionn\u00e9, vendredi, \u00e0 Dakar, l\u2019une des sept rames command\u00e9es pour&#8230;<\/p>\n","protected":false},"author":1,"featured_media":2467,"comment_status":"closed","ping_status":"open","sticky":false,"template":"","format":"standard","meta":{"_jetpack_memberships_contains_paid_content":false,"footnotes":""},"categories":[8,10],"tags":[],"class_list":["post-7183","post","type-post","status-publish","format-standard","has-post-thumbnail","hentry","category-actualite-economique","category-infos-eco","wpcat-8-id","wpcat-10-id"],"yoast_head":"<!-- This site is optimized with the Yoast SEO plugin v27.1.1 - https:\/\/yoast.com\/product\/yoast-seo-wordpress\/ -->\n<title>Une rame livr\u00e9e \u00e0 l\u2019APIX pour la deuxi\u00e8me phase du TER - challenges economiques<\/title>\n<meta name=\"robots\" content=\"index, follow, max-snippet:-1, max-image-preview:large, max-video-preview:-1\" \/>\n<link rel=\"canonical\" href=\"https:\/\/challengeseconomiques.com\/?p=7183\" \/>\n<meta property=\"og:locale\" content=\"fr_FR\" \/>\n<meta property=\"og:type\" content=\"article\" \/>\n<meta property=\"og:title\" content=\"Une rame livr\u00e9e \u00e0 l\u2019APIX pour la deuxi\u00e8me phase du TER - challenges economiques\" \/>\n<meta property=\"og:description\" content=\"L\u2019APIX, l\u2019agence charg\u00e9e de la promotion des investissements et des grands travaux de l\u2019\u00c9tat, a r\u00e9ceptionn\u00e9, vendredi, \u00e0 Dakar, l\u2019une des sept rames command\u00e9es pour...\" \/>\n<meta property=\"og:url\" content=\"https:\/\/challengeseconomiques.com\/?p=7183\" \/>\n<meta property=\"og:site_name\" content=\"challenges economiques\" \/>\n<meta property=\"article:published_time\" content=\"2024-10-14T11:43:24+00:00\" \/>\n<meta property=\"article:modified_time\" content=\"2024-10-14T11:45:30+00:00\" \/>\n<meta property=\"og:image\" content=\"https:\/\/challengeseconomiques.com\/wp-content\/uploads\/2021\/12\/TER-senegal.jpg\" \/>\n\t<meta property=\"og:image:width\" content=\"1200\" \/>\n\t<meta property=\"og:image:height\" content=\"675\" \/>\n\t<meta property=\"og:image:type\" content=\"image\/jpeg\" \/>\n<meta name=\"author\" content=\"admin\" \/>\n<meta name=\"twitter:card\" content=\"summary_large_image\" \/>\n<meta name=\"twitter:label1\" content=\"\u00c9crit par\" \/>\n\t<meta name=\"twitter:data1\" content=\"admin\" \/>\n\t<meta name=\"twitter:label2\" content=\"Dur\u00e9e de lecture estim\u00e9e\" \/>\n\t<meta name=\"twitter:data2\" content=\"1 minute\" \/>\n<script type=\"application\/ld+json\" class=\"yoast-schema-graph\">{\"@context\":\"https:\/\/schema.org\",\"@graph\":[{\"@type\":\"Article\",\"@id\":\"https:\/\/challengeseconomiques.com\/?p=7183#article\",\"isPartOf\":{\"@id\":\"https:\/\/challengeseconomiques.com\/?p=7183\"},\"author\":{\"name\":\"admin\",\"@id\":\"https:\/\/challengeseconomiques.com\/#\/schema\/person\/b4568c9afebc5a9238a771873801e349\"},\"headline\":\"Une rame livr\u00e9e \u00e0 l\u2019APIX pour la deuxi\u00e8me phase du TER\",\"datePublished\":\"2024-10-14T11:43:24+00:00\",\"dateModified\":\"2024-10-14T11:45:30+00:00\",\"mainEntityOfPage\":{\"@id\":\"https:\/\/challengeseconomiques.com\/?p=7183\"},\"wordCount\":260,\"image\":{\"@id\":\"https:\/\/challengeseconomiques.com\/?p=7183#primaryimage\"},\"thumbnailUrl\":\"https:\/\/challengeseconomiques.com\/wp-content\/uploads\/2021\/12\/TER-senegal.jpg\",\"articleSection\":[\"Actualit\u00e9 \u00e9conomique\",\"Infos \u00e9co\"],\"inLanguage\":\"fr-FR\"},{\"@type\":\"WebPage\",\"@id\":\"https:\/\/challengeseconomiques.com\/?p=7183\",\"url\":\"https:\/\/challengeseconomiques.com\/?p=7183\",\"name\":\"Une rame livr\u00e9e \u00e0 l\u2019APIX pour la deuxi\u00e8me phase du TER - challenges economiques\",\"isPartOf\":{\"@id\":\"https:\/\/challengeseconomiques.com\/#website\"},\"primaryImageOfPage\":{\"@id\":\"https:\/\/challengeseconomiques.com\/?p=7183#primaryimage\"},\"image\":{\"@id\":\"https:\/\/challengeseconomiques.com\/?p=7183#primaryimage\"},\"thumbnailUrl\":\"https:\/\/challengeseconomiques.com\/wp-content\/uploads\/2021\/12\/TER-senegal.jpg\",\"datePublished\":\"2024-10-14T11:43:24+00:00\",\"dateModified\":\"2024-10-14T11:45:30+00:00\",\"author\":{\"@id\":\"https:\/\/challengeseconomiques.com\/#\/schema\/person\/b4568c9afebc5a9238a771873801e349\"},\"breadcrumb\":{\"@id\":\"https:\/\/challengeseconomiques.com\/?p=7183#breadcrumb\"},\"inLanguage\":\"fr-FR\",\"potentialAction\":[{\"@type\":\"ReadAction\",\"target\":[\"https:\/\/challengeseconomiques.com\/?p=7183\"]}]},{\"@type\":\"ImageObject\",\"inLanguage\":\"fr-FR\",\"@id\":\"https:\/\/challengeseconomiques.com\/?p=7183#primaryimage\",\"url\":\"https:\/\/challengeseconomiques.com\/wp-content\/uploads\/2021\/12\/TER-senegal.jpg\",\"contentUrl\":\"https:\/\/challengeseconomiques.com\/wp-content\/uploads\/2021\/12\/TER-senegal.jpg\",\"width\":1200,\"height\":675},{\"@type\":\"BreadcrumbList\",\"@id\":\"https:\/\/challengeseconomiques.com\/?p=7183#breadcrumb\",\"itemListElement\":[{\"@type\":\"ListItem\",\"position\":1,\"name\":\"Home\",\"item\":\"https:\/\/challengeseconomiques.com\/\"},{\"@type\":\"ListItem\",\"position\":2,\"name\":\"Une rame livr\u00e9e \u00e0 l\u2019APIX pour la deuxi\u00e8me phase du TER\"}]},{\"@type\":\"WebSite\",\"@id\":\"https:\/\/challengeseconomiques.com\/#website\",\"url\":\"https:\/\/challengeseconomiques.com\/\",\"name\":\"challenges economiques\",\"description\":\"\",\"potentialAction\":[{\"@type\":\"SearchAction\",\"target\":{\"@type\":\"EntryPoint\",\"urlTemplate\":\"https:\/\/challengeseconomiques.com\/?s={search_term_string}\"},\"query-input\":{\"@type\":\"PropertyValueSpecification\",\"valueRequired\":true,\"valueName\":\"search_term_string\"}}],\"inLanguage\":\"fr-FR\"},{\"@type\":\"Person\",\"@id\":\"https:\/\/challengeseconomiques.com\/#\/schema\/person\/b4568c9afebc5a9238a771873801e349\",\"name\":\"admin\",\"image\":{\"@type\":\"ImageObject\",\"inLanguage\":\"fr-FR\",\"@id\":\"https:\/\/challengeseconomiques.com\/#\/schema\/person\/image\/\",\"url\":\"https:\/\/secure.gravatar.com\/avatar\/099e42240b5eea11acdb72751fcce0dd918603f0749d24974b7984ea47ed9fd9?s=96&d=mm&r=g\",\"contentUrl\":\"https:\/\/secure.gravatar.com\/avatar\/099e42240b5eea11acdb72751fcce0dd918603f0749d24974b7984ea47ed9fd9?s=96&d=mm&r=g\",\"caption\":\"admin\"},\"sameAs\":[\"https:\/\/challengeseconomiques.com\"],\"url\":\"https:\/\/challengeseconomiques.com\/?author=1\"}]}<\/script>\n<!-- \/ Yoast SEO plugin. -->","yoast_head_json":{"title":"Une rame livr\u00e9e \u00e0 l\u2019APIX pour la deuxi\u00e8me phase du TER - challenges economiques","robots":{"index":"index","follow":"follow","max-snippet":"max-snippet:-1","max-image-preview":"max-image-preview:large","max-video-preview":"max-video-preview:-1"},"canonical":"https:\/\/challengeseconomiques.com\/?p=7183","og_locale":"fr_FR","og_type":"article","og_title":"Une rame livr\u00e9e \u00e0 l\u2019APIX pour la deuxi\u00e8me phase du TER - challenges economiques","og_description":"L\u2019APIX, l\u2019agence charg\u00e9e de la promotion des investissements et des grands travaux de l\u2019\u00c9tat, a r\u00e9ceptionn\u00e9, vendredi, \u00e0 Dakar, l\u2019une des sept rames command\u00e9es pour...","og_url":"https:\/\/challengeseconomiques.com\/?p=7183","og_site_name":"challenges economiques","article_published_time":"2024-10-14T11:43:24+00:00","article_modified_time":"2024-10-14T11:45:30+00:00","og_image":[{"width":1200,"height":675,"url":"https:\/\/challengeseconomiques.com\/wp-content\/uploads\/2021\/12\/TER-senegal.jpg","type":"image\/jpeg"}],"author":"admin","twitter_card":"summary_large_image","twitter_misc":{"\u00c9crit par":"admin","Dur\u00e9e de lecture estim\u00e9e":"1 minute"},"schema":{"@context":"https:\/\/schema.org","@graph":[{"@type":"Article","@id":"https:\/\/challengeseconomiques.com\/?p=7183#article","isPartOf":{"@id":"https:\/\/challengeseconomiques.com\/?p=7183"},"author":{"name":"admin","@id":"https:\/\/challengeseconomiques.com\/#\/schema\/person\/b4568c9afebc5a9238a771873801e349"},"headline":"Une rame livr\u00e9e \u00e0 l\u2019APIX pour la deuxi\u00e8me phase du TER","datePublished":"2024-10-14T11:43:24+00:00","dateModified":"2024-10-14T11:45:30+00:00","mainEntityOfPage":{"@id":"https:\/\/challengeseconomiques.com\/?p=7183"},"wordCount":260,"image":{"@id":"https:\/\/challengeseconomiques.com\/?p=7183#primaryimage"},"thumbnailUrl":"https:\/\/challengeseconomiques.com\/wp-content\/uploads\/2021\/12\/TER-senegal.jpg","articleSection":["Actualit\u00e9 \u00e9conomique","Infos \u00e9co"],"inLanguage":"fr-FR"},{"@type":"WebPage","@id":"https:\/\/challengeseconomiques.com\/?p=7183","url":"https:\/\/challengeseconomiques.com\/?p=7183","name":"Une rame livr\u00e9e \u00e0 l\u2019APIX pour la deuxi\u00e8me phase du TER - challenges economiques","isPartOf":{"@id":"https:\/\/challengeseconomiques.com\/#website"},"primaryImageOfPage":{"@id":"https:\/\/challengeseconomiques.com\/?p=7183#primaryimage"},"image":{"@id":"https:\/\/challengeseconomiques.com\/?p=7183#primaryimage"},"thumbnailUrl":"https:\/\/challengeseconomiques.com\/wp-content\/uploads\/2021\/12\/TER-senegal.jpg","datePublished":"2024-10-14T11:43:24+00:00","dateModified":"2024-10-14T11:45:30+00:00","author":{"@id":"https:\/\/challengeseconomiques.com\/#\/schema\/person\/b4568c9afebc5a9238a771873801e349"},"breadcrumb":{"@id":"https:\/\/challengeseconomiques.com\/?p=7183#breadcrumb"},"inLanguage":"fr-FR","potentialAction":[{"@type":"ReadAction","target":["https:\/\/challengeseconomiques.com\/?p=7183"]}]},{"@type":"ImageObject","inLanguage":"fr-FR","@id":"https:\/\/challengeseconomiques.com\/?p=7183#primaryimage","url":"https:\/\/challengeseconomiques.com\/wp-content\/uploads\/2021\/12\/TER-senegal.jpg","contentUrl":"https:\/\/challengeseconomiques.com\/wp-content\/uploads\/2021\/12\/TER-senegal.jpg","width":1200,"height":675},{"@type":"BreadcrumbList","@id":"https:\/\/challengeseconomiques.com\/?p=7183#breadcrumb","itemListElement":[{"@type":"ListItem","position":1,"name":"Home","item":"https:\/\/challengeseconomiques.com\/"},{"@type":"ListItem","position":2,"name":"Une rame livr\u00e9e \u00e0 l\u2019APIX pour la deuxi\u00e8me phase du TER"}]},{"@type":"WebSite","@id":"https:\/\/challengeseconomiques.com\/#website","url":"https:\/\/challengeseconomiques.com\/","name":"challenges economiques","description":"","potentialAction":[{"@type":"SearchAction","target":{"@type":"EntryPoint","urlTemplate":"https:\/\/challengeseconomiques.com\/?s={search_term_string}"},"query-input":{"@type":"PropertyValueSpecification","valueRequired":true,"valueName":"search_term_string"}}],"inLanguage":"fr-FR"},{"@type":"Person","@id":"https:\/\/challengeseconomiques.com\/#\/schema\/person\/b4568c9afebc5a9238a771873801e349","name":"admin","image":{"@type":"ImageObject","inLanguage":"fr-FR","@id":"https:\/\/challengeseconomiques.com\/#\/schema\/person\/image\/","url":"https:\/\/secure.gravatar.com\/avatar\/099e42240b5eea11acdb72751fcce0dd918603f0749d24974b7984ea47ed9fd9?s=96&d=mm&r=g","contentUrl":"https:\/\/secure.gravatar.com\/avatar\/099e42240b5eea11acdb72751fcce0dd918603f0749d24974b7984ea47ed9fd9?s=96&d=mm&r=g","caption":"admin"},"sameAs":["https:\/\/challengeseconomiques.com"],"url":"https:\/\/challengeseconomiques.com\/?author=1"}]}},"jetpack_featured_media_url":"https:\/\/challengeseconomiques.com\/wp-content\/uploads\/2021\/12\/TER-senegal.jpg","jetpack_sharing_enabled":true,"_links":{"self":[{"href":"https:\/\/challengeseconomiques.com\/index.php?rest_route=\/wp\/v2\/posts\/7183","targetHints":{"allow":["GET"]}}],"collection":[{"href":"https:\/\/challengeseconomiques.com\/index.php?rest_route=\/wp\/v2\/posts"}],"about":[{"href":"https:\/\/challengeseconomiques.com\/index.php?rest_route=\/wp\/v2\/types\/post"}],"author":[{"embeddable":true,"href":"https:\/\/challengeseconomiques.com\/index.php?rest_route=\/wp\/v2\/users\/1"}],"replies":[{"embeddable":true,"href":"https:\/\/challengeseconomiques.com\/index.php?rest_route=%2Fwp%2Fv2%2Fcomments&post=7183"}],"version-history":[{"count":1,"href":"https:\/\/challengeseconomiques.com\/index.php?rest_route=\/wp\/v2\/posts\/7183\/revisions"}],"predecessor-version":[{"id":7184,"href":"https:\/\/challengeseconomiques.com\/index.php?rest_route=\/wp\/v2\/posts\/7183\/revisions\/7184"}],"wp:featuredmedia":[{"embeddable":true,"href":"https:\/\/challengeseconomiques.com\/index.php?rest_route=\/wp\/v2\/media\/2467"}],"wp:attachment":[{"href":"https:\/\/challengeseconomiques.com\/index.php?rest_route=%2Fwp%2Fv2%2Fmedia&parent=7183"}],"wp:term":[{"taxonomy":"category","embeddable":true,"href":"https:\/\/challengeseconomiques.com\/index.php?rest_route=%2Fwp%2Fv2%2Fcategories&post=7183"},{"taxonomy":"post_tag","embeddable":true,"href":"https:\/\/challengeseconomiques.com\/index.php?rest_route=%2Fwp%2Fv2%2Ftags&post=7183"}],"curies":[{"name":"wp","href":"https:\/\/api.w.org\/{rel}","templated":true}]}}