{"id":7174,"date":"2024-10-11T15:23:59","date_gmt":"2024-10-11T15:23:59","guid":{"rendered":"https:\/\/challengeseconomiques.com\/?p=7174"},"modified":"2024-10-11T15:24:44","modified_gmt":"2024-10-11T15:24:44","slug":"le-ministre-de-lenergie-du-petrole-et-des-mines-a-inaugure-la-sous-station-electrique-de-30-kv-de-saint-louis","status":"publish","type":"post","link":"https:\/\/challengeseconomiques.com\/?p=7174","title":{"rendered":"Le ministre de l&rsquo;\u00e9nergie , du p\u00e9trole et des mines a inaugur\u00e9 la sous-station \u00e9lectrique de 30 kV de Saint-Louis"},"content":{"rendered":"<p>Le ministre de l\u2019Energie, du P\u00e9trole et des Mines, Birame Souleye Diop a inaugur\u00e9 la sous-station de la Senelec de Saint-Louis, le jeudi 10 octobre 2024. Avec une capacit\u00e9 de 30 kilovolts, l\u2019ouvrage va couvrir la ville de Saint-Louis, le d\u00e9partement et une partie de Dagana. Le projet a \u00e9t\u00e9 financ\u00e9 par la Coop\u00e9ration allemande KfW \u00e0 hauteur de plus de 26 milliards de F CFA.<\/p>\n<p>Birame Souleye Diop est venue en compagnie de l\u2019Ambassadeur de la R\u00e9publique f\u00e9d\u00e9rale d\u2019Allemagne au S\u00e9n\u00e9gal, Son Excellence S\u00f6nke Siemon, du directeur g\u00e9n\u00e9ral de la Senelec, Papa Toby Gaye et des diff\u00e9rents services du Minist\u00e8re.<\/p>\n<p>L\u2019installation entre dans le cadre de la mise en \u0153uvre du Programme de Promotion de l\u2019Efficacit\u00e9 Energ\u00e9tique et de l\u2019Acc\u00e8s \u00e0 l\u2019Energie. La coop\u00e9ration entre la R\u00e9publique du S\u00e9n\u00e9gal et la R\u00e9publique f\u00e9d\u00e9rale d\u2019Allemagne est r\u00e9alis\u00e9e \u00e0 travers l\u2019Agence d\u2019Ex\u00e9cution de la Coop\u00e9ration financi\u00e8re allemande d\u00e9nomm\u00e9e KfW. Elle fait partie de la mise en \u0153uvre d\u2019un programme de restructuration et d\u2019extension des r\u00e9seaux \u00e9lectriques de distribution de neuf villes au S\u00e9n\u00e9gal, \u00e0 savoir : Ziguinchor, Kaolack, Fatick, Thi\u00e8s, Tivaouane, Mbour, Touba, Diourbel et Saint-Louis.<\/p>\n","protected":false},"excerpt":{"rendered":"<p>Le ministre de l\u2019Energie, du P\u00e9trole et des Mines, Birame Souleye Diop a inaugur\u00e9 la sous-station de la Senelec de Saint-Louis, le jeudi 10 octobre&#8230;<\/p>\n","protected":false},"author":1,"featured_media":7175,"comment_status":"closed","ping_status":"open","sticky":false,"template":"","format":"standard","meta":{"_jetpack_memberships_contains_paid_content":false,"footnotes":""},"categories":[8,10],"tags":[],"class_list":["post-7174","post","type-post","status-publish","format-standard","has-post-thumbnail","hentry","category-actualite-economique","category-infos-eco","wpcat-8-id","wpcat-10-id"],"yoast_head":"<!-- This site is optimized with the Yoast SEO plugin v27.1.1 - https:\/\/yoast.com\/product\/yoast-seo-wordpress\/ -->\n<title>Le ministre de l&#039;\u00e9nergie , du p\u00e9trole et des mines a inaugur\u00e9 la sous-station \u00e9lectrique de 30 kV de Saint-Louis - challenges economiques<\/title>\n<meta name=\"robots\" content=\"index, follow, max-snippet:-1, max-image-preview:large, max-video-preview:-1\" \/>\n<link rel=\"canonical\" href=\"https:\/\/challengeseconomiques.com\/?p=7174\" \/>\n<meta property=\"og:locale\" content=\"fr_FR\" \/>\n<meta property=\"og:type\" content=\"article\" \/>\n<meta property=\"og:title\" content=\"Le ministre de l&#039;\u00e9nergie , du p\u00e9trole et des mines a inaugur\u00e9 la sous-station \u00e9lectrique de 30 kV de Saint-Louis - challenges economiques\" \/>\n<meta property=\"og:description\" content=\"Le ministre de l\u2019Energie, du P\u00e9trole et des Mines, Birame Souleye Diop a inaugur\u00e9 la sous-station de la Senelec de Saint-Louis, le jeudi 10 octobre...\" \/>\n<meta property=\"og:url\" content=\"https:\/\/challengeseconomiques.com\/?p=7174\" \/>\n<meta property=\"og:site_name\" content=\"challenges economiques\" \/>\n<meta property=\"article:published_time\" content=\"2024-10-11T15:23:59+00:00\" \/>\n<meta property=\"article:modified_time\" content=\"2024-10-11T15:24:44+00:00\" \/>\n<meta property=\"og:image\" content=\"https:\/\/challengeseconomiques.com\/wp-content\/uploads\/2024\/10\/biramesouleyediop.jpeg\" \/>\n\t<meta property=\"og:image:width\" content=\"612\" \/>\n\t<meta property=\"og:image:height\" content=\"298\" \/>\n\t<meta property=\"og:image:type\" content=\"image\/jpeg\" \/>\n<meta name=\"author\" content=\"admin\" \/>\n<meta name=\"twitter:card\" content=\"summary_large_image\" \/>\n<meta name=\"twitter:label1\" content=\"\u00c9crit par\" \/>\n\t<meta name=\"twitter:data1\" content=\"admin\" \/>\n\t<meta name=\"twitter:label2\" content=\"Dur\u00e9e de lecture estim\u00e9e\" \/>\n\t<meta name=\"twitter:data2\" content=\"1 minute\" \/>\n<script type=\"application\/ld+json\" class=\"yoast-schema-graph\">{\"@context\":\"https:\/\/schema.org\",\"@graph\":[{\"@type\":\"Article\",\"@id\":\"https:\/\/challengeseconomiques.com\/?p=7174#article\",\"isPartOf\":{\"@id\":\"https:\/\/challengeseconomiques.com\/?p=7174\"},\"author\":{\"name\":\"admin\",\"@id\":\"https:\/\/challengeseconomiques.com\/#\/schema\/person\/b4568c9afebc5a9238a771873801e349\"},\"headline\":\"Le ministre de l&rsquo;\u00e9nergie , du p\u00e9trole et des mines a inaugur\u00e9 la sous-station \u00e9lectrique de 30 kV de Saint-Louis\",\"datePublished\":\"2024-10-11T15:23:59+00:00\",\"dateModified\":\"2024-10-11T15:24:44+00:00\",\"mainEntityOfPage\":{\"@id\":\"https:\/\/challengeseconomiques.com\/?p=7174\"},\"wordCount\":242,\"image\":{\"@id\":\"https:\/\/challengeseconomiques.com\/?p=7174#primaryimage\"},\"thumbnailUrl\":\"https:\/\/challengeseconomiques.com\/wp-content\/uploads\/2024\/10\/biramesouleyediop.jpeg\",\"articleSection\":[\"Actualit\u00e9 \u00e9conomique\",\"Infos \u00e9co\"],\"inLanguage\":\"fr-FR\"},{\"@type\":\"WebPage\",\"@id\":\"https:\/\/challengeseconomiques.com\/?p=7174\",\"url\":\"https:\/\/challengeseconomiques.com\/?p=7174\",\"name\":\"Le ministre de l'\u00e9nergie , du p\u00e9trole et des mines a inaugur\u00e9 la sous-station \u00e9lectrique de 30 kV de Saint-Louis - challenges economiques\",\"isPartOf\":{\"@id\":\"https:\/\/challengeseconomiques.com\/#website\"},\"primaryImageOfPage\":{\"@id\":\"https:\/\/challengeseconomiques.com\/?p=7174#primaryimage\"},\"image\":{\"@id\":\"https:\/\/challengeseconomiques.com\/?p=7174#primaryimage\"},\"thumbnailUrl\":\"https:\/\/challengeseconomiques.com\/wp-content\/uploads\/2024\/10\/biramesouleyediop.jpeg\",\"datePublished\":\"2024-10-11T15:23:59+00:00\",\"dateModified\":\"2024-10-11T15:24:44+00:00\",\"author\":{\"@id\":\"https:\/\/challengeseconomiques.com\/#\/schema\/person\/b4568c9afebc5a9238a771873801e349\"},\"breadcrumb\":{\"@id\":\"https:\/\/challengeseconomiques.com\/?p=7174#breadcrumb\"},\"inLanguage\":\"fr-FR\",\"potentialAction\":[{\"@type\":\"ReadAction\",\"target\":[\"https:\/\/challengeseconomiques.com\/?p=7174\"]}]},{\"@type\":\"ImageObject\",\"inLanguage\":\"fr-FR\",\"@id\":\"https:\/\/challengeseconomiques.com\/?p=7174#primaryimage\",\"url\":\"https:\/\/challengeseconomiques.com\/wp-content\/uploads\/2024\/10\/biramesouleyediop.jpeg\",\"contentUrl\":\"https:\/\/challengeseconomiques.com\/wp-content\/uploads\/2024\/10\/biramesouleyediop.jpeg\",\"width\":612,\"height\":298},{\"@type\":\"BreadcrumbList\",\"@id\":\"https:\/\/challengeseconomiques.com\/?p=7174#breadcrumb\",\"itemListElement\":[{\"@type\":\"ListItem\",\"position\":1,\"name\":\"Home\",\"item\":\"https:\/\/challengeseconomiques.com\/\"},{\"@type\":\"ListItem\",\"position\":2,\"name\":\"Le ministre de l&#8217;\u00e9nergie , du p\u00e9trole et des mines a inaugur\u00e9 la sous-station \u00e9lectrique de 30 kV de Saint-Louis\"}]},{\"@type\":\"WebSite\",\"@id\":\"https:\/\/challengeseconomiques.com\/#website\",\"url\":\"https:\/\/challengeseconomiques.com\/\",\"name\":\"challenges economiques\",\"description\":\"\",\"potentialAction\":[{\"@type\":\"SearchAction\",\"target\":{\"@type\":\"EntryPoint\",\"urlTemplate\":\"https:\/\/challengeseconomiques.com\/?s={search_term_string}\"},\"query-input\":{\"@type\":\"PropertyValueSpecification\",\"valueRequired\":true,\"valueName\":\"search_term_string\"}}],\"inLanguage\":\"fr-FR\"},{\"@type\":\"Person\",\"@id\":\"https:\/\/challengeseconomiques.com\/#\/schema\/person\/b4568c9afebc5a9238a771873801e349\",\"name\":\"admin\",\"image\":{\"@type\":\"ImageObject\",\"inLanguage\":\"fr-FR\",\"@id\":\"https:\/\/challengeseconomiques.com\/#\/schema\/person\/image\/\",\"url\":\"https:\/\/secure.gravatar.com\/avatar\/099e42240b5eea11acdb72751fcce0dd918603f0749d24974b7984ea47ed9fd9?s=96&d=mm&r=g\",\"contentUrl\":\"https:\/\/secure.gravatar.com\/avatar\/099e42240b5eea11acdb72751fcce0dd918603f0749d24974b7984ea47ed9fd9?s=96&d=mm&r=g\",\"caption\":\"admin\"},\"sameAs\":[\"https:\/\/challengeseconomiques.com\"],\"url\":\"https:\/\/challengeseconomiques.com\/?author=1\"}]}<\/script>\n<!-- \/ Yoast SEO plugin. -->","yoast_head_json":{"title":"Le ministre de l'\u00e9nergie , du p\u00e9trole et des mines a inaugur\u00e9 la sous-station \u00e9lectrique de 30 kV de Saint-Louis - challenges economiques","robots":{"index":"index","follow":"follow","max-snippet":"max-snippet:-1","max-image-preview":"max-image-preview:large","max-video-preview":"max-video-preview:-1"},"canonical":"https:\/\/challengeseconomiques.com\/?p=7174","og_locale":"fr_FR","og_type":"article","og_title":"Le ministre de l'\u00e9nergie , du p\u00e9trole et des mines a inaugur\u00e9 la sous-station \u00e9lectrique de 30 kV de Saint-Louis - challenges economiques","og_description":"Le ministre de l\u2019Energie, du P\u00e9trole et des Mines, Birame Souleye Diop a inaugur\u00e9 la sous-station de la Senelec de Saint-Louis, le jeudi 10 octobre...","og_url":"https:\/\/challengeseconomiques.com\/?p=7174","og_site_name":"challenges economiques","article_published_time":"2024-10-11T15:23:59+00:00","article_modified_time":"2024-10-11T15:24:44+00:00","og_image":[{"width":612,"height":298,"url":"https:\/\/challengeseconomiques.com\/wp-content\/uploads\/2024\/10\/biramesouleyediop.jpeg","type":"image\/jpeg"}],"author":"admin","twitter_card":"summary_large_image","twitter_misc":{"\u00c9crit par":"admin","Dur\u00e9e de lecture estim\u00e9e":"1 minute"},"schema":{"@context":"https:\/\/schema.org","@graph":[{"@type":"Article","@id":"https:\/\/challengeseconomiques.com\/?p=7174#article","isPartOf":{"@id":"https:\/\/challengeseconomiques.com\/?p=7174"},"author":{"name":"admin","@id":"https:\/\/challengeseconomiques.com\/#\/schema\/person\/b4568c9afebc5a9238a771873801e349"},"headline":"Le ministre de l&rsquo;\u00e9nergie , du p\u00e9trole et des mines a inaugur\u00e9 la sous-station \u00e9lectrique de 30 kV de Saint-Louis","datePublished":"2024-10-11T15:23:59+00:00","dateModified":"2024-10-11T15:24:44+00:00","mainEntityOfPage":{"@id":"https:\/\/challengeseconomiques.com\/?p=7174"},"wordCount":242,"image":{"@id":"https:\/\/challengeseconomiques.com\/?p=7174#primaryimage"},"thumbnailUrl":"https:\/\/challengeseconomiques.com\/wp-content\/uploads\/2024\/10\/biramesouleyediop.jpeg","articleSection":["Actualit\u00e9 \u00e9conomique","Infos \u00e9co"],"inLanguage":"fr-FR"},{"@type":"WebPage","@id":"https:\/\/challengeseconomiques.com\/?p=7174","url":"https:\/\/challengeseconomiques.com\/?p=7174","name":"Le ministre de l'\u00e9nergie , du p\u00e9trole et des mines a inaugur\u00e9 la sous-station \u00e9lectrique de 30 kV de Saint-Louis - challenges economiques","isPartOf":{"@id":"https:\/\/challengeseconomiques.com\/#website"},"primaryImageOfPage":{"@id":"https:\/\/challengeseconomiques.com\/?p=7174#primaryimage"},"image":{"@id":"https:\/\/challengeseconomiques.com\/?p=7174#primaryimage"},"thumbnailUrl":"https:\/\/challengeseconomiques.com\/wp-content\/uploads\/2024\/10\/biramesouleyediop.jpeg","datePublished":"2024-10-11T15:23:59+00:00","dateModified":"2024-10-11T15:24:44+00:00","author":{"@id":"https:\/\/challengeseconomiques.com\/#\/schema\/person\/b4568c9afebc5a9238a771873801e349"},"breadcrumb":{"@id":"https:\/\/challengeseconomiques.com\/?p=7174#breadcrumb"},"inLanguage":"fr-FR","potentialAction":[{"@type":"ReadAction","target":["https:\/\/challengeseconomiques.com\/?p=7174"]}]},{"@type":"ImageObject","inLanguage":"fr-FR","@id":"https:\/\/challengeseconomiques.com\/?p=7174#primaryimage","url":"https:\/\/challengeseconomiques.com\/wp-content\/uploads\/2024\/10\/biramesouleyediop.jpeg","contentUrl":"https:\/\/challengeseconomiques.com\/wp-content\/uploads\/2024\/10\/biramesouleyediop.jpeg","width":612,"height":298},{"@type":"BreadcrumbList","@id":"https:\/\/challengeseconomiques.com\/?p=7174#breadcrumb","itemListElement":[{"@type":"ListItem","position":1,"name":"Home","item":"https:\/\/challengeseconomiques.com\/"},{"@type":"ListItem","position":2,"name":"Le ministre de l&#8217;\u00e9nergie , du p\u00e9trole et des mines a inaugur\u00e9 la sous-station \u00e9lectrique de 30 kV de Saint-Louis"}]},{"@type":"WebSite","@id":"https:\/\/challengeseconomiques.com\/#website","url":"https:\/\/challengeseconomiques.com\/","name":"challenges economiques","description":"","potentialAction":[{"@type":"SearchAction","target":{"@type":"EntryPoint","urlTemplate":"https:\/\/challengeseconomiques.com\/?s={search_term_string}"},"query-input":{"@type":"PropertyValueSpecification","valueRequired":true,"valueName":"search_term_string"}}],"inLanguage":"fr-FR"},{"@type":"Person","@id":"https:\/\/challengeseconomiques.com\/#\/schema\/person\/b4568c9afebc5a9238a771873801e349","name":"admin","image":{"@type":"ImageObject","inLanguage":"fr-FR","@id":"https:\/\/challengeseconomiques.com\/#\/schema\/person\/image\/","url":"https:\/\/secure.gravatar.com\/avatar\/099e42240b5eea11acdb72751fcce0dd918603f0749d24974b7984ea47ed9fd9?s=96&d=mm&r=g","contentUrl":"https:\/\/secure.gravatar.com\/avatar\/099e42240b5eea11acdb72751fcce0dd918603f0749d24974b7984ea47ed9fd9?s=96&d=mm&r=g","caption":"admin"},"sameAs":["https:\/\/challengeseconomiques.com"],"url":"https:\/\/challengeseconomiques.com\/?author=1"}]}},"jetpack_featured_media_url":"https:\/\/challengeseconomiques.com\/wp-content\/uploads\/2024\/10\/biramesouleyediop.jpeg","jetpack_sharing_enabled":true,"_links":{"self":[{"href":"https:\/\/challengeseconomiques.com\/index.php?rest_route=\/wp\/v2\/posts\/7174","targetHints":{"allow":["GET"]}}],"collection":[{"href":"https:\/\/challengeseconomiques.com\/index.php?rest_route=\/wp\/v2\/posts"}],"about":[{"href":"https:\/\/challengeseconomiques.com\/index.php?rest_route=\/wp\/v2\/types\/post"}],"author":[{"embeddable":true,"href":"https:\/\/challengeseconomiques.com\/index.php?rest_route=\/wp\/v2\/users\/1"}],"replies":[{"embeddable":true,"href":"https:\/\/challengeseconomiques.com\/index.php?rest_route=%2Fwp%2Fv2%2Fcomments&post=7174"}],"version-history":[{"count":1,"href":"https:\/\/challengeseconomiques.com\/index.php?rest_route=\/wp\/v2\/posts\/7174\/revisions"}],"predecessor-version":[{"id":7176,"href":"https:\/\/challengeseconomiques.com\/index.php?rest_route=\/wp\/v2\/posts\/7174\/revisions\/7176"}],"wp:featuredmedia":[{"embeddable":true,"href":"https:\/\/challengeseconomiques.com\/index.php?rest_route=\/wp\/v2\/media\/7175"}],"wp:attachment":[{"href":"https:\/\/challengeseconomiques.com\/index.php?rest_route=%2Fwp%2Fv2%2Fmedia&parent=7174"}],"wp:term":[{"taxonomy":"category","embeddable":true,"href":"https:\/\/challengeseconomiques.com\/index.php?rest_route=%2Fwp%2Fv2%2Fcategories&post=7174"},{"taxonomy":"post_tag","embeddable":true,"href":"https:\/\/challengeseconomiques.com\/index.php?rest_route=%2Fwp%2Fv2%2Ftags&post=7174"}],"curies":[{"name":"wp","href":"https:\/\/api.w.org\/{rel}","templated":true}]}}