{"id":7158,"date":"2024-10-08T16:41:18","date_gmt":"2024-10-08T16:41:18","guid":{"rendered":"https:\/\/challengeseconomiques.com\/?p=7158"},"modified":"2024-10-08T16:41:52","modified_gmt":"2024-10-08T16:41:52","slug":"plaidoyer-de-la-banque-mondiale-pour-une-meilleure-conception-des-taxes-sur-la-sante","status":"publish","type":"post","link":"https:\/\/challengeseconomiques.com\/?p=7158","title":{"rendered":"Plaidoyer de la banque mondiale pour une meilleure conception des taxes sur la sant\u00e9"},"content":{"rendered":"<p>Hans Beck, le directeur du p\u00f4le politiques \u00e9conomiques et prosp\u00e9rit\u00e9 de la banque mondiale a plaid\u00e9 mardi 8 Octobre 2024, pour une meilleure conception des taxes sur la sant\u00e9. Il affirme que c&rsquo;est un moyen de rendre ces taxes plus efficaces.<\/p>\n<p>Selon Hans Beck, qui intervenait \u00e0 l&rsquo;occasion d&rsquo;un atelier organis\u00e9 par la banque mondiale\u00a0 sur les taxes de la sant\u00e9 dans les pays d&rsquo;Afrique de l&rsquo;Ouest, des taxes mal con\u00e7ues ne g\u00e9n\u00e9reront pas d&rsquo;am\u00e9liorations en mati\u00e8re de sant\u00e9 et d&rsquo;augmentation des revenus fiscaux, et repr\u00e9sentent une opportunit\u00e9 perdue.<\/p>\n<p>\u00ab\u00a0Il existe un consensus mondial fort sur la mani\u00e8re dont les taxes sur la sant\u00e9 doivent \u00eatre con\u00e7ues. Des preuves accablantes et l&rsquo;exp\u00e9rience des pays soutiennent l&rsquo;utilisation de taxes d&rsquo;accise sp\u00e9cifiques (ou volum\u00e9triques) plut\u00f4t que des taxes d&rsquo;accise ad valorem (ou bas\u00e9es sur la valeur)\u00a0\u00bb, a rappel\u00e9 le directeur du p\u00f4le politiques \u00e9conomiques et prosp\u00e9rit\u00e9 de la banque mondiale.<\/p>\n<p>Il soutient que l&rsquo;augmentation des taxes sp\u00e9cifiques est plus efficace, pour r\u00e9duire la consommation et am\u00e9liorer la sant\u00e9, tout en \u00e9tant \u00e9galement plus efficace, pour augmenter les revenus fiscaux et faciliter l&rsquo;administration fiscale.<\/p>\n<p>Notons qu&rsquo;\u00e0 propos de l&rsquo;atelier que son institution a initi\u00e9, M. Beck a indiqu\u00e9\u00a0 que la banque mondiale veut entendre des exemples de bonnes pratiques de la des pays membres de la CEDEAO et d&rsquo;ailleurs en Afrique sur la mani\u00e8re dont ils ont utilis\u00e9 les r\u00e9formes de la structure fiscale, passant des taxes ad valorem aux taxes sp\u00e9cifiques.<\/p>\n<p>Il a de ce point de vue not\u00e9 que l&rsquo;objectif est de g\u00e9n\u00e9rer des augmentations significatives des taxes, observer des r\u00e9ductions de la consommation et des am\u00e9liorations de la sant\u00e9\u00a0 et g\u00e9n\u00e9rer des augmentations significatives des revenus fiscaux.<\/p>\n<p>\u00ab\u00a0La CEDEAO a fait des progr\u00e8s substantiels \u00e0 cet \u00e9gard. En 2017, la directive sur la taxe sur le tabac de la CEDEAO a \u00e9t\u00e9 r\u00e9form\u00e9e, mettant en \u0153uvre une taxe sp\u00e9cifique pour la premi\u00e8re fois. Depuis lors, nous avons constat\u00e9 des progr\u00e8s remarquables avec 7 pays mettant en \u0153uvre des taxes sp\u00e9cifiques sur le tabac\u00a0\u00bb, s&rsquo;est-il f\u00e9licit\u00e9.<\/p>\n<p>Il assure que l&rsquo;impact a \u00e9t\u00e9 remarquable \u00e0 un point tel que plusieurs pays ont commenc\u00e9 \u00e0 mettre en \u0153uvre des taxes sp\u00e9cifiques sur l&rsquo;alcool m\u00eame si la directive ne l&rsquo;exige pas encore.<\/p>\n<p>Il signale que cela signifie aussi qu&rsquo;il\u00a0 reste beaucoup de travail \u00e0 faire en raison du fait que plus de la moiti\u00e9 des pays n&rsquo;appliquent pas de taxes sp\u00e9cifiques.<\/p>\n<p>\u00ab\u00a0Et en plus des d\u00e9fis li\u00e9s \u00e0 la conception des taxes, les taxes sur la sant\u00e9 dans la CEDEAO sont faibles, moins de la moiti\u00e9 de celles du reste de l&rsquo;Afrique\u00a0\u00bb, a-t-il not\u00e9.<\/p>\n<p><strong>Idrissa GUEYE<\/strong><\/p>\n","protected":false},"excerpt":{"rendered":"<p>Hans Beck, le directeur du p\u00f4le politiques \u00e9conomiques et prosp\u00e9rit\u00e9 de la banque mondiale a plaid\u00e9 mardi 8 Octobre 2024, pour une meilleure conception des&#8230;<\/p>\n","protected":false},"author":1,"featured_media":7159,"comment_status":"closed","ping_status":"open","sticky":false,"template":"","format":"standard","meta":{"_jetpack_memberships_contains_paid_content":false,"footnotes":""},"categories":[23,8,10],"tags":[],"class_list":["post-7158","post","type-post","status-publish","format-standard","has-post-thumbnail","hentry","category-a-la-une","category-actualite-economique","category-infos-eco","wpcat-23-id","wpcat-8-id","wpcat-10-id"],"yoast_head":"<!-- This site is optimized with the Yoast SEO plugin v27.1.1 - https:\/\/yoast.com\/product\/yoast-seo-wordpress\/ -->\n<title>Plaidoyer de la banque mondiale pour une meilleure conception des taxes sur la sant\u00e9 - challenges economiques<\/title>\n<meta name=\"robots\" content=\"index, follow, max-snippet:-1, max-image-preview:large, max-video-preview:-1\" \/>\n<link rel=\"canonical\" href=\"https:\/\/challengeseconomiques.com\/?p=7158\" \/>\n<meta property=\"og:locale\" content=\"fr_FR\" \/>\n<meta property=\"og:type\" content=\"article\" \/>\n<meta property=\"og:title\" content=\"Plaidoyer de la banque mondiale pour une meilleure conception des taxes sur la sant\u00e9 - challenges economiques\" \/>\n<meta property=\"og:description\" content=\"Hans Beck, le directeur du p\u00f4le politiques \u00e9conomiques et prosp\u00e9rit\u00e9 de la banque mondiale a plaid\u00e9 mardi 8 Octobre 2024, pour une meilleure conception des...\" \/>\n<meta property=\"og:url\" content=\"https:\/\/challengeseconomiques.com\/?p=7158\" \/>\n<meta property=\"og:site_name\" content=\"challenges economiques\" \/>\n<meta property=\"article:published_time\" content=\"2024-10-08T16:41:18+00:00\" \/>\n<meta property=\"article:modified_time\" content=\"2024-10-08T16:41:52+00:00\" \/>\n<meta property=\"og:image\" content=\"https:\/\/challengeseconomiques.com\/wp-content\/uploads\/2024\/10\/bmbon.jpg\" \/>\n\t<meta property=\"og:image:width\" content=\"737\" \/>\n\t<meta property=\"og:image:height\" content=\"466\" \/>\n\t<meta property=\"og:image:type\" content=\"image\/jpeg\" \/>\n<meta name=\"author\" content=\"admin\" \/>\n<meta name=\"twitter:card\" content=\"summary_large_image\" \/>\n<meta name=\"twitter:label1\" content=\"\u00c9crit par\" \/>\n\t<meta name=\"twitter:data1\" content=\"admin\" \/>\n\t<meta name=\"twitter:label2\" content=\"Dur\u00e9e de lecture estim\u00e9e\" \/>\n\t<meta name=\"twitter:data2\" content=\"2 minutes\" \/>\n<script type=\"application\/ld+json\" class=\"yoast-schema-graph\">{\"@context\":\"https:\/\/schema.org\",\"@graph\":[{\"@type\":\"Article\",\"@id\":\"https:\/\/challengeseconomiques.com\/?p=7158#article\",\"isPartOf\":{\"@id\":\"https:\/\/challengeseconomiques.com\/?p=7158\"},\"author\":{\"name\":\"admin\",\"@id\":\"https:\/\/challengeseconomiques.com\/#\/schema\/person\/b4568c9afebc5a9238a771873801e349\"},\"headline\":\"Plaidoyer de la banque mondiale pour une meilleure conception des taxes sur la sant\u00e9\",\"datePublished\":\"2024-10-08T16:41:18+00:00\",\"dateModified\":\"2024-10-08T16:41:52+00:00\",\"mainEntityOfPage\":{\"@id\":\"https:\/\/challengeseconomiques.com\/?p=7158\"},\"wordCount\":501,\"image\":{\"@id\":\"https:\/\/challengeseconomiques.com\/?p=7158#primaryimage\"},\"thumbnailUrl\":\"https:\/\/challengeseconomiques.com\/wp-content\/uploads\/2024\/10\/bmbon.jpg\",\"articleSection\":[\"A la une\",\"Actualit\u00e9 \u00e9conomique\",\"Infos \u00e9co\"],\"inLanguage\":\"fr-FR\"},{\"@type\":\"WebPage\",\"@id\":\"https:\/\/challengeseconomiques.com\/?p=7158\",\"url\":\"https:\/\/challengeseconomiques.com\/?p=7158\",\"name\":\"Plaidoyer de la banque mondiale pour une meilleure conception des taxes sur la sant\u00e9 - challenges economiques\",\"isPartOf\":{\"@id\":\"https:\/\/challengeseconomiques.com\/#website\"},\"primaryImageOfPage\":{\"@id\":\"https:\/\/challengeseconomiques.com\/?p=7158#primaryimage\"},\"image\":{\"@id\":\"https:\/\/challengeseconomiques.com\/?p=7158#primaryimage\"},\"thumbnailUrl\":\"https:\/\/challengeseconomiques.com\/wp-content\/uploads\/2024\/10\/bmbon.jpg\",\"datePublished\":\"2024-10-08T16:41:18+00:00\",\"dateModified\":\"2024-10-08T16:41:52+00:00\",\"author\":{\"@id\":\"https:\/\/challengeseconomiques.com\/#\/schema\/person\/b4568c9afebc5a9238a771873801e349\"},\"breadcrumb\":{\"@id\":\"https:\/\/challengeseconomiques.com\/?p=7158#breadcrumb\"},\"inLanguage\":\"fr-FR\",\"potentialAction\":[{\"@type\":\"ReadAction\",\"target\":[\"https:\/\/challengeseconomiques.com\/?p=7158\"]}]},{\"@type\":\"ImageObject\",\"inLanguage\":\"fr-FR\",\"@id\":\"https:\/\/challengeseconomiques.com\/?p=7158#primaryimage\",\"url\":\"https:\/\/challengeseconomiques.com\/wp-content\/uploads\/2024\/10\/bmbon.jpg\",\"contentUrl\":\"https:\/\/challengeseconomiques.com\/wp-content\/uploads\/2024\/10\/bmbon.jpg\",\"width\":737,\"height\":466},{\"@type\":\"BreadcrumbList\",\"@id\":\"https:\/\/challengeseconomiques.com\/?p=7158#breadcrumb\",\"itemListElement\":[{\"@type\":\"ListItem\",\"position\":1,\"name\":\"Home\",\"item\":\"https:\/\/challengeseconomiques.com\/\"},{\"@type\":\"ListItem\",\"position\":2,\"name\":\"Plaidoyer de la banque mondiale pour une meilleure conception des taxes sur la sant\u00e9\"}]},{\"@type\":\"WebSite\",\"@id\":\"https:\/\/challengeseconomiques.com\/#website\",\"url\":\"https:\/\/challengeseconomiques.com\/\",\"name\":\"challenges economiques\",\"description\":\"\",\"potentialAction\":[{\"@type\":\"SearchAction\",\"target\":{\"@type\":\"EntryPoint\",\"urlTemplate\":\"https:\/\/challengeseconomiques.com\/?s={search_term_string}\"},\"query-input\":{\"@type\":\"PropertyValueSpecification\",\"valueRequired\":true,\"valueName\":\"search_term_string\"}}],\"inLanguage\":\"fr-FR\"},{\"@type\":\"Person\",\"@id\":\"https:\/\/challengeseconomiques.com\/#\/schema\/person\/b4568c9afebc5a9238a771873801e349\",\"name\":\"admin\",\"image\":{\"@type\":\"ImageObject\",\"inLanguage\":\"fr-FR\",\"@id\":\"https:\/\/challengeseconomiques.com\/#\/schema\/person\/image\/\",\"url\":\"https:\/\/secure.gravatar.com\/avatar\/099e42240b5eea11acdb72751fcce0dd918603f0749d24974b7984ea47ed9fd9?s=96&d=mm&r=g\",\"contentUrl\":\"https:\/\/secure.gravatar.com\/avatar\/099e42240b5eea11acdb72751fcce0dd918603f0749d24974b7984ea47ed9fd9?s=96&d=mm&r=g\",\"caption\":\"admin\"},\"sameAs\":[\"https:\/\/challengeseconomiques.com\"],\"url\":\"https:\/\/challengeseconomiques.com\/?author=1\"}]}<\/script>\n<!-- \/ Yoast SEO plugin. -->","yoast_head_json":{"title":"Plaidoyer de la banque mondiale pour une meilleure conception des taxes sur la sant\u00e9 - challenges economiques","robots":{"index":"index","follow":"follow","max-snippet":"max-snippet:-1","max-image-preview":"max-image-preview:large","max-video-preview":"max-video-preview:-1"},"canonical":"https:\/\/challengeseconomiques.com\/?p=7158","og_locale":"fr_FR","og_type":"article","og_title":"Plaidoyer de la banque mondiale pour une meilleure conception des taxes sur la sant\u00e9 - challenges economiques","og_description":"Hans Beck, le directeur du p\u00f4le politiques \u00e9conomiques et prosp\u00e9rit\u00e9 de la banque mondiale a plaid\u00e9 mardi 8 Octobre 2024, pour une meilleure conception des...","og_url":"https:\/\/challengeseconomiques.com\/?p=7158","og_site_name":"challenges economiques","article_published_time":"2024-10-08T16:41:18+00:00","article_modified_time":"2024-10-08T16:41:52+00:00","og_image":[{"width":737,"height":466,"url":"https:\/\/challengeseconomiques.com\/wp-content\/uploads\/2024\/10\/bmbon.jpg","type":"image\/jpeg"}],"author":"admin","twitter_card":"summary_large_image","twitter_misc":{"\u00c9crit par":"admin","Dur\u00e9e de lecture estim\u00e9e":"2 minutes"},"schema":{"@context":"https:\/\/schema.org","@graph":[{"@type":"Article","@id":"https:\/\/challengeseconomiques.com\/?p=7158#article","isPartOf":{"@id":"https:\/\/challengeseconomiques.com\/?p=7158"},"author":{"name":"admin","@id":"https:\/\/challengeseconomiques.com\/#\/schema\/person\/b4568c9afebc5a9238a771873801e349"},"headline":"Plaidoyer de la banque mondiale pour une meilleure conception des taxes sur la sant\u00e9","datePublished":"2024-10-08T16:41:18+00:00","dateModified":"2024-10-08T16:41:52+00:00","mainEntityOfPage":{"@id":"https:\/\/challengeseconomiques.com\/?p=7158"},"wordCount":501,"image":{"@id":"https:\/\/challengeseconomiques.com\/?p=7158#primaryimage"},"thumbnailUrl":"https:\/\/challengeseconomiques.com\/wp-content\/uploads\/2024\/10\/bmbon.jpg","articleSection":["A la une","Actualit\u00e9 \u00e9conomique","Infos \u00e9co"],"inLanguage":"fr-FR"},{"@type":"WebPage","@id":"https:\/\/challengeseconomiques.com\/?p=7158","url":"https:\/\/challengeseconomiques.com\/?p=7158","name":"Plaidoyer de la banque mondiale pour une meilleure conception des taxes sur la sant\u00e9 - challenges economiques","isPartOf":{"@id":"https:\/\/challengeseconomiques.com\/#website"},"primaryImageOfPage":{"@id":"https:\/\/challengeseconomiques.com\/?p=7158#primaryimage"},"image":{"@id":"https:\/\/challengeseconomiques.com\/?p=7158#primaryimage"},"thumbnailUrl":"https:\/\/challengeseconomiques.com\/wp-content\/uploads\/2024\/10\/bmbon.jpg","datePublished":"2024-10-08T16:41:18+00:00","dateModified":"2024-10-08T16:41:52+00:00","author":{"@id":"https:\/\/challengeseconomiques.com\/#\/schema\/person\/b4568c9afebc5a9238a771873801e349"},"breadcrumb":{"@id":"https:\/\/challengeseconomiques.com\/?p=7158#breadcrumb"},"inLanguage":"fr-FR","potentialAction":[{"@type":"ReadAction","target":["https:\/\/challengeseconomiques.com\/?p=7158"]}]},{"@type":"ImageObject","inLanguage":"fr-FR","@id":"https:\/\/challengeseconomiques.com\/?p=7158#primaryimage","url":"https:\/\/challengeseconomiques.com\/wp-content\/uploads\/2024\/10\/bmbon.jpg","contentUrl":"https:\/\/challengeseconomiques.com\/wp-content\/uploads\/2024\/10\/bmbon.jpg","width":737,"height":466},{"@type":"BreadcrumbList","@id":"https:\/\/challengeseconomiques.com\/?p=7158#breadcrumb","itemListElement":[{"@type":"ListItem","position":1,"name":"Home","item":"https:\/\/challengeseconomiques.com\/"},{"@type":"ListItem","position":2,"name":"Plaidoyer de la banque mondiale pour une meilleure conception des taxes sur la sant\u00e9"}]},{"@type":"WebSite","@id":"https:\/\/challengeseconomiques.com\/#website","url":"https:\/\/challengeseconomiques.com\/","name":"challenges economiques","description":"","potentialAction":[{"@type":"SearchAction","target":{"@type":"EntryPoint","urlTemplate":"https:\/\/challengeseconomiques.com\/?s={search_term_string}"},"query-input":{"@type":"PropertyValueSpecification","valueRequired":true,"valueName":"search_term_string"}}],"inLanguage":"fr-FR"},{"@type":"Person","@id":"https:\/\/challengeseconomiques.com\/#\/schema\/person\/b4568c9afebc5a9238a771873801e349","name":"admin","image":{"@type":"ImageObject","inLanguage":"fr-FR","@id":"https:\/\/challengeseconomiques.com\/#\/schema\/person\/image\/","url":"https:\/\/secure.gravatar.com\/avatar\/099e42240b5eea11acdb72751fcce0dd918603f0749d24974b7984ea47ed9fd9?s=96&d=mm&r=g","contentUrl":"https:\/\/secure.gravatar.com\/avatar\/099e42240b5eea11acdb72751fcce0dd918603f0749d24974b7984ea47ed9fd9?s=96&d=mm&r=g","caption":"admin"},"sameAs":["https:\/\/challengeseconomiques.com"],"url":"https:\/\/challengeseconomiques.com\/?author=1"}]}},"jetpack_featured_media_url":"https:\/\/challengeseconomiques.com\/wp-content\/uploads\/2024\/10\/bmbon.jpg","jetpack_sharing_enabled":true,"_links":{"self":[{"href":"https:\/\/challengeseconomiques.com\/index.php?rest_route=\/wp\/v2\/posts\/7158","targetHints":{"allow":["GET"]}}],"collection":[{"href":"https:\/\/challengeseconomiques.com\/index.php?rest_route=\/wp\/v2\/posts"}],"about":[{"href":"https:\/\/challengeseconomiques.com\/index.php?rest_route=\/wp\/v2\/types\/post"}],"author":[{"embeddable":true,"href":"https:\/\/challengeseconomiques.com\/index.php?rest_route=\/wp\/v2\/users\/1"}],"replies":[{"embeddable":true,"href":"https:\/\/challengeseconomiques.com\/index.php?rest_route=%2Fwp%2Fv2%2Fcomments&post=7158"}],"version-history":[{"count":1,"href":"https:\/\/challengeseconomiques.com\/index.php?rest_route=\/wp\/v2\/posts\/7158\/revisions"}],"predecessor-version":[{"id":7160,"href":"https:\/\/challengeseconomiques.com\/index.php?rest_route=\/wp\/v2\/posts\/7158\/revisions\/7160"}],"wp:featuredmedia":[{"embeddable":true,"href":"https:\/\/challengeseconomiques.com\/index.php?rest_route=\/wp\/v2\/media\/7159"}],"wp:attachment":[{"href":"https:\/\/challengeseconomiques.com\/index.php?rest_route=%2Fwp%2Fv2%2Fmedia&parent=7158"}],"wp:term":[{"taxonomy":"category","embeddable":true,"href":"https:\/\/challengeseconomiques.com\/index.php?rest_route=%2Fwp%2Fv2%2Fcategories&post=7158"},{"taxonomy":"post_tag","embeddable":true,"href":"https:\/\/challengeseconomiques.com\/index.php?rest_route=%2Fwp%2Fv2%2Ftags&post=7158"}],"curies":[{"name":"wp","href":"https:\/\/api.w.org\/{rel}","templated":true}]}}